{"id":100077,"date":"2025-08-25T17:02:49","date_gmt":"2025-08-25T15:02:49","guid":{"rendered":"https:\/\/gimnasticdetarragona.cat\/?p=100077"},"modified":"2025-08-25T17:03:15","modified_gmt":"2025-08-25T15:03:15","slug":"el-nastic-completa-una-pretemporada-exigente-con-buenas-sensaciones-y-crecimiento-progresivo","status":"publish","type":"post","link":"https:\/\/gimnasticdetarragona.cat\/es\/el-nastic-completa-una-pretemporada-exigente-con-buenas-sensaciones-y-crecimiento-progresivo\/","title":{"rendered":"El N\u00e0stic completa una pretemporada exigente con buenas sensaciones y crecimiento progresivo"},"content":{"rendered":"\n<p>El Gimn\u00e0stic de Tarragona llega al inicio oficial de la temporada 2025\/26 despu\u00e9s de una pretemporada intensa y exigente que ha servido para acumular minutos, rodar la plantilla e implementar conceptos t\u00e1cticos bajo la direcci\u00f3n del t\u00e9cnico Luis C\u00e9sar y el resto de staff. Despu\u00e9s de siete partidos disputados, el equipo grana ha logrado combinar buenas actuaciones individuales con un crecimiento colectivo sostenido ante rivales de gran entidad.<\/p>\n\n\n\n<p>Pese a la exigencia de los enfrentamientos, el N\u00e0stic ha demostrado capacidad competitiva y ha firmado buenos resultados como los triunfos ante los filiales del FC Barcelona y RCD Espanyol, por 1-3 y 0-2, respectivamente, o las victorias ante el Valencia Mestalla y el CE L&#8217;Hospitalet, ambas por 1-2. Tambi\u00e9n se ha puesto en valor la solidez defensiva y la capacidad de competir contra conjuntos de categor\u00eda superior como el FC Andorra o Real Zaragoza, donde el equipo mostr\u00f3 un nivel de juego alto. Adem\u00e1s, el duelo apretado ante el Villarreal B (1-0), que se decidi\u00f3 por peque\u00f1os detalles.<\/p>\n\n\n\n<p>Durante el presente per\u00edodo de preparaci\u00f3n se anotaron hasta 10 goles, que sirvieron para vencer en cuatro de los siete partidos disputados. Marcos Baselga y \u00c1lex Jim\u00e9nez han terminado dicho per\u00edodo como bigoleadores grana; mientras que un total de seis futbolistas han visto porter\u00eda en una ocasi\u00f3n: Cedric Omoigui, Jaime Jard\u00ed, Marc Montalvo, Fernando Torres, Enric Pujol y C\u00e9sar Morgado.<\/p>\n\n\n\n<p>La pretemporada ha servido tambi\u00e9n para acumular una importante carga f\u00edsica de trabajo, cuya preparaci\u00f3n ha puesto a prueba la exigencia del grupo. Todos los jugadores de la plantilla han tenido minutos, incluidos los nuevos fichajes y varios futbolistas canteranos, que han acumulado experiencia en escenarios competitivos de nivel.<\/p>\n\n\n\n<p>El balance deja claras algunas conclusiones positivas: el equipo ha mostrado gran capacidad de reacci\u00f3n en momentos clave, ha consolidado din\u00e1micas de solidez defensiva y ha permitido sumar minutos de rodaje con aportaciones destacadas en todas las l\u00edneas del campo.<\/p>\n\n\n\n<p>Ahora, con las buenas sensaciones acumuladas durante la preparaci\u00f3n, el N\u00e0stic afronta con ambici\u00f3n el debut oficial en la Primera Federaci\u00f3n Versus e-Learning, que tendr\u00e1 lugar este viernes a las 21.30 h en el Nou Estadi Costa Daurada ante el Algeciras CF. Equipo y afici\u00f3n inician la nueva temporada ilusionante, consolidando una identidad competitiva y con la clara voluntad de luchar por los objetivos marcados en este curso 2025\/26.<\/p>\n","protected":false},"excerpt":{"rendered":"<p>Todo a punto para arrancar la liga 2025\/2026<\/p>\n","protected":false},"author":7,"featured_media":100075,"comment_status":"closed","ping_status":"closed","sticky":false,"template":"","format":"standard","meta":{"_acf_changed":false,"footnotes":""},"categories":[113,126],"tags":[],"class_list":["post-100077","post","type-post","status-publish","format-standard","has-post-thumbnail","hentry","category-actualidad","category-primer-equipo"],"acf":[],"yoast_head":"<!-- This site is optimized with the Yoast SEO plugin v27.3 - https:\/\/yoast.com\/product\/yoast-seo-wordpress\/ -->\n<title>El N\u00e0stic completa una pretemporada exigente con buenas sensaciones y crecimiento progresivo - Gimn\u00e0stic de Tarragona SAD<\/title>\n<meta name=\"robots\" content=\"index, follow, max-snippet:-1, max-image-preview:large, max-video-preview:-1\" \/>\n<link rel=\"canonical\" href=\"https:\/\/gimnasticdetarragona.cat\/es\/el-nastic-completa-una-pretemporada-exigente-con-buenas-sensaciones-y-crecimiento-progresivo\/\" \/>\n<meta property=\"og:locale\" content=\"es_ES\" \/>\n<meta property=\"og:type\" content=\"article\" \/>\n<meta property=\"og:title\" content=\"El N\u00e0stic completa una pretemporada exigente con buenas sensaciones y crecimiento progresivo - Gimn\u00e0stic de Tarragona SAD\" \/>\n<meta property=\"og:description\" content=\"Todo a punto para arrancar la liga 2025\/2026\" \/>\n<meta property=\"og:url\" content=\"https:\/\/gimnasticdetarragona.cat\/es\/el-nastic-completa-una-pretemporada-exigente-con-buenas-sensaciones-y-crecimiento-progresivo\/\" \/>\n<meta property=\"og:site_name\" content=\"Gimn\u00e0stic de Tarragona SAD\" \/>\n<meta property=\"article:published_time\" content=\"2025-08-25T15:02:49+00:00\" \/>\n<meta property=\"article:modified_time\" content=\"2025-08-25T15:03:15+00:00\" \/>\n<meta property=\"og:image\" content=\"https:\/\/gimnasticdetarragona.cat\/wp-content\/uploads\/2025\/08\/tocada_55-scaled.jpg\" \/>\n\t<meta property=\"og:image:width\" content=\"2560\" \/>\n\t<meta property=\"og:image:height\" content=\"1707\" \/>\n\t<meta property=\"og:image:type\" content=\"image\/jpeg\" \/>\n<meta name=\"author\" content=\"Comunicacion\" \/>\n<meta name=\"twitter:card\" content=\"summary_large_image\" \/>\n<meta name=\"twitter:creator\" content=\"@NASTICTARRAGONA\" \/>\n<meta name=\"twitter:site\" content=\"@NASTICTARRAGONA\" \/>\n<meta name=\"twitter:label1\" content=\"Escrito por\" \/>\n\t<meta name=\"twitter:data1\" content=\"Comunicacion\" \/>\n\t<meta name=\"twitter:label2\" content=\"Tiempo de lectura\" \/>\n\t<meta name=\"twitter:data2\" content=\"2 minutos\" \/>\n<script type=\"application\/ld+json\" class=\"yoast-schema-graph\">{\"@context\":\"https:\\\/\\\/schema.org\",\"@graph\":[{\"@type\":\"Article\",\"@id\":\"https:\\\/\\\/gimnasticdetarragona.cat\\\/es\\\/el-nastic-completa-una-pretemporada-exigente-con-buenas-sensaciones-y-crecimiento-progresivo\\\/#article\",\"isPartOf\":{\"@id\":\"https:\\\/\\\/gimnasticdetarragona.cat\\\/es\\\/el-nastic-completa-una-pretemporada-exigente-con-buenas-sensaciones-y-crecimiento-progresivo\\\/\"},\"author\":{\"name\":\"Comunicacion\",\"@id\":\"https:\\\/\\\/gimnasticdetarragona.cat\\\/es\\\/#\\\/schema\\\/person\\\/0a9b7103e7dd73640eb245c4aa4afb8d\"},\"headline\":\"El N\u00e0stic completa una pretemporada exigente con buenas sensaciones y crecimiento progresivo\",\"datePublished\":\"2025-08-25T15:02:49+00:00\",\"dateModified\":\"2025-08-25T15:03:15+00:00\",\"mainEntityOfPage\":{\"@id\":\"https:\\\/\\\/gimnasticdetarragona.cat\\\/es\\\/el-nastic-completa-una-pretemporada-exigente-con-buenas-sensaciones-y-crecimiento-progresivo\\\/\"},\"wordCount\":425,\"publisher\":{\"@id\":\"https:\\\/\\\/gimnasticdetarragona.cat\\\/es\\\/#organization\"},\"image\":{\"@id\":\"https:\\\/\\\/gimnasticdetarragona.cat\\\/es\\\/el-nastic-completa-una-pretemporada-exigente-con-buenas-sensaciones-y-crecimiento-progresivo\\\/#primaryimage\"},\"thumbnailUrl\":\"https:\\\/\\\/gimnasticdetarragona.cat\\\/wp-content\\\/uploads\\\/2025\\\/08\\\/tocada_55-scaled.jpg\",\"articleSection\":[\"Actualidad\",\"Primer Equipo\"],\"inLanguage\":\"es\"},{\"@type\":\"WebPage\",\"@id\":\"https:\\\/\\\/gimnasticdetarragona.cat\\\/es\\\/el-nastic-completa-una-pretemporada-exigente-con-buenas-sensaciones-y-crecimiento-progresivo\\\/\",\"url\":\"https:\\\/\\\/gimnasticdetarragona.cat\\\/es\\\/el-nastic-completa-una-pretemporada-exigente-con-buenas-sensaciones-y-crecimiento-progresivo\\\/\",\"name\":\"El N\u00e0stic completa una pretemporada exigente con buenas sensaciones y crecimiento progresivo - Gimn\u00e0stic de Tarragona SAD\",\"isPartOf\":{\"@id\":\"https:\\\/\\\/gimnasticdetarragona.cat\\\/es\\\/#website\"},\"primaryImageOfPage\":{\"@id\":\"https:\\\/\\\/gimnasticdetarragona.cat\\\/es\\\/el-nastic-completa-una-pretemporada-exigente-con-buenas-sensaciones-y-crecimiento-progresivo\\\/#primaryimage\"},\"image\":{\"@id\":\"https:\\\/\\\/gimnasticdetarragona.cat\\\/es\\\/el-nastic-completa-una-pretemporada-exigente-con-buenas-sensaciones-y-crecimiento-progresivo\\\/#primaryimage\"},\"thumbnailUrl\":\"https:\\\/\\\/gimnasticdetarragona.cat\\\/wp-content\\\/uploads\\\/2025\\\/08\\\/tocada_55-scaled.jpg\",\"datePublished\":\"2025-08-25T15:02:49+00:00\",\"dateModified\":\"2025-08-25T15:03:15+00:00\",\"breadcrumb\":{\"@id\":\"https:\\\/\\\/gimnasticdetarragona.cat\\\/es\\\/el-nastic-completa-una-pretemporada-exigente-con-buenas-sensaciones-y-crecimiento-progresivo\\\/#breadcrumb\"},\"inLanguage\":\"es\",\"potentialAction\":[{\"@type\":\"ReadAction\",\"target\":[\"https:\\\/\\\/gimnasticdetarragona.cat\\\/es\\\/el-nastic-completa-una-pretemporada-exigente-con-buenas-sensaciones-y-crecimiento-progresivo\\\/\"]}]},{\"@type\":\"ImageObject\",\"inLanguage\":\"es\",\"@id\":\"https:\\\/\\\/gimnasticdetarragona.cat\\\/es\\\/el-nastic-completa-una-pretemporada-exigente-con-buenas-sensaciones-y-crecimiento-progresivo\\\/#primaryimage\",\"url\":\"https:\\\/\\\/gimnasticdetarragona.cat\\\/wp-content\\\/uploads\\\/2025\\\/08\\\/tocada_55-scaled.jpg\",\"contentUrl\":\"https:\\\/\\\/gimnasticdetarragona.cat\\\/wp-content\\\/uploads\\\/2025\\\/08\\\/tocada_55-scaled.jpg\",\"width\":2560,\"height\":1707},{\"@type\":\"BreadcrumbList\",\"@id\":\"https:\\\/\\\/gimnasticdetarragona.cat\\\/es\\\/el-nastic-completa-una-pretemporada-exigente-con-buenas-sensaciones-y-crecimiento-progresivo\\\/#breadcrumb\",\"itemListElement\":[{\"@type\":\"ListItem\",\"position\":1,\"name\":\"Inici\",\"item\":\"https:\\\/\\\/gimnasticdetarragona.cat\\\/es\\\/nastic\\\/\"},{\"@type\":\"ListItem\",\"position\":2,\"name\":\"El N\u00e0stic completa una pretemporada exigente con buenas sensaciones y crecimiento progresivo\"}]},{\"@type\":\"WebSite\",\"@id\":\"https:\\\/\\\/gimnasticdetarragona.cat\\\/es\\\/#website\",\"url\":\"https:\\\/\\\/gimnasticdetarragona.cat\\\/es\\\/\",\"name\":\"Gimn\u00e0stic de Tarragona SAD\",\"description\":\"Gimn\u00e0stic de Tarragona\",\"publisher\":{\"@id\":\"https:\\\/\\\/gimnasticdetarragona.cat\\\/es\\\/#organization\"},\"potentialAction\":[{\"@type\":\"SearchAction\",\"target\":{\"@type\":\"EntryPoint\",\"urlTemplate\":\"https:\\\/\\\/gimnasticdetarragona.cat\\\/es\\\/?s={search_term_string}\"},\"query-input\":{\"@type\":\"PropertyValueSpecification\",\"valueRequired\":true,\"valueName\":\"search_term_string\"}}],\"inLanguage\":\"es\"},{\"@type\":\"Organization\",\"@id\":\"https:\\\/\\\/gimnasticdetarragona.cat\\\/es\\\/#organization\",\"name\":\"GIMN\u00c0STIC DE TARRAGONA\",\"alternateName\":\"N\u00c0STIC\",\"url\":\"https:\\\/\\\/gimnasticdetarragona.cat\\\/es\\\/\",\"logo\":{\"@type\":\"ImageObject\",\"inLanguage\":\"es\",\"@id\":\"https:\\\/\\\/gimnasticdetarragona.cat\\\/es\\\/#\\\/schema\\\/logo\\\/image\\\/\",\"url\":\"https:\\\/\\\/gimnasticdetarragona.cat\\\/wp-content\\\/uploads\\\/2022\\\/06\\\/cropped-logo-gimnastic.png\",\"contentUrl\":\"https:\\\/\\\/gimnasticdetarragona.cat\\\/wp-content\\\/uploads\\\/2022\\\/06\\\/cropped-logo-gimnastic.png\",\"width\":224,\"height\":83,\"caption\":\"GIMN\u00c0STIC DE TARRAGONA\"},\"image\":{\"@id\":\"https:\\\/\\\/gimnasticdetarragona.cat\\\/es\\\/#\\\/schema\\\/logo\\\/image\\\/\"},\"sameAs\":[\"https:\\\/\\\/x.com\\\/NASTICTARRAGONA\",\"https:\\\/\\\/www.instagram.com\\\/nastictarragona\\\/\"]},{\"@type\":\"Person\",\"@id\":\"https:\\\/\\\/gimnasticdetarragona.cat\\\/es\\\/#\\\/schema\\\/person\\\/0a9b7103e7dd73640eb245c4aa4afb8d\",\"name\":\"Comunicacion\"}]}<\/script>\n<!-- \/ Yoast SEO plugin. -->","yoast_head_json":{"title":"El N\u00e0stic completa una pretemporada exigente con buenas sensaciones y crecimiento progresivo - Gimn\u00e0stic de Tarragona SAD","robots":{"index":"index","follow":"follow","max-snippet":"max-snippet:-1","max-image-preview":"max-image-preview:large","max-video-preview":"max-video-preview:-1"},"canonical":"https:\/\/gimnasticdetarragona.cat\/es\/el-nastic-completa-una-pretemporada-exigente-con-buenas-sensaciones-y-crecimiento-progresivo\/","og_locale":"es_ES","og_type":"article","og_title":"El N\u00e0stic completa una pretemporada exigente con buenas sensaciones y crecimiento progresivo - Gimn\u00e0stic de Tarragona SAD","og_description":"Todo a punto para arrancar la liga 2025\/2026","og_url":"https:\/\/gimnasticdetarragona.cat\/es\/el-nastic-completa-una-pretemporada-exigente-con-buenas-sensaciones-y-crecimiento-progresivo\/","og_site_name":"Gimn\u00e0stic de Tarragona SAD","article_published_time":"2025-08-25T15:02:49+00:00","article_modified_time":"2025-08-25T15:03:15+00:00","og_image":[{"width":2560,"height":1707,"url":"https:\/\/gimnasticdetarragona.cat\/wp-content\/uploads\/2025\/08\/tocada_55-scaled.jpg","type":"image\/jpeg"}],"author":"Comunicacion","twitter_card":"summary_large_image","twitter_creator":"@NASTICTARRAGONA","twitter_site":"@NASTICTARRAGONA","twitter_misc":{"Escrito por":"Comunicacion","Tiempo de lectura":"2 minutos"},"schema":{"@context":"https:\/\/schema.org","@graph":[{"@type":"Article","@id":"https:\/\/gimnasticdetarragona.cat\/es\/el-nastic-completa-una-pretemporada-exigente-con-buenas-sensaciones-y-crecimiento-progresivo\/#article","isPartOf":{"@id":"https:\/\/gimnasticdetarragona.cat\/es\/el-nastic-completa-una-pretemporada-exigente-con-buenas-sensaciones-y-crecimiento-progresivo\/"},"author":{"name":"Comunicacion","@id":"https:\/\/gimnasticdetarragona.cat\/es\/#\/schema\/person\/0a9b7103e7dd73640eb245c4aa4afb8d"},"headline":"El N\u00e0stic completa una pretemporada exigente con buenas sensaciones y crecimiento progresivo","datePublished":"2025-08-25T15:02:49+00:00","dateModified":"2025-08-25T15:03:15+00:00","mainEntityOfPage":{"@id":"https:\/\/gimnasticdetarragona.cat\/es\/el-nastic-completa-una-pretemporada-exigente-con-buenas-sensaciones-y-crecimiento-progresivo\/"},"wordCount":425,"publisher":{"@id":"https:\/\/gimnasticdetarragona.cat\/es\/#organization"},"image":{"@id":"https:\/\/gimnasticdetarragona.cat\/es\/el-nastic-completa-una-pretemporada-exigente-con-buenas-sensaciones-y-crecimiento-progresivo\/#primaryimage"},"thumbnailUrl":"https:\/\/gimnasticdetarragona.cat\/wp-content\/uploads\/2025\/08\/tocada_55-scaled.jpg","articleSection":["Actualidad","Primer Equipo"],"inLanguage":"es"},{"@type":"WebPage","@id":"https:\/\/gimnasticdetarragona.cat\/es\/el-nastic-completa-una-pretemporada-exigente-con-buenas-sensaciones-y-crecimiento-progresivo\/","url":"https:\/\/gimnasticdetarragona.cat\/es\/el-nastic-completa-una-pretemporada-exigente-con-buenas-sensaciones-y-crecimiento-progresivo\/","name":"El N\u00e0stic completa una pretemporada exigente con buenas sensaciones y crecimiento progresivo - Gimn\u00e0stic de Tarragona SAD","isPartOf":{"@id":"https:\/\/gimnasticdetarragona.cat\/es\/#website"},"primaryImageOfPage":{"@id":"https:\/\/gimnasticdetarragona.cat\/es\/el-nastic-completa-una-pretemporada-exigente-con-buenas-sensaciones-y-crecimiento-progresivo\/#primaryimage"},"image":{"@id":"https:\/\/gimnasticdetarragona.cat\/es\/el-nastic-completa-una-pretemporada-exigente-con-buenas-sensaciones-y-crecimiento-progresivo\/#primaryimage"},"thumbnailUrl":"https:\/\/gimnasticdetarragona.cat\/wp-content\/uploads\/2025\/08\/tocada_55-scaled.jpg","datePublished":"2025-08-25T15:02:49+00:00","dateModified":"2025-08-25T15:03:15+00:00","breadcrumb":{"@id":"https:\/\/gimnasticdetarragona.cat\/es\/el-nastic-completa-una-pretemporada-exigente-con-buenas-sensaciones-y-crecimiento-progresivo\/#breadcrumb"},"inLanguage":"es","potentialAction":[{"@type":"ReadAction","target":["https:\/\/gimnasticdetarragona.cat\/es\/el-nastic-completa-una-pretemporada-exigente-con-buenas-sensaciones-y-crecimiento-progresivo\/"]}]},{"@type":"ImageObject","inLanguage":"es","@id":"https:\/\/gimnasticdetarragona.cat\/es\/el-nastic-completa-una-pretemporada-exigente-con-buenas-sensaciones-y-crecimiento-progresivo\/#primaryimage","url":"https:\/\/gimnasticdetarragona.cat\/wp-content\/uploads\/2025\/08\/tocada_55-scaled.jpg","contentUrl":"https:\/\/gimnasticdetarragona.cat\/wp-content\/uploads\/2025\/08\/tocada_55-scaled.jpg","width":2560,"height":1707},{"@type":"BreadcrumbList","@id":"https:\/\/gimnasticdetarragona.cat\/es\/el-nastic-completa-una-pretemporada-exigente-con-buenas-sensaciones-y-crecimiento-progresivo\/#breadcrumb","itemListElement":[{"@type":"ListItem","position":1,"name":"Inici","item":"https:\/\/gimnasticdetarragona.cat\/es\/nastic\/"},{"@type":"ListItem","position":2,"name":"El N\u00e0stic completa una pretemporada exigente con buenas sensaciones y crecimiento progresivo"}]},{"@type":"WebSite","@id":"https:\/\/gimnasticdetarragona.cat\/es\/#website","url":"https:\/\/gimnasticdetarragona.cat\/es\/","name":"Gimn\u00e0stic de Tarragona SAD","description":"Gimn\u00e0stic de Tarragona","publisher":{"@id":"https:\/\/gimnasticdetarragona.cat\/es\/#organization"},"potentialAction":[{"@type":"SearchAction","target":{"@type":"EntryPoint","urlTemplate":"https:\/\/gimnasticdetarragona.cat\/es\/?s={search_term_string}"},"query-input":{"@type":"PropertyValueSpecification","valueRequired":true,"valueName":"search_term_string"}}],"inLanguage":"es"},{"@type":"Organization","@id":"https:\/\/gimnasticdetarragona.cat\/es\/#organization","name":"GIMN\u00c0STIC DE TARRAGONA","alternateName":"N\u00c0STIC","url":"https:\/\/gimnasticdetarragona.cat\/es\/","logo":{"@type":"ImageObject","inLanguage":"es","@id":"https:\/\/gimnasticdetarragona.cat\/es\/#\/schema\/logo\/image\/","url":"https:\/\/gimnasticdetarragona.cat\/wp-content\/uploads\/2022\/06\/cropped-logo-gimnastic.png","contentUrl":"https:\/\/gimnasticdetarragona.cat\/wp-content\/uploads\/2022\/06\/cropped-logo-gimnastic.png","width":224,"height":83,"caption":"GIMN\u00c0STIC DE TARRAGONA"},"image":{"@id":"https:\/\/gimnasticdetarragona.cat\/es\/#\/schema\/logo\/image\/"},"sameAs":["https:\/\/x.com\/NASTICTARRAGONA","https:\/\/www.instagram.com\/nastictarragona\/"]},{"@type":"Person","@id":"https:\/\/gimnasticdetarragona.cat\/es\/#\/schema\/person\/0a9b7103e7dd73640eb245c4aa4afb8d","name":"Comunicacion"}]}},"_links":{"self":[{"href":"https:\/\/gimnasticdetarragona.cat\/es\/wp-json\/wp\/v2\/posts\/100077","targetHints":{"allow":["GET"]}}],"collection":[{"href":"https:\/\/gimnasticdetarragona.cat\/es\/wp-json\/wp\/v2\/posts"}],"about":[{"href":"https:\/\/gimnasticdetarragona.cat\/es\/wp-json\/wp\/v2\/types\/post"}],"author":[{"embeddable":true,"href":"https:\/\/gimnasticdetarragona.cat\/es\/wp-json\/wp\/v2\/users\/7"}],"replies":[{"embeddable":true,"href":"https:\/\/gimnasticdetarragona.cat\/es\/wp-json\/wp\/v2\/comments?post=100077"}],"version-history":[{"count":1,"href":"https:\/\/gimnasticdetarragona.cat\/es\/wp-json\/wp\/v2\/posts\/100077\/revisions"}],"predecessor-version":[{"id":100078,"href":"https:\/\/gimnasticdetarragona.cat\/es\/wp-json\/wp\/v2\/posts\/100077\/revisions\/100078"}],"wp:featuredmedia":[{"embeddable":true,"href":"https:\/\/gimnasticdetarragona.cat\/es\/wp-json\/wp\/v2\/media\/100075"}],"wp:attachment":[{"href":"https:\/\/gimnasticdetarragona.cat\/es\/wp-json\/wp\/v2\/media?parent=100077"}],"wp:term":[{"taxonomy":"category","embeddable":true,"href":"https:\/\/gimnasticdetarragona.cat\/es\/wp-json\/wp\/v2\/categories?post=100077"},{"taxonomy":"post_tag","embeddable":true,"href":"https:\/\/gimnasticdetarragona.cat\/es\/wp-json\/wp\/v2\/tags?post=100077"}],"curies":[{"name":"wp","href":"https:\/\/api.w.org\/{rel}","templated":true}]}}