{"id":100485,"date":"2025-10-16T14:02:52","date_gmt":"2025-10-16T12:02:52","guid":{"rendered":"https:\/\/gimnasticdetarragona.cat\/propers-partits-del-planter-grana-18-19-doctubre\/"},"modified":"2025-10-17T14:13:19","modified_gmt":"2025-10-17T12:13:19","slug":"propers-partits-del-planter-grana-18-19-doctubre","status":"publish","type":"post","link":"https:\/\/gimnasticdetarragona.cat\/es\/propers-partits-del-planter-grana-18-19-doctubre\/","title":{"rendered":"Pr\u00f3ximos partidos del Planter Grana (18-19 de octubre)"},"content":{"rendered":"\n<p><strong><u>DEBUTANTES<\/u><\/strong><\/p>\n\n\n\n<p>Pla de Santa Maria &#8211; Debutants B<br>Dissabte 18-10-2025, a les 10 h, Pla de Santa Maria<\/p>\n\n\n\n<p>Pallaresos &#8211; Debutants A<br>Dissabte 18-10-2025, a les 10 h, Pallaresos<\/p>\n\n\n\n<p><strong><u>SUB 7<\/u><\/strong><\/p>\n\n\n\n<p>Sub7 A &#8211; Vendrell A<br>Dissabte 18-10-2025, a les 12 h, Ciutat Esportiva Gimn\u00e0stic de Tarragona<\/p>\n\n\n\n<p><strong><u>SUB 8<\/u><\/strong><\/p>\n\n\n\n<p>Roda Ber\u00e0 A &#8211; Sub8 C<br>Dissabte 18-10-2025, a les 9 h, Roda Ber\u00e0<\/p>\n\n\n\n<p>Vila-seca B &#8211; Sub8 B<br>Dissabte 18-10-2025, a les 12 h, Vila-seca<\/p>\n\n\n\n<p>Sub8 A &#8211; Vallmoll A <br>Dissabte 18-10-2025, a les 10.30 h, Ciutat Esportiva Gimn\u00e0stic de Tarragona<\/p>\n\n\n\n<p><strong><u>SUB 9<\/u><\/strong><\/p>\n\n\n\n<p>Sub9 B &#8211; EFB Calafell C &nbsp;&nbsp;&nbsp;&nbsp;<br>Dissabte 18-10-2025, a les 10.30 h, Ciutat Esportiva Gimn\u00e0stic de Tarragona<\/p>\n\n\n\n<p>Sub9 A &#8211; Vendrell<br>Dissabte 18-10-2025, a les 10.30 h, Ciutat Esportiva Gimn\u00e0stic de Tarragona<\/p>\n\n\n\n<p><strong><u>SUB 10<\/u><\/strong><\/p>\n\n\n\n<p>Sub10 E &#8211; Vallmoll A<br>Dissabte 18-10-2025, a les 9 h, Ciutat Esportiva Gimn\u00e0stic de Tarragona<\/p>\n\n\n\n<p>Sub10 D &#8211; Base Pallaresos<br>Dissabte 18-10-2025, a les 12 h, Ciutat Esportiva Gimn\u00e0stic de Tarragona<\/p>\n\n\n\n<p>Santes Creus A &#8211; Sub10 C<br>Diumenge 19-10-2025, a les 9 h, Reddis<\/p>\n\n\n\n<p>Sub10 B &#8211; Vendrell B<br>Dissabte 18-10-205, a les 12 h, Ciutat Esportiva Gimn\u00e0stic de Tarragona<\/p>\n\n\n\n<p>Canonja &#8211; Sub10 A<br>Dissabte 18-10-2025, a les 12 h, La Canonja<\/p>\n\n\n\n<p><strong><u>SUB 11<\/u><\/strong><\/p>\n\n\n\n<p>Sub11 C &#8211; Torredembarra C<br>Dissabte 18-10-2025, a les 9 h, Ciutat Esportiva Gimn\u00e0stic de Tarragona<\/p>\n\n\n\n<p>Sub11 B &#8211; Sant Pau B<br>Diumenge 19-10-2025, a les 9 h, Ciutat Esportiva Gimn\u00e0stic de Tarragona<\/p>\n\n\n\n<p>Sub11 A &#8211; Vendrell A<br>Dissabte 18-10-2025, a les 10.30 h, Ciutat Esportiva Gimn\u00e0stic de Tarragona<\/p>\n\n\n\n<p><strong><u>SUB 12&nbsp;<\/u><\/strong><\/p>\n\n\n\n<p>Sub12 D &#8211; Base Marc Bartra B<br>Dissabte 18-10-2025, a les 12 h, Ciutat Esportiva Gimn\u00e0stic de Tarragona<\/p>\n\n\n\n<p>Sub12 C &#8211; Canonja B<br>Dissabte 18-10-2025, a les 9 h, Ciutat Esportiva Gimn\u00e0stic de Tarragona<\/p>\n\n\n\n<p>Sub12 B &#8211; Escola Valls<br>Dissabte 18-10-2025, a les 9 h, Ciutat Esportiva Gimn\u00e0stic de Tarragona<\/p>\n\n\n\n<p>Canonja &#8211; Sub12 A<br>Dissabte 18-10-2025, a les 12 h, La Canonja<\/p>\n\n\n\n<p><strong><u>INFANTIL<\/u><\/strong><\/p>\n\n\n\n<p>Infantil Femen\u00ed &#8211; Vila-seca B<br>Diumenge 19-10-2025, a les 9 h, Ciutat Esportiva Gimn\u00e0stic de Tarragona<\/p>\n\n\n\n<p><strong><u>SUB 13<\/u><\/strong><\/p>\n\n\n\n<p>Sub13 C &#8211; Vendrell A<br>Diumenge 19-10-2025, a les 16 h, Ciutat Esportiva Gimn\u00e0stic de Tarragona<\/p>\n\n\n\n<p>Sub13 B &#8211; Vinyets Moli Vell &nbsp;&nbsp;<br>Dissabte 18-10-2025, a les 14 h, &nbsp;Ciutat Esportiva Gimn\u00e0stic de Tarragona<\/p>\n\n\n\n<p>Sub13 A &#8211; Sant Cugat A &nbsp;&nbsp;&nbsp;<br>Dissabte 18-10-2025, a les 14 h, Ciutat Esportiva Gimn\u00e0stic de Tarragona<\/p>\n\n\n\n<p><strong><u>SUB 14<\/u><\/strong><\/p>\n\n\n\n<p>Base Marc Bartra &#8211; Sub14 B<br>Dissabte 18-10-2025, a les 10 h, Banyeres del Pened\u00e8s<\/p>\n\n\n\n<p>Sub14 A &#8211; Fundaci\u00f3 Badalona &nbsp;<br>Dissabte 18-10-2025, a les 17 h, Ciutat Esportiva Gimn\u00e0stic de Tarragona<\/p>\n\n\n\n<p><strong><u>CADET<\/u><\/strong><\/p>\n\n\n\n<p>Cadet Femen\u00ed &#8211; Escola Futbol SPSP<br>Diumenge 19-10-2025, a les 19.45 h, Ciutat Esportiva Gimn\u00e0stic de Tarragona<\/p>\n\n\n\n<p><strong><u>SUB 15<\/u><\/strong><\/p>\n\n\n\n<p>Sub15 C &#8211; Vendrell A<br>Diumenge 19-10-2025, a les 18 h, Ciutat Esportiva Gimn\u00e0stic de Tarragona<\/p>\n\n\n\n<p>Castelldefels &#8211;&nbsp; Sub15 B<br>Diumenge 19-10-2025, a les 16.15 h, Castelldefels<\/p>\n\n\n\n<p>Sub15 A \u2013 CF Damm<br>Dissabte 18-10-2025, a les 19.30 h, Ciutat Esportiva Gimn\u00e0stic de Tarragona<\/p>\n\n\n\n<p><strong><u>SUB 16<\/u><\/strong><\/p>\n\n\n\n<p>Torreforta &#8211; Sub16 C<br>Dissabte 18-10-2025, a les 16 h, Torreforta<\/p>\n\n\n\n<p>Sub16 B &#8211; Fundaci\u00f3 Cornell\u00e0<br>Diumenge 19-10-2025, a les 16 h, Ciutat Esportiva Gimn\u00e0stic de Tarragona<\/p>\n\n\n\n<p>Cornell\u00e0 &#8211; Sub16 A<br>Dissabte 18-10-2025, a les 11 h, Cornell\u00e0<\/p>\n\n\n\n<p><strong><u>JUVENIL<\/u><\/strong><\/p>\n\n\n\n<p>Torredembarra A &#8211; Juvenil Femen\u00ed<br>Diumenge 19-10-2025, a les 16 h, Torredembarra<\/p>\n\n\n\n<p>Altafulla B &#8211; Juvenil D<br>Diumenge 19-10-2025, a les 19.30 h, Altafulla<\/p>\n\n\n\n<p>Juvenil C &#8211; Salou A<br>Dissabte 18-10-2025, a les 19.30 h, Ciutat Esportiva Gimn\u00e0stic de Tarragona<\/p>\n\n\n\n<p>Rapitenca &#8211; Juvenil B<br>Diumenge 19-10-2025, a les 16 h, Sant Carles de la R\u00e0pita<\/p>\n\n\n\n<p>Juvenil A &#8211; Sabadell<br>Dissabte 18-10-2025, a les 17 h, Ciutat Esportiva Gimn\u00e0stic de Tarragona<\/p>\n","protected":false},"excerpt":{"rendered":"<p>Los 38 equipos de la base ya disputan sus respectivas ligas<\/p>\n","protected":false},"author":7,"featured_media":100483,"comment_status":"closed","ping_status":"closed","sticky":false,"template":"","format":"standard","meta":{"_acf_changed":false,"footnotes":""},"categories":[113,117],"tags":[],"class_list":["post-100485","post","type-post","status-publish","format-standard","has-post-thumbnail","hentry","category-actualidad","category-futbol-base"],"acf":[],"yoast_head":"<!-- This site is optimized with the Yoast SEO plugin v27.3 - https:\/\/yoast.com\/product\/yoast-seo-wordpress\/ -->\n<title>Pr\u00f3ximos partidos del Planter Grana (18-19 de octubre) - Gimn\u00e0stic de Tarragona SAD<\/title>\n<meta name=\"robots\" content=\"index, follow, max-snippet:-1, max-image-preview:large, max-video-preview:-1\" \/>\n<link rel=\"canonical\" href=\"https:\/\/gimnasticdetarragona.cat\/es\/propers-partits-del-planter-grana-18-19-doctubre\/\" \/>\n<meta property=\"og:locale\" content=\"es_ES\" \/>\n<meta property=\"og:type\" content=\"article\" \/>\n<meta property=\"og:title\" content=\"Pr\u00f3ximos partidos del Planter Grana (18-19 de octubre) - Gimn\u00e0stic de Tarragona SAD\" \/>\n<meta property=\"og:description\" content=\"Los 38 equipos de la base ya disputan sus respectivas ligas\" \/>\n<meta property=\"og:url\" content=\"https:\/\/gimnasticdetarragona.cat\/es\/propers-partits-del-planter-grana-18-19-doctubre\/\" \/>\n<meta property=\"og:site_name\" content=\"Gimn\u00e0stic de Tarragona SAD\" \/>\n<meta property=\"article:published_time\" content=\"2025-10-16T12:02:52+00:00\" \/>\n<meta property=\"article:modified_time\" content=\"2025-10-17T12:13:19+00:00\" \/>\n<meta property=\"og:image\" content=\"https:\/\/gimnasticdetarragona.cat\/wp-content\/uploads\/2025\/10\/Imagen-de-WhatsApp-2025-10-14-a-las-12.48.09_81f1e430.jpg\" \/>\n\t<meta property=\"og:image:width\" content=\"1600\" \/>\n\t<meta property=\"og:image:height\" content=\"1066\" \/>\n\t<meta property=\"og:image:type\" content=\"image\/jpeg\" \/>\n<meta name=\"author\" content=\"Comunicacion\" \/>\n<meta name=\"twitter:card\" content=\"summary_large_image\" \/>\n<meta name=\"twitter:creator\" content=\"@NASTICTARRAGONA\" \/>\n<meta name=\"twitter:site\" content=\"@NASTICTARRAGONA\" \/>\n<meta name=\"twitter:label1\" content=\"Escrito por\" \/>\n\t<meta name=\"twitter:data1\" content=\"Comunicacion\" \/>\n\t<meta name=\"twitter:label2\" content=\"Tiempo de lectura\" \/>\n\t<meta name=\"twitter:data2\" content=\"3 minutos\" \/>\n<script type=\"application\/ld+json\" class=\"yoast-schema-graph\">{\"@context\":\"https:\\\/\\\/schema.org\",\"@graph\":[{\"@type\":\"Article\",\"@id\":\"https:\\\/\\\/gimnasticdetarragona.cat\\\/es\\\/propers-partits-del-planter-grana-18-19-doctubre\\\/#article\",\"isPartOf\":{\"@id\":\"https:\\\/\\\/gimnasticdetarragona.cat\\\/es\\\/propers-partits-del-planter-grana-18-19-doctubre\\\/\"},\"author\":{\"name\":\"Comunicacion\",\"@id\":\"https:\\\/\\\/gimnasticdetarragona.cat\\\/es\\\/#\\\/schema\\\/person\\\/0a9b7103e7dd73640eb245c4aa4afb8d\"},\"headline\":\"Pr\u00f3ximos partidos del Planter Grana (18-19 de octubre)\",\"datePublished\":\"2025-10-16T12:02:52+00:00\",\"dateModified\":\"2025-10-17T12:13:19+00:00\",\"mainEntityOfPage\":{\"@id\":\"https:\\\/\\\/gimnasticdetarragona.cat\\\/es\\\/propers-partits-del-planter-grana-18-19-doctubre\\\/\"},\"wordCount\":597,\"publisher\":{\"@id\":\"https:\\\/\\\/gimnasticdetarragona.cat\\\/es\\\/#organization\"},\"image\":{\"@id\":\"https:\\\/\\\/gimnasticdetarragona.cat\\\/es\\\/propers-partits-del-planter-grana-18-19-doctubre\\\/#primaryimage\"},\"thumbnailUrl\":\"https:\\\/\\\/gimnasticdetarragona.cat\\\/wp-content\\\/uploads\\\/2025\\\/10\\\/Imagen-de-WhatsApp-2025-10-14-a-las-12.48.09_81f1e430.jpg\",\"articleSection\":[\"Actualidad\",\"F\u00fatbol Base\"],\"inLanguage\":\"es\"},{\"@type\":\"WebPage\",\"@id\":\"https:\\\/\\\/gimnasticdetarragona.cat\\\/es\\\/propers-partits-del-planter-grana-18-19-doctubre\\\/\",\"url\":\"https:\\\/\\\/gimnasticdetarragona.cat\\\/es\\\/propers-partits-del-planter-grana-18-19-doctubre\\\/\",\"name\":\"Pr\u00f3ximos partidos del Planter Grana (18-19 de octubre) - Gimn\u00e0stic de Tarragona SAD\",\"isPartOf\":{\"@id\":\"https:\\\/\\\/gimnasticdetarragona.cat\\\/es\\\/#website\"},\"primaryImageOfPage\":{\"@id\":\"https:\\\/\\\/gimnasticdetarragona.cat\\\/es\\\/propers-partits-del-planter-grana-18-19-doctubre\\\/#primaryimage\"},\"image\":{\"@id\":\"https:\\\/\\\/gimnasticdetarragona.cat\\\/es\\\/propers-partits-del-planter-grana-18-19-doctubre\\\/#primaryimage\"},\"thumbnailUrl\":\"https:\\\/\\\/gimnasticdetarragona.cat\\\/wp-content\\\/uploads\\\/2025\\\/10\\\/Imagen-de-WhatsApp-2025-10-14-a-las-12.48.09_81f1e430.jpg\",\"datePublished\":\"2025-10-16T12:02:52+00:00\",\"dateModified\":\"2025-10-17T12:13:19+00:00\",\"breadcrumb\":{\"@id\":\"https:\\\/\\\/gimnasticdetarragona.cat\\\/es\\\/propers-partits-del-planter-grana-18-19-doctubre\\\/#breadcrumb\"},\"inLanguage\":\"es\",\"potentialAction\":[{\"@type\":\"ReadAction\",\"target\":[\"https:\\\/\\\/gimnasticdetarragona.cat\\\/es\\\/propers-partits-del-planter-grana-18-19-doctubre\\\/\"]}]},{\"@type\":\"ImageObject\",\"inLanguage\":\"es\",\"@id\":\"https:\\\/\\\/gimnasticdetarragona.cat\\\/es\\\/propers-partits-del-planter-grana-18-19-doctubre\\\/#primaryimage\",\"url\":\"https:\\\/\\\/gimnasticdetarragona.cat\\\/wp-content\\\/uploads\\\/2025\\\/10\\\/Imagen-de-WhatsApp-2025-10-14-a-las-12.48.09_81f1e430.jpg\",\"contentUrl\":\"https:\\\/\\\/gimnasticdetarragona.cat\\\/wp-content\\\/uploads\\\/2025\\\/10\\\/Imagen-de-WhatsApp-2025-10-14-a-las-12.48.09_81f1e430.jpg\",\"width\":1600,\"height\":1066},{\"@type\":\"BreadcrumbList\",\"@id\":\"https:\\\/\\\/gimnasticdetarragona.cat\\\/es\\\/propers-partits-del-planter-grana-18-19-doctubre\\\/#breadcrumb\",\"itemListElement\":[{\"@type\":\"ListItem\",\"position\":1,\"name\":\"Inici\",\"item\":\"https:\\\/\\\/gimnasticdetarragona.cat\\\/es\\\/nastic\\\/\"},{\"@type\":\"ListItem\",\"position\":2,\"name\":\"Pr\u00f3ximos partidos del Planter Grana (18-19 de octubre)\"}]},{\"@type\":\"WebSite\",\"@id\":\"https:\\\/\\\/gimnasticdetarragona.cat\\\/es\\\/#website\",\"url\":\"https:\\\/\\\/gimnasticdetarragona.cat\\\/es\\\/\",\"name\":\"Gimn\u00e0stic de Tarragona SAD\",\"description\":\"Gimn\u00e0stic de Tarragona\",\"publisher\":{\"@id\":\"https:\\\/\\\/gimnasticdetarragona.cat\\\/es\\\/#organization\"},\"potentialAction\":[{\"@type\":\"SearchAction\",\"target\":{\"@type\":\"EntryPoint\",\"urlTemplate\":\"https:\\\/\\\/gimnasticdetarragona.cat\\\/es\\\/?s={search_term_string}\"},\"query-input\":{\"@type\":\"PropertyValueSpecification\",\"valueRequired\":true,\"valueName\":\"search_term_string\"}}],\"inLanguage\":\"es\"},{\"@type\":\"Organization\",\"@id\":\"https:\\\/\\\/gimnasticdetarragona.cat\\\/es\\\/#organization\",\"name\":\"GIMN\u00c0STIC DE TARRAGONA\",\"alternateName\":\"N\u00c0STIC\",\"url\":\"https:\\\/\\\/gimnasticdetarragona.cat\\\/es\\\/\",\"logo\":{\"@type\":\"ImageObject\",\"inLanguage\":\"es\",\"@id\":\"https:\\\/\\\/gimnasticdetarragona.cat\\\/es\\\/#\\\/schema\\\/logo\\\/image\\\/\",\"url\":\"https:\\\/\\\/gimnasticdetarragona.cat\\\/wp-content\\\/uploads\\\/2022\\\/06\\\/cropped-logo-gimnastic.png\",\"contentUrl\":\"https:\\\/\\\/gimnasticdetarragona.cat\\\/wp-content\\\/uploads\\\/2022\\\/06\\\/cropped-logo-gimnastic.png\",\"width\":224,\"height\":83,\"caption\":\"GIMN\u00c0STIC DE TARRAGONA\"},\"image\":{\"@id\":\"https:\\\/\\\/gimnasticdetarragona.cat\\\/es\\\/#\\\/schema\\\/logo\\\/image\\\/\"},\"sameAs\":[\"https:\\\/\\\/x.com\\\/NASTICTARRAGONA\",\"https:\\\/\\\/www.instagram.com\\\/nastictarragona\\\/\"]},{\"@type\":\"Person\",\"@id\":\"https:\\\/\\\/gimnasticdetarragona.cat\\\/es\\\/#\\\/schema\\\/person\\\/0a9b7103e7dd73640eb245c4aa4afb8d\",\"name\":\"Comunicacion\"}]}<\/script>\n<!-- \/ Yoast SEO plugin. -->","yoast_head_json":{"title":"Pr\u00f3ximos partidos del Planter Grana (18-19 de octubre) - Gimn\u00e0stic de Tarragona SAD","robots":{"index":"index","follow":"follow","max-snippet":"max-snippet:-1","max-image-preview":"max-image-preview:large","max-video-preview":"max-video-preview:-1"},"canonical":"https:\/\/gimnasticdetarragona.cat\/es\/propers-partits-del-planter-grana-18-19-doctubre\/","og_locale":"es_ES","og_type":"article","og_title":"Pr\u00f3ximos partidos del Planter Grana (18-19 de octubre) - Gimn\u00e0stic de Tarragona SAD","og_description":"Los 38 equipos de la base ya disputan sus respectivas ligas","og_url":"https:\/\/gimnasticdetarragona.cat\/es\/propers-partits-del-planter-grana-18-19-doctubre\/","og_site_name":"Gimn\u00e0stic de Tarragona SAD","article_published_time":"2025-10-16T12:02:52+00:00","article_modified_time":"2025-10-17T12:13:19+00:00","og_image":[{"width":1600,"height":1066,"url":"https:\/\/gimnasticdetarragona.cat\/wp-content\/uploads\/2025\/10\/Imagen-de-WhatsApp-2025-10-14-a-las-12.48.09_81f1e430.jpg","type":"image\/jpeg"}],"author":"Comunicacion","twitter_card":"summary_large_image","twitter_creator":"@NASTICTARRAGONA","twitter_site":"@NASTICTARRAGONA","twitter_misc":{"Escrito por":"Comunicacion","Tiempo de lectura":"3 minutos"},"schema":{"@context":"https:\/\/schema.org","@graph":[{"@type":"Article","@id":"https:\/\/gimnasticdetarragona.cat\/es\/propers-partits-del-planter-grana-18-19-doctubre\/#article","isPartOf":{"@id":"https:\/\/gimnasticdetarragona.cat\/es\/propers-partits-del-planter-grana-18-19-doctubre\/"},"author":{"name":"Comunicacion","@id":"https:\/\/gimnasticdetarragona.cat\/es\/#\/schema\/person\/0a9b7103e7dd73640eb245c4aa4afb8d"},"headline":"Pr\u00f3ximos partidos del Planter Grana (18-19 de octubre)","datePublished":"2025-10-16T12:02:52+00:00","dateModified":"2025-10-17T12:13:19+00:00","mainEntityOfPage":{"@id":"https:\/\/gimnasticdetarragona.cat\/es\/propers-partits-del-planter-grana-18-19-doctubre\/"},"wordCount":597,"publisher":{"@id":"https:\/\/gimnasticdetarragona.cat\/es\/#organization"},"image":{"@id":"https:\/\/gimnasticdetarragona.cat\/es\/propers-partits-del-planter-grana-18-19-doctubre\/#primaryimage"},"thumbnailUrl":"https:\/\/gimnasticdetarragona.cat\/wp-content\/uploads\/2025\/10\/Imagen-de-WhatsApp-2025-10-14-a-las-12.48.09_81f1e430.jpg","articleSection":["Actualidad","F\u00fatbol Base"],"inLanguage":"es"},{"@type":"WebPage","@id":"https:\/\/gimnasticdetarragona.cat\/es\/propers-partits-del-planter-grana-18-19-doctubre\/","url":"https:\/\/gimnasticdetarragona.cat\/es\/propers-partits-del-planter-grana-18-19-doctubre\/","name":"Pr\u00f3ximos partidos del Planter Grana (18-19 de octubre) - Gimn\u00e0stic de Tarragona SAD","isPartOf":{"@id":"https:\/\/gimnasticdetarragona.cat\/es\/#website"},"primaryImageOfPage":{"@id":"https:\/\/gimnasticdetarragona.cat\/es\/propers-partits-del-planter-grana-18-19-doctubre\/#primaryimage"},"image":{"@id":"https:\/\/gimnasticdetarragona.cat\/es\/propers-partits-del-planter-grana-18-19-doctubre\/#primaryimage"},"thumbnailUrl":"https:\/\/gimnasticdetarragona.cat\/wp-content\/uploads\/2025\/10\/Imagen-de-WhatsApp-2025-10-14-a-las-12.48.09_81f1e430.jpg","datePublished":"2025-10-16T12:02:52+00:00","dateModified":"2025-10-17T12:13:19+00:00","breadcrumb":{"@id":"https:\/\/gimnasticdetarragona.cat\/es\/propers-partits-del-planter-grana-18-19-doctubre\/#breadcrumb"},"inLanguage":"es","potentialAction":[{"@type":"ReadAction","target":["https:\/\/gimnasticdetarragona.cat\/es\/propers-partits-del-planter-grana-18-19-doctubre\/"]}]},{"@type":"ImageObject","inLanguage":"es","@id":"https:\/\/gimnasticdetarragona.cat\/es\/propers-partits-del-planter-grana-18-19-doctubre\/#primaryimage","url":"https:\/\/gimnasticdetarragona.cat\/wp-content\/uploads\/2025\/10\/Imagen-de-WhatsApp-2025-10-14-a-las-12.48.09_81f1e430.jpg","contentUrl":"https:\/\/gimnasticdetarragona.cat\/wp-content\/uploads\/2025\/10\/Imagen-de-WhatsApp-2025-10-14-a-las-12.48.09_81f1e430.jpg","width":1600,"height":1066},{"@type":"BreadcrumbList","@id":"https:\/\/gimnasticdetarragona.cat\/es\/propers-partits-del-planter-grana-18-19-doctubre\/#breadcrumb","itemListElement":[{"@type":"ListItem","position":1,"name":"Inici","item":"https:\/\/gimnasticdetarragona.cat\/es\/nastic\/"},{"@type":"ListItem","position":2,"name":"Pr\u00f3ximos partidos del Planter Grana (18-19 de octubre)"}]},{"@type":"WebSite","@id":"https:\/\/gimnasticdetarragona.cat\/es\/#website","url":"https:\/\/gimnasticdetarragona.cat\/es\/","name":"Gimn\u00e0stic de Tarragona SAD","description":"Gimn\u00e0stic de Tarragona","publisher":{"@id":"https:\/\/gimnasticdetarragona.cat\/es\/#organization"},"potentialAction":[{"@type":"SearchAction","target":{"@type":"EntryPoint","urlTemplate":"https:\/\/gimnasticdetarragona.cat\/es\/?s={search_term_string}"},"query-input":{"@type":"PropertyValueSpecification","valueRequired":true,"valueName":"search_term_string"}}],"inLanguage":"es"},{"@type":"Organization","@id":"https:\/\/gimnasticdetarragona.cat\/es\/#organization","name":"GIMN\u00c0STIC DE TARRAGONA","alternateName":"N\u00c0STIC","url":"https:\/\/gimnasticdetarragona.cat\/es\/","logo":{"@type":"ImageObject","inLanguage":"es","@id":"https:\/\/gimnasticdetarragona.cat\/es\/#\/schema\/logo\/image\/","url":"https:\/\/gimnasticdetarragona.cat\/wp-content\/uploads\/2022\/06\/cropped-logo-gimnastic.png","contentUrl":"https:\/\/gimnasticdetarragona.cat\/wp-content\/uploads\/2022\/06\/cropped-logo-gimnastic.png","width":224,"height":83,"caption":"GIMN\u00c0STIC DE TARRAGONA"},"image":{"@id":"https:\/\/gimnasticdetarragona.cat\/es\/#\/schema\/logo\/image\/"},"sameAs":["https:\/\/x.com\/NASTICTARRAGONA","https:\/\/www.instagram.com\/nastictarragona\/"]},{"@type":"Person","@id":"https:\/\/gimnasticdetarragona.cat\/es\/#\/schema\/person\/0a9b7103e7dd73640eb245c4aa4afb8d","name":"Comunicacion"}]}},"_links":{"self":[{"href":"https:\/\/gimnasticdetarragona.cat\/es\/wp-json\/wp\/v2\/posts\/100485","targetHints":{"allow":["GET"]}}],"collection":[{"href":"https:\/\/gimnasticdetarragona.cat\/es\/wp-json\/wp\/v2\/posts"}],"about":[{"href":"https:\/\/gimnasticdetarragona.cat\/es\/wp-json\/wp\/v2\/types\/post"}],"author":[{"embeddable":true,"href":"https:\/\/gimnasticdetarragona.cat\/es\/wp-json\/wp\/v2\/users\/7"}],"replies":[{"embeddable":true,"href":"https:\/\/gimnasticdetarragona.cat\/es\/wp-json\/wp\/v2\/comments?post=100485"}],"version-history":[{"count":2,"href":"https:\/\/gimnasticdetarragona.cat\/es\/wp-json\/wp\/v2\/posts\/100485\/revisions"}],"predecessor-version":[{"id":100488,"href":"https:\/\/gimnasticdetarragona.cat\/es\/wp-json\/wp\/v2\/posts\/100485\/revisions\/100488"}],"wp:featuredmedia":[{"embeddable":true,"href":"https:\/\/gimnasticdetarragona.cat\/es\/wp-json\/wp\/v2\/media\/100483"}],"wp:attachment":[{"href":"https:\/\/gimnasticdetarragona.cat\/es\/wp-json\/wp\/v2\/media?parent=100485"}],"wp:term":[{"taxonomy":"category","embeddable":true,"href":"https:\/\/gimnasticdetarragona.cat\/es\/wp-json\/wp\/v2\/categories?post=100485"},{"taxonomy":"post_tag","embeddable":true,"href":"https:\/\/gimnasticdetarragona.cat\/es\/wp-json\/wp\/v2\/tags?post=100485"}],"curies":[{"name":"wp","href":"https:\/\/api.w.org\/{rel}","templated":true}]}}