{"id":100508,"date":"2025-10-21T10:45:28","date_gmt":"2025-10-21T08:45:28","guid":{"rendered":"https:\/\/gimnasticdetarragona.cat\/?p=100508"},"modified":"2025-10-21T10:53:59","modified_gmt":"2025-10-21T08:53:59","slug":"300-entrades-visitants-mes-pel-ce-sabadell-nastic","status":"publish","type":"post","link":"https:\/\/gimnasticdetarragona.cat\/es\/300-entrades-visitants-mes-pel-ce-sabadell-nastic\/","title":{"rendered":"300 entradas visitantes m\u00e1s para el CE Sabadell \u2013 N\u00e0stic"},"content":{"rendered":"\n<p>La entidad grana y la arlequinada han llegado a un acuerdo para ampliar el n\u00famero de entradas destinadas a la afici\u00f3n visitante, pasando de las 700 a las 1.000 por el partido del s\u00e1bado en la Nova Creu Alta. La misma cifra y precio unitario (15 \u20ac) que dispondr\u00e1 el CE Sabadell en el partido de la 2\u00aa vuelta en el Nou Estadi Costa Daurada.<\/p>\n\n\n\n<p>La compra de entradas para este partido se realiza exclusivamente online*, hasta el jueves 23 a las 19 horas, en el siguiente enlace:<\/p>\n\n\n\n<p><\/p>\n\n\n\n<p><\/p>\n\n\n\n<p class=\"has-text-align-center\"><strong><a href=\"https:\/\/tickets.oneboxtds.com\/Desplazamientos_Nastic\/events\">COMPRA<\/a><\/strong>&nbsp;<\/p>\n\n\n\n<p><\/p>\n\n\n\n<p><\/p>\n\n\n\n<p>Recordamos las opciones para acompa\u00f1ar al equipo:<\/p>\n\n\n\n<p><strong>Entrada + desplazamiento en autocar:<\/strong><\/p>\n\n\n\n<ul class=\"wp-block-list\">\n<li>Adulto: 25\u20ac<\/li>\n\n\n\n<li>Infantil (9 a 17 a\u00f1os): 15\u20ac<\/li>\n\n\n\n<li>Baby (0 a 8 a\u00f1os): 10\u20ac<\/li>\n<\/ul>\n\n\n\n<p><\/p>\n\n\n\n<p><strong>Entrada individual:<\/strong><\/p>\n\n\n\n<ul class=\"wp-block-list\">\n<li>Adulto: 15\u20ac<\/li>\n\n\n\n<li>Infantil (9 a 17 a\u00f1os): 5\u20ac<\/li>\n\n\n\n<li>Baby (0 a 8 a\u00f1os): entrada libre<\/li>\n<\/ul>\n\n\n\n<p><\/p>\n\n\n\n<p>El duelo se disputar\u00e1 el s\u00e1bado 25\/10, a partir de las 18.30 horas, en la Nova Creu Alta. La salida de los autocares est\u00e1 programada para el mismo s\u00e1bado en los siguientes horarios:<\/p>\n\n\n\n<ul class=\"wp-block-list\">\n<li>15.45 h (Av. Catalunya, Camp de Mart)<\/li>\n\n\n\n<li>16.00 h (Instalaciones del Nou Estadi Costa Daurada)<\/li>\n<\/ul>\n\n\n\n<p><\/p>\n\n\n\n<p>La vuelta se efectuar\u00e1 al finalizar el partido. El Gimn\u00e0stic de Tarragona se reserva el derecho a modificar las condiciones del desplazamiento. Para cualquier duda contactar al n\u00famero de WhatsApp del N\u00e0stic 675.541.041 o al correo electr\u00f3nico <a href=\"mailto:administracio@gimnasticdetarragona.cat\">administracio@gimnasticdetarragona.cat<\/a><\/p>\n\n\n\n<p>Las entradas se enviar\u00e1n el viernes 24, en formato PDF, al correo electr\u00f3nico facilitado en el proceso de compra. En caso de desplazarse en autocar, los detalles del mismo se facilitar\u00e1n mediante el mismo canal.<\/p>\n\n\n\n<p>*Aquellos socios o aficionados con dificultades de acceso a internet ser\u00e1n atendidos de forma presencial en el punto de atenci\u00f3n al socio, en el horario de 17 a 19 h.<\/p>\n\n\n\n<p><\/p>\n","protected":false},"excerpt":{"rendered":"<p>\u00a1Marea Grana de 1.000 nastiquers!<\/p>\n","protected":false},"author":7,"featured_media":100506,"comment_status":"closed","ping_status":"closed","sticky":false,"template":"","format":"standard","meta":{"_acf_changed":false,"footnotes":""},"categories":[113,114,125,126,139,138],"tags":[],"class_list":["post-100508","post","type-post","status-publish","format-standard","has-post-thumbnail","hentry","category-actualidad","category-aficion","category-penas","category-primer-equipo","category-social","category-socio"],"acf":[],"yoast_head":"<!-- This site is optimized with the Yoast SEO plugin v27.3 - https:\/\/yoast.com\/product\/yoast-seo-wordpress\/ -->\n<title>300 entradas visitantes m\u00e1s para el CE Sabadell \u2013 N\u00e0stic - Gimn\u00e0stic de Tarragona SAD<\/title>\n<meta name=\"robots\" content=\"index, follow, max-snippet:-1, max-image-preview:large, max-video-preview:-1\" \/>\n<link rel=\"canonical\" href=\"https:\/\/gimnasticdetarragona.cat\/es\/300-entrades-visitants-mes-pel-ce-sabadell-nastic\/\" \/>\n<meta property=\"og:locale\" content=\"es_ES\" \/>\n<meta property=\"og:type\" content=\"article\" \/>\n<meta property=\"og:title\" content=\"300 entradas visitantes m\u00e1s para el CE Sabadell \u2013 N\u00e0stic - Gimn\u00e0stic de Tarragona SAD\" \/>\n<meta property=\"og:description\" content=\"\u00a1Marea Grana de 1.000 nastiquers!\" \/>\n<meta property=\"og:url\" content=\"https:\/\/gimnasticdetarragona.cat\/es\/300-entrades-visitants-mes-pel-ce-sabadell-nastic\/\" \/>\n<meta property=\"og:site_name\" content=\"Gimn\u00e0stic de Tarragona SAD\" \/>\n<meta property=\"article:published_time\" content=\"2025-10-21T08:45:28+00:00\" \/>\n<meta property=\"article:modified_time\" content=\"2025-10-21T08:53:59+00:00\" \/>\n<meta property=\"og:image\" content=\"https:\/\/gimnasticdetarragona.cat\/wp-content\/uploads\/2025\/10\/JCB_2196-scaled.jpg\" \/>\n\t<meta property=\"og:image:width\" content=\"2560\" \/>\n\t<meta property=\"og:image:height\" content=\"1706\" \/>\n\t<meta property=\"og:image:type\" content=\"image\/jpeg\" \/>\n<meta name=\"author\" content=\"Comunicacion\" \/>\n<meta name=\"twitter:card\" content=\"summary_large_image\" \/>\n<meta name=\"twitter:creator\" content=\"@NASTICTARRAGONA\" \/>\n<meta name=\"twitter:site\" content=\"@NASTICTARRAGONA\" \/>\n<meta name=\"twitter:label1\" content=\"Escrito por\" \/>\n\t<meta name=\"twitter:data1\" content=\"Comunicacion\" \/>\n\t<meta name=\"twitter:label2\" content=\"Tiempo de lectura\" \/>\n\t<meta name=\"twitter:data2\" content=\"1 minuto\" \/>\n<script type=\"application\/ld+json\" class=\"yoast-schema-graph\">{\"@context\":\"https:\\\/\\\/schema.org\",\"@graph\":[{\"@type\":\"Article\",\"@id\":\"https:\\\/\\\/gimnasticdetarragona.cat\\\/es\\\/300-entrades-visitants-mes-pel-ce-sabadell-nastic\\\/#article\",\"isPartOf\":{\"@id\":\"https:\\\/\\\/gimnasticdetarragona.cat\\\/es\\\/300-entrades-visitants-mes-pel-ce-sabadell-nastic\\\/\"},\"author\":{\"name\":\"Comunicacion\",\"@id\":\"https:\\\/\\\/gimnasticdetarragona.cat\\\/es\\\/#\\\/schema\\\/person\\\/0a9b7103e7dd73640eb245c4aa4afb8d\"},\"headline\":\"300 entradas visitantes m\u00e1s para el CE Sabadell \u2013 N\u00e0stic\",\"datePublished\":\"2025-10-21T08:45:28+00:00\",\"dateModified\":\"2025-10-21T08:53:59+00:00\",\"mainEntityOfPage\":{\"@id\":\"https:\\\/\\\/gimnasticdetarragona.cat\\\/es\\\/300-entrades-visitants-mes-pel-ce-sabadell-nastic\\\/\"},\"wordCount\":286,\"publisher\":{\"@id\":\"https:\\\/\\\/gimnasticdetarragona.cat\\\/es\\\/#organization\"},\"image\":{\"@id\":\"https:\\\/\\\/gimnasticdetarragona.cat\\\/es\\\/300-entrades-visitants-mes-pel-ce-sabadell-nastic\\\/#primaryimage\"},\"thumbnailUrl\":\"https:\\\/\\\/gimnasticdetarragona.cat\\\/wp-content\\\/uploads\\\/2025\\\/10\\\/JCB_2196-scaled.jpg\",\"articleSection\":[\"Actualidad\",\"Afici\u00f3n\",\"Pe\u00f1as\",\"Primer Equipo\",\"Social\",\"Socio\"],\"inLanguage\":\"es\"},{\"@type\":\"WebPage\",\"@id\":\"https:\\\/\\\/gimnasticdetarragona.cat\\\/es\\\/300-entrades-visitants-mes-pel-ce-sabadell-nastic\\\/\",\"url\":\"https:\\\/\\\/gimnasticdetarragona.cat\\\/es\\\/300-entrades-visitants-mes-pel-ce-sabadell-nastic\\\/\",\"name\":\"300 entradas visitantes m\u00e1s para el CE Sabadell \u2013 N\u00e0stic - Gimn\u00e0stic de Tarragona SAD\",\"isPartOf\":{\"@id\":\"https:\\\/\\\/gimnasticdetarragona.cat\\\/es\\\/#website\"},\"primaryImageOfPage\":{\"@id\":\"https:\\\/\\\/gimnasticdetarragona.cat\\\/es\\\/300-entrades-visitants-mes-pel-ce-sabadell-nastic\\\/#primaryimage\"},\"image\":{\"@id\":\"https:\\\/\\\/gimnasticdetarragona.cat\\\/es\\\/300-entrades-visitants-mes-pel-ce-sabadell-nastic\\\/#primaryimage\"},\"thumbnailUrl\":\"https:\\\/\\\/gimnasticdetarragona.cat\\\/wp-content\\\/uploads\\\/2025\\\/10\\\/JCB_2196-scaled.jpg\",\"datePublished\":\"2025-10-21T08:45:28+00:00\",\"dateModified\":\"2025-10-21T08:53:59+00:00\",\"breadcrumb\":{\"@id\":\"https:\\\/\\\/gimnasticdetarragona.cat\\\/es\\\/300-entrades-visitants-mes-pel-ce-sabadell-nastic\\\/#breadcrumb\"},\"inLanguage\":\"es\",\"potentialAction\":[{\"@type\":\"ReadAction\",\"target\":[\"https:\\\/\\\/gimnasticdetarragona.cat\\\/es\\\/300-entrades-visitants-mes-pel-ce-sabadell-nastic\\\/\"]}]},{\"@type\":\"ImageObject\",\"inLanguage\":\"es\",\"@id\":\"https:\\\/\\\/gimnasticdetarragona.cat\\\/es\\\/300-entrades-visitants-mes-pel-ce-sabadell-nastic\\\/#primaryimage\",\"url\":\"https:\\\/\\\/gimnasticdetarragona.cat\\\/wp-content\\\/uploads\\\/2025\\\/10\\\/JCB_2196-scaled.jpg\",\"contentUrl\":\"https:\\\/\\\/gimnasticdetarragona.cat\\\/wp-content\\\/uploads\\\/2025\\\/10\\\/JCB_2196-scaled.jpg\",\"width\":2560,\"height\":1706},{\"@type\":\"BreadcrumbList\",\"@id\":\"https:\\\/\\\/gimnasticdetarragona.cat\\\/es\\\/300-entrades-visitants-mes-pel-ce-sabadell-nastic\\\/#breadcrumb\",\"itemListElement\":[{\"@type\":\"ListItem\",\"position\":1,\"name\":\"Inici\",\"item\":\"https:\\\/\\\/gimnasticdetarragona.cat\\\/es\\\/nastic\\\/\"},{\"@type\":\"ListItem\",\"position\":2,\"name\":\"300 entradas visitantes m\u00e1s para el CE Sabadell \u2013 N\u00e0stic\"}]},{\"@type\":\"WebSite\",\"@id\":\"https:\\\/\\\/gimnasticdetarragona.cat\\\/es\\\/#website\",\"url\":\"https:\\\/\\\/gimnasticdetarragona.cat\\\/es\\\/\",\"name\":\"Gimn\u00e0stic de Tarragona SAD\",\"description\":\"Gimn\u00e0stic de Tarragona\",\"publisher\":{\"@id\":\"https:\\\/\\\/gimnasticdetarragona.cat\\\/es\\\/#organization\"},\"potentialAction\":[{\"@type\":\"SearchAction\",\"target\":{\"@type\":\"EntryPoint\",\"urlTemplate\":\"https:\\\/\\\/gimnasticdetarragona.cat\\\/es\\\/?s={search_term_string}\"},\"query-input\":{\"@type\":\"PropertyValueSpecification\",\"valueRequired\":true,\"valueName\":\"search_term_string\"}}],\"inLanguage\":\"es\"},{\"@type\":\"Organization\",\"@id\":\"https:\\\/\\\/gimnasticdetarragona.cat\\\/es\\\/#organization\",\"name\":\"GIMN\u00c0STIC DE TARRAGONA\",\"alternateName\":\"N\u00c0STIC\",\"url\":\"https:\\\/\\\/gimnasticdetarragona.cat\\\/es\\\/\",\"logo\":{\"@type\":\"ImageObject\",\"inLanguage\":\"es\",\"@id\":\"https:\\\/\\\/gimnasticdetarragona.cat\\\/es\\\/#\\\/schema\\\/logo\\\/image\\\/\",\"url\":\"https:\\\/\\\/gimnasticdetarragona.cat\\\/wp-content\\\/uploads\\\/2022\\\/06\\\/cropped-logo-gimnastic.png\",\"contentUrl\":\"https:\\\/\\\/gimnasticdetarragona.cat\\\/wp-content\\\/uploads\\\/2022\\\/06\\\/cropped-logo-gimnastic.png\",\"width\":224,\"height\":83,\"caption\":\"GIMN\u00c0STIC DE TARRAGONA\"},\"image\":{\"@id\":\"https:\\\/\\\/gimnasticdetarragona.cat\\\/es\\\/#\\\/schema\\\/logo\\\/image\\\/\"},\"sameAs\":[\"https:\\\/\\\/x.com\\\/NASTICTARRAGONA\",\"https:\\\/\\\/www.instagram.com\\\/nastictarragona\\\/\"]},{\"@type\":\"Person\",\"@id\":\"https:\\\/\\\/gimnasticdetarragona.cat\\\/es\\\/#\\\/schema\\\/person\\\/0a9b7103e7dd73640eb245c4aa4afb8d\",\"name\":\"Comunicacion\"}]}<\/script>\n<!-- \/ Yoast SEO plugin. -->","yoast_head_json":{"title":"300 entradas visitantes m\u00e1s para el CE Sabadell \u2013 N\u00e0stic - Gimn\u00e0stic de Tarragona SAD","robots":{"index":"index","follow":"follow","max-snippet":"max-snippet:-1","max-image-preview":"max-image-preview:large","max-video-preview":"max-video-preview:-1"},"canonical":"https:\/\/gimnasticdetarragona.cat\/es\/300-entrades-visitants-mes-pel-ce-sabadell-nastic\/","og_locale":"es_ES","og_type":"article","og_title":"300 entradas visitantes m\u00e1s para el CE Sabadell \u2013 N\u00e0stic - Gimn\u00e0stic de Tarragona SAD","og_description":"\u00a1Marea Grana de 1.000 nastiquers!","og_url":"https:\/\/gimnasticdetarragona.cat\/es\/300-entrades-visitants-mes-pel-ce-sabadell-nastic\/","og_site_name":"Gimn\u00e0stic de Tarragona SAD","article_published_time":"2025-10-21T08:45:28+00:00","article_modified_time":"2025-10-21T08:53:59+00:00","og_image":[{"width":2560,"height":1706,"url":"https:\/\/gimnasticdetarragona.cat\/wp-content\/uploads\/2025\/10\/JCB_2196-scaled.jpg","type":"image\/jpeg"}],"author":"Comunicacion","twitter_card":"summary_large_image","twitter_creator":"@NASTICTARRAGONA","twitter_site":"@NASTICTARRAGONA","twitter_misc":{"Escrito por":"Comunicacion","Tiempo de lectura":"1 minuto"},"schema":{"@context":"https:\/\/schema.org","@graph":[{"@type":"Article","@id":"https:\/\/gimnasticdetarragona.cat\/es\/300-entrades-visitants-mes-pel-ce-sabadell-nastic\/#article","isPartOf":{"@id":"https:\/\/gimnasticdetarragona.cat\/es\/300-entrades-visitants-mes-pel-ce-sabadell-nastic\/"},"author":{"name":"Comunicacion","@id":"https:\/\/gimnasticdetarragona.cat\/es\/#\/schema\/person\/0a9b7103e7dd73640eb245c4aa4afb8d"},"headline":"300 entradas visitantes m\u00e1s para el CE Sabadell \u2013 N\u00e0stic","datePublished":"2025-10-21T08:45:28+00:00","dateModified":"2025-10-21T08:53:59+00:00","mainEntityOfPage":{"@id":"https:\/\/gimnasticdetarragona.cat\/es\/300-entrades-visitants-mes-pel-ce-sabadell-nastic\/"},"wordCount":286,"publisher":{"@id":"https:\/\/gimnasticdetarragona.cat\/es\/#organization"},"image":{"@id":"https:\/\/gimnasticdetarragona.cat\/es\/300-entrades-visitants-mes-pel-ce-sabadell-nastic\/#primaryimage"},"thumbnailUrl":"https:\/\/gimnasticdetarragona.cat\/wp-content\/uploads\/2025\/10\/JCB_2196-scaled.jpg","articleSection":["Actualidad","Afici\u00f3n","Pe\u00f1as","Primer Equipo","Social","Socio"],"inLanguage":"es"},{"@type":"WebPage","@id":"https:\/\/gimnasticdetarragona.cat\/es\/300-entrades-visitants-mes-pel-ce-sabadell-nastic\/","url":"https:\/\/gimnasticdetarragona.cat\/es\/300-entrades-visitants-mes-pel-ce-sabadell-nastic\/","name":"300 entradas visitantes m\u00e1s para el CE Sabadell \u2013 N\u00e0stic - Gimn\u00e0stic de Tarragona SAD","isPartOf":{"@id":"https:\/\/gimnasticdetarragona.cat\/es\/#website"},"primaryImageOfPage":{"@id":"https:\/\/gimnasticdetarragona.cat\/es\/300-entrades-visitants-mes-pel-ce-sabadell-nastic\/#primaryimage"},"image":{"@id":"https:\/\/gimnasticdetarragona.cat\/es\/300-entrades-visitants-mes-pel-ce-sabadell-nastic\/#primaryimage"},"thumbnailUrl":"https:\/\/gimnasticdetarragona.cat\/wp-content\/uploads\/2025\/10\/JCB_2196-scaled.jpg","datePublished":"2025-10-21T08:45:28+00:00","dateModified":"2025-10-21T08:53:59+00:00","breadcrumb":{"@id":"https:\/\/gimnasticdetarragona.cat\/es\/300-entrades-visitants-mes-pel-ce-sabadell-nastic\/#breadcrumb"},"inLanguage":"es","potentialAction":[{"@type":"ReadAction","target":["https:\/\/gimnasticdetarragona.cat\/es\/300-entrades-visitants-mes-pel-ce-sabadell-nastic\/"]}]},{"@type":"ImageObject","inLanguage":"es","@id":"https:\/\/gimnasticdetarragona.cat\/es\/300-entrades-visitants-mes-pel-ce-sabadell-nastic\/#primaryimage","url":"https:\/\/gimnasticdetarragona.cat\/wp-content\/uploads\/2025\/10\/JCB_2196-scaled.jpg","contentUrl":"https:\/\/gimnasticdetarragona.cat\/wp-content\/uploads\/2025\/10\/JCB_2196-scaled.jpg","width":2560,"height":1706},{"@type":"BreadcrumbList","@id":"https:\/\/gimnasticdetarragona.cat\/es\/300-entrades-visitants-mes-pel-ce-sabadell-nastic\/#breadcrumb","itemListElement":[{"@type":"ListItem","position":1,"name":"Inici","item":"https:\/\/gimnasticdetarragona.cat\/es\/nastic\/"},{"@type":"ListItem","position":2,"name":"300 entradas visitantes m\u00e1s para el CE Sabadell \u2013 N\u00e0stic"}]},{"@type":"WebSite","@id":"https:\/\/gimnasticdetarragona.cat\/es\/#website","url":"https:\/\/gimnasticdetarragona.cat\/es\/","name":"Gimn\u00e0stic de Tarragona SAD","description":"Gimn\u00e0stic de Tarragona","publisher":{"@id":"https:\/\/gimnasticdetarragona.cat\/es\/#organization"},"potentialAction":[{"@type":"SearchAction","target":{"@type":"EntryPoint","urlTemplate":"https:\/\/gimnasticdetarragona.cat\/es\/?s={search_term_string}"},"query-input":{"@type":"PropertyValueSpecification","valueRequired":true,"valueName":"search_term_string"}}],"inLanguage":"es"},{"@type":"Organization","@id":"https:\/\/gimnasticdetarragona.cat\/es\/#organization","name":"GIMN\u00c0STIC DE TARRAGONA","alternateName":"N\u00c0STIC","url":"https:\/\/gimnasticdetarragona.cat\/es\/","logo":{"@type":"ImageObject","inLanguage":"es","@id":"https:\/\/gimnasticdetarragona.cat\/es\/#\/schema\/logo\/image\/","url":"https:\/\/gimnasticdetarragona.cat\/wp-content\/uploads\/2022\/06\/cropped-logo-gimnastic.png","contentUrl":"https:\/\/gimnasticdetarragona.cat\/wp-content\/uploads\/2022\/06\/cropped-logo-gimnastic.png","width":224,"height":83,"caption":"GIMN\u00c0STIC DE TARRAGONA"},"image":{"@id":"https:\/\/gimnasticdetarragona.cat\/es\/#\/schema\/logo\/image\/"},"sameAs":["https:\/\/x.com\/NASTICTARRAGONA","https:\/\/www.instagram.com\/nastictarragona\/"]},{"@type":"Person","@id":"https:\/\/gimnasticdetarragona.cat\/es\/#\/schema\/person\/0a9b7103e7dd73640eb245c4aa4afb8d","name":"Comunicacion"}]}},"_links":{"self":[{"href":"https:\/\/gimnasticdetarragona.cat\/es\/wp-json\/wp\/v2\/posts\/100508","targetHints":{"allow":["GET"]}}],"collection":[{"href":"https:\/\/gimnasticdetarragona.cat\/es\/wp-json\/wp\/v2\/posts"}],"about":[{"href":"https:\/\/gimnasticdetarragona.cat\/es\/wp-json\/wp\/v2\/types\/post"}],"author":[{"embeddable":true,"href":"https:\/\/gimnasticdetarragona.cat\/es\/wp-json\/wp\/v2\/users\/7"}],"replies":[{"embeddable":true,"href":"https:\/\/gimnasticdetarragona.cat\/es\/wp-json\/wp\/v2\/comments?post=100508"}],"version-history":[{"count":5,"href":"https:\/\/gimnasticdetarragona.cat\/es\/wp-json\/wp\/v2\/posts\/100508\/revisions"}],"predecessor-version":[{"id":100516,"href":"https:\/\/gimnasticdetarragona.cat\/es\/wp-json\/wp\/v2\/posts\/100508\/revisions\/100516"}],"wp:featuredmedia":[{"embeddable":true,"href":"https:\/\/gimnasticdetarragona.cat\/es\/wp-json\/wp\/v2\/media\/100506"}],"wp:attachment":[{"href":"https:\/\/gimnasticdetarragona.cat\/es\/wp-json\/wp\/v2\/media?parent=100508"}],"wp:term":[{"taxonomy":"category","embeddable":true,"href":"https:\/\/gimnasticdetarragona.cat\/es\/wp-json\/wp\/v2\/categories?post=100508"},{"taxonomy":"post_tag","embeddable":true,"href":"https:\/\/gimnasticdetarragona.cat\/es\/wp-json\/wp\/v2\/tags?post=100508"}],"curies":[{"name":"wp","href":"https:\/\/api.w.org\/{rel}","templated":true}]}}