{"id":101011,"date":"2025-12-04T19:27:33","date_gmt":"2025-12-04T18:27:33","guid":{"rendered":"https:\/\/gimnasticdetarragona.cat\/?p=101011"},"modified":"2025-12-04T19:27:10","modified_gmt":"2025-12-04T18:27:10","slug":"comunicado-oficial-la-voz-de-los-clubs-es-soberana","status":"publish","type":"post","link":"https:\/\/gimnasticdetarragona.cat\/es\/comunicado-oficial-la-voz-de-los-clubs-es-soberana\/","title":{"rendered":"Comunicado oficial: la voz de los clubs es soberana"},"content":{"rendered":"\n<p><strong>Los clubs de f\u00fatbol de Catalu\u00f1a manifestamos que la voluntad expresada por 441 clubs, el 35% del censo federativo, de impulsar una Asamblea General es un derecho claramente leg\u00edtimo y perfectamente ajustado a los estatutos. Cuando los clubs activan un mecanismo democr\u00e1tico previsto por la propia Federaci\u00f3n, \u00e9ste debe respetarse sin excepciones ni interpretaciones restrictivas.<\/strong><\/p>\n\n\n\n<p>La decisi\u00f3n de la Federaci\u00f3n Catalana de F\u00fatbol de impedir esta convocatoria altera el normal funcionamiento de los \u00f3rganos federativos y debilita la confianza en las herramientas de gobernanza, transparencia y participaci\u00f3n que deben guiar nuestro deporte. La FCF s\u00f3lo puede avanzar si se fundamenta en el respeto a la legalidad interna, a la soberan\u00eda de los clubs ya la correcta aplicaci\u00f3n de sus estatutos.<\/p>\n\n\n\n<p>Los clubs apoyamos plenamente esta convocatoria y confiamos en que el Gobierno de Catalunya actuar\u00e1 para garantizar los derechos democr\u00e1ticos y la voluntad directa de un tercio del f\u00fatbol catal\u00e1n, asegurando que la Federaci\u00f3n ejerza sus funciones con respeto, garant\u00edas y plena coherencia con los principios de democracia deportiva. La voz de los clubs es soberana: \u00a1asamblea ya!<\/p>\n","protected":false},"excerpt":{"rendered":"<p>04\/12\/2025<\/p>\n","protected":false},"author":7,"featured_media":90369,"comment_status":"closed","ping_status":"closed","sticky":false,"template":"","format":"standard","meta":{"_acf_changed":false,"footnotes":""},"categories":[113],"tags":[],"class_list":["post-101011","post","type-post","status-publish","format-standard","has-post-thumbnail","hentry","category-actualidad"],"acf":[],"yoast_head":"<!-- This site is optimized with the Yoast SEO plugin v27.3 - https:\/\/yoast.com\/product\/yoast-seo-wordpress\/ -->\n<title>Comunicado oficial: la voz de los clubs es soberana - Gimn\u00e0stic de Tarragona SAD<\/title>\n<meta name=\"robots\" content=\"index, follow, max-snippet:-1, max-image-preview:large, max-video-preview:-1\" \/>\n<link rel=\"canonical\" href=\"https:\/\/gimnasticdetarragona.cat\/comunicat-oficial-la-veu-dels-clubs-es-sobirana\/\" \/>\n<meta property=\"og:locale\" content=\"es_ES\" \/>\n<meta property=\"og:type\" content=\"article\" \/>\n<meta property=\"og:title\" content=\"Comunicado oficial: la voz de los clubs es soberana - Gimn\u00e0stic de Tarragona SAD\" \/>\n<meta property=\"og:description\" content=\"04\/12\/2025\" \/>\n<meta property=\"og:url\" content=\"https:\/\/gimnasticdetarragona.cat\/comunicat-oficial-la-veu-dels-clubs-es-sobirana\/\" \/>\n<meta property=\"og:site_name\" content=\"Gimn\u00e0stic de Tarragona SAD\" \/>\n<meta property=\"article:published_time\" content=\"2025-12-04T18:27:33+00:00\" \/>\n<meta property=\"og:image\" content=\"https:\/\/gimnasticdetarragona.cat\/wp-content\/uploads\/2023\/01\/Nastic-Tarragona_c.jpg\" \/>\n\t<meta property=\"og:image:width\" content=\"1920\" \/>\n\t<meta property=\"og:image:height\" content=\"1080\" \/>\n\t<meta property=\"og:image:type\" content=\"image\/jpeg\" \/>\n<meta name=\"author\" content=\"Comunicacion\" \/>\n<meta name=\"twitter:card\" content=\"summary_large_image\" \/>\n<meta name=\"twitter:creator\" content=\"@NASTICTARRAGONA\" \/>\n<meta name=\"twitter:site\" content=\"@NASTICTARRAGONA\" \/>\n<meta name=\"twitter:label1\" content=\"Escrito por\" \/>\n\t<meta name=\"twitter:data1\" content=\"Comunicacion\" \/>\n\t<meta name=\"twitter:label2\" content=\"Tiempo de lectura\" \/>\n\t<meta name=\"twitter:data2\" content=\"1 minuto\" \/>\n<script type=\"application\/ld+json\" class=\"yoast-schema-graph\">{\"@context\":\"https:\\\/\\\/schema.org\",\"@graph\":[{\"@type\":\"Article\",\"@id\":\"https:\\\/\\\/gimnasticdetarragona.cat\\\/comunicat-oficial-la-veu-dels-clubs-es-sobirana\\\/#article\",\"isPartOf\":{\"@id\":\"https:\\\/\\\/gimnasticdetarragona.cat\\\/comunicat-oficial-la-veu-dels-clubs-es-sobirana\\\/\"},\"author\":{\"name\":\"Comunicacion\",\"@id\":\"https:\\\/\\\/gimnasticdetarragona.cat\\\/es\\\/#\\\/schema\\\/person\\\/0a9b7103e7dd73640eb245c4aa4afb8d\"},\"headline\":\"Comunicado oficial: la voz de los clubs es soberana\",\"datePublished\":\"2025-12-04T18:27:33+00:00\",\"mainEntityOfPage\":{\"@id\":\"https:\\\/\\\/gimnasticdetarragona.cat\\\/comunicat-oficial-la-veu-dels-clubs-es-sobirana\\\/\"},\"wordCount\":202,\"publisher\":{\"@id\":\"https:\\\/\\\/gimnasticdetarragona.cat\\\/es\\\/#organization\"},\"image\":{\"@id\":\"https:\\\/\\\/gimnasticdetarragona.cat\\\/comunicat-oficial-la-veu-dels-clubs-es-sobirana\\\/#primaryimage\"},\"thumbnailUrl\":\"https:\\\/\\\/gimnasticdetarragona.cat\\\/wp-content\\\/uploads\\\/2023\\\/01\\\/Nastic-Tarragona_c.jpg\",\"articleSection\":[\"Actualidad\"],\"inLanguage\":\"es\"},{\"@type\":\"WebPage\",\"@id\":\"https:\\\/\\\/gimnasticdetarragona.cat\\\/comunicat-oficial-la-veu-dels-clubs-es-sobirana\\\/\",\"url\":\"https:\\\/\\\/gimnasticdetarragona.cat\\\/comunicat-oficial-la-veu-dels-clubs-es-sobirana\\\/\",\"name\":\"Comunicado oficial: la voz de los clubs es soberana - Gimn\u00e0stic de Tarragona SAD\",\"isPartOf\":{\"@id\":\"https:\\\/\\\/gimnasticdetarragona.cat\\\/es\\\/#website\"},\"primaryImageOfPage\":{\"@id\":\"https:\\\/\\\/gimnasticdetarragona.cat\\\/comunicat-oficial-la-veu-dels-clubs-es-sobirana\\\/#primaryimage\"},\"image\":{\"@id\":\"https:\\\/\\\/gimnasticdetarragona.cat\\\/comunicat-oficial-la-veu-dels-clubs-es-sobirana\\\/#primaryimage\"},\"thumbnailUrl\":\"https:\\\/\\\/gimnasticdetarragona.cat\\\/wp-content\\\/uploads\\\/2023\\\/01\\\/Nastic-Tarragona_c.jpg\",\"datePublished\":\"2025-12-04T18:27:33+00:00\",\"breadcrumb\":{\"@id\":\"https:\\\/\\\/gimnasticdetarragona.cat\\\/comunicat-oficial-la-veu-dels-clubs-es-sobirana\\\/#breadcrumb\"},\"inLanguage\":\"es\",\"potentialAction\":[{\"@type\":\"ReadAction\",\"target\":[\"https:\\\/\\\/gimnasticdetarragona.cat\\\/comunicat-oficial-la-veu-dels-clubs-es-sobirana\\\/\"]}]},{\"@type\":\"ImageObject\",\"inLanguage\":\"es\",\"@id\":\"https:\\\/\\\/gimnasticdetarragona.cat\\\/comunicat-oficial-la-veu-dels-clubs-es-sobirana\\\/#primaryimage\",\"url\":\"https:\\\/\\\/gimnasticdetarragona.cat\\\/wp-content\\\/uploads\\\/2023\\\/01\\\/Nastic-Tarragona_c.jpg\",\"contentUrl\":\"https:\\\/\\\/gimnasticdetarragona.cat\\\/wp-content\\\/uploads\\\/2023\\\/01\\\/Nastic-Tarragona_c.jpg\",\"width\":1920,\"height\":1080},{\"@type\":\"BreadcrumbList\",\"@id\":\"https:\\\/\\\/gimnasticdetarragona.cat\\\/comunicat-oficial-la-veu-dels-clubs-es-sobirana\\\/#breadcrumb\",\"itemListElement\":[{\"@type\":\"ListItem\",\"position\":1,\"name\":\"Inici\",\"item\":\"https:\\\/\\\/gimnasticdetarragona.cat\\\/es\\\/nastic\\\/\"},{\"@type\":\"ListItem\",\"position\":2,\"name\":\"Comunicado oficial: la voz de los clubs es soberana\"}]},{\"@type\":\"WebSite\",\"@id\":\"https:\\\/\\\/gimnasticdetarragona.cat\\\/es\\\/#website\",\"url\":\"https:\\\/\\\/gimnasticdetarragona.cat\\\/es\\\/\",\"name\":\"Gimn\u00e0stic de Tarragona SAD\",\"description\":\"Gimn\u00e0stic de Tarragona\",\"publisher\":{\"@id\":\"https:\\\/\\\/gimnasticdetarragona.cat\\\/es\\\/#organization\"},\"potentialAction\":[{\"@type\":\"SearchAction\",\"target\":{\"@type\":\"EntryPoint\",\"urlTemplate\":\"https:\\\/\\\/gimnasticdetarragona.cat\\\/es\\\/?s={search_term_string}\"},\"query-input\":{\"@type\":\"PropertyValueSpecification\",\"valueRequired\":true,\"valueName\":\"search_term_string\"}}],\"inLanguage\":\"es\"},{\"@type\":\"Organization\",\"@id\":\"https:\\\/\\\/gimnasticdetarragona.cat\\\/es\\\/#organization\",\"name\":\"GIMN\u00c0STIC DE TARRAGONA\",\"alternateName\":\"N\u00c0STIC\",\"url\":\"https:\\\/\\\/gimnasticdetarragona.cat\\\/es\\\/\",\"logo\":{\"@type\":\"ImageObject\",\"inLanguage\":\"es\",\"@id\":\"https:\\\/\\\/gimnasticdetarragona.cat\\\/es\\\/#\\\/schema\\\/logo\\\/image\\\/\",\"url\":\"https:\\\/\\\/gimnasticdetarragona.cat\\\/wp-content\\\/uploads\\\/2022\\\/06\\\/cropped-logo-gimnastic.png\",\"contentUrl\":\"https:\\\/\\\/gimnasticdetarragona.cat\\\/wp-content\\\/uploads\\\/2022\\\/06\\\/cropped-logo-gimnastic.png\",\"width\":224,\"height\":83,\"caption\":\"GIMN\u00c0STIC DE TARRAGONA\"},\"image\":{\"@id\":\"https:\\\/\\\/gimnasticdetarragona.cat\\\/es\\\/#\\\/schema\\\/logo\\\/image\\\/\"},\"sameAs\":[\"https:\\\/\\\/x.com\\\/NASTICTARRAGONA\",\"https:\\\/\\\/www.instagram.com\\\/nastictarragona\\\/\"]},{\"@type\":\"Person\",\"@id\":\"https:\\\/\\\/gimnasticdetarragona.cat\\\/es\\\/#\\\/schema\\\/person\\\/0a9b7103e7dd73640eb245c4aa4afb8d\",\"name\":\"Comunicacion\"}]}<\/script>\n<!-- \/ Yoast SEO plugin. -->","yoast_head_json":{"title":"Comunicado oficial: la voz de los clubs es soberana - Gimn\u00e0stic de Tarragona SAD","robots":{"index":"index","follow":"follow","max-snippet":"max-snippet:-1","max-image-preview":"max-image-preview:large","max-video-preview":"max-video-preview:-1"},"canonical":"https:\/\/gimnasticdetarragona.cat\/comunicat-oficial-la-veu-dels-clubs-es-sobirana\/","og_locale":"es_ES","og_type":"article","og_title":"Comunicado oficial: la voz de los clubs es soberana - Gimn\u00e0stic de Tarragona SAD","og_description":"04\/12\/2025","og_url":"https:\/\/gimnasticdetarragona.cat\/comunicat-oficial-la-veu-dels-clubs-es-sobirana\/","og_site_name":"Gimn\u00e0stic de Tarragona SAD","article_published_time":"2025-12-04T18:27:33+00:00","og_image":[{"width":1920,"height":1080,"url":"https:\/\/gimnasticdetarragona.cat\/wp-content\/uploads\/2023\/01\/Nastic-Tarragona_c.jpg","type":"image\/jpeg"}],"author":"Comunicacion","twitter_card":"summary_large_image","twitter_creator":"@NASTICTARRAGONA","twitter_site":"@NASTICTARRAGONA","twitter_misc":{"Escrito por":"Comunicacion","Tiempo de lectura":"1 minuto"},"schema":{"@context":"https:\/\/schema.org","@graph":[{"@type":"Article","@id":"https:\/\/gimnasticdetarragona.cat\/comunicat-oficial-la-veu-dels-clubs-es-sobirana\/#article","isPartOf":{"@id":"https:\/\/gimnasticdetarragona.cat\/comunicat-oficial-la-veu-dels-clubs-es-sobirana\/"},"author":{"name":"Comunicacion","@id":"https:\/\/gimnasticdetarragona.cat\/es\/#\/schema\/person\/0a9b7103e7dd73640eb245c4aa4afb8d"},"headline":"Comunicado oficial: la voz de los clubs es soberana","datePublished":"2025-12-04T18:27:33+00:00","mainEntityOfPage":{"@id":"https:\/\/gimnasticdetarragona.cat\/comunicat-oficial-la-veu-dels-clubs-es-sobirana\/"},"wordCount":202,"publisher":{"@id":"https:\/\/gimnasticdetarragona.cat\/es\/#organization"},"image":{"@id":"https:\/\/gimnasticdetarragona.cat\/comunicat-oficial-la-veu-dels-clubs-es-sobirana\/#primaryimage"},"thumbnailUrl":"https:\/\/gimnasticdetarragona.cat\/wp-content\/uploads\/2023\/01\/Nastic-Tarragona_c.jpg","articleSection":["Actualidad"],"inLanguage":"es"},{"@type":"WebPage","@id":"https:\/\/gimnasticdetarragona.cat\/comunicat-oficial-la-veu-dels-clubs-es-sobirana\/","url":"https:\/\/gimnasticdetarragona.cat\/comunicat-oficial-la-veu-dels-clubs-es-sobirana\/","name":"Comunicado oficial: la voz de los clubs es soberana - Gimn\u00e0stic de Tarragona SAD","isPartOf":{"@id":"https:\/\/gimnasticdetarragona.cat\/es\/#website"},"primaryImageOfPage":{"@id":"https:\/\/gimnasticdetarragona.cat\/comunicat-oficial-la-veu-dels-clubs-es-sobirana\/#primaryimage"},"image":{"@id":"https:\/\/gimnasticdetarragona.cat\/comunicat-oficial-la-veu-dels-clubs-es-sobirana\/#primaryimage"},"thumbnailUrl":"https:\/\/gimnasticdetarragona.cat\/wp-content\/uploads\/2023\/01\/Nastic-Tarragona_c.jpg","datePublished":"2025-12-04T18:27:33+00:00","breadcrumb":{"@id":"https:\/\/gimnasticdetarragona.cat\/comunicat-oficial-la-veu-dels-clubs-es-sobirana\/#breadcrumb"},"inLanguage":"es","potentialAction":[{"@type":"ReadAction","target":["https:\/\/gimnasticdetarragona.cat\/comunicat-oficial-la-veu-dels-clubs-es-sobirana\/"]}]},{"@type":"ImageObject","inLanguage":"es","@id":"https:\/\/gimnasticdetarragona.cat\/comunicat-oficial-la-veu-dels-clubs-es-sobirana\/#primaryimage","url":"https:\/\/gimnasticdetarragona.cat\/wp-content\/uploads\/2023\/01\/Nastic-Tarragona_c.jpg","contentUrl":"https:\/\/gimnasticdetarragona.cat\/wp-content\/uploads\/2023\/01\/Nastic-Tarragona_c.jpg","width":1920,"height":1080},{"@type":"BreadcrumbList","@id":"https:\/\/gimnasticdetarragona.cat\/comunicat-oficial-la-veu-dels-clubs-es-sobirana\/#breadcrumb","itemListElement":[{"@type":"ListItem","position":1,"name":"Inici","item":"https:\/\/gimnasticdetarragona.cat\/es\/nastic\/"},{"@type":"ListItem","position":2,"name":"Comunicado oficial: la voz de los clubs es soberana"}]},{"@type":"WebSite","@id":"https:\/\/gimnasticdetarragona.cat\/es\/#website","url":"https:\/\/gimnasticdetarragona.cat\/es\/","name":"Gimn\u00e0stic de Tarragona SAD","description":"Gimn\u00e0stic de Tarragona","publisher":{"@id":"https:\/\/gimnasticdetarragona.cat\/es\/#organization"},"potentialAction":[{"@type":"SearchAction","target":{"@type":"EntryPoint","urlTemplate":"https:\/\/gimnasticdetarragona.cat\/es\/?s={search_term_string}"},"query-input":{"@type":"PropertyValueSpecification","valueRequired":true,"valueName":"search_term_string"}}],"inLanguage":"es"},{"@type":"Organization","@id":"https:\/\/gimnasticdetarragona.cat\/es\/#organization","name":"GIMN\u00c0STIC DE TARRAGONA","alternateName":"N\u00c0STIC","url":"https:\/\/gimnasticdetarragona.cat\/es\/","logo":{"@type":"ImageObject","inLanguage":"es","@id":"https:\/\/gimnasticdetarragona.cat\/es\/#\/schema\/logo\/image\/","url":"https:\/\/gimnasticdetarragona.cat\/wp-content\/uploads\/2022\/06\/cropped-logo-gimnastic.png","contentUrl":"https:\/\/gimnasticdetarragona.cat\/wp-content\/uploads\/2022\/06\/cropped-logo-gimnastic.png","width":224,"height":83,"caption":"GIMN\u00c0STIC DE TARRAGONA"},"image":{"@id":"https:\/\/gimnasticdetarragona.cat\/es\/#\/schema\/logo\/image\/"},"sameAs":["https:\/\/x.com\/NASTICTARRAGONA","https:\/\/www.instagram.com\/nastictarragona\/"]},{"@type":"Person","@id":"https:\/\/gimnasticdetarragona.cat\/es\/#\/schema\/person\/0a9b7103e7dd73640eb245c4aa4afb8d","name":"Comunicacion"}]}},"_links":{"self":[{"href":"https:\/\/gimnasticdetarragona.cat\/es\/wp-json\/wp\/v2\/posts\/101011","targetHints":{"allow":["GET"]}}],"collection":[{"href":"https:\/\/gimnasticdetarragona.cat\/es\/wp-json\/wp\/v2\/posts"}],"about":[{"href":"https:\/\/gimnasticdetarragona.cat\/es\/wp-json\/wp\/v2\/types\/post"}],"author":[{"embeddable":true,"href":"https:\/\/gimnasticdetarragona.cat\/es\/wp-json\/wp\/v2\/users\/7"}],"replies":[{"embeddable":true,"href":"https:\/\/gimnasticdetarragona.cat\/es\/wp-json\/wp\/v2\/comments?post=101011"}],"version-history":[{"count":1,"href":"https:\/\/gimnasticdetarragona.cat\/es\/wp-json\/wp\/v2\/posts\/101011\/revisions"}],"predecessor-version":[{"id":101012,"href":"https:\/\/gimnasticdetarragona.cat\/es\/wp-json\/wp\/v2\/posts\/101011\/revisions\/101012"}],"wp:featuredmedia":[{"embeddable":true,"href":"https:\/\/gimnasticdetarragona.cat\/es\/wp-json\/wp\/v2\/media\/90369"}],"wp:attachment":[{"href":"https:\/\/gimnasticdetarragona.cat\/es\/wp-json\/wp\/v2\/media?parent=101011"}],"wp:term":[{"taxonomy":"category","embeddable":true,"href":"https:\/\/gimnasticdetarragona.cat\/es\/wp-json\/wp\/v2\/categories?post=101011"},{"taxonomy":"post_tag","embeddable":true,"href":"https:\/\/gimnasticdetarragona.cat\/es\/wp-json\/wp\/v2\/tags?post=101011"}],"curies":[{"name":"wp","href":"https:\/\/api.w.org\/{rel}","templated":true}]}}