{"id":101037,"date":"2025-12-11T17:54:00","date_gmt":"2025-12-11T16:54:00","guid":{"rendered":"https:\/\/gimnasticdetarragona.cat\/?p=101037"},"modified":"2025-12-11T17:50:48","modified_gmt":"2025-12-11T16:50:48","slug":"el-nastic-de-tarragona-y-scientiffic-nutrition-unen-fuerzas-firmando-un-nuevo-acuerdo-de-colaboracion","status":"publish","type":"post","link":"https:\/\/gimnasticdetarragona.cat\/es\/el-nastic-de-tarragona-y-scientiffic-nutrition-unen-fuerzas-firmando-un-nuevo-acuerdo-de-colaboracion\/","title":{"rendered":"El N\u00e0stic de Tarragona y Scientiffic Nutrition unen fuerzas firmando un nuevo acuerdo de colaboraci\u00f3n"},"content":{"rendered":"\n<p><strong>Scientiffic Nutrition<\/strong>, marca l\u00edder en suplementaci\u00f3n deportiva, ser\u00e1 el nuevo proveedor oficial del <strong>Gimn\u00e0stic de Tarragona<\/strong> durante la presente temporada 2025\/2026.<\/p>\n\n\n\n<p>Scientiffic Nutrition es una marca nacional que formula y produce en Espa\u00f1a y que colabora ya con instituciones deportivas de m\u00e1ximo nivel. Actualmente es suplemento oficial de la Selecci\u00f3n Espa\u00f1ola de F\u00fatbol, \u200b\u200bas\u00ed como de clubes como Real Betis Balompi\u00e9, RC Celta de Vigo o RCD Espanyol, entre otros.<\/p>\n\n\n\n<p>Desde Scientiffic Nutrition, su director de marketing, <strong>Eduardo Varela<\/strong>, ha afirmado: \u00abEl Gimn\u00e0stic de Tarragona es un hist\u00f3rico del f\u00fatbol catal\u00e1n, del que todos recordamos su paso por la \u00e9lite hace unos a\u00f1os. Para nosotros es un honor acompa\u00f1ar a un club con tanta historia y ambici\u00f3n, y aportar nuestras soluciones para ayudarles a volver al f\u00fatbol profesional\u00bb.<\/p>\n\n\n\n<p>Por su parte, <strong>Llu\u00eds F\u00e0bregas<\/strong>, presidente ejecutivo de la entidad grana, ha manifestado que \u00abScientiffic Nutrition sumar\u00e1 m\u00e1s energ\u00eda a los jugadores del primer equipo gracias a su experiencia en el sector, siendo una de las marcas referentes en la suplementaci\u00f3n deportiva.\u00bb<\/p>\n\n\n\n<p>Este acuerdo representa la uni\u00f3n entre la historia y la ambici\u00f3n del Gimn\u00e0stic de Tarragona y la innovaci\u00f3n y la calidad de Scientiffic Nutrition, consolidando un compromiso com\u00fan con la excelencia deportiva.<\/p>\n","protected":false},"excerpt":{"rendered":"<p>Suplementaci\u00f3n deportiva de calidad para el primer equipo<\/p>\n","protected":false},"author":7,"featured_media":101035,"comment_status":"closed","ping_status":"closed","sticky":false,"template":"","format":"standard","meta":{"_acf_changed":false,"footnotes":""},"categories":[113,116,126],"tags":[],"class_list":["post-101037","post","type-post","status-publish","format-standard","has-post-thumbnail","hentry","category-actualidad","category-club-empresa","category-primer-equipo"],"acf":[],"yoast_head":"<!-- This site is optimized with the Yoast SEO plugin v27.3 - https:\/\/yoast.com\/product\/yoast-seo-wordpress\/ -->\n<title>El N\u00e0stic de Tarragona y Scientiffic Nutrition unen fuerzas firmando un nuevo acuerdo de colaboraci\u00f3n - Gimn\u00e0stic de Tarragona SAD<\/title>\n<meta name=\"robots\" content=\"index, follow, max-snippet:-1, max-image-preview:large, max-video-preview:-1\" \/>\n<link rel=\"canonical\" href=\"https:\/\/gimnasticdetarragona.cat\/el-nastic-de-tarragona-i-scientiffic-nutrition-uneixen-forces-signant-un-nou-acord-de-collaboracio\/\" \/>\n<meta property=\"og:locale\" content=\"es_ES\" \/>\n<meta property=\"og:type\" content=\"article\" \/>\n<meta property=\"og:title\" content=\"El N\u00e0stic de Tarragona y Scientiffic Nutrition unen fuerzas firmando un nuevo acuerdo de colaboraci\u00f3n - Gimn\u00e0stic de Tarragona SAD\" \/>\n<meta property=\"og:description\" content=\"Suplementaci\u00f3n deportiva de calidad para el primer equipo\" \/>\n<meta property=\"og:url\" content=\"https:\/\/gimnasticdetarragona.cat\/el-nastic-de-tarragona-i-scientiffic-nutrition-uneixen-forces-signant-un-nou-acord-de-collaboracio\/\" \/>\n<meta property=\"og:site_name\" content=\"Gimn\u00e0stic de Tarragona SAD\" \/>\n<meta property=\"article:published_time\" content=\"2025-12-11T16:54:00+00:00\" \/>\n<meta property=\"og:image\" content=\"https:\/\/gimnasticdetarragona.cat\/wp-content\/uploads\/2025\/12\/Nastic-x-Marca.jpg\" \/>\n\t<meta property=\"og:image:width\" content=\"1836\" \/>\n\t<meta property=\"og:image:height\" content=\"1836\" \/>\n\t<meta property=\"og:image:type\" content=\"image\/jpeg\" \/>\n<meta name=\"author\" content=\"Comunicacion\" \/>\n<meta name=\"twitter:card\" content=\"summary_large_image\" \/>\n<meta name=\"twitter:creator\" content=\"@NASTICTARRAGONA\" \/>\n<meta name=\"twitter:site\" content=\"@NASTICTARRAGONA\" \/>\n<meta name=\"twitter:label1\" content=\"Escrito por\" \/>\n\t<meta name=\"twitter:data1\" content=\"Comunicacion\" \/>\n\t<meta name=\"twitter:label2\" content=\"Tiempo de lectura\" \/>\n\t<meta name=\"twitter:data2\" content=\"1 minuto\" \/>\n<script type=\"application\/ld+json\" class=\"yoast-schema-graph\">{\"@context\":\"https:\\\/\\\/schema.org\",\"@graph\":[{\"@type\":\"Article\",\"@id\":\"https:\\\/\\\/gimnasticdetarragona.cat\\\/el-nastic-de-tarragona-i-scientiffic-nutrition-uneixen-forces-signant-un-nou-acord-de-collaboracio\\\/#article\",\"isPartOf\":{\"@id\":\"https:\\\/\\\/gimnasticdetarragona.cat\\\/el-nastic-de-tarragona-i-scientiffic-nutrition-uneixen-forces-signant-un-nou-acord-de-collaboracio\\\/\"},\"author\":{\"name\":\"Comunicacion\",\"@id\":\"https:\\\/\\\/gimnasticdetarragona.cat\\\/es\\\/#\\\/schema\\\/person\\\/0a9b7103e7dd73640eb245c4aa4afb8d\"},\"headline\":\"El N\u00e0stic de Tarragona y Scientiffic Nutrition unen fuerzas firmando un nuevo acuerdo de colaboraci\u00f3n\",\"datePublished\":\"2025-12-11T16:54:00+00:00\",\"mainEntityOfPage\":{\"@id\":\"https:\\\/\\\/gimnasticdetarragona.cat\\\/el-nastic-de-tarragona-i-scientiffic-nutrition-uneixen-forces-signant-un-nou-acord-de-collaboracio\\\/\"},\"wordCount\":244,\"publisher\":{\"@id\":\"https:\\\/\\\/gimnasticdetarragona.cat\\\/es\\\/#organization\"},\"image\":{\"@id\":\"https:\\\/\\\/gimnasticdetarragona.cat\\\/el-nastic-de-tarragona-i-scientiffic-nutrition-uneixen-forces-signant-un-nou-acord-de-collaboracio\\\/#primaryimage\"},\"thumbnailUrl\":\"https:\\\/\\\/gimnasticdetarragona.cat\\\/wp-content\\\/uploads\\\/2025\\\/12\\\/Nastic-x-Marca.jpg\",\"articleSection\":[\"Actualidad\",\"Club Empresa\",\"Primer Equipo\"],\"inLanguage\":\"es\"},{\"@type\":\"WebPage\",\"@id\":\"https:\\\/\\\/gimnasticdetarragona.cat\\\/el-nastic-de-tarragona-i-scientiffic-nutrition-uneixen-forces-signant-un-nou-acord-de-collaboracio\\\/\",\"url\":\"https:\\\/\\\/gimnasticdetarragona.cat\\\/el-nastic-de-tarragona-i-scientiffic-nutrition-uneixen-forces-signant-un-nou-acord-de-collaboracio\\\/\",\"name\":\"El N\u00e0stic de Tarragona y Scientiffic Nutrition unen fuerzas firmando un nuevo acuerdo de colaboraci\u00f3n - Gimn\u00e0stic de Tarragona SAD\",\"isPartOf\":{\"@id\":\"https:\\\/\\\/gimnasticdetarragona.cat\\\/es\\\/#website\"},\"primaryImageOfPage\":{\"@id\":\"https:\\\/\\\/gimnasticdetarragona.cat\\\/el-nastic-de-tarragona-i-scientiffic-nutrition-uneixen-forces-signant-un-nou-acord-de-collaboracio\\\/#primaryimage\"},\"image\":{\"@id\":\"https:\\\/\\\/gimnasticdetarragona.cat\\\/el-nastic-de-tarragona-i-scientiffic-nutrition-uneixen-forces-signant-un-nou-acord-de-collaboracio\\\/#primaryimage\"},\"thumbnailUrl\":\"https:\\\/\\\/gimnasticdetarragona.cat\\\/wp-content\\\/uploads\\\/2025\\\/12\\\/Nastic-x-Marca.jpg\",\"datePublished\":\"2025-12-11T16:54:00+00:00\",\"breadcrumb\":{\"@id\":\"https:\\\/\\\/gimnasticdetarragona.cat\\\/el-nastic-de-tarragona-i-scientiffic-nutrition-uneixen-forces-signant-un-nou-acord-de-collaboracio\\\/#breadcrumb\"},\"inLanguage\":\"es\",\"potentialAction\":[{\"@type\":\"ReadAction\",\"target\":[\"https:\\\/\\\/gimnasticdetarragona.cat\\\/el-nastic-de-tarragona-i-scientiffic-nutrition-uneixen-forces-signant-un-nou-acord-de-collaboracio\\\/\"]}]},{\"@type\":\"ImageObject\",\"inLanguage\":\"es\",\"@id\":\"https:\\\/\\\/gimnasticdetarragona.cat\\\/el-nastic-de-tarragona-i-scientiffic-nutrition-uneixen-forces-signant-un-nou-acord-de-collaboracio\\\/#primaryimage\",\"url\":\"https:\\\/\\\/gimnasticdetarragona.cat\\\/wp-content\\\/uploads\\\/2025\\\/12\\\/Nastic-x-Marca.jpg\",\"contentUrl\":\"https:\\\/\\\/gimnasticdetarragona.cat\\\/wp-content\\\/uploads\\\/2025\\\/12\\\/Nastic-x-Marca.jpg\",\"width\":1836,\"height\":1836},{\"@type\":\"BreadcrumbList\",\"@id\":\"https:\\\/\\\/gimnasticdetarragona.cat\\\/el-nastic-de-tarragona-i-scientiffic-nutrition-uneixen-forces-signant-un-nou-acord-de-collaboracio\\\/#breadcrumb\",\"itemListElement\":[{\"@type\":\"ListItem\",\"position\":1,\"name\":\"Inici\",\"item\":\"https:\\\/\\\/gimnasticdetarragona.cat\\\/es\\\/nastic\\\/\"},{\"@type\":\"ListItem\",\"position\":2,\"name\":\"El N\u00e0stic de Tarragona y Scientiffic Nutrition unen fuerzas firmando un nuevo acuerdo de colaboraci\u00f3n\"}]},{\"@type\":\"WebSite\",\"@id\":\"https:\\\/\\\/gimnasticdetarragona.cat\\\/es\\\/#website\",\"url\":\"https:\\\/\\\/gimnasticdetarragona.cat\\\/es\\\/\",\"name\":\"Gimn\u00e0stic de Tarragona SAD\",\"description\":\"Gimn\u00e0stic de Tarragona\",\"publisher\":{\"@id\":\"https:\\\/\\\/gimnasticdetarragona.cat\\\/es\\\/#organization\"},\"potentialAction\":[{\"@type\":\"SearchAction\",\"target\":{\"@type\":\"EntryPoint\",\"urlTemplate\":\"https:\\\/\\\/gimnasticdetarragona.cat\\\/es\\\/?s={search_term_string}\"},\"query-input\":{\"@type\":\"PropertyValueSpecification\",\"valueRequired\":true,\"valueName\":\"search_term_string\"}}],\"inLanguage\":\"es\"},{\"@type\":\"Organization\",\"@id\":\"https:\\\/\\\/gimnasticdetarragona.cat\\\/es\\\/#organization\",\"name\":\"GIMN\u00c0STIC DE TARRAGONA\",\"alternateName\":\"N\u00c0STIC\",\"url\":\"https:\\\/\\\/gimnasticdetarragona.cat\\\/es\\\/\",\"logo\":{\"@type\":\"ImageObject\",\"inLanguage\":\"es\",\"@id\":\"https:\\\/\\\/gimnasticdetarragona.cat\\\/es\\\/#\\\/schema\\\/logo\\\/image\\\/\",\"url\":\"https:\\\/\\\/gimnasticdetarragona.cat\\\/wp-content\\\/uploads\\\/2022\\\/06\\\/cropped-logo-gimnastic.png\",\"contentUrl\":\"https:\\\/\\\/gimnasticdetarragona.cat\\\/wp-content\\\/uploads\\\/2022\\\/06\\\/cropped-logo-gimnastic.png\",\"width\":224,\"height\":83,\"caption\":\"GIMN\u00c0STIC DE TARRAGONA\"},\"image\":{\"@id\":\"https:\\\/\\\/gimnasticdetarragona.cat\\\/es\\\/#\\\/schema\\\/logo\\\/image\\\/\"},\"sameAs\":[\"https:\\\/\\\/x.com\\\/NASTICTARRAGONA\",\"https:\\\/\\\/www.instagram.com\\\/nastictarragona\\\/\"]},{\"@type\":\"Person\",\"@id\":\"https:\\\/\\\/gimnasticdetarragona.cat\\\/es\\\/#\\\/schema\\\/person\\\/0a9b7103e7dd73640eb245c4aa4afb8d\",\"name\":\"Comunicacion\"}]}<\/script>\n<!-- \/ Yoast SEO plugin. -->","yoast_head_json":{"title":"El N\u00e0stic de Tarragona y Scientiffic Nutrition unen fuerzas firmando un nuevo acuerdo de colaboraci\u00f3n - Gimn\u00e0stic de Tarragona SAD","robots":{"index":"index","follow":"follow","max-snippet":"max-snippet:-1","max-image-preview":"max-image-preview:large","max-video-preview":"max-video-preview:-1"},"canonical":"https:\/\/gimnasticdetarragona.cat\/el-nastic-de-tarragona-i-scientiffic-nutrition-uneixen-forces-signant-un-nou-acord-de-collaboracio\/","og_locale":"es_ES","og_type":"article","og_title":"El N\u00e0stic de Tarragona y Scientiffic Nutrition unen fuerzas firmando un nuevo acuerdo de colaboraci\u00f3n - Gimn\u00e0stic de Tarragona SAD","og_description":"Suplementaci\u00f3n deportiva de calidad para el primer equipo","og_url":"https:\/\/gimnasticdetarragona.cat\/el-nastic-de-tarragona-i-scientiffic-nutrition-uneixen-forces-signant-un-nou-acord-de-collaboracio\/","og_site_name":"Gimn\u00e0stic de Tarragona SAD","article_published_time":"2025-12-11T16:54:00+00:00","og_image":[{"width":1836,"height":1836,"url":"https:\/\/gimnasticdetarragona.cat\/wp-content\/uploads\/2025\/12\/Nastic-x-Marca.jpg","type":"image\/jpeg"}],"author":"Comunicacion","twitter_card":"summary_large_image","twitter_creator":"@NASTICTARRAGONA","twitter_site":"@NASTICTARRAGONA","twitter_misc":{"Escrito por":"Comunicacion","Tiempo de lectura":"1 minuto"},"schema":{"@context":"https:\/\/schema.org","@graph":[{"@type":"Article","@id":"https:\/\/gimnasticdetarragona.cat\/el-nastic-de-tarragona-i-scientiffic-nutrition-uneixen-forces-signant-un-nou-acord-de-collaboracio\/#article","isPartOf":{"@id":"https:\/\/gimnasticdetarragona.cat\/el-nastic-de-tarragona-i-scientiffic-nutrition-uneixen-forces-signant-un-nou-acord-de-collaboracio\/"},"author":{"name":"Comunicacion","@id":"https:\/\/gimnasticdetarragona.cat\/es\/#\/schema\/person\/0a9b7103e7dd73640eb245c4aa4afb8d"},"headline":"El N\u00e0stic de Tarragona y Scientiffic Nutrition unen fuerzas firmando un nuevo acuerdo de colaboraci\u00f3n","datePublished":"2025-12-11T16:54:00+00:00","mainEntityOfPage":{"@id":"https:\/\/gimnasticdetarragona.cat\/el-nastic-de-tarragona-i-scientiffic-nutrition-uneixen-forces-signant-un-nou-acord-de-collaboracio\/"},"wordCount":244,"publisher":{"@id":"https:\/\/gimnasticdetarragona.cat\/es\/#organization"},"image":{"@id":"https:\/\/gimnasticdetarragona.cat\/el-nastic-de-tarragona-i-scientiffic-nutrition-uneixen-forces-signant-un-nou-acord-de-collaboracio\/#primaryimage"},"thumbnailUrl":"https:\/\/gimnasticdetarragona.cat\/wp-content\/uploads\/2025\/12\/Nastic-x-Marca.jpg","articleSection":["Actualidad","Club Empresa","Primer Equipo"],"inLanguage":"es"},{"@type":"WebPage","@id":"https:\/\/gimnasticdetarragona.cat\/el-nastic-de-tarragona-i-scientiffic-nutrition-uneixen-forces-signant-un-nou-acord-de-collaboracio\/","url":"https:\/\/gimnasticdetarragona.cat\/el-nastic-de-tarragona-i-scientiffic-nutrition-uneixen-forces-signant-un-nou-acord-de-collaboracio\/","name":"El N\u00e0stic de Tarragona y Scientiffic Nutrition unen fuerzas firmando un nuevo acuerdo de colaboraci\u00f3n - Gimn\u00e0stic de Tarragona SAD","isPartOf":{"@id":"https:\/\/gimnasticdetarragona.cat\/es\/#website"},"primaryImageOfPage":{"@id":"https:\/\/gimnasticdetarragona.cat\/el-nastic-de-tarragona-i-scientiffic-nutrition-uneixen-forces-signant-un-nou-acord-de-collaboracio\/#primaryimage"},"image":{"@id":"https:\/\/gimnasticdetarragona.cat\/el-nastic-de-tarragona-i-scientiffic-nutrition-uneixen-forces-signant-un-nou-acord-de-collaboracio\/#primaryimage"},"thumbnailUrl":"https:\/\/gimnasticdetarragona.cat\/wp-content\/uploads\/2025\/12\/Nastic-x-Marca.jpg","datePublished":"2025-12-11T16:54:00+00:00","breadcrumb":{"@id":"https:\/\/gimnasticdetarragona.cat\/el-nastic-de-tarragona-i-scientiffic-nutrition-uneixen-forces-signant-un-nou-acord-de-collaboracio\/#breadcrumb"},"inLanguage":"es","potentialAction":[{"@type":"ReadAction","target":["https:\/\/gimnasticdetarragona.cat\/el-nastic-de-tarragona-i-scientiffic-nutrition-uneixen-forces-signant-un-nou-acord-de-collaboracio\/"]}]},{"@type":"ImageObject","inLanguage":"es","@id":"https:\/\/gimnasticdetarragona.cat\/el-nastic-de-tarragona-i-scientiffic-nutrition-uneixen-forces-signant-un-nou-acord-de-collaboracio\/#primaryimage","url":"https:\/\/gimnasticdetarragona.cat\/wp-content\/uploads\/2025\/12\/Nastic-x-Marca.jpg","contentUrl":"https:\/\/gimnasticdetarragona.cat\/wp-content\/uploads\/2025\/12\/Nastic-x-Marca.jpg","width":1836,"height":1836},{"@type":"BreadcrumbList","@id":"https:\/\/gimnasticdetarragona.cat\/el-nastic-de-tarragona-i-scientiffic-nutrition-uneixen-forces-signant-un-nou-acord-de-collaboracio\/#breadcrumb","itemListElement":[{"@type":"ListItem","position":1,"name":"Inici","item":"https:\/\/gimnasticdetarragona.cat\/es\/nastic\/"},{"@type":"ListItem","position":2,"name":"El N\u00e0stic de Tarragona y Scientiffic Nutrition unen fuerzas firmando un nuevo acuerdo de colaboraci\u00f3n"}]},{"@type":"WebSite","@id":"https:\/\/gimnasticdetarragona.cat\/es\/#website","url":"https:\/\/gimnasticdetarragona.cat\/es\/","name":"Gimn\u00e0stic de Tarragona SAD","description":"Gimn\u00e0stic de Tarragona","publisher":{"@id":"https:\/\/gimnasticdetarragona.cat\/es\/#organization"},"potentialAction":[{"@type":"SearchAction","target":{"@type":"EntryPoint","urlTemplate":"https:\/\/gimnasticdetarragona.cat\/es\/?s={search_term_string}"},"query-input":{"@type":"PropertyValueSpecification","valueRequired":true,"valueName":"search_term_string"}}],"inLanguage":"es"},{"@type":"Organization","@id":"https:\/\/gimnasticdetarragona.cat\/es\/#organization","name":"GIMN\u00c0STIC DE TARRAGONA","alternateName":"N\u00c0STIC","url":"https:\/\/gimnasticdetarragona.cat\/es\/","logo":{"@type":"ImageObject","inLanguage":"es","@id":"https:\/\/gimnasticdetarragona.cat\/es\/#\/schema\/logo\/image\/","url":"https:\/\/gimnasticdetarragona.cat\/wp-content\/uploads\/2022\/06\/cropped-logo-gimnastic.png","contentUrl":"https:\/\/gimnasticdetarragona.cat\/wp-content\/uploads\/2022\/06\/cropped-logo-gimnastic.png","width":224,"height":83,"caption":"GIMN\u00c0STIC DE TARRAGONA"},"image":{"@id":"https:\/\/gimnasticdetarragona.cat\/es\/#\/schema\/logo\/image\/"},"sameAs":["https:\/\/x.com\/NASTICTARRAGONA","https:\/\/www.instagram.com\/nastictarragona\/"]},{"@type":"Person","@id":"https:\/\/gimnasticdetarragona.cat\/es\/#\/schema\/person\/0a9b7103e7dd73640eb245c4aa4afb8d","name":"Comunicacion"}]}},"_links":{"self":[{"href":"https:\/\/gimnasticdetarragona.cat\/es\/wp-json\/wp\/v2\/posts\/101037","targetHints":{"allow":["GET"]}}],"collection":[{"href":"https:\/\/gimnasticdetarragona.cat\/es\/wp-json\/wp\/v2\/posts"}],"about":[{"href":"https:\/\/gimnasticdetarragona.cat\/es\/wp-json\/wp\/v2\/types\/post"}],"author":[{"embeddable":true,"href":"https:\/\/gimnasticdetarragona.cat\/es\/wp-json\/wp\/v2\/users\/7"}],"replies":[{"embeddable":true,"href":"https:\/\/gimnasticdetarragona.cat\/es\/wp-json\/wp\/v2\/comments?post=101037"}],"version-history":[{"count":1,"href":"https:\/\/gimnasticdetarragona.cat\/es\/wp-json\/wp\/v2\/posts\/101037\/revisions"}],"predecessor-version":[{"id":101038,"href":"https:\/\/gimnasticdetarragona.cat\/es\/wp-json\/wp\/v2\/posts\/101037\/revisions\/101038"}],"wp:featuredmedia":[{"embeddable":true,"href":"https:\/\/gimnasticdetarragona.cat\/es\/wp-json\/wp\/v2\/media\/101035"}],"wp:attachment":[{"href":"https:\/\/gimnasticdetarragona.cat\/es\/wp-json\/wp\/v2\/media?parent=101037"}],"wp:term":[{"taxonomy":"category","embeddable":true,"href":"https:\/\/gimnasticdetarragona.cat\/es\/wp-json\/wp\/v2\/categories?post=101037"},{"taxonomy":"post_tag","embeddable":true,"href":"https:\/\/gimnasticdetarragona.cat\/es\/wp-json\/wp\/v2\/tags?post=101037"}],"curies":[{"name":"wp","href":"https:\/\/api.w.org\/{rel}","templated":true}]}}