{"id":101044,"date":"2025-12-12T18:36:33","date_gmt":"2025-12-12T17:36:33","guid":{"rendered":"https:\/\/gimnasticdetarragona.cat\/?p=101044"},"modified":"2025-12-12T18:36:47","modified_gmt":"2025-12-12T17:36:47","slug":"la-junta-general-de-accionistas-2025-se-celebrara-el-16-de-diciembrre","status":"publish","type":"post","link":"https:\/\/gimnasticdetarragona.cat\/es\/la-junta-general-de-accionistas-2025-se-celebrara-el-16-de-diciembrre\/","title":{"rendered":"La Junta General de Accionistas 2025 se celebrar\u00e1 el 16 de diciembrre"},"content":{"rendered":"\n<p>El Consejo de Administraci\u00f3n del Gimn\u00e1stico de Tarragona, SAD informa que la Junta General Ordinaria y Extraordinaria se celebrar\u00e1 el martes 16 de diciembre de 2025, a las 19 horas, en la Sala Eutyches del Palau de Congressos de Tarragona, en primera convocatoria y en su caso, al d\u00eda siguiente a la misma hora y lugar en segunda convocatoria.<\/p>\n\n\n\n<p>El Orden del D\u00eda:<br><br>1.- Examen y en su caso, aprobaci\u00f3n de las Cuentas Anuales auditadas voluntariamente, as\u00ed como de la gesti\u00f3n del Consejo de Administraci\u00f3n y de la aplicaci\u00f3n del resultado correspondiente al ejercicio 2024\/2025.<\/p>\n\n\n\n<p>2.- Presentaci\u00f3n y aprobaci\u00f3n en su caso, del presupuesto para el ejercicio social 2025\/2026.<\/p>\n\n\n\n<p>3.- Ratificaci\u00f3n del nombramiento por cooptaci\u00f3n de un consejero.<\/p>\n\n\n\n<p>4.- Nombramiento de Auditores de Cuentas de la Sociedad, para los ejercicios 2025\/2026 hasta 2027\/2028.<\/p>\n\n\n\n<p>5.- Ruegos y preguntas.<\/p>\n\n\n\n<p>6.- Lectura y aprobaci\u00f3n del acta de la Junta.<br><br>Para asistir a la Junta General ser\u00e1 necesario presentar el DNI y la tarjeta de asistencia, que pueden obtenerse en las oficinas de la Sociedad o en el mismo Palau de Congressos de Tarragona. En caso de personas jur\u00eddicas su representante deber\u00e1 aportar los poderes que le acrediten. Para las delegaciones de voto deber\u00e1 aportar copia del DNI del delegante.<\/p>\n\n\n\n<p>*NOTA INFORMATIVA: El Consejo de Administraci\u00f3n informa a los Sres. accionistas, que la Junta General, se celebrar\u00e1 en primera convocatoria.<\/p>\n","protected":false},"excerpt":{"rendered":"<p>Es convoca a tots els accionistes del Gimn\u00e0stic de Tarragona, SAD<\/p>\n","protected":false},"author":7,"featured_media":101042,"comment_status":"closed","ping_status":"closed","sticky":false,"template":"","format":"standard","meta":{"_acf_changed":false,"footnotes":""},"categories":[113],"tags":[],"class_list":["post-101044","post","type-post","status-publish","format-standard","has-post-thumbnail","hentry","category-actualidad"],"acf":[],"yoast_head":"<!-- This site is optimized with the Yoast SEO plugin v27.3 - https:\/\/yoast.com\/product\/yoast-seo-wordpress\/ -->\n<title>La Junta General de Accionistas 2025 se celebrar\u00e1 el 16 de diciembrre - Gimn\u00e0stic de Tarragona SAD<\/title>\n<meta name=\"robots\" content=\"index, follow, max-snippet:-1, max-image-preview:large, max-video-preview:-1\" \/>\n<link rel=\"canonical\" href=\"https:\/\/gimnasticdetarragona.cat\/es\/la-junta-general-de-accionistas-2025-se-celebrara-el-16-de-diciembrre\/\" \/>\n<meta property=\"og:locale\" content=\"es_ES\" \/>\n<meta property=\"og:type\" content=\"article\" \/>\n<meta property=\"og:title\" content=\"La Junta General de Accionistas 2025 se celebrar\u00e1 el 16 de diciembrre - Gimn\u00e0stic de Tarragona SAD\" \/>\n<meta property=\"og:description\" content=\"Es convoca a tots els accionistes del Gimn\u00e0stic de Tarragona, SAD\" \/>\n<meta property=\"og:url\" content=\"https:\/\/gimnasticdetarragona.cat\/es\/la-junta-general-de-accionistas-2025-se-celebrara-el-16-de-diciembrre\/\" \/>\n<meta property=\"og:site_name\" content=\"Gimn\u00e0stic de Tarragona SAD\" \/>\n<meta property=\"article:published_time\" content=\"2025-12-12T17:36:33+00:00\" \/>\n<meta property=\"article:modified_time\" content=\"2025-12-12T17:36:47+00:00\" \/>\n<meta property=\"og:image\" content=\"https:\/\/gimnasticdetarragona.cat\/wp-content\/uploads\/2025\/12\/IMG_6906-scaled.jpg\" \/>\n\t<meta property=\"og:image:width\" content=\"2560\" \/>\n\t<meta property=\"og:image:height\" content=\"1707\" \/>\n\t<meta property=\"og:image:type\" content=\"image\/jpeg\" \/>\n<meta name=\"author\" content=\"Comunicacion\" \/>\n<meta name=\"twitter:card\" content=\"summary_large_image\" \/>\n<meta name=\"twitter:creator\" content=\"@NASTICTARRAGONA\" \/>\n<meta name=\"twitter:site\" content=\"@NASTICTARRAGONA\" \/>\n<meta name=\"twitter:label1\" content=\"Escrito por\" \/>\n\t<meta name=\"twitter:data1\" content=\"Comunicacion\" \/>\n\t<meta name=\"twitter:label2\" content=\"Tiempo de lectura\" \/>\n\t<meta name=\"twitter:data2\" content=\"1 minuto\" \/>\n<script type=\"application\/ld+json\" class=\"yoast-schema-graph\">{\"@context\":\"https:\\\/\\\/schema.org\",\"@graph\":[{\"@type\":\"Article\",\"@id\":\"https:\\\/\\\/gimnasticdetarragona.cat\\\/es\\\/la-junta-general-de-accionistas-2025-se-celebrara-el-16-de-diciembrre\\\/#article\",\"isPartOf\":{\"@id\":\"https:\\\/\\\/gimnasticdetarragona.cat\\\/es\\\/la-junta-general-de-accionistas-2025-se-celebrara-el-16-de-diciembrre\\\/\"},\"author\":{\"name\":\"Comunicacion\",\"@id\":\"https:\\\/\\\/gimnasticdetarragona.cat\\\/es\\\/#\\\/schema\\\/person\\\/0a9b7103e7dd73640eb245c4aa4afb8d\"},\"headline\":\"La Junta General de Accionistas 2025 se celebrar\u00e1 el 16 de diciembrre\",\"datePublished\":\"2025-12-12T17:36:33+00:00\",\"dateModified\":\"2025-12-12T17:36:47+00:00\",\"mainEntityOfPage\":{\"@id\":\"https:\\\/\\\/gimnasticdetarragona.cat\\\/es\\\/la-junta-general-de-accionistas-2025-se-celebrara-el-16-de-diciembrre\\\/\"},\"wordCount\":244,\"publisher\":{\"@id\":\"https:\\\/\\\/gimnasticdetarragona.cat\\\/es\\\/#organization\"},\"image\":{\"@id\":\"https:\\\/\\\/gimnasticdetarragona.cat\\\/es\\\/la-junta-general-de-accionistas-2025-se-celebrara-el-16-de-diciembrre\\\/#primaryimage\"},\"thumbnailUrl\":\"https:\\\/\\\/gimnasticdetarragona.cat\\\/wp-content\\\/uploads\\\/2025\\\/12\\\/IMG_6906-scaled.jpg\",\"articleSection\":[\"Actualidad\"],\"inLanguage\":\"es\"},{\"@type\":\"WebPage\",\"@id\":\"https:\\\/\\\/gimnasticdetarragona.cat\\\/es\\\/la-junta-general-de-accionistas-2025-se-celebrara-el-16-de-diciembrre\\\/\",\"url\":\"https:\\\/\\\/gimnasticdetarragona.cat\\\/es\\\/la-junta-general-de-accionistas-2025-se-celebrara-el-16-de-diciembrre\\\/\",\"name\":\"La Junta General de Accionistas 2025 se celebrar\u00e1 el 16 de diciembrre - Gimn\u00e0stic de Tarragona SAD\",\"isPartOf\":{\"@id\":\"https:\\\/\\\/gimnasticdetarragona.cat\\\/es\\\/#website\"},\"primaryImageOfPage\":{\"@id\":\"https:\\\/\\\/gimnasticdetarragona.cat\\\/es\\\/la-junta-general-de-accionistas-2025-se-celebrara-el-16-de-diciembrre\\\/#primaryimage\"},\"image\":{\"@id\":\"https:\\\/\\\/gimnasticdetarragona.cat\\\/es\\\/la-junta-general-de-accionistas-2025-se-celebrara-el-16-de-diciembrre\\\/#primaryimage\"},\"thumbnailUrl\":\"https:\\\/\\\/gimnasticdetarragona.cat\\\/wp-content\\\/uploads\\\/2025\\\/12\\\/IMG_6906-scaled.jpg\",\"datePublished\":\"2025-12-12T17:36:33+00:00\",\"dateModified\":\"2025-12-12T17:36:47+00:00\",\"breadcrumb\":{\"@id\":\"https:\\\/\\\/gimnasticdetarragona.cat\\\/es\\\/la-junta-general-de-accionistas-2025-se-celebrara-el-16-de-diciembrre\\\/#breadcrumb\"},\"inLanguage\":\"es\",\"potentialAction\":[{\"@type\":\"ReadAction\",\"target\":[\"https:\\\/\\\/gimnasticdetarragona.cat\\\/es\\\/la-junta-general-de-accionistas-2025-se-celebrara-el-16-de-diciembrre\\\/\"]}]},{\"@type\":\"ImageObject\",\"inLanguage\":\"es\",\"@id\":\"https:\\\/\\\/gimnasticdetarragona.cat\\\/es\\\/la-junta-general-de-accionistas-2025-se-celebrara-el-16-de-diciembrre\\\/#primaryimage\",\"url\":\"https:\\\/\\\/gimnasticdetarragona.cat\\\/wp-content\\\/uploads\\\/2025\\\/12\\\/IMG_6906-scaled.jpg\",\"contentUrl\":\"https:\\\/\\\/gimnasticdetarragona.cat\\\/wp-content\\\/uploads\\\/2025\\\/12\\\/IMG_6906-scaled.jpg\",\"width\":2560,\"height\":1707},{\"@type\":\"BreadcrumbList\",\"@id\":\"https:\\\/\\\/gimnasticdetarragona.cat\\\/es\\\/la-junta-general-de-accionistas-2025-se-celebrara-el-16-de-diciembrre\\\/#breadcrumb\",\"itemListElement\":[{\"@type\":\"ListItem\",\"position\":1,\"name\":\"Inici\",\"item\":\"https:\\\/\\\/gimnasticdetarragona.cat\\\/es\\\/nastic\\\/\"},{\"@type\":\"ListItem\",\"position\":2,\"name\":\"La Junta General de Accionistas 2025 se celebrar\u00e1 el 16 de diciembrre\"}]},{\"@type\":\"WebSite\",\"@id\":\"https:\\\/\\\/gimnasticdetarragona.cat\\\/es\\\/#website\",\"url\":\"https:\\\/\\\/gimnasticdetarragona.cat\\\/es\\\/\",\"name\":\"Gimn\u00e0stic de Tarragona SAD\",\"description\":\"Gimn\u00e0stic de Tarragona\",\"publisher\":{\"@id\":\"https:\\\/\\\/gimnasticdetarragona.cat\\\/es\\\/#organization\"},\"potentialAction\":[{\"@type\":\"SearchAction\",\"target\":{\"@type\":\"EntryPoint\",\"urlTemplate\":\"https:\\\/\\\/gimnasticdetarragona.cat\\\/es\\\/?s={search_term_string}\"},\"query-input\":{\"@type\":\"PropertyValueSpecification\",\"valueRequired\":true,\"valueName\":\"search_term_string\"}}],\"inLanguage\":\"es\"},{\"@type\":\"Organization\",\"@id\":\"https:\\\/\\\/gimnasticdetarragona.cat\\\/es\\\/#organization\",\"name\":\"GIMN\u00c0STIC DE TARRAGONA\",\"alternateName\":\"N\u00c0STIC\",\"url\":\"https:\\\/\\\/gimnasticdetarragona.cat\\\/es\\\/\",\"logo\":{\"@type\":\"ImageObject\",\"inLanguage\":\"es\",\"@id\":\"https:\\\/\\\/gimnasticdetarragona.cat\\\/es\\\/#\\\/schema\\\/logo\\\/image\\\/\",\"url\":\"https:\\\/\\\/gimnasticdetarragona.cat\\\/wp-content\\\/uploads\\\/2022\\\/06\\\/cropped-logo-gimnastic.png\",\"contentUrl\":\"https:\\\/\\\/gimnasticdetarragona.cat\\\/wp-content\\\/uploads\\\/2022\\\/06\\\/cropped-logo-gimnastic.png\",\"width\":224,\"height\":83,\"caption\":\"GIMN\u00c0STIC DE TARRAGONA\"},\"image\":{\"@id\":\"https:\\\/\\\/gimnasticdetarragona.cat\\\/es\\\/#\\\/schema\\\/logo\\\/image\\\/\"},\"sameAs\":[\"https:\\\/\\\/x.com\\\/NASTICTARRAGONA\",\"https:\\\/\\\/www.instagram.com\\\/nastictarragona\\\/\"]},{\"@type\":\"Person\",\"@id\":\"https:\\\/\\\/gimnasticdetarragona.cat\\\/es\\\/#\\\/schema\\\/person\\\/0a9b7103e7dd73640eb245c4aa4afb8d\",\"name\":\"Comunicacion\"}]}<\/script>\n<!-- \/ Yoast SEO plugin. -->","yoast_head_json":{"title":"La Junta General de Accionistas 2025 se celebrar\u00e1 el 16 de diciembrre - Gimn\u00e0stic de Tarragona SAD","robots":{"index":"index","follow":"follow","max-snippet":"max-snippet:-1","max-image-preview":"max-image-preview:large","max-video-preview":"max-video-preview:-1"},"canonical":"https:\/\/gimnasticdetarragona.cat\/es\/la-junta-general-de-accionistas-2025-se-celebrara-el-16-de-diciembrre\/","og_locale":"es_ES","og_type":"article","og_title":"La Junta General de Accionistas 2025 se celebrar\u00e1 el 16 de diciembrre - Gimn\u00e0stic de Tarragona SAD","og_description":"Es convoca a tots els accionistes del Gimn\u00e0stic de Tarragona, SAD","og_url":"https:\/\/gimnasticdetarragona.cat\/es\/la-junta-general-de-accionistas-2025-se-celebrara-el-16-de-diciembrre\/","og_site_name":"Gimn\u00e0stic de Tarragona SAD","article_published_time":"2025-12-12T17:36:33+00:00","article_modified_time":"2025-12-12T17:36:47+00:00","og_image":[{"width":2560,"height":1707,"url":"https:\/\/gimnasticdetarragona.cat\/wp-content\/uploads\/2025\/12\/IMG_6906-scaled.jpg","type":"image\/jpeg"}],"author":"Comunicacion","twitter_card":"summary_large_image","twitter_creator":"@NASTICTARRAGONA","twitter_site":"@NASTICTARRAGONA","twitter_misc":{"Escrito por":"Comunicacion","Tiempo de lectura":"1 minuto"},"schema":{"@context":"https:\/\/schema.org","@graph":[{"@type":"Article","@id":"https:\/\/gimnasticdetarragona.cat\/es\/la-junta-general-de-accionistas-2025-se-celebrara-el-16-de-diciembrre\/#article","isPartOf":{"@id":"https:\/\/gimnasticdetarragona.cat\/es\/la-junta-general-de-accionistas-2025-se-celebrara-el-16-de-diciembrre\/"},"author":{"name":"Comunicacion","@id":"https:\/\/gimnasticdetarragona.cat\/es\/#\/schema\/person\/0a9b7103e7dd73640eb245c4aa4afb8d"},"headline":"La Junta General de Accionistas 2025 se celebrar\u00e1 el 16 de diciembrre","datePublished":"2025-12-12T17:36:33+00:00","dateModified":"2025-12-12T17:36:47+00:00","mainEntityOfPage":{"@id":"https:\/\/gimnasticdetarragona.cat\/es\/la-junta-general-de-accionistas-2025-se-celebrara-el-16-de-diciembrre\/"},"wordCount":244,"publisher":{"@id":"https:\/\/gimnasticdetarragona.cat\/es\/#organization"},"image":{"@id":"https:\/\/gimnasticdetarragona.cat\/es\/la-junta-general-de-accionistas-2025-se-celebrara-el-16-de-diciembrre\/#primaryimage"},"thumbnailUrl":"https:\/\/gimnasticdetarragona.cat\/wp-content\/uploads\/2025\/12\/IMG_6906-scaled.jpg","articleSection":["Actualidad"],"inLanguage":"es"},{"@type":"WebPage","@id":"https:\/\/gimnasticdetarragona.cat\/es\/la-junta-general-de-accionistas-2025-se-celebrara-el-16-de-diciembrre\/","url":"https:\/\/gimnasticdetarragona.cat\/es\/la-junta-general-de-accionistas-2025-se-celebrara-el-16-de-diciembrre\/","name":"La Junta General de Accionistas 2025 se celebrar\u00e1 el 16 de diciembrre - Gimn\u00e0stic de Tarragona SAD","isPartOf":{"@id":"https:\/\/gimnasticdetarragona.cat\/es\/#website"},"primaryImageOfPage":{"@id":"https:\/\/gimnasticdetarragona.cat\/es\/la-junta-general-de-accionistas-2025-se-celebrara-el-16-de-diciembrre\/#primaryimage"},"image":{"@id":"https:\/\/gimnasticdetarragona.cat\/es\/la-junta-general-de-accionistas-2025-se-celebrara-el-16-de-diciembrre\/#primaryimage"},"thumbnailUrl":"https:\/\/gimnasticdetarragona.cat\/wp-content\/uploads\/2025\/12\/IMG_6906-scaled.jpg","datePublished":"2025-12-12T17:36:33+00:00","dateModified":"2025-12-12T17:36:47+00:00","breadcrumb":{"@id":"https:\/\/gimnasticdetarragona.cat\/es\/la-junta-general-de-accionistas-2025-se-celebrara-el-16-de-diciembrre\/#breadcrumb"},"inLanguage":"es","potentialAction":[{"@type":"ReadAction","target":["https:\/\/gimnasticdetarragona.cat\/es\/la-junta-general-de-accionistas-2025-se-celebrara-el-16-de-diciembrre\/"]}]},{"@type":"ImageObject","inLanguage":"es","@id":"https:\/\/gimnasticdetarragona.cat\/es\/la-junta-general-de-accionistas-2025-se-celebrara-el-16-de-diciembrre\/#primaryimage","url":"https:\/\/gimnasticdetarragona.cat\/wp-content\/uploads\/2025\/12\/IMG_6906-scaled.jpg","contentUrl":"https:\/\/gimnasticdetarragona.cat\/wp-content\/uploads\/2025\/12\/IMG_6906-scaled.jpg","width":2560,"height":1707},{"@type":"BreadcrumbList","@id":"https:\/\/gimnasticdetarragona.cat\/es\/la-junta-general-de-accionistas-2025-se-celebrara-el-16-de-diciembrre\/#breadcrumb","itemListElement":[{"@type":"ListItem","position":1,"name":"Inici","item":"https:\/\/gimnasticdetarragona.cat\/es\/nastic\/"},{"@type":"ListItem","position":2,"name":"La Junta General de Accionistas 2025 se celebrar\u00e1 el 16 de diciembrre"}]},{"@type":"WebSite","@id":"https:\/\/gimnasticdetarragona.cat\/es\/#website","url":"https:\/\/gimnasticdetarragona.cat\/es\/","name":"Gimn\u00e0stic de Tarragona SAD","description":"Gimn\u00e0stic de Tarragona","publisher":{"@id":"https:\/\/gimnasticdetarragona.cat\/es\/#organization"},"potentialAction":[{"@type":"SearchAction","target":{"@type":"EntryPoint","urlTemplate":"https:\/\/gimnasticdetarragona.cat\/es\/?s={search_term_string}"},"query-input":{"@type":"PropertyValueSpecification","valueRequired":true,"valueName":"search_term_string"}}],"inLanguage":"es"},{"@type":"Organization","@id":"https:\/\/gimnasticdetarragona.cat\/es\/#organization","name":"GIMN\u00c0STIC DE TARRAGONA","alternateName":"N\u00c0STIC","url":"https:\/\/gimnasticdetarragona.cat\/es\/","logo":{"@type":"ImageObject","inLanguage":"es","@id":"https:\/\/gimnasticdetarragona.cat\/es\/#\/schema\/logo\/image\/","url":"https:\/\/gimnasticdetarragona.cat\/wp-content\/uploads\/2022\/06\/cropped-logo-gimnastic.png","contentUrl":"https:\/\/gimnasticdetarragona.cat\/wp-content\/uploads\/2022\/06\/cropped-logo-gimnastic.png","width":224,"height":83,"caption":"GIMN\u00c0STIC DE TARRAGONA"},"image":{"@id":"https:\/\/gimnasticdetarragona.cat\/es\/#\/schema\/logo\/image\/"},"sameAs":["https:\/\/x.com\/NASTICTARRAGONA","https:\/\/www.instagram.com\/nastictarragona\/"]},{"@type":"Person","@id":"https:\/\/gimnasticdetarragona.cat\/es\/#\/schema\/person\/0a9b7103e7dd73640eb245c4aa4afb8d","name":"Comunicacion"}]}},"_links":{"self":[{"href":"https:\/\/gimnasticdetarragona.cat\/es\/wp-json\/wp\/v2\/posts\/101044","targetHints":{"allow":["GET"]}}],"collection":[{"href":"https:\/\/gimnasticdetarragona.cat\/es\/wp-json\/wp\/v2\/posts"}],"about":[{"href":"https:\/\/gimnasticdetarragona.cat\/es\/wp-json\/wp\/v2\/types\/post"}],"author":[{"embeddable":true,"href":"https:\/\/gimnasticdetarragona.cat\/es\/wp-json\/wp\/v2\/users\/7"}],"replies":[{"embeddable":true,"href":"https:\/\/gimnasticdetarragona.cat\/es\/wp-json\/wp\/v2\/comments?post=101044"}],"version-history":[{"count":2,"href":"https:\/\/gimnasticdetarragona.cat\/es\/wp-json\/wp\/v2\/posts\/101044\/revisions"}],"predecessor-version":[{"id":101046,"href":"https:\/\/gimnasticdetarragona.cat\/es\/wp-json\/wp\/v2\/posts\/101044\/revisions\/101046"}],"wp:featuredmedia":[{"embeddable":true,"href":"https:\/\/gimnasticdetarragona.cat\/es\/wp-json\/wp\/v2\/media\/101042"}],"wp:attachment":[{"href":"https:\/\/gimnasticdetarragona.cat\/es\/wp-json\/wp\/v2\/media?parent=101044"}],"wp:term":[{"taxonomy":"category","embeddable":true,"href":"https:\/\/gimnasticdetarragona.cat\/es\/wp-json\/wp\/v2\/categories?post=101044"},{"taxonomy":"post_tag","embeddable":true,"href":"https:\/\/gimnasticdetarragona.cat\/es\/wp-json\/wp\/v2\/tags?post=101044"}],"curies":[{"name":"wp","href":"https:\/\/api.w.org\/{rel}","templated":true}]}}