{"id":101366,"date":"2026-01-21T19:11:51","date_gmt":"2026-01-21T18:11:51","guid":{"rendered":"https:\/\/gimnasticdetarragona.cat\/?p=101366"},"modified":"2026-01-21T19:10:46","modified_gmt":"2026-01-21T18:10:46","slug":"comunicado-de-la-ue-olot-y-el-gimnastic-de-tarragona-21-01-2026","status":"publish","type":"post","link":"https:\/\/gimnasticdetarragona.cat\/es\/comunicado-de-la-ue-olot-y-el-gimnastic-de-tarragona-21-01-2026\/","title":{"rendered":"Comunicado de la UE Olot y el Gimn\u00e0stic de Tarragona, 21\/01\/2026"},"content":{"rendered":"\n<p>La UE Olot y el N\u00e0stic de Tarragona manifestamos, con firmeza y responsabilidad, nuestra profunda decepci\u00f3n ante la Resoluci\u00f3n ESP 01\/2026 del Departament d&#8217;Esports, una decisi\u00f3n que desatiende la voluntad mayoritaria, leg\u00edtima y debidamente formalizada del 35% de clubes asamble\u00edstas de la Federaci\u00f3 Catalana de Futbol.<\/p>\n\n\n\n<p>Reafirmamos nuestro respeto institucional y la voluntad de colaboraci\u00f3n leal y constructiva con el Govern de la Generalitat. Esta actitud no puede ni debe ser incompatible con una defensa clara, valiente y decidida de los derechos que corresponden a los clubs, aut\u00e9nticos pilares del sistema deportivo catal\u00e1n, ante las actitudes reiteradas de desconsideraci\u00f3n y confrontaci\u00f3n que la Federaci\u00f3 Catalana de Futbol mantiene hacia \u00e9stos.<\/p>\n\n\n\n<p>Consideramos que esta resoluci\u00f3n no se ajusta a derecho y vulnera un principio esencial de la gobernanza democr\u00e1tica: el derecho irrenunciable de los clubs a instar a la convocatoria de una Asamblea General cuando se cumplen todos los requisitos normativos exigidos.<\/p>\n\n\n\n<p>Esta Asamblea deb\u00eda ser convocada con todos los puntos propuestos y no lo fue as\u00ed.<\/p>\n\n\n\n<p>Las medidas impuestas por el Departament d&#8217;Esports desvirt\u00faan completamente la voluntad clara y expresa de los clubs, convirti\u00e9ndose en una tergiversaci\u00f3n interesada que se aleja de su objetivo real: la convocatoria de una Asamblea General para debatir, con plena libertad, legitimidad y transparencia, una posible convocatoria electoral as\u00ed como los puntos que se estimen oportunos.<\/p>\n\n\n\n<p>Cabe recordar que la Asamblea General es la m\u00e1xima expresi\u00f3n de la voluntad soberana de los clubes y constituye el \u00f3rgano superior de gobierno y representaci\u00f3n de la Federaci\u00f3, tal y como establece el art\u00edculo 16 de sus estatutos. La Asamblea se encuentra, por definici\u00f3n estatutaria y democr\u00e1tica, por encima del presidente y de la Junta Directiva, y cualquier actuaci\u00f3n que limite o condicione el papel supone una vulneraci\u00f3n directa de los derechos de los clubs.<\/p>\n\n\n\n<p>Ante esta situaci\u00f3n, la UE Olot y el N\u00e0stic de Tarragona no renunciamos ni renunciaremos a defender el inter\u00e9s leg\u00edtimo de los clubs. Continuaremos actuando con el m\u00e1ximo rigor jur\u00eddico y t\u00e9cnico, con determinaci\u00f3n y sentido de responsabilidad institucional, para proteger sus derechos y para impulsar un modelo federativo m\u00e1s transparente, m\u00e1s abierto y plenamente democr\u00e1tico, siempre desde la m\u00e1xima lealtad institucional.<\/p>\n\n\n\n<p>Porque el liderazgo deportivo se descuida en defender los valores democr\u00e1ticos que dan sentido al deporte.<\/p>\n","protected":false},"excerpt":{"rendered":"<p>La UE Olot y el N\u00e0stic de Tarragona manifestamos, con firmeza y responsabilidad, nuestra profunda decepci\u00f3n ante la Resoluci\u00f3n ESP 01\/2026 del Departament d&#8217;Esports, una decisi\u00f3n que desatiende la voluntad mayoritaria, leg\u00edtima y debidamente formalizada del 35% de clubes asamble\u00edstas de la Federaci\u00f3 Catalana de Futbol. Reafirmamos nuestro respeto institucional y la voluntad de colaboraci\u00f3n [&hellip;]<\/p>\n","protected":false},"author":7,"featured_media":101364,"comment_status":"closed","ping_status":"closed","sticky":false,"template":"","format":"standard","meta":{"_acf_changed":false,"footnotes":""},"categories":[113],"tags":[],"class_list":["post-101366","post","type-post","status-publish","format-standard","has-post-thumbnail","hentry","category-actualidad"],"acf":[],"yoast_head":"<!-- This site is optimized with the Yoast SEO plugin v27.3 - https:\/\/yoast.com\/product\/yoast-seo-wordpress\/ -->\n<title>Comunicado de la UE Olot y el Gimn\u00e0stic de Tarragona, 21\/01\/2026 - Gimn\u00e0stic de Tarragona SAD<\/title>\n<meta name=\"robots\" content=\"index, follow, max-snippet:-1, max-image-preview:large, max-video-preview:-1\" \/>\n<link rel=\"canonical\" href=\"https:\/\/gimnasticdetarragona.cat\/comunicat-de-la-ue-olot-i-el-gimnastic-de-tarragona-21-01-2026\/\" \/>\n<meta property=\"og:locale\" content=\"es_ES\" \/>\n<meta property=\"og:type\" content=\"article\" \/>\n<meta property=\"og:title\" content=\"Comunicado de la UE Olot y el Gimn\u00e0stic de Tarragona, 21\/01\/2026 - Gimn\u00e0stic de Tarragona SAD\" \/>\n<meta property=\"og:description\" content=\"La UE Olot y el N\u00e0stic de Tarragona manifestamos, con firmeza y responsabilidad, nuestra profunda decepci\u00f3n ante la Resoluci\u00f3n ESP 01\/2026 del Departament d&#8217;Esports, una decisi\u00f3n que desatiende la voluntad mayoritaria, leg\u00edtima y debidamente formalizada del 35% de clubes asamble\u00edstas de la Federaci\u00f3 Catalana de Futbol. Reafirmamos nuestro respeto institucional y la voluntad de colaboraci\u00f3n [&hellip;]\" \/>\n<meta property=\"og:url\" content=\"https:\/\/gimnasticdetarragona.cat\/comunicat-de-la-ue-olot-i-el-gimnastic-de-tarragona-21-01-2026\/\" \/>\n<meta property=\"og:site_name\" content=\"Gimn\u00e0stic de Tarragona SAD\" \/>\n<meta property=\"article:published_time\" content=\"2026-01-21T18:11:51+00:00\" \/>\n<meta property=\"og:image\" content=\"https:\/\/gimnasticdetarragona.cat\/wp-content\/uploads\/2026\/01\/WhatsApp-Image-2026-01-21-at-17.27.27.jpeg\" \/>\n\t<meta property=\"og:image:width\" content=\"1124\" \/>\n\t<meta property=\"og:image:height\" content=\"1124\" \/>\n\t<meta property=\"og:image:type\" content=\"image\/jpeg\" \/>\n<meta name=\"author\" content=\"Comunicacion\" \/>\n<meta name=\"twitter:card\" content=\"summary_large_image\" \/>\n<meta name=\"twitter:creator\" content=\"@NASTICTARRAGONA\" \/>\n<meta name=\"twitter:site\" content=\"@NASTICTARRAGONA\" \/>\n<meta name=\"twitter:label1\" content=\"Escrito por\" \/>\n\t<meta name=\"twitter:data1\" content=\"Comunicacion\" \/>\n\t<meta name=\"twitter:label2\" content=\"Tiempo de lectura\" \/>\n\t<meta name=\"twitter:data2\" content=\"2 minutos\" \/>\n<script type=\"application\/ld+json\" class=\"yoast-schema-graph\">{\"@context\":\"https:\\\/\\\/schema.org\",\"@graph\":[{\"@type\":\"Article\",\"@id\":\"https:\\\/\\\/gimnasticdetarragona.cat\\\/comunicat-de-la-ue-olot-i-el-gimnastic-de-tarragona-21-01-2026\\\/#article\",\"isPartOf\":{\"@id\":\"https:\\\/\\\/gimnasticdetarragona.cat\\\/comunicat-de-la-ue-olot-i-el-gimnastic-de-tarragona-21-01-2026\\\/\"},\"author\":{\"name\":\"Comunicacion\",\"@id\":\"https:\\\/\\\/gimnasticdetarragona.cat\\\/es\\\/#\\\/schema\\\/person\\\/0a9b7103e7dd73640eb245c4aa4afb8d\"},\"headline\":\"Comunicado de la UE Olot y el Gimn\u00e0stic de Tarragona, 21\\\/01\\\/2026\",\"datePublished\":\"2026-01-21T18:11:51+00:00\",\"mainEntityOfPage\":{\"@id\":\"https:\\\/\\\/gimnasticdetarragona.cat\\\/comunicat-de-la-ue-olot-i-el-gimnastic-de-tarragona-21-01-2026\\\/\"},\"wordCount\":423,\"publisher\":{\"@id\":\"https:\\\/\\\/gimnasticdetarragona.cat\\\/es\\\/#organization\"},\"image\":{\"@id\":\"https:\\\/\\\/gimnasticdetarragona.cat\\\/comunicat-de-la-ue-olot-i-el-gimnastic-de-tarragona-21-01-2026\\\/#primaryimage\"},\"thumbnailUrl\":\"https:\\\/\\\/gimnasticdetarragona.cat\\\/wp-content\\\/uploads\\\/2026\\\/01\\\/WhatsApp-Image-2026-01-21-at-17.27.27.jpeg\",\"articleSection\":[\"Actualidad\"],\"inLanguage\":\"es\"},{\"@type\":\"WebPage\",\"@id\":\"https:\\\/\\\/gimnasticdetarragona.cat\\\/comunicat-de-la-ue-olot-i-el-gimnastic-de-tarragona-21-01-2026\\\/\",\"url\":\"https:\\\/\\\/gimnasticdetarragona.cat\\\/comunicat-de-la-ue-olot-i-el-gimnastic-de-tarragona-21-01-2026\\\/\",\"name\":\"Comunicado de la UE Olot y el Gimn\u00e0stic de Tarragona, 21\\\/01\\\/2026 - Gimn\u00e0stic de Tarragona SAD\",\"isPartOf\":{\"@id\":\"https:\\\/\\\/gimnasticdetarragona.cat\\\/es\\\/#website\"},\"primaryImageOfPage\":{\"@id\":\"https:\\\/\\\/gimnasticdetarragona.cat\\\/comunicat-de-la-ue-olot-i-el-gimnastic-de-tarragona-21-01-2026\\\/#primaryimage\"},\"image\":{\"@id\":\"https:\\\/\\\/gimnasticdetarragona.cat\\\/comunicat-de-la-ue-olot-i-el-gimnastic-de-tarragona-21-01-2026\\\/#primaryimage\"},\"thumbnailUrl\":\"https:\\\/\\\/gimnasticdetarragona.cat\\\/wp-content\\\/uploads\\\/2026\\\/01\\\/WhatsApp-Image-2026-01-21-at-17.27.27.jpeg\",\"datePublished\":\"2026-01-21T18:11:51+00:00\",\"breadcrumb\":{\"@id\":\"https:\\\/\\\/gimnasticdetarragona.cat\\\/comunicat-de-la-ue-olot-i-el-gimnastic-de-tarragona-21-01-2026\\\/#breadcrumb\"},\"inLanguage\":\"es\",\"potentialAction\":[{\"@type\":\"ReadAction\",\"target\":[\"https:\\\/\\\/gimnasticdetarragona.cat\\\/comunicat-de-la-ue-olot-i-el-gimnastic-de-tarragona-21-01-2026\\\/\"]}]},{\"@type\":\"ImageObject\",\"inLanguage\":\"es\",\"@id\":\"https:\\\/\\\/gimnasticdetarragona.cat\\\/comunicat-de-la-ue-olot-i-el-gimnastic-de-tarragona-21-01-2026\\\/#primaryimage\",\"url\":\"https:\\\/\\\/gimnasticdetarragona.cat\\\/wp-content\\\/uploads\\\/2026\\\/01\\\/WhatsApp-Image-2026-01-21-at-17.27.27.jpeg\",\"contentUrl\":\"https:\\\/\\\/gimnasticdetarragona.cat\\\/wp-content\\\/uploads\\\/2026\\\/01\\\/WhatsApp-Image-2026-01-21-at-17.27.27.jpeg\",\"width\":1124,\"height\":1124},{\"@type\":\"BreadcrumbList\",\"@id\":\"https:\\\/\\\/gimnasticdetarragona.cat\\\/comunicat-de-la-ue-olot-i-el-gimnastic-de-tarragona-21-01-2026\\\/#breadcrumb\",\"itemListElement\":[{\"@type\":\"ListItem\",\"position\":1,\"name\":\"Inici\",\"item\":\"https:\\\/\\\/gimnasticdetarragona.cat\\\/es\\\/nastic\\\/\"},{\"@type\":\"ListItem\",\"position\":2,\"name\":\"Comunicado de la UE Olot y el Gimn\u00e0stic de Tarragona, 21\\\/01\\\/2026\"}]},{\"@type\":\"WebSite\",\"@id\":\"https:\\\/\\\/gimnasticdetarragona.cat\\\/es\\\/#website\",\"url\":\"https:\\\/\\\/gimnasticdetarragona.cat\\\/es\\\/\",\"name\":\"Gimn\u00e0stic de Tarragona SAD\",\"description\":\"Gimn\u00e0stic de Tarragona\",\"publisher\":{\"@id\":\"https:\\\/\\\/gimnasticdetarragona.cat\\\/es\\\/#organization\"},\"potentialAction\":[{\"@type\":\"SearchAction\",\"target\":{\"@type\":\"EntryPoint\",\"urlTemplate\":\"https:\\\/\\\/gimnasticdetarragona.cat\\\/es\\\/?s={search_term_string}\"},\"query-input\":{\"@type\":\"PropertyValueSpecification\",\"valueRequired\":true,\"valueName\":\"search_term_string\"}}],\"inLanguage\":\"es\"},{\"@type\":\"Organization\",\"@id\":\"https:\\\/\\\/gimnasticdetarragona.cat\\\/es\\\/#organization\",\"name\":\"GIMN\u00c0STIC DE TARRAGONA\",\"alternateName\":\"N\u00c0STIC\",\"url\":\"https:\\\/\\\/gimnasticdetarragona.cat\\\/es\\\/\",\"logo\":{\"@type\":\"ImageObject\",\"inLanguage\":\"es\",\"@id\":\"https:\\\/\\\/gimnasticdetarragona.cat\\\/es\\\/#\\\/schema\\\/logo\\\/image\\\/\",\"url\":\"https:\\\/\\\/gimnasticdetarragona.cat\\\/wp-content\\\/uploads\\\/2022\\\/06\\\/cropped-logo-gimnastic.png\",\"contentUrl\":\"https:\\\/\\\/gimnasticdetarragona.cat\\\/wp-content\\\/uploads\\\/2022\\\/06\\\/cropped-logo-gimnastic.png\",\"width\":224,\"height\":83,\"caption\":\"GIMN\u00c0STIC DE TARRAGONA\"},\"image\":{\"@id\":\"https:\\\/\\\/gimnasticdetarragona.cat\\\/es\\\/#\\\/schema\\\/logo\\\/image\\\/\"},\"sameAs\":[\"https:\\\/\\\/x.com\\\/NASTICTARRAGONA\",\"https:\\\/\\\/www.instagram.com\\\/nastictarragona\\\/\"]},{\"@type\":\"Person\",\"@id\":\"https:\\\/\\\/gimnasticdetarragona.cat\\\/es\\\/#\\\/schema\\\/person\\\/0a9b7103e7dd73640eb245c4aa4afb8d\",\"name\":\"Comunicacion\"}]}<\/script>\n<!-- \/ Yoast SEO plugin. -->","yoast_head_json":{"title":"Comunicado de la UE Olot y el Gimn\u00e0stic de Tarragona, 21\/01\/2026 - Gimn\u00e0stic de Tarragona SAD","robots":{"index":"index","follow":"follow","max-snippet":"max-snippet:-1","max-image-preview":"max-image-preview:large","max-video-preview":"max-video-preview:-1"},"canonical":"https:\/\/gimnasticdetarragona.cat\/comunicat-de-la-ue-olot-i-el-gimnastic-de-tarragona-21-01-2026\/","og_locale":"es_ES","og_type":"article","og_title":"Comunicado de la UE Olot y el Gimn\u00e0stic de Tarragona, 21\/01\/2026 - Gimn\u00e0stic de Tarragona SAD","og_description":"La UE Olot y el N\u00e0stic de Tarragona manifestamos, con firmeza y responsabilidad, nuestra profunda decepci\u00f3n ante la Resoluci\u00f3n ESP 01\/2026 del Departament d&#8217;Esports, una decisi\u00f3n que desatiende la voluntad mayoritaria, leg\u00edtima y debidamente formalizada del 35% de clubes asamble\u00edstas de la Federaci\u00f3 Catalana de Futbol. Reafirmamos nuestro respeto institucional y la voluntad de colaboraci\u00f3n [&hellip;]","og_url":"https:\/\/gimnasticdetarragona.cat\/comunicat-de-la-ue-olot-i-el-gimnastic-de-tarragona-21-01-2026\/","og_site_name":"Gimn\u00e0stic de Tarragona SAD","article_published_time":"2026-01-21T18:11:51+00:00","og_image":[{"width":1124,"height":1124,"url":"https:\/\/gimnasticdetarragona.cat\/wp-content\/uploads\/2026\/01\/WhatsApp-Image-2026-01-21-at-17.27.27.jpeg","type":"image\/jpeg"}],"author":"Comunicacion","twitter_card":"summary_large_image","twitter_creator":"@NASTICTARRAGONA","twitter_site":"@NASTICTARRAGONA","twitter_misc":{"Escrito por":"Comunicacion","Tiempo de lectura":"2 minutos"},"schema":{"@context":"https:\/\/schema.org","@graph":[{"@type":"Article","@id":"https:\/\/gimnasticdetarragona.cat\/comunicat-de-la-ue-olot-i-el-gimnastic-de-tarragona-21-01-2026\/#article","isPartOf":{"@id":"https:\/\/gimnasticdetarragona.cat\/comunicat-de-la-ue-olot-i-el-gimnastic-de-tarragona-21-01-2026\/"},"author":{"name":"Comunicacion","@id":"https:\/\/gimnasticdetarragona.cat\/es\/#\/schema\/person\/0a9b7103e7dd73640eb245c4aa4afb8d"},"headline":"Comunicado de la UE Olot y el Gimn\u00e0stic de Tarragona, 21\/01\/2026","datePublished":"2026-01-21T18:11:51+00:00","mainEntityOfPage":{"@id":"https:\/\/gimnasticdetarragona.cat\/comunicat-de-la-ue-olot-i-el-gimnastic-de-tarragona-21-01-2026\/"},"wordCount":423,"publisher":{"@id":"https:\/\/gimnasticdetarragona.cat\/es\/#organization"},"image":{"@id":"https:\/\/gimnasticdetarragona.cat\/comunicat-de-la-ue-olot-i-el-gimnastic-de-tarragona-21-01-2026\/#primaryimage"},"thumbnailUrl":"https:\/\/gimnasticdetarragona.cat\/wp-content\/uploads\/2026\/01\/WhatsApp-Image-2026-01-21-at-17.27.27.jpeg","articleSection":["Actualidad"],"inLanguage":"es"},{"@type":"WebPage","@id":"https:\/\/gimnasticdetarragona.cat\/comunicat-de-la-ue-olot-i-el-gimnastic-de-tarragona-21-01-2026\/","url":"https:\/\/gimnasticdetarragona.cat\/comunicat-de-la-ue-olot-i-el-gimnastic-de-tarragona-21-01-2026\/","name":"Comunicado de la UE Olot y el Gimn\u00e0stic de Tarragona, 21\/01\/2026 - Gimn\u00e0stic de Tarragona SAD","isPartOf":{"@id":"https:\/\/gimnasticdetarragona.cat\/es\/#website"},"primaryImageOfPage":{"@id":"https:\/\/gimnasticdetarragona.cat\/comunicat-de-la-ue-olot-i-el-gimnastic-de-tarragona-21-01-2026\/#primaryimage"},"image":{"@id":"https:\/\/gimnasticdetarragona.cat\/comunicat-de-la-ue-olot-i-el-gimnastic-de-tarragona-21-01-2026\/#primaryimage"},"thumbnailUrl":"https:\/\/gimnasticdetarragona.cat\/wp-content\/uploads\/2026\/01\/WhatsApp-Image-2026-01-21-at-17.27.27.jpeg","datePublished":"2026-01-21T18:11:51+00:00","breadcrumb":{"@id":"https:\/\/gimnasticdetarragona.cat\/comunicat-de-la-ue-olot-i-el-gimnastic-de-tarragona-21-01-2026\/#breadcrumb"},"inLanguage":"es","potentialAction":[{"@type":"ReadAction","target":["https:\/\/gimnasticdetarragona.cat\/comunicat-de-la-ue-olot-i-el-gimnastic-de-tarragona-21-01-2026\/"]}]},{"@type":"ImageObject","inLanguage":"es","@id":"https:\/\/gimnasticdetarragona.cat\/comunicat-de-la-ue-olot-i-el-gimnastic-de-tarragona-21-01-2026\/#primaryimage","url":"https:\/\/gimnasticdetarragona.cat\/wp-content\/uploads\/2026\/01\/WhatsApp-Image-2026-01-21-at-17.27.27.jpeg","contentUrl":"https:\/\/gimnasticdetarragona.cat\/wp-content\/uploads\/2026\/01\/WhatsApp-Image-2026-01-21-at-17.27.27.jpeg","width":1124,"height":1124},{"@type":"BreadcrumbList","@id":"https:\/\/gimnasticdetarragona.cat\/comunicat-de-la-ue-olot-i-el-gimnastic-de-tarragona-21-01-2026\/#breadcrumb","itemListElement":[{"@type":"ListItem","position":1,"name":"Inici","item":"https:\/\/gimnasticdetarragona.cat\/es\/nastic\/"},{"@type":"ListItem","position":2,"name":"Comunicado de la UE Olot y el Gimn\u00e0stic de Tarragona, 21\/01\/2026"}]},{"@type":"WebSite","@id":"https:\/\/gimnasticdetarragona.cat\/es\/#website","url":"https:\/\/gimnasticdetarragona.cat\/es\/","name":"Gimn\u00e0stic de Tarragona SAD","description":"Gimn\u00e0stic de Tarragona","publisher":{"@id":"https:\/\/gimnasticdetarragona.cat\/es\/#organization"},"potentialAction":[{"@type":"SearchAction","target":{"@type":"EntryPoint","urlTemplate":"https:\/\/gimnasticdetarragona.cat\/es\/?s={search_term_string}"},"query-input":{"@type":"PropertyValueSpecification","valueRequired":true,"valueName":"search_term_string"}}],"inLanguage":"es"},{"@type":"Organization","@id":"https:\/\/gimnasticdetarragona.cat\/es\/#organization","name":"GIMN\u00c0STIC DE TARRAGONA","alternateName":"N\u00c0STIC","url":"https:\/\/gimnasticdetarragona.cat\/es\/","logo":{"@type":"ImageObject","inLanguage":"es","@id":"https:\/\/gimnasticdetarragona.cat\/es\/#\/schema\/logo\/image\/","url":"https:\/\/gimnasticdetarragona.cat\/wp-content\/uploads\/2022\/06\/cropped-logo-gimnastic.png","contentUrl":"https:\/\/gimnasticdetarragona.cat\/wp-content\/uploads\/2022\/06\/cropped-logo-gimnastic.png","width":224,"height":83,"caption":"GIMN\u00c0STIC DE TARRAGONA"},"image":{"@id":"https:\/\/gimnasticdetarragona.cat\/es\/#\/schema\/logo\/image\/"},"sameAs":["https:\/\/x.com\/NASTICTARRAGONA","https:\/\/www.instagram.com\/nastictarragona\/"]},{"@type":"Person","@id":"https:\/\/gimnasticdetarragona.cat\/es\/#\/schema\/person\/0a9b7103e7dd73640eb245c4aa4afb8d","name":"Comunicacion"}]}},"_links":{"self":[{"href":"https:\/\/gimnasticdetarragona.cat\/es\/wp-json\/wp\/v2\/posts\/101366","targetHints":{"allow":["GET"]}}],"collection":[{"href":"https:\/\/gimnasticdetarragona.cat\/es\/wp-json\/wp\/v2\/posts"}],"about":[{"href":"https:\/\/gimnasticdetarragona.cat\/es\/wp-json\/wp\/v2\/types\/post"}],"author":[{"embeddable":true,"href":"https:\/\/gimnasticdetarragona.cat\/es\/wp-json\/wp\/v2\/users\/7"}],"replies":[{"embeddable":true,"href":"https:\/\/gimnasticdetarragona.cat\/es\/wp-json\/wp\/v2\/comments?post=101366"}],"version-history":[{"count":2,"href":"https:\/\/gimnasticdetarragona.cat\/es\/wp-json\/wp\/v2\/posts\/101366\/revisions"}],"predecessor-version":[{"id":101369,"href":"https:\/\/gimnasticdetarragona.cat\/es\/wp-json\/wp\/v2\/posts\/101366\/revisions\/101369"}],"wp:featuredmedia":[{"embeddable":true,"href":"https:\/\/gimnasticdetarragona.cat\/es\/wp-json\/wp\/v2\/media\/101364"}],"wp:attachment":[{"href":"https:\/\/gimnasticdetarragona.cat\/es\/wp-json\/wp\/v2\/media?parent=101366"}],"wp:term":[{"taxonomy":"category","embeddable":true,"href":"https:\/\/gimnasticdetarragona.cat\/es\/wp-json\/wp\/v2\/categories?post=101366"},{"taxonomy":"post_tag","embeddable":true,"href":"https:\/\/gimnasticdetarragona.cat\/es\/wp-json\/wp\/v2\/tags?post=101366"}],"curies":[{"name":"wp","href":"https:\/\/api.w.org\/{rel}","templated":true}]}}