{"id":101375,"date":"2026-01-23T14:13:53","date_gmt":"2026-01-23T13:13:53","guid":{"rendered":"https:\/\/gimnasticdetarragona.cat\/?p=101375"},"modified":"2026-01-23T14:14:24","modified_gmt":"2026-01-23T13:14:24","slug":"ad-alcorcon-nastic-entradas-ya-disponibles","status":"publish","type":"post","link":"https:\/\/gimnasticdetarragona.cat\/es\/ad-alcorcon-nastic-entradas-ya-disponibles\/","title":{"rendered":"AD Alcorc\u00f3n \u2013 N\u00e0stic, entradas ya disponibles"},"content":{"rendered":"\n<p>Los socios y aficionados que quieran asistir al duelo entre el AD Alcorc\u00f3n &#8211; N\u00e0stic, del domingo 1 de febrero, a las 20.30 horas, en el Municipal de Santo Domingo, \u00fanicamente podr\u00e1n comprar las entradas a 15 \u20ac (precio pactado entre los clubs) en el siguiente enlace:<\/p>\n\n\n\n<p><\/p>\n\n\n\n<p class=\"has-text-align-center\"><strong><a href=\"https:\/\/tickets.oneboxtds.com\/Desplazamientos_Nastic\/events\">COMPRA<\/a><\/strong><\/p>\n\n\n\n<p><\/p>\n\n\n\n<p>Las entradas se recoger\u00e1n el mismo d\u00eda de partido en las taquillas del Estadio Municipal de Santo Domingo.<\/p>\n\n\n\n<p>La compra de entradas para este partido se realizar\u00e1 exclusivamente online*, hasta el mi\u00e9rcoles 28 a las 23 horas. En las taquillas del Municipal de Santo Domingo, el precio de las entradas ser\u00e1 superior.<\/p>\n\n\n\n<p>Para cualquier consulta, contactar en el canal oficial en WhatsApp (675 541 041).<\/p>\n\n\n\n<p>*Aquellos socios o aficionados con dificultades de acceso a internet ser\u00e1n atendidos de forma presencial en el punto de atenci\u00f3n al socio, en el horario de 17 a 19 h.<\/p>\n","protected":false},"excerpt":{"rendered":"<p>Al precio de 15 \u20ac, exclusivamente online<\/p>\n","protected":false},"author":7,"featured_media":101373,"comment_status":"closed","ping_status":"closed","sticky":false,"template":"","format":"standard","meta":{"_acf_changed":false,"footnotes":""},"categories":[113,114,125,126,138],"tags":[],"class_list":["post-101375","post","type-post","status-publish","format-standard","has-post-thumbnail","hentry","category-actualidad","category-aficion","category-penas","category-primer-equipo","category-socio"],"acf":[],"yoast_head":"<!-- This site is optimized with the Yoast SEO plugin v27.3 - https:\/\/yoast.com\/product\/yoast-seo-wordpress\/ -->\n<title>AD Alcorc\u00f3n \u2013 N\u00e0stic, entradas ya disponibles - Gimn\u00e0stic de Tarragona SAD<\/title>\n<meta name=\"robots\" content=\"index, follow, max-snippet:-1, max-image-preview:large, max-video-preview:-1\" \/>\n<link rel=\"canonical\" href=\"https:\/\/gimnasticdetarragona.cat\/es\/ad-alcorcon-nastic-entradas-ya-disponibles\/\" \/>\n<meta property=\"og:locale\" content=\"es_ES\" \/>\n<meta property=\"og:type\" content=\"article\" \/>\n<meta property=\"og:title\" content=\"AD Alcorc\u00f3n \u2013 N\u00e0stic, entradas ya disponibles - Gimn\u00e0stic de Tarragona SAD\" \/>\n<meta property=\"og:description\" content=\"Al precio de 15 \u20ac, exclusivamente online\" \/>\n<meta property=\"og:url\" content=\"https:\/\/gimnasticdetarragona.cat\/es\/ad-alcorcon-nastic-entradas-ya-disponibles\/\" \/>\n<meta property=\"og:site_name\" content=\"Gimn\u00e0stic de Tarragona SAD\" \/>\n<meta property=\"article:published_time\" content=\"2026-01-23T13:13:53+00:00\" \/>\n<meta property=\"article:modified_time\" content=\"2026-01-23T13:14:24+00:00\" \/>\n<meta property=\"og:image\" content=\"https:\/\/gimnasticdetarragona.cat\/wp-content\/uploads\/2026\/01\/tocada_23-scaled.jpg\" \/>\n\t<meta property=\"og:image:width\" content=\"2560\" \/>\n\t<meta property=\"og:image:height\" content=\"1920\" \/>\n\t<meta property=\"og:image:type\" content=\"image\/jpeg\" \/>\n<meta name=\"author\" content=\"Comunicacion\" \/>\n<meta name=\"twitter:card\" content=\"summary_large_image\" \/>\n<meta name=\"twitter:creator\" content=\"@NASTICTARRAGONA\" \/>\n<meta name=\"twitter:site\" content=\"@NASTICTARRAGONA\" \/>\n<meta name=\"twitter:label1\" content=\"Escrito por\" \/>\n\t<meta name=\"twitter:data1\" content=\"Comunicacion\" \/>\n\t<meta name=\"twitter:label2\" content=\"Tiempo de lectura\" \/>\n\t<meta name=\"twitter:data2\" content=\"1 minuto\" \/>\n<script type=\"application\/ld+json\" class=\"yoast-schema-graph\">{\"@context\":\"https:\\\/\\\/schema.org\",\"@graph\":[{\"@type\":\"Article\",\"@id\":\"https:\\\/\\\/gimnasticdetarragona.cat\\\/es\\\/ad-alcorcon-nastic-entradas-ya-disponibles\\\/#article\",\"isPartOf\":{\"@id\":\"https:\\\/\\\/gimnasticdetarragona.cat\\\/es\\\/ad-alcorcon-nastic-entradas-ya-disponibles\\\/\"},\"author\":{\"name\":\"Comunicacion\",\"@id\":\"https:\\\/\\\/gimnasticdetarragona.cat\\\/es\\\/#\\\/schema\\\/person\\\/0a9b7103e7dd73640eb245c4aa4afb8d\"},\"headline\":\"AD Alcorc\u00f3n \u2013 N\u00e0stic, entradas ya disponibles\",\"datePublished\":\"2026-01-23T13:13:53+00:00\",\"dateModified\":\"2026-01-23T13:14:24+00:00\",\"mainEntityOfPage\":{\"@id\":\"https:\\\/\\\/gimnasticdetarragona.cat\\\/es\\\/ad-alcorcon-nastic-entradas-ya-disponibles\\\/\"},\"wordCount\":148,\"publisher\":{\"@id\":\"https:\\\/\\\/gimnasticdetarragona.cat\\\/es\\\/#organization\"},\"image\":{\"@id\":\"https:\\\/\\\/gimnasticdetarragona.cat\\\/es\\\/ad-alcorcon-nastic-entradas-ya-disponibles\\\/#primaryimage\"},\"thumbnailUrl\":\"https:\\\/\\\/gimnasticdetarragona.cat\\\/wp-content\\\/uploads\\\/2026\\\/01\\\/tocada_23-scaled.jpg\",\"articleSection\":[\"Actualidad\",\"Afici\u00f3n\",\"Pe\u00f1as\",\"Primer Equipo\",\"Socio\"],\"inLanguage\":\"es\"},{\"@type\":\"WebPage\",\"@id\":\"https:\\\/\\\/gimnasticdetarragona.cat\\\/es\\\/ad-alcorcon-nastic-entradas-ya-disponibles\\\/\",\"url\":\"https:\\\/\\\/gimnasticdetarragona.cat\\\/es\\\/ad-alcorcon-nastic-entradas-ya-disponibles\\\/\",\"name\":\"AD Alcorc\u00f3n \u2013 N\u00e0stic, entradas ya disponibles - Gimn\u00e0stic de Tarragona SAD\",\"isPartOf\":{\"@id\":\"https:\\\/\\\/gimnasticdetarragona.cat\\\/es\\\/#website\"},\"primaryImageOfPage\":{\"@id\":\"https:\\\/\\\/gimnasticdetarragona.cat\\\/es\\\/ad-alcorcon-nastic-entradas-ya-disponibles\\\/#primaryimage\"},\"image\":{\"@id\":\"https:\\\/\\\/gimnasticdetarragona.cat\\\/es\\\/ad-alcorcon-nastic-entradas-ya-disponibles\\\/#primaryimage\"},\"thumbnailUrl\":\"https:\\\/\\\/gimnasticdetarragona.cat\\\/wp-content\\\/uploads\\\/2026\\\/01\\\/tocada_23-scaled.jpg\",\"datePublished\":\"2026-01-23T13:13:53+00:00\",\"dateModified\":\"2026-01-23T13:14:24+00:00\",\"breadcrumb\":{\"@id\":\"https:\\\/\\\/gimnasticdetarragona.cat\\\/es\\\/ad-alcorcon-nastic-entradas-ya-disponibles\\\/#breadcrumb\"},\"inLanguage\":\"es\",\"potentialAction\":[{\"@type\":\"ReadAction\",\"target\":[\"https:\\\/\\\/gimnasticdetarragona.cat\\\/es\\\/ad-alcorcon-nastic-entradas-ya-disponibles\\\/\"]}]},{\"@type\":\"ImageObject\",\"inLanguage\":\"es\",\"@id\":\"https:\\\/\\\/gimnasticdetarragona.cat\\\/es\\\/ad-alcorcon-nastic-entradas-ya-disponibles\\\/#primaryimage\",\"url\":\"https:\\\/\\\/gimnasticdetarragona.cat\\\/wp-content\\\/uploads\\\/2026\\\/01\\\/tocada_23-scaled.jpg\",\"contentUrl\":\"https:\\\/\\\/gimnasticdetarragona.cat\\\/wp-content\\\/uploads\\\/2026\\\/01\\\/tocada_23-scaled.jpg\",\"width\":2560,\"height\":1920},{\"@type\":\"BreadcrumbList\",\"@id\":\"https:\\\/\\\/gimnasticdetarragona.cat\\\/es\\\/ad-alcorcon-nastic-entradas-ya-disponibles\\\/#breadcrumb\",\"itemListElement\":[{\"@type\":\"ListItem\",\"position\":1,\"name\":\"Inici\",\"item\":\"https:\\\/\\\/gimnasticdetarragona.cat\\\/es\\\/nastic\\\/\"},{\"@type\":\"ListItem\",\"position\":2,\"name\":\"AD Alcorc\u00f3n \u2013 N\u00e0stic, entradas ya disponibles\"}]},{\"@type\":\"WebSite\",\"@id\":\"https:\\\/\\\/gimnasticdetarragona.cat\\\/es\\\/#website\",\"url\":\"https:\\\/\\\/gimnasticdetarragona.cat\\\/es\\\/\",\"name\":\"Gimn\u00e0stic de Tarragona SAD\",\"description\":\"Gimn\u00e0stic de Tarragona\",\"publisher\":{\"@id\":\"https:\\\/\\\/gimnasticdetarragona.cat\\\/es\\\/#organization\"},\"potentialAction\":[{\"@type\":\"SearchAction\",\"target\":{\"@type\":\"EntryPoint\",\"urlTemplate\":\"https:\\\/\\\/gimnasticdetarragona.cat\\\/es\\\/?s={search_term_string}\"},\"query-input\":{\"@type\":\"PropertyValueSpecification\",\"valueRequired\":true,\"valueName\":\"search_term_string\"}}],\"inLanguage\":\"es\"},{\"@type\":\"Organization\",\"@id\":\"https:\\\/\\\/gimnasticdetarragona.cat\\\/es\\\/#organization\",\"name\":\"GIMN\u00c0STIC DE TARRAGONA\",\"alternateName\":\"N\u00c0STIC\",\"url\":\"https:\\\/\\\/gimnasticdetarragona.cat\\\/es\\\/\",\"logo\":{\"@type\":\"ImageObject\",\"inLanguage\":\"es\",\"@id\":\"https:\\\/\\\/gimnasticdetarragona.cat\\\/es\\\/#\\\/schema\\\/logo\\\/image\\\/\",\"url\":\"https:\\\/\\\/gimnasticdetarragona.cat\\\/wp-content\\\/uploads\\\/2022\\\/06\\\/cropped-logo-gimnastic.png\",\"contentUrl\":\"https:\\\/\\\/gimnasticdetarragona.cat\\\/wp-content\\\/uploads\\\/2022\\\/06\\\/cropped-logo-gimnastic.png\",\"width\":224,\"height\":83,\"caption\":\"GIMN\u00c0STIC DE TARRAGONA\"},\"image\":{\"@id\":\"https:\\\/\\\/gimnasticdetarragona.cat\\\/es\\\/#\\\/schema\\\/logo\\\/image\\\/\"},\"sameAs\":[\"https:\\\/\\\/x.com\\\/NASTICTARRAGONA\",\"https:\\\/\\\/www.instagram.com\\\/nastictarragona\\\/\"]},{\"@type\":\"Person\",\"@id\":\"https:\\\/\\\/gimnasticdetarragona.cat\\\/es\\\/#\\\/schema\\\/person\\\/0a9b7103e7dd73640eb245c4aa4afb8d\",\"name\":\"Comunicacion\"}]}<\/script>\n<!-- \/ Yoast SEO plugin. -->","yoast_head_json":{"title":"AD Alcorc\u00f3n \u2013 N\u00e0stic, entradas ya disponibles - Gimn\u00e0stic de Tarragona SAD","robots":{"index":"index","follow":"follow","max-snippet":"max-snippet:-1","max-image-preview":"max-image-preview:large","max-video-preview":"max-video-preview:-1"},"canonical":"https:\/\/gimnasticdetarragona.cat\/es\/ad-alcorcon-nastic-entradas-ya-disponibles\/","og_locale":"es_ES","og_type":"article","og_title":"AD Alcorc\u00f3n \u2013 N\u00e0stic, entradas ya disponibles - Gimn\u00e0stic de Tarragona SAD","og_description":"Al precio de 15 \u20ac, exclusivamente online","og_url":"https:\/\/gimnasticdetarragona.cat\/es\/ad-alcorcon-nastic-entradas-ya-disponibles\/","og_site_name":"Gimn\u00e0stic de Tarragona SAD","article_published_time":"2026-01-23T13:13:53+00:00","article_modified_time":"2026-01-23T13:14:24+00:00","og_image":[{"width":2560,"height":1920,"url":"https:\/\/gimnasticdetarragona.cat\/wp-content\/uploads\/2026\/01\/tocada_23-scaled.jpg","type":"image\/jpeg"}],"author":"Comunicacion","twitter_card":"summary_large_image","twitter_creator":"@NASTICTARRAGONA","twitter_site":"@NASTICTARRAGONA","twitter_misc":{"Escrito por":"Comunicacion","Tiempo de lectura":"1 minuto"},"schema":{"@context":"https:\/\/schema.org","@graph":[{"@type":"Article","@id":"https:\/\/gimnasticdetarragona.cat\/es\/ad-alcorcon-nastic-entradas-ya-disponibles\/#article","isPartOf":{"@id":"https:\/\/gimnasticdetarragona.cat\/es\/ad-alcorcon-nastic-entradas-ya-disponibles\/"},"author":{"name":"Comunicacion","@id":"https:\/\/gimnasticdetarragona.cat\/es\/#\/schema\/person\/0a9b7103e7dd73640eb245c4aa4afb8d"},"headline":"AD Alcorc\u00f3n \u2013 N\u00e0stic, entradas ya disponibles","datePublished":"2026-01-23T13:13:53+00:00","dateModified":"2026-01-23T13:14:24+00:00","mainEntityOfPage":{"@id":"https:\/\/gimnasticdetarragona.cat\/es\/ad-alcorcon-nastic-entradas-ya-disponibles\/"},"wordCount":148,"publisher":{"@id":"https:\/\/gimnasticdetarragona.cat\/es\/#organization"},"image":{"@id":"https:\/\/gimnasticdetarragona.cat\/es\/ad-alcorcon-nastic-entradas-ya-disponibles\/#primaryimage"},"thumbnailUrl":"https:\/\/gimnasticdetarragona.cat\/wp-content\/uploads\/2026\/01\/tocada_23-scaled.jpg","articleSection":["Actualidad","Afici\u00f3n","Pe\u00f1as","Primer Equipo","Socio"],"inLanguage":"es"},{"@type":"WebPage","@id":"https:\/\/gimnasticdetarragona.cat\/es\/ad-alcorcon-nastic-entradas-ya-disponibles\/","url":"https:\/\/gimnasticdetarragona.cat\/es\/ad-alcorcon-nastic-entradas-ya-disponibles\/","name":"AD Alcorc\u00f3n \u2013 N\u00e0stic, entradas ya disponibles - Gimn\u00e0stic de Tarragona SAD","isPartOf":{"@id":"https:\/\/gimnasticdetarragona.cat\/es\/#website"},"primaryImageOfPage":{"@id":"https:\/\/gimnasticdetarragona.cat\/es\/ad-alcorcon-nastic-entradas-ya-disponibles\/#primaryimage"},"image":{"@id":"https:\/\/gimnasticdetarragona.cat\/es\/ad-alcorcon-nastic-entradas-ya-disponibles\/#primaryimage"},"thumbnailUrl":"https:\/\/gimnasticdetarragona.cat\/wp-content\/uploads\/2026\/01\/tocada_23-scaled.jpg","datePublished":"2026-01-23T13:13:53+00:00","dateModified":"2026-01-23T13:14:24+00:00","breadcrumb":{"@id":"https:\/\/gimnasticdetarragona.cat\/es\/ad-alcorcon-nastic-entradas-ya-disponibles\/#breadcrumb"},"inLanguage":"es","potentialAction":[{"@type":"ReadAction","target":["https:\/\/gimnasticdetarragona.cat\/es\/ad-alcorcon-nastic-entradas-ya-disponibles\/"]}]},{"@type":"ImageObject","inLanguage":"es","@id":"https:\/\/gimnasticdetarragona.cat\/es\/ad-alcorcon-nastic-entradas-ya-disponibles\/#primaryimage","url":"https:\/\/gimnasticdetarragona.cat\/wp-content\/uploads\/2026\/01\/tocada_23-scaled.jpg","contentUrl":"https:\/\/gimnasticdetarragona.cat\/wp-content\/uploads\/2026\/01\/tocada_23-scaled.jpg","width":2560,"height":1920},{"@type":"BreadcrumbList","@id":"https:\/\/gimnasticdetarragona.cat\/es\/ad-alcorcon-nastic-entradas-ya-disponibles\/#breadcrumb","itemListElement":[{"@type":"ListItem","position":1,"name":"Inici","item":"https:\/\/gimnasticdetarragona.cat\/es\/nastic\/"},{"@type":"ListItem","position":2,"name":"AD Alcorc\u00f3n \u2013 N\u00e0stic, entradas ya disponibles"}]},{"@type":"WebSite","@id":"https:\/\/gimnasticdetarragona.cat\/es\/#website","url":"https:\/\/gimnasticdetarragona.cat\/es\/","name":"Gimn\u00e0stic de Tarragona SAD","description":"Gimn\u00e0stic de Tarragona","publisher":{"@id":"https:\/\/gimnasticdetarragona.cat\/es\/#organization"},"potentialAction":[{"@type":"SearchAction","target":{"@type":"EntryPoint","urlTemplate":"https:\/\/gimnasticdetarragona.cat\/es\/?s={search_term_string}"},"query-input":{"@type":"PropertyValueSpecification","valueRequired":true,"valueName":"search_term_string"}}],"inLanguage":"es"},{"@type":"Organization","@id":"https:\/\/gimnasticdetarragona.cat\/es\/#organization","name":"GIMN\u00c0STIC DE TARRAGONA","alternateName":"N\u00c0STIC","url":"https:\/\/gimnasticdetarragona.cat\/es\/","logo":{"@type":"ImageObject","inLanguage":"es","@id":"https:\/\/gimnasticdetarragona.cat\/es\/#\/schema\/logo\/image\/","url":"https:\/\/gimnasticdetarragona.cat\/wp-content\/uploads\/2022\/06\/cropped-logo-gimnastic.png","contentUrl":"https:\/\/gimnasticdetarragona.cat\/wp-content\/uploads\/2022\/06\/cropped-logo-gimnastic.png","width":224,"height":83,"caption":"GIMN\u00c0STIC DE TARRAGONA"},"image":{"@id":"https:\/\/gimnasticdetarragona.cat\/es\/#\/schema\/logo\/image\/"},"sameAs":["https:\/\/x.com\/NASTICTARRAGONA","https:\/\/www.instagram.com\/nastictarragona\/"]},{"@type":"Person","@id":"https:\/\/gimnasticdetarragona.cat\/es\/#\/schema\/person\/0a9b7103e7dd73640eb245c4aa4afb8d","name":"Comunicacion"}]}},"_links":{"self":[{"href":"https:\/\/gimnasticdetarragona.cat\/es\/wp-json\/wp\/v2\/posts\/101375","targetHints":{"allow":["GET"]}}],"collection":[{"href":"https:\/\/gimnasticdetarragona.cat\/es\/wp-json\/wp\/v2\/posts"}],"about":[{"href":"https:\/\/gimnasticdetarragona.cat\/es\/wp-json\/wp\/v2\/types\/post"}],"author":[{"embeddable":true,"href":"https:\/\/gimnasticdetarragona.cat\/es\/wp-json\/wp\/v2\/users\/7"}],"replies":[{"embeddable":true,"href":"https:\/\/gimnasticdetarragona.cat\/es\/wp-json\/wp\/v2\/comments?post=101375"}],"version-history":[{"count":1,"href":"https:\/\/gimnasticdetarragona.cat\/es\/wp-json\/wp\/v2\/posts\/101375\/revisions"}],"predecessor-version":[{"id":101376,"href":"https:\/\/gimnasticdetarragona.cat\/es\/wp-json\/wp\/v2\/posts\/101375\/revisions\/101376"}],"wp:featuredmedia":[{"embeddable":true,"href":"https:\/\/gimnasticdetarragona.cat\/es\/wp-json\/wp\/v2\/media\/101373"}],"wp:attachment":[{"href":"https:\/\/gimnasticdetarragona.cat\/es\/wp-json\/wp\/v2\/media?parent=101375"}],"wp:term":[{"taxonomy":"category","embeddable":true,"href":"https:\/\/gimnasticdetarragona.cat\/es\/wp-json\/wp\/v2\/categories?post=101375"},{"taxonomy":"post_tag","embeddable":true,"href":"https:\/\/gimnasticdetarragona.cat\/es\/wp-json\/wp\/v2\/tags?post=101375"}],"curies":[{"name":"wp","href":"https:\/\/api.w.org\/{rel}","templated":true}]}}