{"id":101423,"date":"2026-01-27T12:05:18","date_gmt":"2026-01-27T11:05:18","guid":{"rendered":"https:\/\/gimnasticdetarragona.cat\/?p=101423"},"modified":"2026-01-27T12:06:10","modified_gmt":"2026-01-27T11:06:10","slug":"covestro-renueva-su-compromiso-con-el-nastic-de-tarragona-para-seguir-fomentando-el-deporte-y-el-progreso-local","status":"publish","type":"post","link":"https:\/\/gimnasticdetarragona.cat\/es\/covestro-renueva-su-compromiso-con-el-nastic-de-tarragona-para-seguir-fomentando-el-deporte-y-el-progreso-local\/","title":{"rendered":"Covestro renueva su compromiso con el N\u00e0stic de Tarragona para seguir fomentando el deporte y el progreso local"},"content":{"rendered":"\n<p><strong><strong>La compa\u00f1\u00eda qu\u00edmica seguir\u00e1 siendo socio empresarial oficial del Gimn\u00e0stic de Tarragona durante la temporada 2025-2026<\/strong><\/strong><\/p>\n\n\n\n<p>Covestro vuelve a apostar por el Gimn\u00e0stic de Tarragona y prolonga una relaci\u00f3n de casi cuatro d\u00e9cadas que comenz\u00f3 en 1986, cuando la compa\u00f1\u00eda a\u00fan pertenec\u00eda al grupo Bayer. La empresa, referente internacional en el desarrollo de materiales polim\u00e9ricos de alta calidad, continuar\u00e1 colaborando con el club como <strong>socio empresarial oficial durante la temporada 2025-2026<\/strong>, reafirmando as\u00ed su implicaci\u00f3n con el deporte y con el tejido social y econ\u00f3mico de la ciudad.<\/p>\n\n\n\n<p>El acuerdo consolida la presencia de Covestro en el Nou Estadi Costa Daurada y pone de relieve la importancia que la compa\u00f1\u00eda concede a los<strong> valores del trabajo en equipo<\/strong>, la perseverancia y la mejora constante, principios compartidos tanto por el \u00e1mbito deportivo como por el empresarial.<\/p>\n\n\n\n<p>La firma de la renovaci\u00f3n tuvo lugar en las instalaciones del club, en un acto celebrado el pasado mi\u00e9rcoles, 21 de enero, con la participaci\u00f3n del director general de Covestro Espa\u00f1a, Andrea Firenze, y el presidente ejecutivo del Gimn\u00e0stic de Tarragona, Llu\u00eds F\u00e0bregas.<\/p>\n\n\n\n<p><strong>Andrea Firenze<\/strong> ha afirmado que \u201cesta colaboraci\u00f3n refleja nuestro compromiso con Tarragona y con las personas que forman parte de su comunidad. En Covestro creemos que el deporte es una herramienta poderosa para inspirar, unir y transmitir valores que tambi\u00e9n aplicamos en nuestro d\u00eda a d\u00eda, como el esfuerzo y la voluntad de mejorar. Es un orgullo seguir acompa\u00f1ando al N\u00e0stic en esta nueva etapa\u201d.<\/p>\n\n\n\n<p>Por su parte, <strong>Llu\u00eds F\u00e0bregas<\/strong> ha destacado que \u00abel compromiso de Covestro con nuestra entidad es un ejemplo de fidelidad, con unas bases asentadas d\u00e9cadas atr\u00e1s y mostr\u00e1ndose como un socio empresarial indispensable para nosotros. Est\u00e1 renovaci\u00f3n nos permite seguir trabajando por y para el territorio con la finalidad de conseguir las mejores oportunidades de futuro\u201d.<\/p>\n\n\n\n<p>Con la renovaci\u00f3n de este patrocinio, Covestro reafirma su voluntad de seguir impulsando proyectos que promuevan el bienestar, el desarrollo local y la conexi\u00f3n entre la empresa y su entorno.<\/p>\n\n\n\n<p><a><\/a><strong>Acerca de Covestro:<\/strong><\/p>\n\n\n\n<p>Covestro es uno de los principales fabricantes mundiales de materiales polim\u00e9ricos de alta calidad y sus componentes. Con sus productos, procesos y m\u00e9todos innovadores, la empresa contribuye a mejorar la sostenibilidad y la calidad de vida en muchos \u00e1mbitos. Covestro suministra a clientes de todo el mundo en sectores clave como la movilidad, construcci\u00f3n y vivienda, as\u00ed como en el \u00e1rea de la electricidad y la electr\u00f3nica. Adem\u00e1s, los pol\u00edmeros de Covestro tambi\u00e9n se utilizan en sectores como el deporte y el ocio, las telecomunicaciones y la salud, as\u00ed como en la propia industria qu\u00edmica.&nbsp;<\/p>\n\n\n\n<p>La empresa est\u00e1 totalmente orientada a la econom\u00eda circular. Adem\u00e1s, Covestro aspira a lograr la neutralidad clim\u00e1tica de sus emisiones de Alcance&nbsp;1 y Alcance&nbsp;2 de aqu\u00ed a 2035, y de las emisiones de Alcance&nbsp;3 del Grupo de aqu\u00ed a 2050. Covestro gener\u00f3 unas ventas de 14.400 millones de euros en el ejercicio 2023. A finales de 2023, la empresa ten\u00eda 48&nbsp;centros de producci\u00f3n repartidos por todo el mundo y empleaba a unas 17.500 personas (c\u00e1lculo hecho en funci\u00f3n de puestos de trabajo a tiempo completo).<\/p>\n\n\n\n<p><strong>Covestro en Espa\u00f1a:<\/strong><\/p>\n\n\n\n<p>En Espa\u00f1a, Covestro dispone de cuatro centros de producci\u00f3n que actualmente emplean a m\u00e1s de 500 personas. En Tarragona cuenta con un centro de producci\u00f3n de MDI, precursor necesario para producir espumas de poliuretano; una planta de producci\u00f3n de cloro y sosa c\u00e1ustica; un centro log\u00edstico de distribuci\u00f3n de \u00e1cido clorh\u00eddrico y sosa c\u00e1ustica, un hub ferroviario propio; e infraestructuras disponibles para otras empresas del Parque Qu\u00edmico.<\/p>\n\n\n\n<p>Por su parte, el centro de Barcelona (Zona Franca) se dedica a la fabricaci\u00f3n de resinas para recubrimientos y adhesivos, cuyos sectores finales de aplicaci\u00f3n son la industria de la automoci\u00f3n, textil, madera y construcci\u00f3n, entre otros. En Barcelona, Covestro tambi\u00e9n alberga un centro de desarrollo de productos destinados a recubrimientos de madera y las unidades de comercializaci\u00f3n de las divisiones de Coatings &amp; Adhesives y Engineering Plastics. En Parets del Vall\u00e8s (Barcelona) cuenta con un centro de producci\u00f3n, de aplicaci\u00f3n y de investigaci\u00f3n y desarrollo de resinas acr\u00edlicas y poliuretanos para su uso en recubrimientos, adhesivos y otras especialidades. En Santa Margarida i Els Monjos (Barcelona) produce y comercializa resinas poli\u00e9ster (en escamas) para su uso en recubrimientos. Estos tres centros de la divisi\u00f3n de recubrimientos y adhesivos de Espa\u00f1a operan ya con electricidad de origen renovable en su totalidad.<\/p>\n\n\n\n<p><\/p>\n","protected":false},"excerpt":{"rendered":"<p>La alianza entre la empresa y el club alcanza ya los 39 a\u00f1os de historia<\/p>\n","protected":false},"author":7,"featured_media":101421,"comment_status":"closed","ping_status":"closed","sticky":false,"template":"","format":"standard","meta":{"_acf_changed":false,"footnotes":""},"categories":[113,116],"tags":[],"class_list":["post-101423","post","type-post","status-publish","format-standard","has-post-thumbnail","hentry","category-actualidad","category-club-empresa"],"acf":[],"yoast_head":"<!-- This site is optimized with the Yoast SEO plugin v27.3 - https:\/\/yoast.com\/product\/yoast-seo-wordpress\/ -->\n<title>Covestro renueva su compromiso con el N\u00e0stic de Tarragona para seguir fomentando el deporte y el progreso local - Gimn\u00e0stic de Tarragona SAD<\/title>\n<meta name=\"robots\" content=\"index, follow, max-snippet:-1, max-image-preview:large, max-video-preview:-1\" \/>\n<link rel=\"canonical\" href=\"https:\/\/gimnasticdetarragona.cat\/es\/covestro-renueva-su-compromiso-con-el-nastic-de-tarragona-para-seguir-fomentando-el-deporte-y-el-progreso-local\/\" \/>\n<meta property=\"og:locale\" content=\"es_ES\" \/>\n<meta property=\"og:type\" content=\"article\" \/>\n<meta property=\"og:title\" content=\"Covestro renueva su compromiso con el N\u00e0stic de Tarragona para seguir fomentando el deporte y el progreso local - Gimn\u00e0stic de Tarragona SAD\" \/>\n<meta property=\"og:description\" content=\"La alianza entre la empresa y el club alcanza ya los 39 a\u00f1os de historia\" \/>\n<meta property=\"og:url\" content=\"https:\/\/gimnasticdetarragona.cat\/es\/covestro-renueva-su-compromiso-con-el-nastic-de-tarragona-para-seguir-fomentando-el-deporte-y-el-progreso-local\/\" \/>\n<meta property=\"og:site_name\" content=\"Gimn\u00e0stic de Tarragona SAD\" \/>\n<meta property=\"article:published_time\" content=\"2026-01-27T11:05:18+00:00\" \/>\n<meta property=\"article:modified_time\" content=\"2026-01-27T11:06:10+00:00\" \/>\n<meta property=\"og:image\" content=\"https:\/\/gimnasticdetarragona.cat\/wp-content\/uploads\/2026\/01\/IMG_5357-scaled.jpg\" \/>\n\t<meta property=\"og:image:width\" content=\"2560\" \/>\n\t<meta property=\"og:image:height\" content=\"1701\" \/>\n\t<meta property=\"og:image:type\" content=\"image\/jpeg\" \/>\n<meta name=\"author\" content=\"Comunicacion\" \/>\n<meta name=\"twitter:card\" content=\"summary_large_image\" \/>\n<meta name=\"twitter:creator\" content=\"@NASTICTARRAGONA\" \/>\n<meta name=\"twitter:site\" content=\"@NASTICTARRAGONA\" \/>\n<meta name=\"twitter:label1\" content=\"Escrito por\" \/>\n\t<meta name=\"twitter:data1\" content=\"Comunicacion\" \/>\n\t<meta name=\"twitter:label2\" content=\"Tiempo de lectura\" \/>\n\t<meta name=\"twitter:data2\" content=\"4 minutos\" \/>\n<script type=\"application\/ld+json\" class=\"yoast-schema-graph\">{\"@context\":\"https:\\\/\\\/schema.org\",\"@graph\":[{\"@type\":\"Article\",\"@id\":\"https:\\\/\\\/gimnasticdetarragona.cat\\\/es\\\/covestro-renueva-su-compromiso-con-el-nastic-de-tarragona-para-seguir-fomentando-el-deporte-y-el-progreso-local\\\/#article\",\"isPartOf\":{\"@id\":\"https:\\\/\\\/gimnasticdetarragona.cat\\\/es\\\/covestro-renueva-su-compromiso-con-el-nastic-de-tarragona-para-seguir-fomentando-el-deporte-y-el-progreso-local\\\/\"},\"author\":{\"name\":\"Comunicacion\",\"@id\":\"https:\\\/\\\/gimnasticdetarragona.cat\\\/es\\\/#\\\/schema\\\/person\\\/0a9b7103e7dd73640eb245c4aa4afb8d\"},\"headline\":\"Covestro renueva su compromiso con el N\u00e0stic de Tarragona para seguir fomentando el deporte y el progreso local\",\"datePublished\":\"2026-01-27T11:05:18+00:00\",\"dateModified\":\"2026-01-27T11:06:10+00:00\",\"mainEntityOfPage\":{\"@id\":\"https:\\\/\\\/gimnasticdetarragona.cat\\\/es\\\/covestro-renueva-su-compromiso-con-el-nastic-de-tarragona-para-seguir-fomentando-el-deporte-y-el-progreso-local\\\/\"},\"wordCount\":813,\"publisher\":{\"@id\":\"https:\\\/\\\/gimnasticdetarragona.cat\\\/es\\\/#organization\"},\"image\":{\"@id\":\"https:\\\/\\\/gimnasticdetarragona.cat\\\/es\\\/covestro-renueva-su-compromiso-con-el-nastic-de-tarragona-para-seguir-fomentando-el-deporte-y-el-progreso-local\\\/#primaryimage\"},\"thumbnailUrl\":\"https:\\\/\\\/gimnasticdetarragona.cat\\\/wp-content\\\/uploads\\\/2026\\\/01\\\/IMG_5357-scaled.jpg\",\"articleSection\":[\"Actualidad\",\"Club Empresa\"],\"inLanguage\":\"es\"},{\"@type\":\"WebPage\",\"@id\":\"https:\\\/\\\/gimnasticdetarragona.cat\\\/es\\\/covestro-renueva-su-compromiso-con-el-nastic-de-tarragona-para-seguir-fomentando-el-deporte-y-el-progreso-local\\\/\",\"url\":\"https:\\\/\\\/gimnasticdetarragona.cat\\\/es\\\/covestro-renueva-su-compromiso-con-el-nastic-de-tarragona-para-seguir-fomentando-el-deporte-y-el-progreso-local\\\/\",\"name\":\"Covestro renueva su compromiso con el N\u00e0stic de Tarragona para seguir fomentando el deporte y el progreso local - Gimn\u00e0stic de Tarragona SAD\",\"isPartOf\":{\"@id\":\"https:\\\/\\\/gimnasticdetarragona.cat\\\/es\\\/#website\"},\"primaryImageOfPage\":{\"@id\":\"https:\\\/\\\/gimnasticdetarragona.cat\\\/es\\\/covestro-renueva-su-compromiso-con-el-nastic-de-tarragona-para-seguir-fomentando-el-deporte-y-el-progreso-local\\\/#primaryimage\"},\"image\":{\"@id\":\"https:\\\/\\\/gimnasticdetarragona.cat\\\/es\\\/covestro-renueva-su-compromiso-con-el-nastic-de-tarragona-para-seguir-fomentando-el-deporte-y-el-progreso-local\\\/#primaryimage\"},\"thumbnailUrl\":\"https:\\\/\\\/gimnasticdetarragona.cat\\\/wp-content\\\/uploads\\\/2026\\\/01\\\/IMG_5357-scaled.jpg\",\"datePublished\":\"2026-01-27T11:05:18+00:00\",\"dateModified\":\"2026-01-27T11:06:10+00:00\",\"breadcrumb\":{\"@id\":\"https:\\\/\\\/gimnasticdetarragona.cat\\\/es\\\/covestro-renueva-su-compromiso-con-el-nastic-de-tarragona-para-seguir-fomentando-el-deporte-y-el-progreso-local\\\/#breadcrumb\"},\"inLanguage\":\"es\",\"potentialAction\":[{\"@type\":\"ReadAction\",\"target\":[\"https:\\\/\\\/gimnasticdetarragona.cat\\\/es\\\/covestro-renueva-su-compromiso-con-el-nastic-de-tarragona-para-seguir-fomentando-el-deporte-y-el-progreso-local\\\/\"]}]},{\"@type\":\"ImageObject\",\"inLanguage\":\"es\",\"@id\":\"https:\\\/\\\/gimnasticdetarragona.cat\\\/es\\\/covestro-renueva-su-compromiso-con-el-nastic-de-tarragona-para-seguir-fomentando-el-deporte-y-el-progreso-local\\\/#primaryimage\",\"url\":\"https:\\\/\\\/gimnasticdetarragona.cat\\\/wp-content\\\/uploads\\\/2026\\\/01\\\/IMG_5357-scaled.jpg\",\"contentUrl\":\"https:\\\/\\\/gimnasticdetarragona.cat\\\/wp-content\\\/uploads\\\/2026\\\/01\\\/IMG_5357-scaled.jpg\",\"width\":2560,\"height\":1701},{\"@type\":\"BreadcrumbList\",\"@id\":\"https:\\\/\\\/gimnasticdetarragona.cat\\\/es\\\/covestro-renueva-su-compromiso-con-el-nastic-de-tarragona-para-seguir-fomentando-el-deporte-y-el-progreso-local\\\/#breadcrumb\",\"itemListElement\":[{\"@type\":\"ListItem\",\"position\":1,\"name\":\"Inici\",\"item\":\"https:\\\/\\\/gimnasticdetarragona.cat\\\/es\\\/nastic\\\/\"},{\"@type\":\"ListItem\",\"position\":2,\"name\":\"Covestro renueva su compromiso con el N\u00e0stic de Tarragona para seguir fomentando el deporte y el progreso local\"}]},{\"@type\":\"WebSite\",\"@id\":\"https:\\\/\\\/gimnasticdetarragona.cat\\\/es\\\/#website\",\"url\":\"https:\\\/\\\/gimnasticdetarragona.cat\\\/es\\\/\",\"name\":\"Gimn\u00e0stic de Tarragona SAD\",\"description\":\"Gimn\u00e0stic de Tarragona\",\"publisher\":{\"@id\":\"https:\\\/\\\/gimnasticdetarragona.cat\\\/es\\\/#organization\"},\"potentialAction\":[{\"@type\":\"SearchAction\",\"target\":{\"@type\":\"EntryPoint\",\"urlTemplate\":\"https:\\\/\\\/gimnasticdetarragona.cat\\\/es\\\/?s={search_term_string}\"},\"query-input\":{\"@type\":\"PropertyValueSpecification\",\"valueRequired\":true,\"valueName\":\"search_term_string\"}}],\"inLanguage\":\"es\"},{\"@type\":\"Organization\",\"@id\":\"https:\\\/\\\/gimnasticdetarragona.cat\\\/es\\\/#organization\",\"name\":\"GIMN\u00c0STIC DE TARRAGONA\",\"alternateName\":\"N\u00c0STIC\",\"url\":\"https:\\\/\\\/gimnasticdetarragona.cat\\\/es\\\/\",\"logo\":{\"@type\":\"ImageObject\",\"inLanguage\":\"es\",\"@id\":\"https:\\\/\\\/gimnasticdetarragona.cat\\\/es\\\/#\\\/schema\\\/logo\\\/image\\\/\",\"url\":\"https:\\\/\\\/gimnasticdetarragona.cat\\\/wp-content\\\/uploads\\\/2022\\\/06\\\/cropped-logo-gimnastic.png\",\"contentUrl\":\"https:\\\/\\\/gimnasticdetarragona.cat\\\/wp-content\\\/uploads\\\/2022\\\/06\\\/cropped-logo-gimnastic.png\",\"width\":224,\"height\":83,\"caption\":\"GIMN\u00c0STIC DE TARRAGONA\"},\"image\":{\"@id\":\"https:\\\/\\\/gimnasticdetarragona.cat\\\/es\\\/#\\\/schema\\\/logo\\\/image\\\/\"},\"sameAs\":[\"https:\\\/\\\/x.com\\\/NASTICTARRAGONA\",\"https:\\\/\\\/www.instagram.com\\\/nastictarragona\\\/\"]},{\"@type\":\"Person\",\"@id\":\"https:\\\/\\\/gimnasticdetarragona.cat\\\/es\\\/#\\\/schema\\\/person\\\/0a9b7103e7dd73640eb245c4aa4afb8d\",\"name\":\"Comunicacion\"}]}<\/script>\n<!-- \/ Yoast SEO plugin. -->","yoast_head_json":{"title":"Covestro renueva su compromiso con el N\u00e0stic de Tarragona para seguir fomentando el deporte y el progreso local - Gimn\u00e0stic de Tarragona SAD","robots":{"index":"index","follow":"follow","max-snippet":"max-snippet:-1","max-image-preview":"max-image-preview:large","max-video-preview":"max-video-preview:-1"},"canonical":"https:\/\/gimnasticdetarragona.cat\/es\/covestro-renueva-su-compromiso-con-el-nastic-de-tarragona-para-seguir-fomentando-el-deporte-y-el-progreso-local\/","og_locale":"es_ES","og_type":"article","og_title":"Covestro renueva su compromiso con el N\u00e0stic de Tarragona para seguir fomentando el deporte y el progreso local - Gimn\u00e0stic de Tarragona SAD","og_description":"La alianza entre la empresa y el club alcanza ya los 39 a\u00f1os de historia","og_url":"https:\/\/gimnasticdetarragona.cat\/es\/covestro-renueva-su-compromiso-con-el-nastic-de-tarragona-para-seguir-fomentando-el-deporte-y-el-progreso-local\/","og_site_name":"Gimn\u00e0stic de Tarragona SAD","article_published_time":"2026-01-27T11:05:18+00:00","article_modified_time":"2026-01-27T11:06:10+00:00","og_image":[{"width":2560,"height":1701,"url":"https:\/\/gimnasticdetarragona.cat\/wp-content\/uploads\/2026\/01\/IMG_5357-scaled.jpg","type":"image\/jpeg"}],"author":"Comunicacion","twitter_card":"summary_large_image","twitter_creator":"@NASTICTARRAGONA","twitter_site":"@NASTICTARRAGONA","twitter_misc":{"Escrito por":"Comunicacion","Tiempo de lectura":"4 minutos"},"schema":{"@context":"https:\/\/schema.org","@graph":[{"@type":"Article","@id":"https:\/\/gimnasticdetarragona.cat\/es\/covestro-renueva-su-compromiso-con-el-nastic-de-tarragona-para-seguir-fomentando-el-deporte-y-el-progreso-local\/#article","isPartOf":{"@id":"https:\/\/gimnasticdetarragona.cat\/es\/covestro-renueva-su-compromiso-con-el-nastic-de-tarragona-para-seguir-fomentando-el-deporte-y-el-progreso-local\/"},"author":{"name":"Comunicacion","@id":"https:\/\/gimnasticdetarragona.cat\/es\/#\/schema\/person\/0a9b7103e7dd73640eb245c4aa4afb8d"},"headline":"Covestro renueva su compromiso con el N\u00e0stic de Tarragona para seguir fomentando el deporte y el progreso local","datePublished":"2026-01-27T11:05:18+00:00","dateModified":"2026-01-27T11:06:10+00:00","mainEntityOfPage":{"@id":"https:\/\/gimnasticdetarragona.cat\/es\/covestro-renueva-su-compromiso-con-el-nastic-de-tarragona-para-seguir-fomentando-el-deporte-y-el-progreso-local\/"},"wordCount":813,"publisher":{"@id":"https:\/\/gimnasticdetarragona.cat\/es\/#organization"},"image":{"@id":"https:\/\/gimnasticdetarragona.cat\/es\/covestro-renueva-su-compromiso-con-el-nastic-de-tarragona-para-seguir-fomentando-el-deporte-y-el-progreso-local\/#primaryimage"},"thumbnailUrl":"https:\/\/gimnasticdetarragona.cat\/wp-content\/uploads\/2026\/01\/IMG_5357-scaled.jpg","articleSection":["Actualidad","Club Empresa"],"inLanguage":"es"},{"@type":"WebPage","@id":"https:\/\/gimnasticdetarragona.cat\/es\/covestro-renueva-su-compromiso-con-el-nastic-de-tarragona-para-seguir-fomentando-el-deporte-y-el-progreso-local\/","url":"https:\/\/gimnasticdetarragona.cat\/es\/covestro-renueva-su-compromiso-con-el-nastic-de-tarragona-para-seguir-fomentando-el-deporte-y-el-progreso-local\/","name":"Covestro renueva su compromiso con el N\u00e0stic de Tarragona para seguir fomentando el deporte y el progreso local - Gimn\u00e0stic de Tarragona SAD","isPartOf":{"@id":"https:\/\/gimnasticdetarragona.cat\/es\/#website"},"primaryImageOfPage":{"@id":"https:\/\/gimnasticdetarragona.cat\/es\/covestro-renueva-su-compromiso-con-el-nastic-de-tarragona-para-seguir-fomentando-el-deporte-y-el-progreso-local\/#primaryimage"},"image":{"@id":"https:\/\/gimnasticdetarragona.cat\/es\/covestro-renueva-su-compromiso-con-el-nastic-de-tarragona-para-seguir-fomentando-el-deporte-y-el-progreso-local\/#primaryimage"},"thumbnailUrl":"https:\/\/gimnasticdetarragona.cat\/wp-content\/uploads\/2026\/01\/IMG_5357-scaled.jpg","datePublished":"2026-01-27T11:05:18+00:00","dateModified":"2026-01-27T11:06:10+00:00","breadcrumb":{"@id":"https:\/\/gimnasticdetarragona.cat\/es\/covestro-renueva-su-compromiso-con-el-nastic-de-tarragona-para-seguir-fomentando-el-deporte-y-el-progreso-local\/#breadcrumb"},"inLanguage":"es","potentialAction":[{"@type":"ReadAction","target":["https:\/\/gimnasticdetarragona.cat\/es\/covestro-renueva-su-compromiso-con-el-nastic-de-tarragona-para-seguir-fomentando-el-deporte-y-el-progreso-local\/"]}]},{"@type":"ImageObject","inLanguage":"es","@id":"https:\/\/gimnasticdetarragona.cat\/es\/covestro-renueva-su-compromiso-con-el-nastic-de-tarragona-para-seguir-fomentando-el-deporte-y-el-progreso-local\/#primaryimage","url":"https:\/\/gimnasticdetarragona.cat\/wp-content\/uploads\/2026\/01\/IMG_5357-scaled.jpg","contentUrl":"https:\/\/gimnasticdetarragona.cat\/wp-content\/uploads\/2026\/01\/IMG_5357-scaled.jpg","width":2560,"height":1701},{"@type":"BreadcrumbList","@id":"https:\/\/gimnasticdetarragona.cat\/es\/covestro-renueva-su-compromiso-con-el-nastic-de-tarragona-para-seguir-fomentando-el-deporte-y-el-progreso-local\/#breadcrumb","itemListElement":[{"@type":"ListItem","position":1,"name":"Inici","item":"https:\/\/gimnasticdetarragona.cat\/es\/nastic\/"},{"@type":"ListItem","position":2,"name":"Covestro renueva su compromiso con el N\u00e0stic de Tarragona para seguir fomentando el deporte y el progreso local"}]},{"@type":"WebSite","@id":"https:\/\/gimnasticdetarragona.cat\/es\/#website","url":"https:\/\/gimnasticdetarragona.cat\/es\/","name":"Gimn\u00e0stic de Tarragona SAD","description":"Gimn\u00e0stic de Tarragona","publisher":{"@id":"https:\/\/gimnasticdetarragona.cat\/es\/#organization"},"potentialAction":[{"@type":"SearchAction","target":{"@type":"EntryPoint","urlTemplate":"https:\/\/gimnasticdetarragona.cat\/es\/?s={search_term_string}"},"query-input":{"@type":"PropertyValueSpecification","valueRequired":true,"valueName":"search_term_string"}}],"inLanguage":"es"},{"@type":"Organization","@id":"https:\/\/gimnasticdetarragona.cat\/es\/#organization","name":"GIMN\u00c0STIC DE TARRAGONA","alternateName":"N\u00c0STIC","url":"https:\/\/gimnasticdetarragona.cat\/es\/","logo":{"@type":"ImageObject","inLanguage":"es","@id":"https:\/\/gimnasticdetarragona.cat\/es\/#\/schema\/logo\/image\/","url":"https:\/\/gimnasticdetarragona.cat\/wp-content\/uploads\/2022\/06\/cropped-logo-gimnastic.png","contentUrl":"https:\/\/gimnasticdetarragona.cat\/wp-content\/uploads\/2022\/06\/cropped-logo-gimnastic.png","width":224,"height":83,"caption":"GIMN\u00c0STIC DE TARRAGONA"},"image":{"@id":"https:\/\/gimnasticdetarragona.cat\/es\/#\/schema\/logo\/image\/"},"sameAs":["https:\/\/x.com\/NASTICTARRAGONA","https:\/\/www.instagram.com\/nastictarragona\/"]},{"@type":"Person","@id":"https:\/\/gimnasticdetarragona.cat\/es\/#\/schema\/person\/0a9b7103e7dd73640eb245c4aa4afb8d","name":"Comunicacion"}]}},"_links":{"self":[{"href":"https:\/\/gimnasticdetarragona.cat\/es\/wp-json\/wp\/v2\/posts\/101423","targetHints":{"allow":["GET"]}}],"collection":[{"href":"https:\/\/gimnasticdetarragona.cat\/es\/wp-json\/wp\/v2\/posts"}],"about":[{"href":"https:\/\/gimnasticdetarragona.cat\/es\/wp-json\/wp\/v2\/types\/post"}],"author":[{"embeddable":true,"href":"https:\/\/gimnasticdetarragona.cat\/es\/wp-json\/wp\/v2\/users\/7"}],"replies":[{"embeddable":true,"href":"https:\/\/gimnasticdetarragona.cat\/es\/wp-json\/wp\/v2\/comments?post=101423"}],"version-history":[{"count":1,"href":"https:\/\/gimnasticdetarragona.cat\/es\/wp-json\/wp\/v2\/posts\/101423\/revisions"}],"predecessor-version":[{"id":101424,"href":"https:\/\/gimnasticdetarragona.cat\/es\/wp-json\/wp\/v2\/posts\/101423\/revisions\/101424"}],"wp:featuredmedia":[{"embeddable":true,"href":"https:\/\/gimnasticdetarragona.cat\/es\/wp-json\/wp\/v2\/media\/101421"}],"wp:attachment":[{"href":"https:\/\/gimnasticdetarragona.cat\/es\/wp-json\/wp\/v2\/media?parent=101423"}],"wp:term":[{"taxonomy":"category","embeddable":true,"href":"https:\/\/gimnasticdetarragona.cat\/es\/wp-json\/wp\/v2\/categories?post=101423"},{"taxonomy":"post_tag","embeddable":true,"href":"https:\/\/gimnasticdetarragona.cat\/es\/wp-json\/wp\/v2\/tags?post=101423"}],"curies":[{"name":"wp","href":"https:\/\/api.w.org\/{rel}","templated":true}]}}