{"id":101432,"date":"2026-01-27T18:37:23","date_gmt":"2026-01-27T17:37:23","guid":{"rendered":"https:\/\/gimnasticdetarragona.cat\/el-nastic-ja-esta-preparat-per-competir-a-la-segona-fase-de-laliga-genuine-moeve\/"},"modified":"2026-01-27T18:50:49","modified_gmt":"2026-01-27T17:50:49","slug":"el-nastic-ja-esta-preparat-per-competir-a-la-segona-fase-de-laliga-genuine-moeve","status":"publish","type":"post","link":"https:\/\/gimnasticdetarragona.cat\/es\/el-nastic-ja-esta-preparat-per-competir-a-la-segona-fase-de-laliga-genuine-moeve\/","title":{"rendered":"El N\u00e0stic ya est\u00e1 preparado para competir en la segunda fase de LALIGA GENUINE Moeve"},"content":{"rendered":"\n<p>El Gimn\u00e0stic de Tarragona afronta este fin de semana una nueva etapa de la competici\u00f3n despu\u00e9s de completar la primera fase en Tarragona y viajar\u00e1 a Andaluc\u00eda para disputar la 2\u00aa Fase en la Ciudad Deportiva Bah\u00eda de C\u00e1diz.<\/p>\n\n\n\n<p>El equipo grana realiz\u00f3 el \u00faltimo entrenamiento este lunes 26 de enero en el campo anexo al Nou Estadi Costa Daurada, donde el equipo ha ultimado todos los detalles antes de desplazarse a C\u00e1diz.<\/p>\n\n\n\n<p>La convocatoria est\u00e1 formada por Gerard Bertran, Albert Roca, David Descarrega, Jose Antonio Mateu, Ra\u00fal Iglesias, V\u00e0nia Garcia, Alejandro Corujo, Joan Josep Gonzales, Marc Rodr\u00edguez, Marta \u00c1lvarez, Javier Jose Sarabia, Daniel Ord\u00f3\u00f1ez, Aaron Oya, Andy Mart\u00edn, Edgar Torres y Aaron Cort\u00e9s. El t\u00e9cnico Rafel Magriny\u00e0 contar\u00e1 con el apoyo de Lorena S\u00e1nchez, Santiago Giner y Daniel Barske.<\/p>\n\n\n\n<p>La expedici\u00f3n grana viajar\u00e1 a primera hora del viernes. Los grana volar\u00e1n desde Barcelona hasta Jerez de la Frontera; una vez en tierras andaluzas, se desplazar\u00e1 en autocar hasta C\u00e1diz. Los duelos est\u00e1n programados de la siguiente manera:<\/p>\n\n\n\n<ul class=\"wp-block-list\">\n<li>S\u00e1bado, 31 de enero, a las 16 horas, el N\u00e0stic se enfrentar\u00e1 a la UD Las Palmas en el campo 3.<br><br><\/li>\n\n\n\n<li>Domingo, 1 de febrero, a las 9 horas, tendr\u00e1 lugar el partido contra el Real Betis Balompi\u00e9 en el campo 1.<br><\/li>\n<\/ul>\n\n\n\n<p>El club sigue con la vista puesta en seguir compitiendo y dar la mejor versi\u00f3n sobre el c\u00e9sped, y afronta este nuevo reto con las ganas de seguir mostrando su <em>fair play<\/em> dentro y fuera del terreno de juego.<\/p>\n\n\n\n<p>Con el apoyo de BASF, Diputaci\u00f3 de Tarragona, Ajuntament de Tarragona, Sorigu\u00e9 y Port de Tarragona.<\/p>\n","protected":false},"excerpt":{"rendered":"<p>Partidos ante la UD Las Palmas y Real Betis<\/p>\n","protected":false},"author":7,"featured_media":101430,"comment_status":"closed","ping_status":"closed","sticky":false,"template":"","format":"standard","meta":{"_acf_changed":false,"footnotes":""},"categories":[113,119],"tags":[],"class_list":["post-101432","post","type-post","status-publish","format-standard","has-post-thumbnail","hentry","category-actualidad","category-genuine-1"],"acf":[],"yoast_head":"<!-- This site is optimized with the Yoast SEO plugin v27.3 - https:\/\/yoast.com\/product\/yoast-seo-wordpress\/ -->\n<title>El N\u00e0stic ya est\u00e1 preparado para competir en la segunda fase de LALIGA GENUINE Moeve - Gimn\u00e0stic de Tarragona SAD<\/title>\n<meta name=\"robots\" content=\"index, follow, max-snippet:-1, max-image-preview:large, max-video-preview:-1\" \/>\n<link rel=\"canonical\" href=\"https:\/\/gimnasticdetarragona.cat\/es\/el-nastic-ja-esta-preparat-per-competir-a-la-segona-fase-de-laliga-genuine-moeve\/\" \/>\n<meta property=\"og:locale\" content=\"es_ES\" \/>\n<meta property=\"og:type\" content=\"article\" \/>\n<meta property=\"og:title\" content=\"El N\u00e0stic ya est\u00e1 preparado para competir en la segunda fase de LALIGA GENUINE Moeve - Gimn\u00e0stic de Tarragona SAD\" \/>\n<meta property=\"og:description\" content=\"Partidos ante la UD Las Palmas y Real Betis\" \/>\n<meta property=\"og:url\" content=\"https:\/\/gimnasticdetarragona.cat\/es\/el-nastic-ja-esta-preparat-per-competir-a-la-segona-fase-de-laliga-genuine-moeve\/\" \/>\n<meta property=\"og:site_name\" content=\"Gimn\u00e0stic de Tarragona SAD\" \/>\n<meta property=\"article:published_time\" content=\"2026-01-27T17:37:23+00:00\" \/>\n<meta property=\"article:modified_time\" content=\"2026-01-27T17:50:49+00:00\" \/>\n<meta property=\"og:image\" content=\"https:\/\/gimnasticdetarragona.cat\/wp-content\/uploads\/2026\/01\/IMG_9532-scaled.jpg\" \/>\n\t<meta property=\"og:image:width\" content=\"2560\" \/>\n\t<meta property=\"og:image:height\" content=\"1707\" \/>\n\t<meta property=\"og:image:type\" content=\"image\/jpeg\" \/>\n<meta name=\"author\" content=\"Comunicacion\" \/>\n<meta name=\"twitter:card\" content=\"summary_large_image\" \/>\n<meta name=\"twitter:creator\" content=\"@NASTICTARRAGONA\" \/>\n<meta name=\"twitter:site\" content=\"@NASTICTARRAGONA\" \/>\n<meta name=\"twitter:label1\" content=\"Escrito por\" \/>\n\t<meta name=\"twitter:data1\" content=\"Comunicacion\" \/>\n\t<meta name=\"twitter:label2\" content=\"Tiempo de lectura\" \/>\n\t<meta name=\"twitter:data2\" content=\"1 minuto\" \/>\n<script type=\"application\/ld+json\" class=\"yoast-schema-graph\">{\"@context\":\"https:\\\/\\\/schema.org\",\"@graph\":[{\"@type\":\"Article\",\"@id\":\"https:\\\/\\\/gimnasticdetarragona.cat\\\/es\\\/el-nastic-ja-esta-preparat-per-competir-a-la-segona-fase-de-laliga-genuine-moeve\\\/#article\",\"isPartOf\":{\"@id\":\"https:\\\/\\\/gimnasticdetarragona.cat\\\/es\\\/el-nastic-ja-esta-preparat-per-competir-a-la-segona-fase-de-laliga-genuine-moeve\\\/\"},\"author\":{\"name\":\"Comunicacion\",\"@id\":\"https:\\\/\\\/gimnasticdetarragona.cat\\\/es\\\/#\\\/schema\\\/person\\\/0a9b7103e7dd73640eb245c4aa4afb8d\"},\"headline\":\"El N\u00e0stic ya est\u00e1 preparado para competir en la segunda fase de LALIGA GENUINE Moeve\",\"datePublished\":\"2026-01-27T17:37:23+00:00\",\"dateModified\":\"2026-01-27T17:50:49+00:00\",\"mainEntityOfPage\":{\"@id\":\"https:\\\/\\\/gimnasticdetarragona.cat\\\/es\\\/el-nastic-ja-esta-preparat-per-competir-a-la-segona-fase-de-laliga-genuine-moeve\\\/\"},\"wordCount\":296,\"publisher\":{\"@id\":\"https:\\\/\\\/gimnasticdetarragona.cat\\\/es\\\/#organization\"},\"image\":{\"@id\":\"https:\\\/\\\/gimnasticdetarragona.cat\\\/es\\\/el-nastic-ja-esta-preparat-per-competir-a-la-segona-fase-de-laliga-genuine-moeve\\\/#primaryimage\"},\"thumbnailUrl\":\"https:\\\/\\\/gimnasticdetarragona.cat\\\/wp-content\\\/uploads\\\/2026\\\/01\\\/IMG_9532-scaled.jpg\",\"articleSection\":[\"Actualidad\",\"Genuine\"],\"inLanguage\":\"es\"},{\"@type\":\"WebPage\",\"@id\":\"https:\\\/\\\/gimnasticdetarragona.cat\\\/es\\\/el-nastic-ja-esta-preparat-per-competir-a-la-segona-fase-de-laliga-genuine-moeve\\\/\",\"url\":\"https:\\\/\\\/gimnasticdetarragona.cat\\\/es\\\/el-nastic-ja-esta-preparat-per-competir-a-la-segona-fase-de-laliga-genuine-moeve\\\/\",\"name\":\"El N\u00e0stic ya est\u00e1 preparado para competir en la segunda fase de LALIGA GENUINE Moeve - Gimn\u00e0stic de Tarragona SAD\",\"isPartOf\":{\"@id\":\"https:\\\/\\\/gimnasticdetarragona.cat\\\/es\\\/#website\"},\"primaryImageOfPage\":{\"@id\":\"https:\\\/\\\/gimnasticdetarragona.cat\\\/es\\\/el-nastic-ja-esta-preparat-per-competir-a-la-segona-fase-de-laliga-genuine-moeve\\\/#primaryimage\"},\"image\":{\"@id\":\"https:\\\/\\\/gimnasticdetarragona.cat\\\/es\\\/el-nastic-ja-esta-preparat-per-competir-a-la-segona-fase-de-laliga-genuine-moeve\\\/#primaryimage\"},\"thumbnailUrl\":\"https:\\\/\\\/gimnasticdetarragona.cat\\\/wp-content\\\/uploads\\\/2026\\\/01\\\/IMG_9532-scaled.jpg\",\"datePublished\":\"2026-01-27T17:37:23+00:00\",\"dateModified\":\"2026-01-27T17:50:49+00:00\",\"breadcrumb\":{\"@id\":\"https:\\\/\\\/gimnasticdetarragona.cat\\\/es\\\/el-nastic-ja-esta-preparat-per-competir-a-la-segona-fase-de-laliga-genuine-moeve\\\/#breadcrumb\"},\"inLanguage\":\"es\",\"potentialAction\":[{\"@type\":\"ReadAction\",\"target\":[\"https:\\\/\\\/gimnasticdetarragona.cat\\\/es\\\/el-nastic-ja-esta-preparat-per-competir-a-la-segona-fase-de-laliga-genuine-moeve\\\/\"]}]},{\"@type\":\"ImageObject\",\"inLanguage\":\"es\",\"@id\":\"https:\\\/\\\/gimnasticdetarragona.cat\\\/es\\\/el-nastic-ja-esta-preparat-per-competir-a-la-segona-fase-de-laliga-genuine-moeve\\\/#primaryimage\",\"url\":\"https:\\\/\\\/gimnasticdetarragona.cat\\\/wp-content\\\/uploads\\\/2026\\\/01\\\/IMG_9532-scaled.jpg\",\"contentUrl\":\"https:\\\/\\\/gimnasticdetarragona.cat\\\/wp-content\\\/uploads\\\/2026\\\/01\\\/IMG_9532-scaled.jpg\",\"width\":2560,\"height\":1707},{\"@type\":\"BreadcrumbList\",\"@id\":\"https:\\\/\\\/gimnasticdetarragona.cat\\\/es\\\/el-nastic-ja-esta-preparat-per-competir-a-la-segona-fase-de-laliga-genuine-moeve\\\/#breadcrumb\",\"itemListElement\":[{\"@type\":\"ListItem\",\"position\":1,\"name\":\"Inici\",\"item\":\"https:\\\/\\\/gimnasticdetarragona.cat\\\/es\\\/nastic\\\/\"},{\"@type\":\"ListItem\",\"position\":2,\"name\":\"El N\u00e0stic ya est\u00e1 preparado para competir en la segunda fase de LALIGA GENUINE Moeve\"}]},{\"@type\":\"WebSite\",\"@id\":\"https:\\\/\\\/gimnasticdetarragona.cat\\\/es\\\/#website\",\"url\":\"https:\\\/\\\/gimnasticdetarragona.cat\\\/es\\\/\",\"name\":\"Gimn\u00e0stic de Tarragona SAD\",\"description\":\"Gimn\u00e0stic de Tarragona\",\"publisher\":{\"@id\":\"https:\\\/\\\/gimnasticdetarragona.cat\\\/es\\\/#organization\"},\"potentialAction\":[{\"@type\":\"SearchAction\",\"target\":{\"@type\":\"EntryPoint\",\"urlTemplate\":\"https:\\\/\\\/gimnasticdetarragona.cat\\\/es\\\/?s={search_term_string}\"},\"query-input\":{\"@type\":\"PropertyValueSpecification\",\"valueRequired\":true,\"valueName\":\"search_term_string\"}}],\"inLanguage\":\"es\"},{\"@type\":\"Organization\",\"@id\":\"https:\\\/\\\/gimnasticdetarragona.cat\\\/es\\\/#organization\",\"name\":\"GIMN\u00c0STIC DE TARRAGONA\",\"alternateName\":\"N\u00c0STIC\",\"url\":\"https:\\\/\\\/gimnasticdetarragona.cat\\\/es\\\/\",\"logo\":{\"@type\":\"ImageObject\",\"inLanguage\":\"es\",\"@id\":\"https:\\\/\\\/gimnasticdetarragona.cat\\\/es\\\/#\\\/schema\\\/logo\\\/image\\\/\",\"url\":\"https:\\\/\\\/gimnasticdetarragona.cat\\\/wp-content\\\/uploads\\\/2022\\\/06\\\/cropped-logo-gimnastic.png\",\"contentUrl\":\"https:\\\/\\\/gimnasticdetarragona.cat\\\/wp-content\\\/uploads\\\/2022\\\/06\\\/cropped-logo-gimnastic.png\",\"width\":224,\"height\":83,\"caption\":\"GIMN\u00c0STIC DE TARRAGONA\"},\"image\":{\"@id\":\"https:\\\/\\\/gimnasticdetarragona.cat\\\/es\\\/#\\\/schema\\\/logo\\\/image\\\/\"},\"sameAs\":[\"https:\\\/\\\/x.com\\\/NASTICTARRAGONA\",\"https:\\\/\\\/www.instagram.com\\\/nastictarragona\\\/\"]},{\"@type\":\"Person\",\"@id\":\"https:\\\/\\\/gimnasticdetarragona.cat\\\/es\\\/#\\\/schema\\\/person\\\/0a9b7103e7dd73640eb245c4aa4afb8d\",\"name\":\"Comunicacion\"}]}<\/script>\n<!-- \/ Yoast SEO plugin. -->","yoast_head_json":{"title":"El N\u00e0stic ya est\u00e1 preparado para competir en la segunda fase de LALIGA GENUINE Moeve - Gimn\u00e0stic de Tarragona SAD","robots":{"index":"index","follow":"follow","max-snippet":"max-snippet:-1","max-image-preview":"max-image-preview:large","max-video-preview":"max-video-preview:-1"},"canonical":"https:\/\/gimnasticdetarragona.cat\/es\/el-nastic-ja-esta-preparat-per-competir-a-la-segona-fase-de-laliga-genuine-moeve\/","og_locale":"es_ES","og_type":"article","og_title":"El N\u00e0stic ya est\u00e1 preparado para competir en la segunda fase de LALIGA GENUINE Moeve - Gimn\u00e0stic de Tarragona SAD","og_description":"Partidos ante la UD Las Palmas y Real Betis","og_url":"https:\/\/gimnasticdetarragona.cat\/es\/el-nastic-ja-esta-preparat-per-competir-a-la-segona-fase-de-laliga-genuine-moeve\/","og_site_name":"Gimn\u00e0stic de Tarragona SAD","article_published_time":"2026-01-27T17:37:23+00:00","article_modified_time":"2026-01-27T17:50:49+00:00","og_image":[{"width":2560,"height":1707,"url":"https:\/\/gimnasticdetarragona.cat\/wp-content\/uploads\/2026\/01\/IMG_9532-scaled.jpg","type":"image\/jpeg"}],"author":"Comunicacion","twitter_card":"summary_large_image","twitter_creator":"@NASTICTARRAGONA","twitter_site":"@NASTICTARRAGONA","twitter_misc":{"Escrito por":"Comunicacion","Tiempo de lectura":"1 minuto"},"schema":{"@context":"https:\/\/schema.org","@graph":[{"@type":"Article","@id":"https:\/\/gimnasticdetarragona.cat\/es\/el-nastic-ja-esta-preparat-per-competir-a-la-segona-fase-de-laliga-genuine-moeve\/#article","isPartOf":{"@id":"https:\/\/gimnasticdetarragona.cat\/es\/el-nastic-ja-esta-preparat-per-competir-a-la-segona-fase-de-laliga-genuine-moeve\/"},"author":{"name":"Comunicacion","@id":"https:\/\/gimnasticdetarragona.cat\/es\/#\/schema\/person\/0a9b7103e7dd73640eb245c4aa4afb8d"},"headline":"El N\u00e0stic ya est\u00e1 preparado para competir en la segunda fase de LALIGA GENUINE Moeve","datePublished":"2026-01-27T17:37:23+00:00","dateModified":"2026-01-27T17:50:49+00:00","mainEntityOfPage":{"@id":"https:\/\/gimnasticdetarragona.cat\/es\/el-nastic-ja-esta-preparat-per-competir-a-la-segona-fase-de-laliga-genuine-moeve\/"},"wordCount":296,"publisher":{"@id":"https:\/\/gimnasticdetarragona.cat\/es\/#organization"},"image":{"@id":"https:\/\/gimnasticdetarragona.cat\/es\/el-nastic-ja-esta-preparat-per-competir-a-la-segona-fase-de-laliga-genuine-moeve\/#primaryimage"},"thumbnailUrl":"https:\/\/gimnasticdetarragona.cat\/wp-content\/uploads\/2026\/01\/IMG_9532-scaled.jpg","articleSection":["Actualidad","Genuine"],"inLanguage":"es"},{"@type":"WebPage","@id":"https:\/\/gimnasticdetarragona.cat\/es\/el-nastic-ja-esta-preparat-per-competir-a-la-segona-fase-de-laliga-genuine-moeve\/","url":"https:\/\/gimnasticdetarragona.cat\/es\/el-nastic-ja-esta-preparat-per-competir-a-la-segona-fase-de-laliga-genuine-moeve\/","name":"El N\u00e0stic ya est\u00e1 preparado para competir en la segunda fase de LALIGA GENUINE Moeve - Gimn\u00e0stic de Tarragona SAD","isPartOf":{"@id":"https:\/\/gimnasticdetarragona.cat\/es\/#website"},"primaryImageOfPage":{"@id":"https:\/\/gimnasticdetarragona.cat\/es\/el-nastic-ja-esta-preparat-per-competir-a-la-segona-fase-de-laliga-genuine-moeve\/#primaryimage"},"image":{"@id":"https:\/\/gimnasticdetarragona.cat\/es\/el-nastic-ja-esta-preparat-per-competir-a-la-segona-fase-de-laliga-genuine-moeve\/#primaryimage"},"thumbnailUrl":"https:\/\/gimnasticdetarragona.cat\/wp-content\/uploads\/2026\/01\/IMG_9532-scaled.jpg","datePublished":"2026-01-27T17:37:23+00:00","dateModified":"2026-01-27T17:50:49+00:00","breadcrumb":{"@id":"https:\/\/gimnasticdetarragona.cat\/es\/el-nastic-ja-esta-preparat-per-competir-a-la-segona-fase-de-laliga-genuine-moeve\/#breadcrumb"},"inLanguage":"es","potentialAction":[{"@type":"ReadAction","target":["https:\/\/gimnasticdetarragona.cat\/es\/el-nastic-ja-esta-preparat-per-competir-a-la-segona-fase-de-laliga-genuine-moeve\/"]}]},{"@type":"ImageObject","inLanguage":"es","@id":"https:\/\/gimnasticdetarragona.cat\/es\/el-nastic-ja-esta-preparat-per-competir-a-la-segona-fase-de-laliga-genuine-moeve\/#primaryimage","url":"https:\/\/gimnasticdetarragona.cat\/wp-content\/uploads\/2026\/01\/IMG_9532-scaled.jpg","contentUrl":"https:\/\/gimnasticdetarragona.cat\/wp-content\/uploads\/2026\/01\/IMG_9532-scaled.jpg","width":2560,"height":1707},{"@type":"BreadcrumbList","@id":"https:\/\/gimnasticdetarragona.cat\/es\/el-nastic-ja-esta-preparat-per-competir-a-la-segona-fase-de-laliga-genuine-moeve\/#breadcrumb","itemListElement":[{"@type":"ListItem","position":1,"name":"Inici","item":"https:\/\/gimnasticdetarragona.cat\/es\/nastic\/"},{"@type":"ListItem","position":2,"name":"El N\u00e0stic ya est\u00e1 preparado para competir en la segunda fase de LALIGA GENUINE Moeve"}]},{"@type":"WebSite","@id":"https:\/\/gimnasticdetarragona.cat\/es\/#website","url":"https:\/\/gimnasticdetarragona.cat\/es\/","name":"Gimn\u00e0stic de Tarragona SAD","description":"Gimn\u00e0stic de Tarragona","publisher":{"@id":"https:\/\/gimnasticdetarragona.cat\/es\/#organization"},"potentialAction":[{"@type":"SearchAction","target":{"@type":"EntryPoint","urlTemplate":"https:\/\/gimnasticdetarragona.cat\/es\/?s={search_term_string}"},"query-input":{"@type":"PropertyValueSpecification","valueRequired":true,"valueName":"search_term_string"}}],"inLanguage":"es"},{"@type":"Organization","@id":"https:\/\/gimnasticdetarragona.cat\/es\/#organization","name":"GIMN\u00c0STIC DE TARRAGONA","alternateName":"N\u00c0STIC","url":"https:\/\/gimnasticdetarragona.cat\/es\/","logo":{"@type":"ImageObject","inLanguage":"es","@id":"https:\/\/gimnasticdetarragona.cat\/es\/#\/schema\/logo\/image\/","url":"https:\/\/gimnasticdetarragona.cat\/wp-content\/uploads\/2022\/06\/cropped-logo-gimnastic.png","contentUrl":"https:\/\/gimnasticdetarragona.cat\/wp-content\/uploads\/2022\/06\/cropped-logo-gimnastic.png","width":224,"height":83,"caption":"GIMN\u00c0STIC DE TARRAGONA"},"image":{"@id":"https:\/\/gimnasticdetarragona.cat\/es\/#\/schema\/logo\/image\/"},"sameAs":["https:\/\/x.com\/NASTICTARRAGONA","https:\/\/www.instagram.com\/nastictarragona\/"]},{"@type":"Person","@id":"https:\/\/gimnasticdetarragona.cat\/es\/#\/schema\/person\/0a9b7103e7dd73640eb245c4aa4afb8d","name":"Comunicacion"}]}},"_links":{"self":[{"href":"https:\/\/gimnasticdetarragona.cat\/es\/wp-json\/wp\/v2\/posts\/101432","targetHints":{"allow":["GET"]}}],"collection":[{"href":"https:\/\/gimnasticdetarragona.cat\/es\/wp-json\/wp\/v2\/posts"}],"about":[{"href":"https:\/\/gimnasticdetarragona.cat\/es\/wp-json\/wp\/v2\/types\/post"}],"author":[{"embeddable":true,"href":"https:\/\/gimnasticdetarragona.cat\/es\/wp-json\/wp\/v2\/users\/7"}],"replies":[{"embeddable":true,"href":"https:\/\/gimnasticdetarragona.cat\/es\/wp-json\/wp\/v2\/comments?post=101432"}],"version-history":[{"count":2,"href":"https:\/\/gimnasticdetarragona.cat\/es\/wp-json\/wp\/v2\/posts\/101432\/revisions"}],"predecessor-version":[{"id":101437,"href":"https:\/\/gimnasticdetarragona.cat\/es\/wp-json\/wp\/v2\/posts\/101432\/revisions\/101437"}],"wp:featuredmedia":[{"embeddable":true,"href":"https:\/\/gimnasticdetarragona.cat\/es\/wp-json\/wp\/v2\/media\/101430"}],"wp:attachment":[{"href":"https:\/\/gimnasticdetarragona.cat\/es\/wp-json\/wp\/v2\/media?parent=101432"}],"wp:term":[{"taxonomy":"category","embeddable":true,"href":"https:\/\/gimnasticdetarragona.cat\/es\/wp-json\/wp\/v2\/categories?post=101432"},{"taxonomy":"post_tag","embeddable":true,"href":"https:\/\/gimnasticdetarragona.cat\/es\/wp-json\/wp\/v2\/tags?post=101432"}],"curies":[{"name":"wp","href":"https:\/\/api.w.org\/{rel}","templated":true}]}}