{"id":101449,"date":"2026-01-28T19:01:20","date_gmt":"2026-01-28T18:01:20","guid":{"rendered":"https:\/\/gimnasticdetarragona.cat\/presentacions-oficials-daitor-gelardo-hugo-perez-i-ander-zoilo\/"},"modified":"2026-01-28T19:06:28","modified_gmt":"2026-01-28T18:06:28","slug":"presentacions-oficials-daitor-gelardo-hugo-perez-i-ander-zoilo","status":"publish","type":"post","link":"https:\/\/gimnasticdetarragona.cat\/es\/presentacions-oficials-daitor-gelardo-hugo-perez-i-ander-zoilo\/","title":{"rendered":"Presentaciones oficiales de Aitor Gelardo, Hugo P\u00e9rez y Ander Zoilo"},"content":{"rendered":"\n<p>El Gimn\u00e0stic de Tarragona ha presentado a los futbolistas Aitor Gelardo, Hugo P\u00e9rez y Ander Zoilo. Por orden de llegada a Tarragona, los tres jugadores han expresado su satisfacci\u00f3n por sumarse a la plantilla 2025-2026 y competir de grana en el segundo tramo de la temporada.<\/p>\n\n\n\n<p>El presidente ejecutivo grana, Llu\u00eds F\u00e0bregas, ha sido el encargado de dar la bienvenida a los jugadores. Por su parte, el secretario t\u00e9cnico, Sergi Par\u00e9s, fue el encargado de valorar las llegadas y la situaci\u00f3n deportiva actual del equipo.<\/p>\n\n\n\n<p>Aitor Gelardo, el primero en comparecer, ha iniciado sus declaraciones manifestando: \u00abagradezco al club y al cuerpo t\u00e9cnico que hayan confiado en m\u00ed, por darme la oportunidad de jugar en un club tan grande como es el N\u00e0stic de Tarragona\u00bb. Por su parte, Hugo P\u00e9rez ha hablado de su debut ante el s\u00e1bado, declarando que \u00abme sent\u00ed bastante bien. Aguant\u00e9 hasta el minuto 70, pero poco a poco tengo que coger el ritmo para aguantar hasta el minuto 90.\u00bb<\/p>\n\n\n\n<p>El \u00faltimo jugador en comparecer en sala de prensa ha sido Ander Zoilo, compartiendo su visi\u00f3n sobre la plantilla y destacando que \u00abpartimos de la base de que somos un equipo joven, pero con hambre y ambici\u00f3n, y as\u00ed se vio en el \u00faltimo partido.\u00bb<\/p>\n\n\n\n<p>Al finalizar la atenci\u00f3n a los medios de comunicaci\u00f3n, los tres jugadores se han vestido de corto con las equipaciones de juego para pisar el c\u00e9sped del Nou Estadi Costa Daurada y realizar las fotograf\u00edas protocolarias para los medios gr\u00e1ficos.<\/p>\n","protected":false},"excerpt":{"rendered":"<p>Incorporados en el presente mercado de fichajes de invierno<\/p>\n","protected":false},"author":7,"featured_media":101447,"comment_status":"closed","ping_status":"closed","sticky":false,"template":"","format":"standard","meta":{"_acf_changed":false,"footnotes":""},"categories":[113,126],"tags":[],"class_list":["post-101449","post","type-post","status-publish","format-standard","has-post-thumbnail","hentry","category-actualidad","category-primer-equipo"],"acf":[],"yoast_head":"<!-- This site is optimized with the Yoast SEO plugin v27.3 - https:\/\/yoast.com\/product\/yoast-seo-wordpress\/ -->\n<title>Presentaciones oficiales de Aitor Gelardo, Hugo P\u00e9rez y Ander Zoilo - Gimn\u00e0stic de Tarragona SAD<\/title>\n<meta name=\"robots\" content=\"index, follow, max-snippet:-1, max-image-preview:large, max-video-preview:-1\" \/>\n<link rel=\"canonical\" href=\"https:\/\/gimnasticdetarragona.cat\/es\/presentacions-oficials-daitor-gelardo-hugo-perez-i-ander-zoilo\/\" \/>\n<meta property=\"og:locale\" content=\"es_ES\" \/>\n<meta property=\"og:type\" content=\"article\" \/>\n<meta property=\"og:title\" content=\"Presentaciones oficiales de Aitor Gelardo, Hugo P\u00e9rez y Ander Zoilo - Gimn\u00e0stic de Tarragona SAD\" \/>\n<meta property=\"og:description\" content=\"Incorporados en el presente mercado de fichajes de invierno\" \/>\n<meta property=\"og:url\" content=\"https:\/\/gimnasticdetarragona.cat\/es\/presentacions-oficials-daitor-gelardo-hugo-perez-i-ander-zoilo\/\" \/>\n<meta property=\"og:site_name\" content=\"Gimn\u00e0stic de Tarragona SAD\" \/>\n<meta property=\"article:published_time\" content=\"2026-01-28T18:01:20+00:00\" \/>\n<meta property=\"article:modified_time\" content=\"2026-01-28T18:06:28+00:00\" \/>\n<meta property=\"og:image\" content=\"https:\/\/gimnasticdetarragona.cat\/wp-content\/uploads\/2026\/01\/IMG_7506-scaled.jpg\" \/>\n\t<meta property=\"og:image:width\" content=\"2560\" \/>\n\t<meta property=\"og:image:height\" content=\"1707\" \/>\n\t<meta property=\"og:image:type\" content=\"image\/jpeg\" \/>\n<meta name=\"author\" content=\"Comunicacion\" \/>\n<meta name=\"twitter:card\" content=\"summary_large_image\" \/>\n<meta name=\"twitter:creator\" content=\"@NASTICTARRAGONA\" \/>\n<meta name=\"twitter:site\" content=\"@NASTICTARRAGONA\" \/>\n<meta name=\"twitter:label1\" content=\"Escrito por\" \/>\n\t<meta name=\"twitter:data1\" content=\"Comunicacion\" \/>\n\t<meta name=\"twitter:label2\" content=\"Tiempo de lectura\" \/>\n\t<meta name=\"twitter:data2\" content=\"1 minuto\" \/>\n<script type=\"application\/ld+json\" class=\"yoast-schema-graph\">{\"@context\":\"https:\\\/\\\/schema.org\",\"@graph\":[{\"@type\":\"Article\",\"@id\":\"https:\\\/\\\/gimnasticdetarragona.cat\\\/es\\\/presentacions-oficials-daitor-gelardo-hugo-perez-i-ander-zoilo\\\/#article\",\"isPartOf\":{\"@id\":\"https:\\\/\\\/gimnasticdetarragona.cat\\\/es\\\/presentacions-oficials-daitor-gelardo-hugo-perez-i-ander-zoilo\\\/\"},\"author\":{\"name\":\"Comunicacion\",\"@id\":\"https:\\\/\\\/gimnasticdetarragona.cat\\\/es\\\/#\\\/schema\\\/person\\\/0a9b7103e7dd73640eb245c4aa4afb8d\"},\"headline\":\"Presentaciones oficiales de Aitor Gelardo, Hugo P\u00e9rez y Ander Zoilo\",\"datePublished\":\"2026-01-28T18:01:20+00:00\",\"dateModified\":\"2026-01-28T18:06:28+00:00\",\"mainEntityOfPage\":{\"@id\":\"https:\\\/\\\/gimnasticdetarragona.cat\\\/es\\\/presentacions-oficials-daitor-gelardo-hugo-perez-i-ander-zoilo\\\/\"},\"wordCount\":277,\"publisher\":{\"@id\":\"https:\\\/\\\/gimnasticdetarragona.cat\\\/es\\\/#organization\"},\"image\":{\"@id\":\"https:\\\/\\\/gimnasticdetarragona.cat\\\/es\\\/presentacions-oficials-daitor-gelardo-hugo-perez-i-ander-zoilo\\\/#primaryimage\"},\"thumbnailUrl\":\"https:\\\/\\\/gimnasticdetarragona.cat\\\/wp-content\\\/uploads\\\/2026\\\/01\\\/IMG_7506-scaled.jpg\",\"articleSection\":[\"Actualidad\",\"Primer Equipo\"],\"inLanguage\":\"es\"},{\"@type\":\"WebPage\",\"@id\":\"https:\\\/\\\/gimnasticdetarragona.cat\\\/es\\\/presentacions-oficials-daitor-gelardo-hugo-perez-i-ander-zoilo\\\/\",\"url\":\"https:\\\/\\\/gimnasticdetarragona.cat\\\/es\\\/presentacions-oficials-daitor-gelardo-hugo-perez-i-ander-zoilo\\\/\",\"name\":\"Presentaciones oficiales de Aitor Gelardo, Hugo P\u00e9rez y Ander Zoilo - Gimn\u00e0stic de Tarragona SAD\",\"isPartOf\":{\"@id\":\"https:\\\/\\\/gimnasticdetarragona.cat\\\/es\\\/#website\"},\"primaryImageOfPage\":{\"@id\":\"https:\\\/\\\/gimnasticdetarragona.cat\\\/es\\\/presentacions-oficials-daitor-gelardo-hugo-perez-i-ander-zoilo\\\/#primaryimage\"},\"image\":{\"@id\":\"https:\\\/\\\/gimnasticdetarragona.cat\\\/es\\\/presentacions-oficials-daitor-gelardo-hugo-perez-i-ander-zoilo\\\/#primaryimage\"},\"thumbnailUrl\":\"https:\\\/\\\/gimnasticdetarragona.cat\\\/wp-content\\\/uploads\\\/2026\\\/01\\\/IMG_7506-scaled.jpg\",\"datePublished\":\"2026-01-28T18:01:20+00:00\",\"dateModified\":\"2026-01-28T18:06:28+00:00\",\"breadcrumb\":{\"@id\":\"https:\\\/\\\/gimnasticdetarragona.cat\\\/es\\\/presentacions-oficials-daitor-gelardo-hugo-perez-i-ander-zoilo\\\/#breadcrumb\"},\"inLanguage\":\"es\",\"potentialAction\":[{\"@type\":\"ReadAction\",\"target\":[\"https:\\\/\\\/gimnasticdetarragona.cat\\\/es\\\/presentacions-oficials-daitor-gelardo-hugo-perez-i-ander-zoilo\\\/\"]}]},{\"@type\":\"ImageObject\",\"inLanguage\":\"es\",\"@id\":\"https:\\\/\\\/gimnasticdetarragona.cat\\\/es\\\/presentacions-oficials-daitor-gelardo-hugo-perez-i-ander-zoilo\\\/#primaryimage\",\"url\":\"https:\\\/\\\/gimnasticdetarragona.cat\\\/wp-content\\\/uploads\\\/2026\\\/01\\\/IMG_7506-scaled.jpg\",\"contentUrl\":\"https:\\\/\\\/gimnasticdetarragona.cat\\\/wp-content\\\/uploads\\\/2026\\\/01\\\/IMG_7506-scaled.jpg\",\"width\":2560,\"height\":1707},{\"@type\":\"BreadcrumbList\",\"@id\":\"https:\\\/\\\/gimnasticdetarragona.cat\\\/es\\\/presentacions-oficials-daitor-gelardo-hugo-perez-i-ander-zoilo\\\/#breadcrumb\",\"itemListElement\":[{\"@type\":\"ListItem\",\"position\":1,\"name\":\"Inici\",\"item\":\"https:\\\/\\\/gimnasticdetarragona.cat\\\/es\\\/nastic\\\/\"},{\"@type\":\"ListItem\",\"position\":2,\"name\":\"Presentaciones oficiales de Aitor Gelardo, Hugo P\u00e9rez y Ander Zoilo\"}]},{\"@type\":\"WebSite\",\"@id\":\"https:\\\/\\\/gimnasticdetarragona.cat\\\/es\\\/#website\",\"url\":\"https:\\\/\\\/gimnasticdetarragona.cat\\\/es\\\/\",\"name\":\"Gimn\u00e0stic de Tarragona SAD\",\"description\":\"Gimn\u00e0stic de Tarragona\",\"publisher\":{\"@id\":\"https:\\\/\\\/gimnasticdetarragona.cat\\\/es\\\/#organization\"},\"potentialAction\":[{\"@type\":\"SearchAction\",\"target\":{\"@type\":\"EntryPoint\",\"urlTemplate\":\"https:\\\/\\\/gimnasticdetarragona.cat\\\/es\\\/?s={search_term_string}\"},\"query-input\":{\"@type\":\"PropertyValueSpecification\",\"valueRequired\":true,\"valueName\":\"search_term_string\"}}],\"inLanguage\":\"es\"},{\"@type\":\"Organization\",\"@id\":\"https:\\\/\\\/gimnasticdetarragona.cat\\\/es\\\/#organization\",\"name\":\"GIMN\u00c0STIC DE TARRAGONA\",\"alternateName\":\"N\u00c0STIC\",\"url\":\"https:\\\/\\\/gimnasticdetarragona.cat\\\/es\\\/\",\"logo\":{\"@type\":\"ImageObject\",\"inLanguage\":\"es\",\"@id\":\"https:\\\/\\\/gimnasticdetarragona.cat\\\/es\\\/#\\\/schema\\\/logo\\\/image\\\/\",\"url\":\"https:\\\/\\\/gimnasticdetarragona.cat\\\/wp-content\\\/uploads\\\/2022\\\/06\\\/cropped-logo-gimnastic.png\",\"contentUrl\":\"https:\\\/\\\/gimnasticdetarragona.cat\\\/wp-content\\\/uploads\\\/2022\\\/06\\\/cropped-logo-gimnastic.png\",\"width\":224,\"height\":83,\"caption\":\"GIMN\u00c0STIC DE TARRAGONA\"},\"image\":{\"@id\":\"https:\\\/\\\/gimnasticdetarragona.cat\\\/es\\\/#\\\/schema\\\/logo\\\/image\\\/\"},\"sameAs\":[\"https:\\\/\\\/x.com\\\/NASTICTARRAGONA\",\"https:\\\/\\\/www.instagram.com\\\/nastictarragona\\\/\"]},{\"@type\":\"Person\",\"@id\":\"https:\\\/\\\/gimnasticdetarragona.cat\\\/es\\\/#\\\/schema\\\/person\\\/0a9b7103e7dd73640eb245c4aa4afb8d\",\"name\":\"Comunicacion\"}]}<\/script>\n<!-- \/ Yoast SEO plugin. -->","yoast_head_json":{"title":"Presentaciones oficiales de Aitor Gelardo, Hugo P\u00e9rez y Ander Zoilo - Gimn\u00e0stic de Tarragona SAD","robots":{"index":"index","follow":"follow","max-snippet":"max-snippet:-1","max-image-preview":"max-image-preview:large","max-video-preview":"max-video-preview:-1"},"canonical":"https:\/\/gimnasticdetarragona.cat\/es\/presentacions-oficials-daitor-gelardo-hugo-perez-i-ander-zoilo\/","og_locale":"es_ES","og_type":"article","og_title":"Presentaciones oficiales de Aitor Gelardo, Hugo P\u00e9rez y Ander Zoilo - Gimn\u00e0stic de Tarragona SAD","og_description":"Incorporados en el presente mercado de fichajes de invierno","og_url":"https:\/\/gimnasticdetarragona.cat\/es\/presentacions-oficials-daitor-gelardo-hugo-perez-i-ander-zoilo\/","og_site_name":"Gimn\u00e0stic de Tarragona SAD","article_published_time":"2026-01-28T18:01:20+00:00","article_modified_time":"2026-01-28T18:06:28+00:00","og_image":[{"width":2560,"height":1707,"url":"https:\/\/gimnasticdetarragona.cat\/wp-content\/uploads\/2026\/01\/IMG_7506-scaled.jpg","type":"image\/jpeg"}],"author":"Comunicacion","twitter_card":"summary_large_image","twitter_creator":"@NASTICTARRAGONA","twitter_site":"@NASTICTARRAGONA","twitter_misc":{"Escrito por":"Comunicacion","Tiempo de lectura":"1 minuto"},"schema":{"@context":"https:\/\/schema.org","@graph":[{"@type":"Article","@id":"https:\/\/gimnasticdetarragona.cat\/es\/presentacions-oficials-daitor-gelardo-hugo-perez-i-ander-zoilo\/#article","isPartOf":{"@id":"https:\/\/gimnasticdetarragona.cat\/es\/presentacions-oficials-daitor-gelardo-hugo-perez-i-ander-zoilo\/"},"author":{"name":"Comunicacion","@id":"https:\/\/gimnasticdetarragona.cat\/es\/#\/schema\/person\/0a9b7103e7dd73640eb245c4aa4afb8d"},"headline":"Presentaciones oficiales de Aitor Gelardo, Hugo P\u00e9rez y Ander Zoilo","datePublished":"2026-01-28T18:01:20+00:00","dateModified":"2026-01-28T18:06:28+00:00","mainEntityOfPage":{"@id":"https:\/\/gimnasticdetarragona.cat\/es\/presentacions-oficials-daitor-gelardo-hugo-perez-i-ander-zoilo\/"},"wordCount":277,"publisher":{"@id":"https:\/\/gimnasticdetarragona.cat\/es\/#organization"},"image":{"@id":"https:\/\/gimnasticdetarragona.cat\/es\/presentacions-oficials-daitor-gelardo-hugo-perez-i-ander-zoilo\/#primaryimage"},"thumbnailUrl":"https:\/\/gimnasticdetarragona.cat\/wp-content\/uploads\/2026\/01\/IMG_7506-scaled.jpg","articleSection":["Actualidad","Primer Equipo"],"inLanguage":"es"},{"@type":"WebPage","@id":"https:\/\/gimnasticdetarragona.cat\/es\/presentacions-oficials-daitor-gelardo-hugo-perez-i-ander-zoilo\/","url":"https:\/\/gimnasticdetarragona.cat\/es\/presentacions-oficials-daitor-gelardo-hugo-perez-i-ander-zoilo\/","name":"Presentaciones oficiales de Aitor Gelardo, Hugo P\u00e9rez y Ander Zoilo - Gimn\u00e0stic de Tarragona SAD","isPartOf":{"@id":"https:\/\/gimnasticdetarragona.cat\/es\/#website"},"primaryImageOfPage":{"@id":"https:\/\/gimnasticdetarragona.cat\/es\/presentacions-oficials-daitor-gelardo-hugo-perez-i-ander-zoilo\/#primaryimage"},"image":{"@id":"https:\/\/gimnasticdetarragona.cat\/es\/presentacions-oficials-daitor-gelardo-hugo-perez-i-ander-zoilo\/#primaryimage"},"thumbnailUrl":"https:\/\/gimnasticdetarragona.cat\/wp-content\/uploads\/2026\/01\/IMG_7506-scaled.jpg","datePublished":"2026-01-28T18:01:20+00:00","dateModified":"2026-01-28T18:06:28+00:00","breadcrumb":{"@id":"https:\/\/gimnasticdetarragona.cat\/es\/presentacions-oficials-daitor-gelardo-hugo-perez-i-ander-zoilo\/#breadcrumb"},"inLanguage":"es","potentialAction":[{"@type":"ReadAction","target":["https:\/\/gimnasticdetarragona.cat\/es\/presentacions-oficials-daitor-gelardo-hugo-perez-i-ander-zoilo\/"]}]},{"@type":"ImageObject","inLanguage":"es","@id":"https:\/\/gimnasticdetarragona.cat\/es\/presentacions-oficials-daitor-gelardo-hugo-perez-i-ander-zoilo\/#primaryimage","url":"https:\/\/gimnasticdetarragona.cat\/wp-content\/uploads\/2026\/01\/IMG_7506-scaled.jpg","contentUrl":"https:\/\/gimnasticdetarragona.cat\/wp-content\/uploads\/2026\/01\/IMG_7506-scaled.jpg","width":2560,"height":1707},{"@type":"BreadcrumbList","@id":"https:\/\/gimnasticdetarragona.cat\/es\/presentacions-oficials-daitor-gelardo-hugo-perez-i-ander-zoilo\/#breadcrumb","itemListElement":[{"@type":"ListItem","position":1,"name":"Inici","item":"https:\/\/gimnasticdetarragona.cat\/es\/nastic\/"},{"@type":"ListItem","position":2,"name":"Presentaciones oficiales de Aitor Gelardo, Hugo P\u00e9rez y Ander Zoilo"}]},{"@type":"WebSite","@id":"https:\/\/gimnasticdetarragona.cat\/es\/#website","url":"https:\/\/gimnasticdetarragona.cat\/es\/","name":"Gimn\u00e0stic de Tarragona SAD","description":"Gimn\u00e0stic de Tarragona","publisher":{"@id":"https:\/\/gimnasticdetarragona.cat\/es\/#organization"},"potentialAction":[{"@type":"SearchAction","target":{"@type":"EntryPoint","urlTemplate":"https:\/\/gimnasticdetarragona.cat\/es\/?s={search_term_string}"},"query-input":{"@type":"PropertyValueSpecification","valueRequired":true,"valueName":"search_term_string"}}],"inLanguage":"es"},{"@type":"Organization","@id":"https:\/\/gimnasticdetarragona.cat\/es\/#organization","name":"GIMN\u00c0STIC DE TARRAGONA","alternateName":"N\u00c0STIC","url":"https:\/\/gimnasticdetarragona.cat\/es\/","logo":{"@type":"ImageObject","inLanguage":"es","@id":"https:\/\/gimnasticdetarragona.cat\/es\/#\/schema\/logo\/image\/","url":"https:\/\/gimnasticdetarragona.cat\/wp-content\/uploads\/2022\/06\/cropped-logo-gimnastic.png","contentUrl":"https:\/\/gimnasticdetarragona.cat\/wp-content\/uploads\/2022\/06\/cropped-logo-gimnastic.png","width":224,"height":83,"caption":"GIMN\u00c0STIC DE TARRAGONA"},"image":{"@id":"https:\/\/gimnasticdetarragona.cat\/es\/#\/schema\/logo\/image\/"},"sameAs":["https:\/\/x.com\/NASTICTARRAGONA","https:\/\/www.instagram.com\/nastictarragona\/"]},{"@type":"Person","@id":"https:\/\/gimnasticdetarragona.cat\/es\/#\/schema\/person\/0a9b7103e7dd73640eb245c4aa4afb8d","name":"Comunicacion"}]}},"_links":{"self":[{"href":"https:\/\/gimnasticdetarragona.cat\/es\/wp-json\/wp\/v2\/posts\/101449","targetHints":{"allow":["GET"]}}],"collection":[{"href":"https:\/\/gimnasticdetarragona.cat\/es\/wp-json\/wp\/v2\/posts"}],"about":[{"href":"https:\/\/gimnasticdetarragona.cat\/es\/wp-json\/wp\/v2\/types\/post"}],"author":[{"embeddable":true,"href":"https:\/\/gimnasticdetarragona.cat\/es\/wp-json\/wp\/v2\/users\/7"}],"replies":[{"embeddable":true,"href":"https:\/\/gimnasticdetarragona.cat\/es\/wp-json\/wp\/v2\/comments?post=101449"}],"version-history":[{"count":1,"href":"https:\/\/gimnasticdetarragona.cat\/es\/wp-json\/wp\/v2\/posts\/101449\/revisions"}],"predecessor-version":[{"id":101451,"href":"https:\/\/gimnasticdetarragona.cat\/es\/wp-json\/wp\/v2\/posts\/101449\/revisions\/101451"}],"wp:featuredmedia":[{"embeddable":true,"href":"https:\/\/gimnasticdetarragona.cat\/es\/wp-json\/wp\/v2\/media\/101447"}],"wp:attachment":[{"href":"https:\/\/gimnasticdetarragona.cat\/es\/wp-json\/wp\/v2\/media?parent=101449"}],"wp:term":[{"taxonomy":"category","embeddable":true,"href":"https:\/\/gimnasticdetarragona.cat\/es\/wp-json\/wp\/v2\/categories?post=101449"},{"taxonomy":"post_tag","embeddable":true,"href":"https:\/\/gimnasticdetarragona.cat\/es\/wp-json\/wp\/v2\/tags?post=101449"}],"curies":[{"name":"wp","href":"https:\/\/api.w.org\/{rel}","templated":true}]}}