{"id":101827,"date":"2026-03-16T16:35:18","date_gmt":"2026-03-16T15:35:18","guid":{"rendered":"https:\/\/gimnasticdetarragona.cat\/la-v-jornada-solidaria-grana-es-celebrara-pel-nastic-juventud-torremolinos-cf\/"},"modified":"2026-03-16T16:38:47","modified_gmt":"2026-03-16T15:38:47","slug":"la-v-jornada-solidaria-grana-es-celebrara-pel-nastic-juventud-torremolinos-cf","status":"publish","type":"post","link":"https:\/\/gimnasticdetarragona.cat\/es\/la-v-jornada-solidaria-grana-es-celebrara-pel-nastic-juventud-torremolinos-cf\/","title":{"rendered":"La V Jornada Solidaria grana se celebrar\u00e1 por el N\u00e0stic \u2013 Juventud Torremolinos CF"},"content":{"rendered":"\n<p>El partido liguero ante la Juventud Torremolinos CF, del s\u00e1bado 28 de marzo a las 16.15 horas, ha sido el enfrentamiento escogido para celebrar la 5\u00aa edici\u00f3n de la Jornada Solidaria del Gimn\u00e0stic de Tarragona.<\/p>\n\n\n\n<p>Todas las entidades que lo han solicitado recibir\u00e1n un c\u00f3digo para vender entradas al precio de 5\u20ac por el partido de la jornada 30 en el Nou Estadi Costa Daurada y el beneficio \u00edntegro que generen por la venta ser\u00e1 para ellas. Cabe recordar que en la edici\u00f3n 2024\/2025 se estableci\u00f3 un nuevo r\u00e9cord, ingresando la suma total de 9.325\u20ac en las entidades.<\/p>\n\n\n\n<p>En estos momentos, un total de 20 entidades han confirmado ya su participaci\u00f3n en la V Jornada Solidaria; algunas asociaciones repitiendo de ediciones anteriores y otras adhiri\u00e9ndose por primera vez.<\/p>\n\n\n\n<p>Las entidades participantes en la edici\u00f3n de este a\u00f1o son AFANOC, AACIC (Associaci\u00f3 cardiopaties cong\u00e8nites), Associaci\u00f3 Aspercamp Asperger-Tea Camp de Tarragona, Associaci\u00f3 contra el c\u00e0ncer Tarragona, Associaci\u00f3 Quil\u00f2metre Zero, Associaci\u00f3 socieducativa joventut i vida, Associaci\u00f3 Salut Mental Dr. Tosquelles, C\u00e0ritas, Creu Roja, Dentistas Sin Fronteras, Fundaci\u00f3 Moss\u00e8n Frederic Bara i Cortiella de Reus, Fundaci\u00f3 Pas a Pas, Federaci\u00f3 d\u2019Associacions de Ve\u00efns de Tarragona, Servei Primera Acollida i Atenci\u00f3 Integral Rigel, Fundaci\u00f3 Villablanca (Resid\u00e8ncia Mar i Cel), Mans Unides, Mare Terra Fundaci\u00f3 Mediterr\u00e0nia, Protectora d\u2019Animals i Plantes de Tarragona, Todos en azul y Fundaci\u00f3 Esclerosi M\u00faltiple.<\/p>\n\n\n\n<p><\/p>\n","protected":false},"excerpt":{"rendered":"<p>Participaci\u00f3n de las entidades sociales de la provincia<\/p>\n","protected":false},"author":7,"featured_media":101825,"comment_status":"closed","ping_status":"closed","sticky":false,"template":"","format":"standard","meta":{"_acf_changed":false,"footnotes":""},"categories":[113,114,115,126,139],"tags":[],"class_list":["post-101827","post","type-post","status-publish","format-standard","has-post-thumbnail","hentry","category-actualidad","category-aficion","category-agenda-social","category-primer-equipo","category-social"],"acf":[],"yoast_head":"<!-- This site is optimized with the Yoast SEO plugin v27.3 - https:\/\/yoast.com\/product\/yoast-seo-wordpress\/ -->\n<title>La V Jornada Solidaria grana se celebrar\u00e1 por el N\u00e0stic \u2013 Juventud Torremolinos CF - Gimn\u00e0stic de Tarragona SAD<\/title>\n<meta name=\"robots\" content=\"index, follow, max-snippet:-1, max-image-preview:large, max-video-preview:-1\" \/>\n<link rel=\"canonical\" href=\"https:\/\/gimnasticdetarragona.cat\/es\/la-v-jornada-solidaria-grana-es-celebrara-pel-nastic-juventud-torremolinos-cf\/\" \/>\n<meta property=\"og:locale\" content=\"es_ES\" \/>\n<meta property=\"og:type\" content=\"article\" \/>\n<meta property=\"og:title\" content=\"La V Jornada Solidaria grana se celebrar\u00e1 por el N\u00e0stic \u2013 Juventud Torremolinos CF - Gimn\u00e0stic de Tarragona SAD\" \/>\n<meta property=\"og:description\" content=\"Participaci\u00f3n de las entidades sociales de la provincia\" \/>\n<meta property=\"og:url\" content=\"https:\/\/gimnasticdetarragona.cat\/es\/la-v-jornada-solidaria-grana-es-celebrara-pel-nastic-juventud-torremolinos-cf\/\" \/>\n<meta property=\"og:site_name\" content=\"Gimn\u00e0stic de Tarragona SAD\" \/>\n<meta property=\"article:published_time\" content=\"2026-03-16T15:35:18+00:00\" \/>\n<meta property=\"article:modified_time\" content=\"2026-03-16T15:38:47+00:00\" \/>\n<meta property=\"og:image\" content=\"https:\/\/gimnasticdetarragona.cat\/wp-content\/uploads\/2026\/03\/WhatsApp-Image-2026-03-16-at-12.20.23.jpeg\" \/>\n\t<meta property=\"og:image:width\" content=\"1083\" \/>\n\t<meta property=\"og:image:height\" content=\"1568\" \/>\n\t<meta property=\"og:image:type\" content=\"image\/jpeg\" \/>\n<meta name=\"author\" content=\"Comunicacion\" \/>\n<meta name=\"twitter:card\" content=\"summary_large_image\" \/>\n<meta name=\"twitter:creator\" content=\"@NASTICTARRAGONA\" \/>\n<meta name=\"twitter:site\" content=\"@NASTICTARRAGONA\" \/>\n<meta name=\"twitter:label1\" content=\"Escrito por\" \/>\n\t<meta name=\"twitter:data1\" content=\"Comunicacion\" \/>\n\t<meta name=\"twitter:label2\" content=\"Tiempo de lectura\" \/>\n\t<meta name=\"twitter:data2\" content=\"1 minuto\" \/>\n<script type=\"application\/ld+json\" class=\"yoast-schema-graph\">{\"@context\":\"https:\\\/\\\/schema.org\",\"@graph\":[{\"@type\":\"Article\",\"@id\":\"https:\\\/\\\/gimnasticdetarragona.cat\\\/es\\\/la-v-jornada-solidaria-grana-es-celebrara-pel-nastic-juventud-torremolinos-cf\\\/#article\",\"isPartOf\":{\"@id\":\"https:\\\/\\\/gimnasticdetarragona.cat\\\/es\\\/la-v-jornada-solidaria-grana-es-celebrara-pel-nastic-juventud-torremolinos-cf\\\/\"},\"author\":{\"name\":\"Comunicacion\",\"@id\":\"https:\\\/\\\/gimnasticdetarragona.cat\\\/es\\\/#\\\/schema\\\/person\\\/0a9b7103e7dd73640eb245c4aa4afb8d\"},\"headline\":\"La V Jornada Solidaria grana se celebrar\u00e1 por el N\u00e0stic \u2013 Juventud Torremolinos CF\",\"datePublished\":\"2026-03-16T15:35:18+00:00\",\"dateModified\":\"2026-03-16T15:38:47+00:00\",\"mainEntityOfPage\":{\"@id\":\"https:\\\/\\\/gimnasticdetarragona.cat\\\/es\\\/la-v-jornada-solidaria-grana-es-celebrara-pel-nastic-juventud-torremolinos-cf\\\/\"},\"wordCount\":251,\"publisher\":{\"@id\":\"https:\\\/\\\/gimnasticdetarragona.cat\\\/es\\\/#organization\"},\"image\":{\"@id\":\"https:\\\/\\\/gimnasticdetarragona.cat\\\/es\\\/la-v-jornada-solidaria-grana-es-celebrara-pel-nastic-juventud-torremolinos-cf\\\/#primaryimage\"},\"thumbnailUrl\":\"https:\\\/\\\/gimnasticdetarragona.cat\\\/wp-content\\\/uploads\\\/2026\\\/03\\\/WhatsApp-Image-2026-03-16-at-12.20.23.jpeg\",\"articleSection\":[\"Actualidad\",\"Afici\u00f3n\",\"Agenda Social\",\"Primer Equipo\",\"Social\"],\"inLanguage\":\"es\"},{\"@type\":\"WebPage\",\"@id\":\"https:\\\/\\\/gimnasticdetarragona.cat\\\/es\\\/la-v-jornada-solidaria-grana-es-celebrara-pel-nastic-juventud-torremolinos-cf\\\/\",\"url\":\"https:\\\/\\\/gimnasticdetarragona.cat\\\/es\\\/la-v-jornada-solidaria-grana-es-celebrara-pel-nastic-juventud-torremolinos-cf\\\/\",\"name\":\"La V Jornada Solidaria grana se celebrar\u00e1 por el N\u00e0stic \u2013 Juventud Torremolinos CF - Gimn\u00e0stic de Tarragona SAD\",\"isPartOf\":{\"@id\":\"https:\\\/\\\/gimnasticdetarragona.cat\\\/es\\\/#website\"},\"primaryImageOfPage\":{\"@id\":\"https:\\\/\\\/gimnasticdetarragona.cat\\\/es\\\/la-v-jornada-solidaria-grana-es-celebrara-pel-nastic-juventud-torremolinos-cf\\\/#primaryimage\"},\"image\":{\"@id\":\"https:\\\/\\\/gimnasticdetarragona.cat\\\/es\\\/la-v-jornada-solidaria-grana-es-celebrara-pel-nastic-juventud-torremolinos-cf\\\/#primaryimage\"},\"thumbnailUrl\":\"https:\\\/\\\/gimnasticdetarragona.cat\\\/wp-content\\\/uploads\\\/2026\\\/03\\\/WhatsApp-Image-2026-03-16-at-12.20.23.jpeg\",\"datePublished\":\"2026-03-16T15:35:18+00:00\",\"dateModified\":\"2026-03-16T15:38:47+00:00\",\"breadcrumb\":{\"@id\":\"https:\\\/\\\/gimnasticdetarragona.cat\\\/es\\\/la-v-jornada-solidaria-grana-es-celebrara-pel-nastic-juventud-torremolinos-cf\\\/#breadcrumb\"},\"inLanguage\":\"es\",\"potentialAction\":[{\"@type\":\"ReadAction\",\"target\":[\"https:\\\/\\\/gimnasticdetarragona.cat\\\/es\\\/la-v-jornada-solidaria-grana-es-celebrara-pel-nastic-juventud-torremolinos-cf\\\/\"]}]},{\"@type\":\"ImageObject\",\"inLanguage\":\"es\",\"@id\":\"https:\\\/\\\/gimnasticdetarragona.cat\\\/es\\\/la-v-jornada-solidaria-grana-es-celebrara-pel-nastic-juventud-torremolinos-cf\\\/#primaryimage\",\"url\":\"https:\\\/\\\/gimnasticdetarragona.cat\\\/wp-content\\\/uploads\\\/2026\\\/03\\\/WhatsApp-Image-2026-03-16-at-12.20.23.jpeg\",\"contentUrl\":\"https:\\\/\\\/gimnasticdetarragona.cat\\\/wp-content\\\/uploads\\\/2026\\\/03\\\/WhatsApp-Image-2026-03-16-at-12.20.23.jpeg\",\"width\":1083,\"height\":1568},{\"@type\":\"BreadcrumbList\",\"@id\":\"https:\\\/\\\/gimnasticdetarragona.cat\\\/es\\\/la-v-jornada-solidaria-grana-es-celebrara-pel-nastic-juventud-torremolinos-cf\\\/#breadcrumb\",\"itemListElement\":[{\"@type\":\"ListItem\",\"position\":1,\"name\":\"Inici\",\"item\":\"https:\\\/\\\/gimnasticdetarragona.cat\\\/es\\\/nastic\\\/\"},{\"@type\":\"ListItem\",\"position\":2,\"name\":\"La V Jornada Solidaria grana se celebrar\u00e1 por el N\u00e0stic \u2013 Juventud Torremolinos CF\"}]},{\"@type\":\"WebSite\",\"@id\":\"https:\\\/\\\/gimnasticdetarragona.cat\\\/es\\\/#website\",\"url\":\"https:\\\/\\\/gimnasticdetarragona.cat\\\/es\\\/\",\"name\":\"Gimn\u00e0stic de Tarragona SAD\",\"description\":\"Gimn\u00e0stic de Tarragona\",\"publisher\":{\"@id\":\"https:\\\/\\\/gimnasticdetarragona.cat\\\/es\\\/#organization\"},\"potentialAction\":[{\"@type\":\"SearchAction\",\"target\":{\"@type\":\"EntryPoint\",\"urlTemplate\":\"https:\\\/\\\/gimnasticdetarragona.cat\\\/es\\\/?s={search_term_string}\"},\"query-input\":{\"@type\":\"PropertyValueSpecification\",\"valueRequired\":true,\"valueName\":\"search_term_string\"}}],\"inLanguage\":\"es\"},{\"@type\":\"Organization\",\"@id\":\"https:\\\/\\\/gimnasticdetarragona.cat\\\/es\\\/#organization\",\"name\":\"GIMN\u00c0STIC DE TARRAGONA\",\"alternateName\":\"N\u00c0STIC\",\"url\":\"https:\\\/\\\/gimnasticdetarragona.cat\\\/es\\\/\",\"logo\":{\"@type\":\"ImageObject\",\"inLanguage\":\"es\",\"@id\":\"https:\\\/\\\/gimnasticdetarragona.cat\\\/es\\\/#\\\/schema\\\/logo\\\/image\\\/\",\"url\":\"https:\\\/\\\/gimnasticdetarragona.cat\\\/wp-content\\\/uploads\\\/2022\\\/06\\\/cropped-logo-gimnastic.png\",\"contentUrl\":\"https:\\\/\\\/gimnasticdetarragona.cat\\\/wp-content\\\/uploads\\\/2022\\\/06\\\/cropped-logo-gimnastic.png\",\"width\":224,\"height\":83,\"caption\":\"GIMN\u00c0STIC DE TARRAGONA\"},\"image\":{\"@id\":\"https:\\\/\\\/gimnasticdetarragona.cat\\\/es\\\/#\\\/schema\\\/logo\\\/image\\\/\"},\"sameAs\":[\"https:\\\/\\\/x.com\\\/NASTICTARRAGONA\",\"https:\\\/\\\/www.instagram.com\\\/nastictarragona\\\/\"]},{\"@type\":\"Person\",\"@id\":\"https:\\\/\\\/gimnasticdetarragona.cat\\\/es\\\/#\\\/schema\\\/person\\\/0a9b7103e7dd73640eb245c4aa4afb8d\",\"name\":\"Comunicacion\"}]}<\/script>\n<!-- \/ Yoast SEO plugin. -->","yoast_head_json":{"title":"La V Jornada Solidaria grana se celebrar\u00e1 por el N\u00e0stic \u2013 Juventud Torremolinos CF - Gimn\u00e0stic de Tarragona SAD","robots":{"index":"index","follow":"follow","max-snippet":"max-snippet:-1","max-image-preview":"max-image-preview:large","max-video-preview":"max-video-preview:-1"},"canonical":"https:\/\/gimnasticdetarragona.cat\/es\/la-v-jornada-solidaria-grana-es-celebrara-pel-nastic-juventud-torremolinos-cf\/","og_locale":"es_ES","og_type":"article","og_title":"La V Jornada Solidaria grana se celebrar\u00e1 por el N\u00e0stic \u2013 Juventud Torremolinos CF - Gimn\u00e0stic de Tarragona SAD","og_description":"Participaci\u00f3n de las entidades sociales de la provincia","og_url":"https:\/\/gimnasticdetarragona.cat\/es\/la-v-jornada-solidaria-grana-es-celebrara-pel-nastic-juventud-torremolinos-cf\/","og_site_name":"Gimn\u00e0stic de Tarragona SAD","article_published_time":"2026-03-16T15:35:18+00:00","article_modified_time":"2026-03-16T15:38:47+00:00","og_image":[{"width":1083,"height":1568,"url":"https:\/\/gimnasticdetarragona.cat\/wp-content\/uploads\/2026\/03\/WhatsApp-Image-2026-03-16-at-12.20.23.jpeg","type":"image\/jpeg"}],"author":"Comunicacion","twitter_card":"summary_large_image","twitter_creator":"@NASTICTARRAGONA","twitter_site":"@NASTICTARRAGONA","twitter_misc":{"Escrito por":"Comunicacion","Tiempo de lectura":"1 minuto"},"schema":{"@context":"https:\/\/schema.org","@graph":[{"@type":"Article","@id":"https:\/\/gimnasticdetarragona.cat\/es\/la-v-jornada-solidaria-grana-es-celebrara-pel-nastic-juventud-torremolinos-cf\/#article","isPartOf":{"@id":"https:\/\/gimnasticdetarragona.cat\/es\/la-v-jornada-solidaria-grana-es-celebrara-pel-nastic-juventud-torremolinos-cf\/"},"author":{"name":"Comunicacion","@id":"https:\/\/gimnasticdetarragona.cat\/es\/#\/schema\/person\/0a9b7103e7dd73640eb245c4aa4afb8d"},"headline":"La V Jornada Solidaria grana se celebrar\u00e1 por el N\u00e0stic \u2013 Juventud Torremolinos CF","datePublished":"2026-03-16T15:35:18+00:00","dateModified":"2026-03-16T15:38:47+00:00","mainEntityOfPage":{"@id":"https:\/\/gimnasticdetarragona.cat\/es\/la-v-jornada-solidaria-grana-es-celebrara-pel-nastic-juventud-torremolinos-cf\/"},"wordCount":251,"publisher":{"@id":"https:\/\/gimnasticdetarragona.cat\/es\/#organization"},"image":{"@id":"https:\/\/gimnasticdetarragona.cat\/es\/la-v-jornada-solidaria-grana-es-celebrara-pel-nastic-juventud-torremolinos-cf\/#primaryimage"},"thumbnailUrl":"https:\/\/gimnasticdetarragona.cat\/wp-content\/uploads\/2026\/03\/WhatsApp-Image-2026-03-16-at-12.20.23.jpeg","articleSection":["Actualidad","Afici\u00f3n","Agenda Social","Primer Equipo","Social"],"inLanguage":"es"},{"@type":"WebPage","@id":"https:\/\/gimnasticdetarragona.cat\/es\/la-v-jornada-solidaria-grana-es-celebrara-pel-nastic-juventud-torremolinos-cf\/","url":"https:\/\/gimnasticdetarragona.cat\/es\/la-v-jornada-solidaria-grana-es-celebrara-pel-nastic-juventud-torremolinos-cf\/","name":"La V Jornada Solidaria grana se celebrar\u00e1 por el N\u00e0stic \u2013 Juventud Torremolinos CF - Gimn\u00e0stic de Tarragona SAD","isPartOf":{"@id":"https:\/\/gimnasticdetarragona.cat\/es\/#website"},"primaryImageOfPage":{"@id":"https:\/\/gimnasticdetarragona.cat\/es\/la-v-jornada-solidaria-grana-es-celebrara-pel-nastic-juventud-torremolinos-cf\/#primaryimage"},"image":{"@id":"https:\/\/gimnasticdetarragona.cat\/es\/la-v-jornada-solidaria-grana-es-celebrara-pel-nastic-juventud-torremolinos-cf\/#primaryimage"},"thumbnailUrl":"https:\/\/gimnasticdetarragona.cat\/wp-content\/uploads\/2026\/03\/WhatsApp-Image-2026-03-16-at-12.20.23.jpeg","datePublished":"2026-03-16T15:35:18+00:00","dateModified":"2026-03-16T15:38:47+00:00","breadcrumb":{"@id":"https:\/\/gimnasticdetarragona.cat\/es\/la-v-jornada-solidaria-grana-es-celebrara-pel-nastic-juventud-torremolinos-cf\/#breadcrumb"},"inLanguage":"es","potentialAction":[{"@type":"ReadAction","target":["https:\/\/gimnasticdetarragona.cat\/es\/la-v-jornada-solidaria-grana-es-celebrara-pel-nastic-juventud-torremolinos-cf\/"]}]},{"@type":"ImageObject","inLanguage":"es","@id":"https:\/\/gimnasticdetarragona.cat\/es\/la-v-jornada-solidaria-grana-es-celebrara-pel-nastic-juventud-torremolinos-cf\/#primaryimage","url":"https:\/\/gimnasticdetarragona.cat\/wp-content\/uploads\/2026\/03\/WhatsApp-Image-2026-03-16-at-12.20.23.jpeg","contentUrl":"https:\/\/gimnasticdetarragona.cat\/wp-content\/uploads\/2026\/03\/WhatsApp-Image-2026-03-16-at-12.20.23.jpeg","width":1083,"height":1568},{"@type":"BreadcrumbList","@id":"https:\/\/gimnasticdetarragona.cat\/es\/la-v-jornada-solidaria-grana-es-celebrara-pel-nastic-juventud-torremolinos-cf\/#breadcrumb","itemListElement":[{"@type":"ListItem","position":1,"name":"Inici","item":"https:\/\/gimnasticdetarragona.cat\/es\/nastic\/"},{"@type":"ListItem","position":2,"name":"La V Jornada Solidaria grana se celebrar\u00e1 por el N\u00e0stic \u2013 Juventud Torremolinos CF"}]},{"@type":"WebSite","@id":"https:\/\/gimnasticdetarragona.cat\/es\/#website","url":"https:\/\/gimnasticdetarragona.cat\/es\/","name":"Gimn\u00e0stic de Tarragona SAD","description":"Gimn\u00e0stic de Tarragona","publisher":{"@id":"https:\/\/gimnasticdetarragona.cat\/es\/#organization"},"potentialAction":[{"@type":"SearchAction","target":{"@type":"EntryPoint","urlTemplate":"https:\/\/gimnasticdetarragona.cat\/es\/?s={search_term_string}"},"query-input":{"@type":"PropertyValueSpecification","valueRequired":true,"valueName":"search_term_string"}}],"inLanguage":"es"},{"@type":"Organization","@id":"https:\/\/gimnasticdetarragona.cat\/es\/#organization","name":"GIMN\u00c0STIC DE TARRAGONA","alternateName":"N\u00c0STIC","url":"https:\/\/gimnasticdetarragona.cat\/es\/","logo":{"@type":"ImageObject","inLanguage":"es","@id":"https:\/\/gimnasticdetarragona.cat\/es\/#\/schema\/logo\/image\/","url":"https:\/\/gimnasticdetarragona.cat\/wp-content\/uploads\/2022\/06\/cropped-logo-gimnastic.png","contentUrl":"https:\/\/gimnasticdetarragona.cat\/wp-content\/uploads\/2022\/06\/cropped-logo-gimnastic.png","width":224,"height":83,"caption":"GIMN\u00c0STIC DE TARRAGONA"},"image":{"@id":"https:\/\/gimnasticdetarragona.cat\/es\/#\/schema\/logo\/image\/"},"sameAs":["https:\/\/x.com\/NASTICTARRAGONA","https:\/\/www.instagram.com\/nastictarragona\/"]},{"@type":"Person","@id":"https:\/\/gimnasticdetarragona.cat\/es\/#\/schema\/person\/0a9b7103e7dd73640eb245c4aa4afb8d","name":"Comunicacion"}]}},"_links":{"self":[{"href":"https:\/\/gimnasticdetarragona.cat\/es\/wp-json\/wp\/v2\/posts\/101827","targetHints":{"allow":["GET"]}}],"collection":[{"href":"https:\/\/gimnasticdetarragona.cat\/es\/wp-json\/wp\/v2\/posts"}],"about":[{"href":"https:\/\/gimnasticdetarragona.cat\/es\/wp-json\/wp\/v2\/types\/post"}],"author":[{"embeddable":true,"href":"https:\/\/gimnasticdetarragona.cat\/es\/wp-json\/wp\/v2\/users\/7"}],"replies":[{"embeddable":true,"href":"https:\/\/gimnasticdetarragona.cat\/es\/wp-json\/wp\/v2\/comments?post=101827"}],"version-history":[{"count":2,"href":"https:\/\/gimnasticdetarragona.cat\/es\/wp-json\/wp\/v2\/posts\/101827\/revisions"}],"predecessor-version":[{"id":101836,"href":"https:\/\/gimnasticdetarragona.cat\/es\/wp-json\/wp\/v2\/posts\/101827\/revisions\/101836"}],"wp:featuredmedia":[{"embeddable":true,"href":"https:\/\/gimnasticdetarragona.cat\/es\/wp-json\/wp\/v2\/media\/101825"}],"wp:attachment":[{"href":"https:\/\/gimnasticdetarragona.cat\/es\/wp-json\/wp\/v2\/media?parent=101827"}],"wp:term":[{"taxonomy":"category","embeddable":true,"href":"https:\/\/gimnasticdetarragona.cat\/es\/wp-json\/wp\/v2\/categories?post=101827"},{"taxonomy":"post_tag","embeddable":true,"href":"https:\/\/gimnasticdetarragona.cat\/es\/wp-json\/wp\/v2\/tags?post=101827"}],"curies":[{"name":"wp","href":"https:\/\/api.w.org\/{rel}","templated":true}]}}