{"id":101850,"date":"2026-03-17T17:57:24","date_gmt":"2026-03-17T16:57:24","guid":{"rendered":"https:\/\/gimnasticdetarragona.cat\/?p=101850"},"modified":"2026-03-17T17:57:39","modified_gmt":"2026-03-17T16:57:39","slug":"grup-jobacar-y-nastic-renuevan-su-colaboracion-un-ano-mas","status":"publish","type":"post","link":"https:\/\/gimnasticdetarragona.cat\/es\/grup-jobacar-y-nastic-renuevan-su-colaboracion-un-ano-mas\/","title":{"rendered":"Grup Jobacar y N\u00e0stic renuevan su colaboraci\u00f3n un a\u00f1o m\u00e1s"},"content":{"rendered":"\n<p>El Gimn\u00e0stic de Tarragona y el Grup Jobacar ampl\u00edan un a\u00f1o m\u00e1s su v\u00ednculo y renuevan el convenio de colaboraci\u00f3n que une ambas entidades desde hace ocho temporadas.<\/p>\n\n\n\n<p>En el marco de esta renovaci\u00f3n, el club grana estrena nuevo veh\u00edculo oficial: el Seat Le\u00f3n <em>Style<\/em>, que toma el relevo del hasta ahora coche oficial, el Seat Le\u00f3n <em>ST<\/em>. El nuevo modelo, m\u00e1s actual y con un dise\u00f1o renovado, luce ya la imagen corporativa del N\u00e0stic.<\/p>\n\n\n\n<p>El acto de entrega se ha celebrado en las instalaciones del Nou Estadi Costa Daurada, donde la representante del grupo Jobacar (Bariauto, Baycar y automoci\u00f3n Jobacar), Teresa Maria Barber\u00e0, ha hecho entrega de las llaves del veh\u00edculo al presidente ejecutivo de la entidad, Llu\u00eds F\u00e0bregas, en un encuentro que reafirma la buena sinton\u00eda. El m\u00e1ximo dirigente grana ha agradecido el apoyo constante de la empresa al proyecto deportivo e institucional de la entidad.<\/p>\n\n\n\n<p>El Grupo Jobacar sigue mostr\u00e1ndose como uno de los grupos automovil\u00edsticos de referencia en el territorio, manteniendo su compromiso con el deporte y con una de las instituciones m\u00e1s representativas de la ciudad.<\/p>\n\n\n\n<p>Con esta renovaci\u00f3n se refuerza una relaci\u00f3n compartiendo valores como la proximidad, la confianza y la apuesta por el talento y el tejido territorial. El nuevo Seat Le\u00f3n Style se convierte as\u00ed en el veh\u00edculo oficial del club por la presente temporada, simbolizando la continuidad de una colaboraci\u00f3n ya plenamente consolidada.<\/p>\n\n\n\n<p><\/p>\n","protected":false},"excerpt":{"rendered":"<p>El Seat Le\u00f3n Style, nuevo veh\u00edculo oficial del N\u00e0stic<\/p>\n","protected":false},"author":7,"featured_media":101848,"comment_status":"closed","ping_status":"closed","sticky":false,"template":"","format":"standard","meta":{"_acf_changed":false,"footnotes":""},"categories":[113,116],"tags":[],"class_list":["post-101850","post","type-post","status-publish","format-standard","has-post-thumbnail","hentry","category-actualidad","category-club-empresa"],"acf":[],"yoast_head":"<!-- This site is optimized with the Yoast SEO plugin v27.3 - https:\/\/yoast.com\/product\/yoast-seo-wordpress\/ -->\n<title>Grup Jobacar y N\u00e0stic renuevan su colaboraci\u00f3n un a\u00f1o m\u00e1s - Gimn\u00e0stic de Tarragona SAD<\/title>\n<meta name=\"robots\" content=\"index, follow, max-snippet:-1, max-image-preview:large, max-video-preview:-1\" \/>\n<link rel=\"canonical\" href=\"https:\/\/gimnasticdetarragona.cat\/es\/grup-jobacar-y-nastic-renuevan-su-colaboracion-un-ano-mas\/\" \/>\n<meta property=\"og:locale\" content=\"es_ES\" \/>\n<meta property=\"og:type\" content=\"article\" \/>\n<meta property=\"og:title\" content=\"Grup Jobacar y N\u00e0stic renuevan su colaboraci\u00f3n un a\u00f1o m\u00e1s - Gimn\u00e0stic de Tarragona SAD\" \/>\n<meta property=\"og:description\" content=\"El Seat Le\u00f3n Style, nuevo veh\u00edculo oficial del N\u00e0stic\" \/>\n<meta property=\"og:url\" content=\"https:\/\/gimnasticdetarragona.cat\/es\/grup-jobacar-y-nastic-renuevan-su-colaboracion-un-ano-mas\/\" \/>\n<meta property=\"og:site_name\" content=\"Gimn\u00e0stic de Tarragona SAD\" \/>\n<meta property=\"article:published_time\" content=\"2026-03-17T16:57:24+00:00\" \/>\n<meta property=\"article:modified_time\" content=\"2026-03-17T16:57:39+00:00\" \/>\n<meta property=\"og:image\" content=\"https:\/\/gimnasticdetarragona.cat\/wp-content\/uploads\/2026\/03\/IMG_ok-scaled.jpg\" \/>\n\t<meta property=\"og:image:width\" content=\"2560\" \/>\n\t<meta property=\"og:image:height\" content=\"1707\" \/>\n\t<meta property=\"og:image:type\" content=\"image\/jpeg\" \/>\n<meta name=\"author\" content=\"Comunicacion\" \/>\n<meta name=\"twitter:card\" content=\"summary_large_image\" \/>\n<meta name=\"twitter:creator\" content=\"@NASTICTARRAGONA\" \/>\n<meta name=\"twitter:site\" content=\"@NASTICTARRAGONA\" \/>\n<meta name=\"twitter:label1\" content=\"Escrito por\" \/>\n\t<meta name=\"twitter:data1\" content=\"Comunicacion\" \/>\n\t<meta name=\"twitter:label2\" content=\"Tiempo de lectura\" \/>\n\t<meta name=\"twitter:data2\" content=\"1 minuto\" \/>\n<script type=\"application\/ld+json\" class=\"yoast-schema-graph\">{\"@context\":\"https:\\\/\\\/schema.org\",\"@graph\":[{\"@type\":\"Article\",\"@id\":\"https:\\\/\\\/gimnasticdetarragona.cat\\\/es\\\/grup-jobacar-y-nastic-renuevan-su-colaboracion-un-ano-mas\\\/#article\",\"isPartOf\":{\"@id\":\"https:\\\/\\\/gimnasticdetarragona.cat\\\/es\\\/grup-jobacar-y-nastic-renuevan-su-colaboracion-un-ano-mas\\\/\"},\"author\":{\"name\":\"Comunicacion\",\"@id\":\"https:\\\/\\\/gimnasticdetarragona.cat\\\/es\\\/#\\\/schema\\\/person\\\/0a9b7103e7dd73640eb245c4aa4afb8d\"},\"headline\":\"Grup Jobacar y N\u00e0stic renuevan su colaboraci\u00f3n un a\u00f1o m\u00e1s\",\"datePublished\":\"2026-03-17T16:57:24+00:00\",\"dateModified\":\"2026-03-17T16:57:39+00:00\",\"mainEntityOfPage\":{\"@id\":\"https:\\\/\\\/gimnasticdetarragona.cat\\\/es\\\/grup-jobacar-y-nastic-renuevan-su-colaboracion-un-ano-mas\\\/\"},\"wordCount\":273,\"publisher\":{\"@id\":\"https:\\\/\\\/gimnasticdetarragona.cat\\\/es\\\/#organization\"},\"image\":{\"@id\":\"https:\\\/\\\/gimnasticdetarragona.cat\\\/es\\\/grup-jobacar-y-nastic-renuevan-su-colaboracion-un-ano-mas\\\/#primaryimage\"},\"thumbnailUrl\":\"https:\\\/\\\/gimnasticdetarragona.cat\\\/wp-content\\\/uploads\\\/2026\\\/03\\\/IMG_ok-scaled.jpg\",\"articleSection\":[\"Actualidad\",\"Club Empresa\"],\"inLanguage\":\"es\"},{\"@type\":\"WebPage\",\"@id\":\"https:\\\/\\\/gimnasticdetarragona.cat\\\/es\\\/grup-jobacar-y-nastic-renuevan-su-colaboracion-un-ano-mas\\\/\",\"url\":\"https:\\\/\\\/gimnasticdetarragona.cat\\\/es\\\/grup-jobacar-y-nastic-renuevan-su-colaboracion-un-ano-mas\\\/\",\"name\":\"Grup Jobacar y N\u00e0stic renuevan su colaboraci\u00f3n un a\u00f1o m\u00e1s - Gimn\u00e0stic de Tarragona SAD\",\"isPartOf\":{\"@id\":\"https:\\\/\\\/gimnasticdetarragona.cat\\\/es\\\/#website\"},\"primaryImageOfPage\":{\"@id\":\"https:\\\/\\\/gimnasticdetarragona.cat\\\/es\\\/grup-jobacar-y-nastic-renuevan-su-colaboracion-un-ano-mas\\\/#primaryimage\"},\"image\":{\"@id\":\"https:\\\/\\\/gimnasticdetarragona.cat\\\/es\\\/grup-jobacar-y-nastic-renuevan-su-colaboracion-un-ano-mas\\\/#primaryimage\"},\"thumbnailUrl\":\"https:\\\/\\\/gimnasticdetarragona.cat\\\/wp-content\\\/uploads\\\/2026\\\/03\\\/IMG_ok-scaled.jpg\",\"datePublished\":\"2026-03-17T16:57:24+00:00\",\"dateModified\":\"2026-03-17T16:57:39+00:00\",\"breadcrumb\":{\"@id\":\"https:\\\/\\\/gimnasticdetarragona.cat\\\/es\\\/grup-jobacar-y-nastic-renuevan-su-colaboracion-un-ano-mas\\\/#breadcrumb\"},\"inLanguage\":\"es\",\"potentialAction\":[{\"@type\":\"ReadAction\",\"target\":[\"https:\\\/\\\/gimnasticdetarragona.cat\\\/es\\\/grup-jobacar-y-nastic-renuevan-su-colaboracion-un-ano-mas\\\/\"]}]},{\"@type\":\"ImageObject\",\"inLanguage\":\"es\",\"@id\":\"https:\\\/\\\/gimnasticdetarragona.cat\\\/es\\\/grup-jobacar-y-nastic-renuevan-su-colaboracion-un-ano-mas\\\/#primaryimage\",\"url\":\"https:\\\/\\\/gimnasticdetarragona.cat\\\/wp-content\\\/uploads\\\/2026\\\/03\\\/IMG_ok-scaled.jpg\",\"contentUrl\":\"https:\\\/\\\/gimnasticdetarragona.cat\\\/wp-content\\\/uploads\\\/2026\\\/03\\\/IMG_ok-scaled.jpg\",\"width\":2560,\"height\":1707},{\"@type\":\"BreadcrumbList\",\"@id\":\"https:\\\/\\\/gimnasticdetarragona.cat\\\/es\\\/grup-jobacar-y-nastic-renuevan-su-colaboracion-un-ano-mas\\\/#breadcrumb\",\"itemListElement\":[{\"@type\":\"ListItem\",\"position\":1,\"name\":\"Inici\",\"item\":\"https:\\\/\\\/gimnasticdetarragona.cat\\\/es\\\/nastic\\\/\"},{\"@type\":\"ListItem\",\"position\":2,\"name\":\"Grup Jobacar y N\u00e0stic renuevan su colaboraci\u00f3n un a\u00f1o m\u00e1s\"}]},{\"@type\":\"WebSite\",\"@id\":\"https:\\\/\\\/gimnasticdetarragona.cat\\\/es\\\/#website\",\"url\":\"https:\\\/\\\/gimnasticdetarragona.cat\\\/es\\\/\",\"name\":\"Gimn\u00e0stic de Tarragona SAD\",\"description\":\"Gimn\u00e0stic de Tarragona\",\"publisher\":{\"@id\":\"https:\\\/\\\/gimnasticdetarragona.cat\\\/es\\\/#organization\"},\"potentialAction\":[{\"@type\":\"SearchAction\",\"target\":{\"@type\":\"EntryPoint\",\"urlTemplate\":\"https:\\\/\\\/gimnasticdetarragona.cat\\\/es\\\/?s={search_term_string}\"},\"query-input\":{\"@type\":\"PropertyValueSpecification\",\"valueRequired\":true,\"valueName\":\"search_term_string\"}}],\"inLanguage\":\"es\"},{\"@type\":\"Organization\",\"@id\":\"https:\\\/\\\/gimnasticdetarragona.cat\\\/es\\\/#organization\",\"name\":\"GIMN\u00c0STIC DE TARRAGONA\",\"alternateName\":\"N\u00c0STIC\",\"url\":\"https:\\\/\\\/gimnasticdetarragona.cat\\\/es\\\/\",\"logo\":{\"@type\":\"ImageObject\",\"inLanguage\":\"es\",\"@id\":\"https:\\\/\\\/gimnasticdetarragona.cat\\\/es\\\/#\\\/schema\\\/logo\\\/image\\\/\",\"url\":\"https:\\\/\\\/gimnasticdetarragona.cat\\\/wp-content\\\/uploads\\\/2022\\\/06\\\/cropped-logo-gimnastic.png\",\"contentUrl\":\"https:\\\/\\\/gimnasticdetarragona.cat\\\/wp-content\\\/uploads\\\/2022\\\/06\\\/cropped-logo-gimnastic.png\",\"width\":224,\"height\":83,\"caption\":\"GIMN\u00c0STIC DE TARRAGONA\"},\"image\":{\"@id\":\"https:\\\/\\\/gimnasticdetarragona.cat\\\/es\\\/#\\\/schema\\\/logo\\\/image\\\/\"},\"sameAs\":[\"https:\\\/\\\/x.com\\\/NASTICTARRAGONA\",\"https:\\\/\\\/www.instagram.com\\\/nastictarragona\\\/\"]},{\"@type\":\"Person\",\"@id\":\"https:\\\/\\\/gimnasticdetarragona.cat\\\/es\\\/#\\\/schema\\\/person\\\/0a9b7103e7dd73640eb245c4aa4afb8d\",\"name\":\"Comunicacion\"}]}<\/script>\n<!-- \/ Yoast SEO plugin. -->","yoast_head_json":{"title":"Grup Jobacar y N\u00e0stic renuevan su colaboraci\u00f3n un a\u00f1o m\u00e1s - Gimn\u00e0stic de Tarragona SAD","robots":{"index":"index","follow":"follow","max-snippet":"max-snippet:-1","max-image-preview":"max-image-preview:large","max-video-preview":"max-video-preview:-1"},"canonical":"https:\/\/gimnasticdetarragona.cat\/es\/grup-jobacar-y-nastic-renuevan-su-colaboracion-un-ano-mas\/","og_locale":"es_ES","og_type":"article","og_title":"Grup Jobacar y N\u00e0stic renuevan su colaboraci\u00f3n un a\u00f1o m\u00e1s - Gimn\u00e0stic de Tarragona SAD","og_description":"El Seat Le\u00f3n Style, nuevo veh\u00edculo oficial del N\u00e0stic","og_url":"https:\/\/gimnasticdetarragona.cat\/es\/grup-jobacar-y-nastic-renuevan-su-colaboracion-un-ano-mas\/","og_site_name":"Gimn\u00e0stic de Tarragona SAD","article_published_time":"2026-03-17T16:57:24+00:00","article_modified_time":"2026-03-17T16:57:39+00:00","og_image":[{"width":2560,"height":1707,"url":"https:\/\/gimnasticdetarragona.cat\/wp-content\/uploads\/2026\/03\/IMG_ok-scaled.jpg","type":"image\/jpeg"}],"author":"Comunicacion","twitter_card":"summary_large_image","twitter_creator":"@NASTICTARRAGONA","twitter_site":"@NASTICTARRAGONA","twitter_misc":{"Escrito por":"Comunicacion","Tiempo de lectura":"1 minuto"},"schema":{"@context":"https:\/\/schema.org","@graph":[{"@type":"Article","@id":"https:\/\/gimnasticdetarragona.cat\/es\/grup-jobacar-y-nastic-renuevan-su-colaboracion-un-ano-mas\/#article","isPartOf":{"@id":"https:\/\/gimnasticdetarragona.cat\/es\/grup-jobacar-y-nastic-renuevan-su-colaboracion-un-ano-mas\/"},"author":{"name":"Comunicacion","@id":"https:\/\/gimnasticdetarragona.cat\/es\/#\/schema\/person\/0a9b7103e7dd73640eb245c4aa4afb8d"},"headline":"Grup Jobacar y N\u00e0stic renuevan su colaboraci\u00f3n un a\u00f1o m\u00e1s","datePublished":"2026-03-17T16:57:24+00:00","dateModified":"2026-03-17T16:57:39+00:00","mainEntityOfPage":{"@id":"https:\/\/gimnasticdetarragona.cat\/es\/grup-jobacar-y-nastic-renuevan-su-colaboracion-un-ano-mas\/"},"wordCount":273,"publisher":{"@id":"https:\/\/gimnasticdetarragona.cat\/es\/#organization"},"image":{"@id":"https:\/\/gimnasticdetarragona.cat\/es\/grup-jobacar-y-nastic-renuevan-su-colaboracion-un-ano-mas\/#primaryimage"},"thumbnailUrl":"https:\/\/gimnasticdetarragona.cat\/wp-content\/uploads\/2026\/03\/IMG_ok-scaled.jpg","articleSection":["Actualidad","Club Empresa"],"inLanguage":"es"},{"@type":"WebPage","@id":"https:\/\/gimnasticdetarragona.cat\/es\/grup-jobacar-y-nastic-renuevan-su-colaboracion-un-ano-mas\/","url":"https:\/\/gimnasticdetarragona.cat\/es\/grup-jobacar-y-nastic-renuevan-su-colaboracion-un-ano-mas\/","name":"Grup Jobacar y N\u00e0stic renuevan su colaboraci\u00f3n un a\u00f1o m\u00e1s - Gimn\u00e0stic de Tarragona SAD","isPartOf":{"@id":"https:\/\/gimnasticdetarragona.cat\/es\/#website"},"primaryImageOfPage":{"@id":"https:\/\/gimnasticdetarragona.cat\/es\/grup-jobacar-y-nastic-renuevan-su-colaboracion-un-ano-mas\/#primaryimage"},"image":{"@id":"https:\/\/gimnasticdetarragona.cat\/es\/grup-jobacar-y-nastic-renuevan-su-colaboracion-un-ano-mas\/#primaryimage"},"thumbnailUrl":"https:\/\/gimnasticdetarragona.cat\/wp-content\/uploads\/2026\/03\/IMG_ok-scaled.jpg","datePublished":"2026-03-17T16:57:24+00:00","dateModified":"2026-03-17T16:57:39+00:00","breadcrumb":{"@id":"https:\/\/gimnasticdetarragona.cat\/es\/grup-jobacar-y-nastic-renuevan-su-colaboracion-un-ano-mas\/#breadcrumb"},"inLanguage":"es","potentialAction":[{"@type":"ReadAction","target":["https:\/\/gimnasticdetarragona.cat\/es\/grup-jobacar-y-nastic-renuevan-su-colaboracion-un-ano-mas\/"]}]},{"@type":"ImageObject","inLanguage":"es","@id":"https:\/\/gimnasticdetarragona.cat\/es\/grup-jobacar-y-nastic-renuevan-su-colaboracion-un-ano-mas\/#primaryimage","url":"https:\/\/gimnasticdetarragona.cat\/wp-content\/uploads\/2026\/03\/IMG_ok-scaled.jpg","contentUrl":"https:\/\/gimnasticdetarragona.cat\/wp-content\/uploads\/2026\/03\/IMG_ok-scaled.jpg","width":2560,"height":1707},{"@type":"BreadcrumbList","@id":"https:\/\/gimnasticdetarragona.cat\/es\/grup-jobacar-y-nastic-renuevan-su-colaboracion-un-ano-mas\/#breadcrumb","itemListElement":[{"@type":"ListItem","position":1,"name":"Inici","item":"https:\/\/gimnasticdetarragona.cat\/es\/nastic\/"},{"@type":"ListItem","position":2,"name":"Grup Jobacar y N\u00e0stic renuevan su colaboraci\u00f3n un a\u00f1o m\u00e1s"}]},{"@type":"WebSite","@id":"https:\/\/gimnasticdetarragona.cat\/es\/#website","url":"https:\/\/gimnasticdetarragona.cat\/es\/","name":"Gimn\u00e0stic de Tarragona SAD","description":"Gimn\u00e0stic de Tarragona","publisher":{"@id":"https:\/\/gimnasticdetarragona.cat\/es\/#organization"},"potentialAction":[{"@type":"SearchAction","target":{"@type":"EntryPoint","urlTemplate":"https:\/\/gimnasticdetarragona.cat\/es\/?s={search_term_string}"},"query-input":{"@type":"PropertyValueSpecification","valueRequired":true,"valueName":"search_term_string"}}],"inLanguage":"es"},{"@type":"Organization","@id":"https:\/\/gimnasticdetarragona.cat\/es\/#organization","name":"GIMN\u00c0STIC DE TARRAGONA","alternateName":"N\u00c0STIC","url":"https:\/\/gimnasticdetarragona.cat\/es\/","logo":{"@type":"ImageObject","inLanguage":"es","@id":"https:\/\/gimnasticdetarragona.cat\/es\/#\/schema\/logo\/image\/","url":"https:\/\/gimnasticdetarragona.cat\/wp-content\/uploads\/2022\/06\/cropped-logo-gimnastic.png","contentUrl":"https:\/\/gimnasticdetarragona.cat\/wp-content\/uploads\/2022\/06\/cropped-logo-gimnastic.png","width":224,"height":83,"caption":"GIMN\u00c0STIC DE TARRAGONA"},"image":{"@id":"https:\/\/gimnasticdetarragona.cat\/es\/#\/schema\/logo\/image\/"},"sameAs":["https:\/\/x.com\/NASTICTARRAGONA","https:\/\/www.instagram.com\/nastictarragona\/"]},{"@type":"Person","@id":"https:\/\/gimnasticdetarragona.cat\/es\/#\/schema\/person\/0a9b7103e7dd73640eb245c4aa4afb8d","name":"Comunicacion"}]}},"_links":{"self":[{"href":"https:\/\/gimnasticdetarragona.cat\/es\/wp-json\/wp\/v2\/posts\/101850","targetHints":{"allow":["GET"]}}],"collection":[{"href":"https:\/\/gimnasticdetarragona.cat\/es\/wp-json\/wp\/v2\/posts"}],"about":[{"href":"https:\/\/gimnasticdetarragona.cat\/es\/wp-json\/wp\/v2\/types\/post"}],"author":[{"embeddable":true,"href":"https:\/\/gimnasticdetarragona.cat\/es\/wp-json\/wp\/v2\/users\/7"}],"replies":[{"embeddable":true,"href":"https:\/\/gimnasticdetarragona.cat\/es\/wp-json\/wp\/v2\/comments?post=101850"}],"version-history":[{"count":1,"href":"https:\/\/gimnasticdetarragona.cat\/es\/wp-json\/wp\/v2\/posts\/101850\/revisions"}],"predecessor-version":[{"id":101851,"href":"https:\/\/gimnasticdetarragona.cat\/es\/wp-json\/wp\/v2\/posts\/101850\/revisions\/101851"}],"wp:featuredmedia":[{"embeddable":true,"href":"https:\/\/gimnasticdetarragona.cat\/es\/wp-json\/wp\/v2\/media\/101848"}],"wp:attachment":[{"href":"https:\/\/gimnasticdetarragona.cat\/es\/wp-json\/wp\/v2\/media?parent=101850"}],"wp:term":[{"taxonomy":"category","embeddable":true,"href":"https:\/\/gimnasticdetarragona.cat\/es\/wp-json\/wp\/v2\/categories?post=101850"},{"taxonomy":"post_tag","embeddable":true,"href":"https:\/\/gimnasticdetarragona.cat\/es\/wp-json\/wp\/v2\/tags?post=101850"}],"curies":[{"name":"wp","href":"https:\/\/api.w.org\/{rel}","templated":true}]}}