{"id":102070,"date":"2026-04-28T17:28:33","date_gmt":"2026-04-28T15:28:33","guid":{"rendered":"https:\/\/gimnasticdetarragona.cat\/el-nastic-completa-la-3a-fase-de-laliga-genuine-moeve-a-granada\/"},"modified":"2026-04-28T17:30:29","modified_gmt":"2026-04-28T15:30:29","slug":"el-nastic-completa-la-3a-fase-de-laliga-genuine-moeve-a-granada","status":"publish","type":"post","link":"https:\/\/gimnasticdetarragona.cat\/es\/el-nastic-completa-la-3a-fase-de-laliga-genuine-moeve-a-granada\/","title":{"rendered":"El N\u00e0stic completa la 3\u00aa Fase de LALIGA GENUINE Moeve a Granada"},"content":{"rendered":"\n<p>El equipo Genuine del Gimn\u00e0stic de Tarragona ha disputado este fin de semana la tercera fase de LALIGA GENUINE Moeve 2025\/2026, celebrada en la ciudad de Granada. La sede andaluza ha reunido a cerca de 500 deportistas, repartidos entre los diferentes equipos participantes en esta nueva jornada de convivencia, deporte y valores.<\/p>\n\n\n\n<p>El N\u00e0stic ha vuelto a demostrar su compromiso con los valores de la competici\u00f3n, manteniendo el pleno de puntos en la clasificaci\u00f3n del fair play. Los grana siguen situ\u00e1ndose entre los equipos m\u00e1s destacados en este apartado, reafirmando su deportividad dentro y fuera del terreno de juego.<\/p>\n\n\n\n<p>En cuanto a resultados deportivos, el conjunto tarraconense ha empatado los dos partidos disputados durante el fin de semana. En el primer enfrentamiento, ante el Levante UD EDI, el marcador se cerr\u00f3 con un 1-1. En el segundo duelo, contra la Fundaci\u00f3n Club Atl\u00e9tico de Madrid, los grana repitieron resultado (1-1).<\/p>\n\n\n\n<p>Una vez finalizados los partidos, se realiz\u00f3 el acto de clausura con la entrega de medallas a todos los participantes, en una celebraci\u00f3n conjunta con representantes de LaLiga, Fundaci\u00f3n LaLiga y autoridades locales, poniendo punto y final a una nueva fase marcada por el respeto, la inclusi\u00f3n y la convivencia.<\/p>\n\n\n\n<p>El equipo continuar\u00e1 la preparaci\u00f3n para la 4a fase de la LALIGA GENUINE Moeve, que cerrar\u00e1 la presente campa\u00f1a 2025\/2026.<\/p>\n","protected":false},"excerpt":{"rendered":"<p>El equipo grana mantiene el pleno de puntos en la clasificaci\u00f3n del fair play<\/p>\n","protected":false},"author":7,"featured_media":102068,"comment_status":"closed","ping_status":"closed","sticky":false,"template":"","format":"standard","meta":{"_acf_changed":false,"footnotes":""},"categories":[113,118,119],"tags":[],"class_list":["post-102070","post","type-post","status-publish","format-standard","has-post-thumbnail","hentry","category-actualidad","category-genuine","category-genuine-1"],"acf":[],"yoast_head":"<!-- This site is optimized with the Yoast SEO plugin v27.3 - https:\/\/yoast.com\/product\/yoast-seo-wordpress\/ -->\n<title>El N\u00e0stic completa la 3\u00aa Fase de LALIGA GENUINE Moeve a Granada - Gimn\u00e0stic de Tarragona SAD<\/title>\n<meta name=\"robots\" content=\"index, follow, max-snippet:-1, max-image-preview:large, max-video-preview:-1\" \/>\n<link rel=\"canonical\" href=\"https:\/\/gimnasticdetarragona.cat\/es\/el-nastic-completa-la-3a-fase-de-laliga-genuine-moeve-a-granada\/\" \/>\n<meta property=\"og:locale\" content=\"es_ES\" \/>\n<meta property=\"og:type\" content=\"article\" \/>\n<meta property=\"og:title\" content=\"El N\u00e0stic completa la 3\u00aa Fase de LALIGA GENUINE Moeve a Granada - Gimn\u00e0stic de Tarragona SAD\" \/>\n<meta property=\"og:description\" content=\"El equipo grana mantiene el pleno de puntos en la clasificaci\u00f3n del fair play\" \/>\n<meta property=\"og:url\" content=\"https:\/\/gimnasticdetarragona.cat\/es\/el-nastic-completa-la-3a-fase-de-laliga-genuine-moeve-a-granada\/\" \/>\n<meta property=\"og:site_name\" content=\"Gimn\u00e0stic de Tarragona SAD\" \/>\n<meta property=\"article:published_time\" content=\"2026-04-28T15:28:33+00:00\" \/>\n<meta property=\"article:modified_time\" content=\"2026-04-28T15:30:29+00:00\" \/>\n<meta property=\"og:image\" content=\"https:\/\/gimnasticdetarragona.cat\/wp-content\/uploads\/2026\/04\/69ee1cafc967a261588121.jpg\" \/>\n\t<meta property=\"og:image:width\" content=\"2000\" \/>\n\t<meta property=\"og:image:height\" content=\"1334\" \/>\n\t<meta property=\"og:image:type\" content=\"image\/jpeg\" \/>\n<meta name=\"author\" content=\"Comunicacion\" \/>\n<meta name=\"twitter:card\" content=\"summary_large_image\" \/>\n<meta name=\"twitter:creator\" content=\"@NASTICTARRAGONA\" \/>\n<meta name=\"twitter:site\" content=\"@NASTICTARRAGONA\" \/>\n<meta name=\"twitter:label1\" content=\"Escrito por\" \/>\n\t<meta name=\"twitter:data1\" content=\"Comunicacion\" \/>\n\t<meta name=\"twitter:label2\" content=\"Tiempo de lectura\" \/>\n\t<meta name=\"twitter:data2\" content=\"1 minuto\" \/>\n<script type=\"application\/ld+json\" class=\"yoast-schema-graph\">{\"@context\":\"https:\\\/\\\/schema.org\",\"@graph\":[{\"@type\":\"Article\",\"@id\":\"https:\\\/\\\/gimnasticdetarragona.cat\\\/es\\\/el-nastic-completa-la-3a-fase-de-laliga-genuine-moeve-a-granada\\\/#article\",\"isPartOf\":{\"@id\":\"https:\\\/\\\/gimnasticdetarragona.cat\\\/es\\\/el-nastic-completa-la-3a-fase-de-laliga-genuine-moeve-a-granada\\\/\"},\"author\":{\"name\":\"Comunicacion\",\"@id\":\"https:\\\/\\\/gimnasticdetarragona.cat\\\/es\\\/#\\\/schema\\\/person\\\/0a9b7103e7dd73640eb245c4aa4afb8d\"},\"headline\":\"El N\u00e0stic completa la 3\u00aa Fase de LALIGA GENUINE Moeve a Granada\",\"datePublished\":\"2026-04-28T15:28:33+00:00\",\"dateModified\":\"2026-04-28T15:30:29+00:00\",\"mainEntityOfPage\":{\"@id\":\"https:\\\/\\\/gimnasticdetarragona.cat\\\/es\\\/el-nastic-completa-la-3a-fase-de-laliga-genuine-moeve-a-granada\\\/\"},\"wordCount\":242,\"publisher\":{\"@id\":\"https:\\\/\\\/gimnasticdetarragona.cat\\\/es\\\/#organization\"},\"image\":{\"@id\":\"https:\\\/\\\/gimnasticdetarragona.cat\\\/es\\\/el-nastic-completa-la-3a-fase-de-laliga-genuine-moeve-a-granada\\\/#primaryimage\"},\"thumbnailUrl\":\"https:\\\/\\\/gimnasticdetarragona.cat\\\/wp-content\\\/uploads\\\/2026\\\/04\\\/69ee1cafc967a261588121.jpg\",\"articleSection\":[\"Actualidad\",\"Genuine\",\"Genuine\"],\"inLanguage\":\"es\"},{\"@type\":\"WebPage\",\"@id\":\"https:\\\/\\\/gimnasticdetarragona.cat\\\/es\\\/el-nastic-completa-la-3a-fase-de-laliga-genuine-moeve-a-granada\\\/\",\"url\":\"https:\\\/\\\/gimnasticdetarragona.cat\\\/es\\\/el-nastic-completa-la-3a-fase-de-laliga-genuine-moeve-a-granada\\\/\",\"name\":\"El N\u00e0stic completa la 3\u00aa Fase de LALIGA GENUINE Moeve a Granada - Gimn\u00e0stic de Tarragona SAD\",\"isPartOf\":{\"@id\":\"https:\\\/\\\/gimnasticdetarragona.cat\\\/es\\\/#website\"},\"primaryImageOfPage\":{\"@id\":\"https:\\\/\\\/gimnasticdetarragona.cat\\\/es\\\/el-nastic-completa-la-3a-fase-de-laliga-genuine-moeve-a-granada\\\/#primaryimage\"},\"image\":{\"@id\":\"https:\\\/\\\/gimnasticdetarragona.cat\\\/es\\\/el-nastic-completa-la-3a-fase-de-laliga-genuine-moeve-a-granada\\\/#primaryimage\"},\"thumbnailUrl\":\"https:\\\/\\\/gimnasticdetarragona.cat\\\/wp-content\\\/uploads\\\/2026\\\/04\\\/69ee1cafc967a261588121.jpg\",\"datePublished\":\"2026-04-28T15:28:33+00:00\",\"dateModified\":\"2026-04-28T15:30:29+00:00\",\"breadcrumb\":{\"@id\":\"https:\\\/\\\/gimnasticdetarragona.cat\\\/es\\\/el-nastic-completa-la-3a-fase-de-laliga-genuine-moeve-a-granada\\\/#breadcrumb\"},\"inLanguage\":\"es\",\"potentialAction\":[{\"@type\":\"ReadAction\",\"target\":[\"https:\\\/\\\/gimnasticdetarragona.cat\\\/es\\\/el-nastic-completa-la-3a-fase-de-laliga-genuine-moeve-a-granada\\\/\"]}]},{\"@type\":\"ImageObject\",\"inLanguage\":\"es\",\"@id\":\"https:\\\/\\\/gimnasticdetarragona.cat\\\/es\\\/el-nastic-completa-la-3a-fase-de-laliga-genuine-moeve-a-granada\\\/#primaryimage\",\"url\":\"https:\\\/\\\/gimnasticdetarragona.cat\\\/wp-content\\\/uploads\\\/2026\\\/04\\\/69ee1cafc967a261588121.jpg\",\"contentUrl\":\"https:\\\/\\\/gimnasticdetarragona.cat\\\/wp-content\\\/uploads\\\/2026\\\/04\\\/69ee1cafc967a261588121.jpg\",\"width\":2000,\"height\":1334},{\"@type\":\"BreadcrumbList\",\"@id\":\"https:\\\/\\\/gimnasticdetarragona.cat\\\/es\\\/el-nastic-completa-la-3a-fase-de-laliga-genuine-moeve-a-granada\\\/#breadcrumb\",\"itemListElement\":[{\"@type\":\"ListItem\",\"position\":1,\"name\":\"Inici\",\"item\":\"https:\\\/\\\/gimnasticdetarragona.cat\\\/es\\\/nastic\\\/\"},{\"@type\":\"ListItem\",\"position\":2,\"name\":\"El N\u00e0stic completa la 3\u00aa Fase de LALIGA GENUINE Moeve a Granada\"}]},{\"@type\":\"WebSite\",\"@id\":\"https:\\\/\\\/gimnasticdetarragona.cat\\\/es\\\/#website\",\"url\":\"https:\\\/\\\/gimnasticdetarragona.cat\\\/es\\\/\",\"name\":\"Gimn\u00e0stic de Tarragona SAD\",\"description\":\"Gimn\u00e0stic de Tarragona\",\"publisher\":{\"@id\":\"https:\\\/\\\/gimnasticdetarragona.cat\\\/es\\\/#organization\"},\"potentialAction\":[{\"@type\":\"SearchAction\",\"target\":{\"@type\":\"EntryPoint\",\"urlTemplate\":\"https:\\\/\\\/gimnasticdetarragona.cat\\\/es\\\/?s={search_term_string}\"},\"query-input\":{\"@type\":\"PropertyValueSpecification\",\"valueRequired\":true,\"valueName\":\"search_term_string\"}}],\"inLanguage\":\"es\"},{\"@type\":\"Organization\",\"@id\":\"https:\\\/\\\/gimnasticdetarragona.cat\\\/es\\\/#organization\",\"name\":\"GIMN\u00c0STIC DE TARRAGONA\",\"alternateName\":\"N\u00c0STIC\",\"url\":\"https:\\\/\\\/gimnasticdetarragona.cat\\\/es\\\/\",\"logo\":{\"@type\":\"ImageObject\",\"inLanguage\":\"es\",\"@id\":\"https:\\\/\\\/gimnasticdetarragona.cat\\\/es\\\/#\\\/schema\\\/logo\\\/image\\\/\",\"url\":\"https:\\\/\\\/gimnasticdetarragona.cat\\\/wp-content\\\/uploads\\\/2022\\\/06\\\/cropped-logo-gimnastic.png\",\"contentUrl\":\"https:\\\/\\\/gimnasticdetarragona.cat\\\/wp-content\\\/uploads\\\/2022\\\/06\\\/cropped-logo-gimnastic.png\",\"width\":224,\"height\":83,\"caption\":\"GIMN\u00c0STIC DE TARRAGONA\"},\"image\":{\"@id\":\"https:\\\/\\\/gimnasticdetarragona.cat\\\/es\\\/#\\\/schema\\\/logo\\\/image\\\/\"},\"sameAs\":[\"https:\\\/\\\/x.com\\\/NASTICTARRAGONA\",\"https:\\\/\\\/www.instagram.com\\\/nastictarragona\\\/\"]},{\"@type\":\"Person\",\"@id\":\"https:\\\/\\\/gimnasticdetarragona.cat\\\/es\\\/#\\\/schema\\\/person\\\/0a9b7103e7dd73640eb245c4aa4afb8d\",\"name\":\"Comunicacion\"}]}<\/script>\n<!-- \/ Yoast SEO plugin. -->","yoast_head_json":{"title":"El N\u00e0stic completa la 3\u00aa Fase de LALIGA GENUINE Moeve a Granada - Gimn\u00e0stic de Tarragona SAD","robots":{"index":"index","follow":"follow","max-snippet":"max-snippet:-1","max-image-preview":"max-image-preview:large","max-video-preview":"max-video-preview:-1"},"canonical":"https:\/\/gimnasticdetarragona.cat\/es\/el-nastic-completa-la-3a-fase-de-laliga-genuine-moeve-a-granada\/","og_locale":"es_ES","og_type":"article","og_title":"El N\u00e0stic completa la 3\u00aa Fase de LALIGA GENUINE Moeve a Granada - Gimn\u00e0stic de Tarragona SAD","og_description":"El equipo grana mantiene el pleno de puntos en la clasificaci\u00f3n del fair play","og_url":"https:\/\/gimnasticdetarragona.cat\/es\/el-nastic-completa-la-3a-fase-de-laliga-genuine-moeve-a-granada\/","og_site_name":"Gimn\u00e0stic de Tarragona SAD","article_published_time":"2026-04-28T15:28:33+00:00","article_modified_time":"2026-04-28T15:30:29+00:00","og_image":[{"width":2000,"height":1334,"url":"https:\/\/gimnasticdetarragona.cat\/wp-content\/uploads\/2026\/04\/69ee1cafc967a261588121.jpg","type":"image\/jpeg"}],"author":"Comunicacion","twitter_card":"summary_large_image","twitter_creator":"@NASTICTARRAGONA","twitter_site":"@NASTICTARRAGONA","twitter_misc":{"Escrito por":"Comunicacion","Tiempo de lectura":"1 minuto"},"schema":{"@context":"https:\/\/schema.org","@graph":[{"@type":"Article","@id":"https:\/\/gimnasticdetarragona.cat\/es\/el-nastic-completa-la-3a-fase-de-laliga-genuine-moeve-a-granada\/#article","isPartOf":{"@id":"https:\/\/gimnasticdetarragona.cat\/es\/el-nastic-completa-la-3a-fase-de-laliga-genuine-moeve-a-granada\/"},"author":{"name":"Comunicacion","@id":"https:\/\/gimnasticdetarragona.cat\/es\/#\/schema\/person\/0a9b7103e7dd73640eb245c4aa4afb8d"},"headline":"El N\u00e0stic completa la 3\u00aa Fase de LALIGA GENUINE Moeve a Granada","datePublished":"2026-04-28T15:28:33+00:00","dateModified":"2026-04-28T15:30:29+00:00","mainEntityOfPage":{"@id":"https:\/\/gimnasticdetarragona.cat\/es\/el-nastic-completa-la-3a-fase-de-laliga-genuine-moeve-a-granada\/"},"wordCount":242,"publisher":{"@id":"https:\/\/gimnasticdetarragona.cat\/es\/#organization"},"image":{"@id":"https:\/\/gimnasticdetarragona.cat\/es\/el-nastic-completa-la-3a-fase-de-laliga-genuine-moeve-a-granada\/#primaryimage"},"thumbnailUrl":"https:\/\/gimnasticdetarragona.cat\/wp-content\/uploads\/2026\/04\/69ee1cafc967a261588121.jpg","articleSection":["Actualidad","Genuine","Genuine"],"inLanguage":"es"},{"@type":"WebPage","@id":"https:\/\/gimnasticdetarragona.cat\/es\/el-nastic-completa-la-3a-fase-de-laliga-genuine-moeve-a-granada\/","url":"https:\/\/gimnasticdetarragona.cat\/es\/el-nastic-completa-la-3a-fase-de-laliga-genuine-moeve-a-granada\/","name":"El N\u00e0stic completa la 3\u00aa Fase de LALIGA GENUINE Moeve a Granada - Gimn\u00e0stic de Tarragona SAD","isPartOf":{"@id":"https:\/\/gimnasticdetarragona.cat\/es\/#website"},"primaryImageOfPage":{"@id":"https:\/\/gimnasticdetarragona.cat\/es\/el-nastic-completa-la-3a-fase-de-laliga-genuine-moeve-a-granada\/#primaryimage"},"image":{"@id":"https:\/\/gimnasticdetarragona.cat\/es\/el-nastic-completa-la-3a-fase-de-laliga-genuine-moeve-a-granada\/#primaryimage"},"thumbnailUrl":"https:\/\/gimnasticdetarragona.cat\/wp-content\/uploads\/2026\/04\/69ee1cafc967a261588121.jpg","datePublished":"2026-04-28T15:28:33+00:00","dateModified":"2026-04-28T15:30:29+00:00","breadcrumb":{"@id":"https:\/\/gimnasticdetarragona.cat\/es\/el-nastic-completa-la-3a-fase-de-laliga-genuine-moeve-a-granada\/#breadcrumb"},"inLanguage":"es","potentialAction":[{"@type":"ReadAction","target":["https:\/\/gimnasticdetarragona.cat\/es\/el-nastic-completa-la-3a-fase-de-laliga-genuine-moeve-a-granada\/"]}]},{"@type":"ImageObject","inLanguage":"es","@id":"https:\/\/gimnasticdetarragona.cat\/es\/el-nastic-completa-la-3a-fase-de-laliga-genuine-moeve-a-granada\/#primaryimage","url":"https:\/\/gimnasticdetarragona.cat\/wp-content\/uploads\/2026\/04\/69ee1cafc967a261588121.jpg","contentUrl":"https:\/\/gimnasticdetarragona.cat\/wp-content\/uploads\/2026\/04\/69ee1cafc967a261588121.jpg","width":2000,"height":1334},{"@type":"BreadcrumbList","@id":"https:\/\/gimnasticdetarragona.cat\/es\/el-nastic-completa-la-3a-fase-de-laliga-genuine-moeve-a-granada\/#breadcrumb","itemListElement":[{"@type":"ListItem","position":1,"name":"Inici","item":"https:\/\/gimnasticdetarragona.cat\/es\/nastic\/"},{"@type":"ListItem","position":2,"name":"El N\u00e0stic completa la 3\u00aa Fase de LALIGA GENUINE Moeve a Granada"}]},{"@type":"WebSite","@id":"https:\/\/gimnasticdetarragona.cat\/es\/#website","url":"https:\/\/gimnasticdetarragona.cat\/es\/","name":"Gimn\u00e0stic de Tarragona SAD","description":"Gimn\u00e0stic de Tarragona","publisher":{"@id":"https:\/\/gimnasticdetarragona.cat\/es\/#organization"},"potentialAction":[{"@type":"SearchAction","target":{"@type":"EntryPoint","urlTemplate":"https:\/\/gimnasticdetarragona.cat\/es\/?s={search_term_string}"},"query-input":{"@type":"PropertyValueSpecification","valueRequired":true,"valueName":"search_term_string"}}],"inLanguage":"es"},{"@type":"Organization","@id":"https:\/\/gimnasticdetarragona.cat\/es\/#organization","name":"GIMN\u00c0STIC DE TARRAGONA","alternateName":"N\u00c0STIC","url":"https:\/\/gimnasticdetarragona.cat\/es\/","logo":{"@type":"ImageObject","inLanguage":"es","@id":"https:\/\/gimnasticdetarragona.cat\/es\/#\/schema\/logo\/image\/","url":"https:\/\/gimnasticdetarragona.cat\/wp-content\/uploads\/2022\/06\/cropped-logo-gimnastic.png","contentUrl":"https:\/\/gimnasticdetarragona.cat\/wp-content\/uploads\/2022\/06\/cropped-logo-gimnastic.png","width":224,"height":83,"caption":"GIMN\u00c0STIC DE TARRAGONA"},"image":{"@id":"https:\/\/gimnasticdetarragona.cat\/es\/#\/schema\/logo\/image\/"},"sameAs":["https:\/\/x.com\/NASTICTARRAGONA","https:\/\/www.instagram.com\/nastictarragona\/"]},{"@type":"Person","@id":"https:\/\/gimnasticdetarragona.cat\/es\/#\/schema\/person\/0a9b7103e7dd73640eb245c4aa4afb8d","name":"Comunicacion"}]}},"_links":{"self":[{"href":"https:\/\/gimnasticdetarragona.cat\/es\/wp-json\/wp\/v2\/posts\/102070","targetHints":{"allow":["GET"]}}],"collection":[{"href":"https:\/\/gimnasticdetarragona.cat\/es\/wp-json\/wp\/v2\/posts"}],"about":[{"href":"https:\/\/gimnasticdetarragona.cat\/es\/wp-json\/wp\/v2\/types\/post"}],"author":[{"embeddable":true,"href":"https:\/\/gimnasticdetarragona.cat\/es\/wp-json\/wp\/v2\/users\/7"}],"replies":[{"embeddable":true,"href":"https:\/\/gimnasticdetarragona.cat\/es\/wp-json\/wp\/v2\/comments?post=102070"}],"version-history":[{"count":1,"href":"https:\/\/gimnasticdetarragona.cat\/es\/wp-json\/wp\/v2\/posts\/102070\/revisions"}],"predecessor-version":[{"id":102071,"href":"https:\/\/gimnasticdetarragona.cat\/es\/wp-json\/wp\/v2\/posts\/102070\/revisions\/102071"}],"wp:featuredmedia":[{"embeddable":true,"href":"https:\/\/gimnasticdetarragona.cat\/es\/wp-json\/wp\/v2\/media\/102068"}],"wp:attachment":[{"href":"https:\/\/gimnasticdetarragona.cat\/es\/wp-json\/wp\/v2\/media?parent=102070"}],"wp:term":[{"taxonomy":"category","embeddable":true,"href":"https:\/\/gimnasticdetarragona.cat\/es\/wp-json\/wp\/v2\/categories?post=102070"},{"taxonomy":"post_tag","embeddable":true,"href":"https:\/\/gimnasticdetarragona.cat\/es\/wp-json\/wp\/v2\/tags?post=102070"}],"curies":[{"name":"wp","href":"https:\/\/api.w.org\/{rel}","templated":true}]}}