{"id":54231,"date":"2018-07-12T15:41:00","date_gmt":"2018-07-12T15:41:00","guid":{"rendered":"https:\/\/clone.gimnasticdetarragona.cat\/el-gimnastic-de-tarragona-con-el-mullat-2018\/"},"modified":"2018-07-12T15:41:00","modified_gmt":"2018-07-12T15:41:00","slug":"el-gimnastic-de-tarragona-con-el-mullat-2018","status":"publish","type":"post","link":"https:\/\/gimnasticdetarragona.cat\/es\/el-gimnastic-de-tarragona-con-el-mullat-2018\/","title":{"rendered":"El Gimn\u00e0stic de Tarragona con el Mulla\u2019t 2018"},"content":{"rendered":"<p>El tradicional ba&ntilde;o fue la actividad estrella en una jornada que cont&oacute; con la participaci&oacute;n del presidente Josep Maria Andreu.<\/p>\n<p>El Gimn&agrave;stic de Tarragona sigue colaborando en una jornada especialmente se&ntilde;alada en el calendario social del a&ntilde;o. La finalidad, recaudar el m&aacute;ximo de fondos posibles para combatir la esclerosis m&uacute;ltiple, enfermedad que desgraciadamente afecta a un gran n&uacute;mero de personas.<\/p>\n<p>Las actividades programadas se iniciaron a las 9 horas y se prolongaron hasta pasado el mediod&iacute;a. Cabe destacar la participaci&oacute;n de la colla castellera Xiquets de Tarragona, que un a&ntilde;o m&aacute;s tambi&eacute;n se sumaron a la causa haciendo un pilar y desplegando la bandera del Mulla&rsquo;t.<\/p>\n<p>En esta edici&oacute;n, igual que en las anteriores, el presidente del Gimn&agrave;stic de Tarragona, Josep Maria Andreu; y el vicepresidente del Club Gimn&agrave;stic, Josep Francesc Ferrer, tambi&eacute;n participaron activamente de una jornada abierta a todos y que re&uacute;ne peque&ntilde;os y mayores. Diferentes secciones del Club tambi&eacute;n aportaron su granito de arena para acabar todos juntos en la piscina y ba&ntilde;arse por una buena causa y para combatir las altas temperaturas.<\/p>\n","protected":false},"excerpt":{"rendered":"<p>La piscina del Club Gimn\u00e0stic volvi\u00f3 a acoger una nueva edici\u00f3n solidaria del Mulla\u2019t por la esclerosis m\u00faltiple.<\/p>\n","protected":false},"author":1,"featured_media":54228,"comment_status":"open","ping_status":"open","sticky":false,"template":"","format":"standard","meta":{"_acf_changed":false,"footnotes":""},"categories":[115],"tags":[],"class_list":["post-54231","post","type-post","status-publish","format-standard","has-post-thumbnail","hentry","category-agenda-social"],"acf":[],"yoast_head":"<!-- This site is optimized with the Yoast SEO plugin v27.3 - https:\/\/yoast.com\/product\/yoast-seo-wordpress\/ -->\n<title>El Gimn\u00e0stic de Tarragona con el Mulla\u2019t 2018 - Gimn\u00e0stic de Tarragona SAD<\/title>\n<meta name=\"robots\" content=\"index, follow, max-snippet:-1, max-image-preview:large, max-video-preview:-1\" \/>\n<link rel=\"canonical\" href=\"https:\/\/gimnasticdetarragona.cat\/es\/el-gimnastic-de-tarragona-con-el-mullat-2018\/\" \/>\n<meta property=\"og:locale\" content=\"es_ES\" \/>\n<meta property=\"og:type\" content=\"article\" \/>\n<meta property=\"og:title\" content=\"El Gimn\u00e0stic de Tarragona con el Mulla\u2019t 2018 - Gimn\u00e0stic de Tarragona SAD\" \/>\n<meta property=\"og:description\" content=\"La piscina del Club Gimn\u00e0stic volvi\u00f3 a acoger una nueva edici\u00f3n solidaria del Mulla\u2019t por la esclerosis m\u00faltiple.\" \/>\n<meta property=\"og:url\" content=\"https:\/\/gimnasticdetarragona.cat\/es\/el-gimnastic-de-tarragona-con-el-mullat-2018\/\" \/>\n<meta property=\"og:site_name\" content=\"Gimn\u00e0stic de Tarragona SAD\" \/>\n<meta property=\"article:published_time\" content=\"2018-07-12T15:41:00+00:00\" \/>\n<meta property=\"og:image\" content=\"https:\/\/gimnasticdetarragona.cat\/wp-content\/uploads\/2022\/06\/12154145personalitats_bona-660x330-1.jpg\" \/>\n\t<meta property=\"og:image:width\" content=\"660\" \/>\n\t<meta property=\"og:image:height\" content=\"330\" \/>\n\t<meta property=\"og:image:type\" content=\"image\/jpeg\" \/>\n<meta name=\"author\" content=\"desarrollo\" \/>\n<meta name=\"twitter:card\" content=\"summary_large_image\" \/>\n<meta name=\"twitter:creator\" content=\"@NASTICTARRAGONA\" \/>\n<meta name=\"twitter:site\" content=\"@NASTICTARRAGONA\" \/>\n<meta name=\"twitter:label1\" content=\"Escrito por\" \/>\n\t<meta name=\"twitter:data1\" content=\"desarrollo\" \/>\n\t<meta name=\"twitter:label2\" content=\"Tiempo de lectura\" \/>\n\t<meta name=\"twitter:data2\" content=\"1 minuto\" \/>\n<script type=\"application\/ld+json\" class=\"yoast-schema-graph\">{\"@context\":\"https:\\\/\\\/schema.org\",\"@graph\":[{\"@type\":\"Article\",\"@id\":\"https:\\\/\\\/gimnasticdetarragona.cat\\\/es\\\/el-gimnastic-de-tarragona-con-el-mullat-2018\\\/#article\",\"isPartOf\":{\"@id\":\"https:\\\/\\\/gimnasticdetarragona.cat\\\/es\\\/el-gimnastic-de-tarragona-con-el-mullat-2018\\\/\"},\"author\":{\"name\":\"desarrollo\",\"@id\":\"https:\\\/\\\/gimnasticdetarragona.cat\\\/es\\\/#\\\/schema\\\/person\\\/47b6a637abf88f9bd835540f20ea069e\"},\"headline\":\"El Gimn\u00e0stic de Tarragona con el Mulla\u2019t 2018\",\"datePublished\":\"2018-07-12T15:41:00+00:00\",\"mainEntityOfPage\":{\"@id\":\"https:\\\/\\\/gimnasticdetarragona.cat\\\/es\\\/el-gimnastic-de-tarragona-con-el-mullat-2018\\\/\"},\"wordCount\":229,\"commentCount\":0,\"publisher\":{\"@id\":\"https:\\\/\\\/gimnasticdetarragona.cat\\\/es\\\/#organization\"},\"image\":{\"@id\":\"https:\\\/\\\/gimnasticdetarragona.cat\\\/es\\\/el-gimnastic-de-tarragona-con-el-mullat-2018\\\/#primaryimage\"},\"thumbnailUrl\":\"https:\\\/\\\/gimnasticdetarragona.cat\\\/wp-content\\\/uploads\\\/2022\\\/06\\\/12154145personalitats_bona-660x330-1.jpg\",\"articleSection\":[\"Agenda Social\"],\"inLanguage\":\"es\"},{\"@type\":\"WebPage\",\"@id\":\"https:\\\/\\\/gimnasticdetarragona.cat\\\/es\\\/el-gimnastic-de-tarragona-con-el-mullat-2018\\\/\",\"url\":\"https:\\\/\\\/gimnasticdetarragona.cat\\\/es\\\/el-gimnastic-de-tarragona-con-el-mullat-2018\\\/\",\"name\":\"El Gimn\u00e0stic de Tarragona con el Mulla\u2019t 2018 - Gimn\u00e0stic de Tarragona SAD\",\"isPartOf\":{\"@id\":\"https:\\\/\\\/gimnasticdetarragona.cat\\\/es\\\/#website\"},\"primaryImageOfPage\":{\"@id\":\"https:\\\/\\\/gimnasticdetarragona.cat\\\/es\\\/el-gimnastic-de-tarragona-con-el-mullat-2018\\\/#primaryimage\"},\"image\":{\"@id\":\"https:\\\/\\\/gimnasticdetarragona.cat\\\/es\\\/el-gimnastic-de-tarragona-con-el-mullat-2018\\\/#primaryimage\"},\"thumbnailUrl\":\"https:\\\/\\\/gimnasticdetarragona.cat\\\/wp-content\\\/uploads\\\/2022\\\/06\\\/12154145personalitats_bona-660x330-1.jpg\",\"datePublished\":\"2018-07-12T15:41:00+00:00\",\"breadcrumb\":{\"@id\":\"https:\\\/\\\/gimnasticdetarragona.cat\\\/es\\\/el-gimnastic-de-tarragona-con-el-mullat-2018\\\/#breadcrumb\"},\"inLanguage\":\"es\",\"potentialAction\":[{\"@type\":\"ReadAction\",\"target\":[\"https:\\\/\\\/gimnasticdetarragona.cat\\\/es\\\/el-gimnastic-de-tarragona-con-el-mullat-2018\\\/\"]}]},{\"@type\":\"ImageObject\",\"inLanguage\":\"es\",\"@id\":\"https:\\\/\\\/gimnasticdetarragona.cat\\\/es\\\/el-gimnastic-de-tarragona-con-el-mullat-2018\\\/#primaryimage\",\"url\":\"https:\\\/\\\/gimnasticdetarragona.cat\\\/wp-content\\\/uploads\\\/2022\\\/06\\\/12154145personalitats_bona-660x330-1.jpg\",\"contentUrl\":\"https:\\\/\\\/gimnasticdetarragona.cat\\\/wp-content\\\/uploads\\\/2022\\\/06\\\/12154145personalitats_bona-660x330-1.jpg\",\"width\":660,\"height\":330},{\"@type\":\"BreadcrumbList\",\"@id\":\"https:\\\/\\\/gimnasticdetarragona.cat\\\/es\\\/el-gimnastic-de-tarragona-con-el-mullat-2018\\\/#breadcrumb\",\"itemListElement\":[{\"@type\":\"ListItem\",\"position\":1,\"name\":\"Inici\",\"item\":\"https:\\\/\\\/gimnasticdetarragona.cat\\\/es\\\/nastic\\\/\"},{\"@type\":\"ListItem\",\"position\":2,\"name\":\"El Gimn\u00e0stic de Tarragona con el Mulla\u2019t 2018\"}]},{\"@type\":\"WebSite\",\"@id\":\"https:\\\/\\\/gimnasticdetarragona.cat\\\/es\\\/#website\",\"url\":\"https:\\\/\\\/gimnasticdetarragona.cat\\\/es\\\/\",\"name\":\"Gimn\u00e0stic de Tarragona SAD\",\"description\":\"Gimn\u00e0stic de Tarragona\",\"publisher\":{\"@id\":\"https:\\\/\\\/gimnasticdetarragona.cat\\\/es\\\/#organization\"},\"potentialAction\":[{\"@type\":\"SearchAction\",\"target\":{\"@type\":\"EntryPoint\",\"urlTemplate\":\"https:\\\/\\\/gimnasticdetarragona.cat\\\/es\\\/?s={search_term_string}\"},\"query-input\":{\"@type\":\"PropertyValueSpecification\",\"valueRequired\":true,\"valueName\":\"search_term_string\"}}],\"inLanguage\":\"es\"},{\"@type\":\"Organization\",\"@id\":\"https:\\\/\\\/gimnasticdetarragona.cat\\\/es\\\/#organization\",\"name\":\"GIMN\u00c0STIC DE TARRAGONA\",\"alternateName\":\"N\u00c0STIC\",\"url\":\"https:\\\/\\\/gimnasticdetarragona.cat\\\/es\\\/\",\"logo\":{\"@type\":\"ImageObject\",\"inLanguage\":\"es\",\"@id\":\"https:\\\/\\\/gimnasticdetarragona.cat\\\/es\\\/#\\\/schema\\\/logo\\\/image\\\/\",\"url\":\"https:\\\/\\\/gimnasticdetarragona.cat\\\/wp-content\\\/uploads\\\/2022\\\/06\\\/cropped-logo-gimnastic.png\",\"contentUrl\":\"https:\\\/\\\/gimnasticdetarragona.cat\\\/wp-content\\\/uploads\\\/2022\\\/06\\\/cropped-logo-gimnastic.png\",\"width\":224,\"height\":83,\"caption\":\"GIMN\u00c0STIC DE TARRAGONA\"},\"image\":{\"@id\":\"https:\\\/\\\/gimnasticdetarragona.cat\\\/es\\\/#\\\/schema\\\/logo\\\/image\\\/\"},\"sameAs\":[\"https:\\\/\\\/x.com\\\/NASTICTARRAGONA\",\"https:\\\/\\\/www.instagram.com\\\/nastictarragona\\\/\"]},{\"@type\":\"Person\",\"@id\":\"https:\\\/\\\/gimnasticdetarragona.cat\\\/es\\\/#\\\/schema\\\/person\\\/47b6a637abf88f9bd835540f20ea069e\",\"name\":\"desarrollo\",\"sameAs\":[\"https:\\\/\\\/clone.gimnasticdetarragona.cat\"]}]}<\/script>\n<!-- \/ Yoast SEO plugin. -->","yoast_head_json":{"title":"El Gimn\u00e0stic de Tarragona con el Mulla\u2019t 2018 - Gimn\u00e0stic de Tarragona SAD","robots":{"index":"index","follow":"follow","max-snippet":"max-snippet:-1","max-image-preview":"max-image-preview:large","max-video-preview":"max-video-preview:-1"},"canonical":"https:\/\/gimnasticdetarragona.cat\/es\/el-gimnastic-de-tarragona-con-el-mullat-2018\/","og_locale":"es_ES","og_type":"article","og_title":"El Gimn\u00e0stic de Tarragona con el Mulla\u2019t 2018 - Gimn\u00e0stic de Tarragona SAD","og_description":"La piscina del Club Gimn\u00e0stic volvi\u00f3 a acoger una nueva edici\u00f3n solidaria del Mulla\u2019t por la esclerosis m\u00faltiple.","og_url":"https:\/\/gimnasticdetarragona.cat\/es\/el-gimnastic-de-tarragona-con-el-mullat-2018\/","og_site_name":"Gimn\u00e0stic de Tarragona SAD","article_published_time":"2018-07-12T15:41:00+00:00","og_image":[{"width":660,"height":330,"url":"https:\/\/gimnasticdetarragona.cat\/wp-content\/uploads\/2022\/06\/12154145personalitats_bona-660x330-1.jpg","type":"image\/jpeg"}],"author":"desarrollo","twitter_card":"summary_large_image","twitter_creator":"@NASTICTARRAGONA","twitter_site":"@NASTICTARRAGONA","twitter_misc":{"Escrito por":"desarrollo","Tiempo de lectura":"1 minuto"},"schema":{"@context":"https:\/\/schema.org","@graph":[{"@type":"Article","@id":"https:\/\/gimnasticdetarragona.cat\/es\/el-gimnastic-de-tarragona-con-el-mullat-2018\/#article","isPartOf":{"@id":"https:\/\/gimnasticdetarragona.cat\/es\/el-gimnastic-de-tarragona-con-el-mullat-2018\/"},"author":{"name":"desarrollo","@id":"https:\/\/gimnasticdetarragona.cat\/es\/#\/schema\/person\/47b6a637abf88f9bd835540f20ea069e"},"headline":"El Gimn\u00e0stic de Tarragona con el Mulla\u2019t 2018","datePublished":"2018-07-12T15:41:00+00:00","mainEntityOfPage":{"@id":"https:\/\/gimnasticdetarragona.cat\/es\/el-gimnastic-de-tarragona-con-el-mullat-2018\/"},"wordCount":229,"commentCount":0,"publisher":{"@id":"https:\/\/gimnasticdetarragona.cat\/es\/#organization"},"image":{"@id":"https:\/\/gimnasticdetarragona.cat\/es\/el-gimnastic-de-tarragona-con-el-mullat-2018\/#primaryimage"},"thumbnailUrl":"https:\/\/gimnasticdetarragona.cat\/wp-content\/uploads\/2022\/06\/12154145personalitats_bona-660x330-1.jpg","articleSection":["Agenda Social"],"inLanguage":"es"},{"@type":"WebPage","@id":"https:\/\/gimnasticdetarragona.cat\/es\/el-gimnastic-de-tarragona-con-el-mullat-2018\/","url":"https:\/\/gimnasticdetarragona.cat\/es\/el-gimnastic-de-tarragona-con-el-mullat-2018\/","name":"El Gimn\u00e0stic de Tarragona con el Mulla\u2019t 2018 - Gimn\u00e0stic de Tarragona SAD","isPartOf":{"@id":"https:\/\/gimnasticdetarragona.cat\/es\/#website"},"primaryImageOfPage":{"@id":"https:\/\/gimnasticdetarragona.cat\/es\/el-gimnastic-de-tarragona-con-el-mullat-2018\/#primaryimage"},"image":{"@id":"https:\/\/gimnasticdetarragona.cat\/es\/el-gimnastic-de-tarragona-con-el-mullat-2018\/#primaryimage"},"thumbnailUrl":"https:\/\/gimnasticdetarragona.cat\/wp-content\/uploads\/2022\/06\/12154145personalitats_bona-660x330-1.jpg","datePublished":"2018-07-12T15:41:00+00:00","breadcrumb":{"@id":"https:\/\/gimnasticdetarragona.cat\/es\/el-gimnastic-de-tarragona-con-el-mullat-2018\/#breadcrumb"},"inLanguage":"es","potentialAction":[{"@type":"ReadAction","target":["https:\/\/gimnasticdetarragona.cat\/es\/el-gimnastic-de-tarragona-con-el-mullat-2018\/"]}]},{"@type":"ImageObject","inLanguage":"es","@id":"https:\/\/gimnasticdetarragona.cat\/es\/el-gimnastic-de-tarragona-con-el-mullat-2018\/#primaryimage","url":"https:\/\/gimnasticdetarragona.cat\/wp-content\/uploads\/2022\/06\/12154145personalitats_bona-660x330-1.jpg","contentUrl":"https:\/\/gimnasticdetarragona.cat\/wp-content\/uploads\/2022\/06\/12154145personalitats_bona-660x330-1.jpg","width":660,"height":330},{"@type":"BreadcrumbList","@id":"https:\/\/gimnasticdetarragona.cat\/es\/el-gimnastic-de-tarragona-con-el-mullat-2018\/#breadcrumb","itemListElement":[{"@type":"ListItem","position":1,"name":"Inici","item":"https:\/\/gimnasticdetarragona.cat\/es\/nastic\/"},{"@type":"ListItem","position":2,"name":"El Gimn\u00e0stic de Tarragona con el Mulla\u2019t 2018"}]},{"@type":"WebSite","@id":"https:\/\/gimnasticdetarragona.cat\/es\/#website","url":"https:\/\/gimnasticdetarragona.cat\/es\/","name":"Gimn\u00e0stic de Tarragona SAD","description":"Gimn\u00e0stic de Tarragona","publisher":{"@id":"https:\/\/gimnasticdetarragona.cat\/es\/#organization"},"potentialAction":[{"@type":"SearchAction","target":{"@type":"EntryPoint","urlTemplate":"https:\/\/gimnasticdetarragona.cat\/es\/?s={search_term_string}"},"query-input":{"@type":"PropertyValueSpecification","valueRequired":true,"valueName":"search_term_string"}}],"inLanguage":"es"},{"@type":"Organization","@id":"https:\/\/gimnasticdetarragona.cat\/es\/#organization","name":"GIMN\u00c0STIC DE TARRAGONA","alternateName":"N\u00c0STIC","url":"https:\/\/gimnasticdetarragona.cat\/es\/","logo":{"@type":"ImageObject","inLanguage":"es","@id":"https:\/\/gimnasticdetarragona.cat\/es\/#\/schema\/logo\/image\/","url":"https:\/\/gimnasticdetarragona.cat\/wp-content\/uploads\/2022\/06\/cropped-logo-gimnastic.png","contentUrl":"https:\/\/gimnasticdetarragona.cat\/wp-content\/uploads\/2022\/06\/cropped-logo-gimnastic.png","width":224,"height":83,"caption":"GIMN\u00c0STIC DE TARRAGONA"},"image":{"@id":"https:\/\/gimnasticdetarragona.cat\/es\/#\/schema\/logo\/image\/"},"sameAs":["https:\/\/x.com\/NASTICTARRAGONA","https:\/\/www.instagram.com\/nastictarragona\/"]},{"@type":"Person","@id":"https:\/\/gimnasticdetarragona.cat\/es\/#\/schema\/person\/47b6a637abf88f9bd835540f20ea069e","name":"desarrollo","sameAs":["https:\/\/clone.gimnasticdetarragona.cat"]}]}},"_links":{"self":[{"href":"https:\/\/gimnasticdetarragona.cat\/es\/wp-json\/wp\/v2\/posts\/54231","targetHints":{"allow":["GET"]}}],"collection":[{"href":"https:\/\/gimnasticdetarragona.cat\/es\/wp-json\/wp\/v2\/posts"}],"about":[{"href":"https:\/\/gimnasticdetarragona.cat\/es\/wp-json\/wp\/v2\/types\/post"}],"author":[{"embeddable":true,"href":"https:\/\/gimnasticdetarragona.cat\/es\/wp-json\/wp\/v2\/users\/1"}],"replies":[{"embeddable":true,"href":"https:\/\/gimnasticdetarragona.cat\/es\/wp-json\/wp\/v2\/comments?post=54231"}],"version-history":[{"count":0,"href":"https:\/\/gimnasticdetarragona.cat\/es\/wp-json\/wp\/v2\/posts\/54231\/revisions"}],"wp:featuredmedia":[{"embeddable":true,"href":"https:\/\/gimnasticdetarragona.cat\/es\/wp-json\/wp\/v2\/media\/54228"}],"wp:attachment":[{"href":"https:\/\/gimnasticdetarragona.cat\/es\/wp-json\/wp\/v2\/media?parent=54231"}],"wp:term":[{"taxonomy":"category","embeddable":true,"href":"https:\/\/gimnasticdetarragona.cat\/es\/wp-json\/wp\/v2\/categories?post=54231"},{"taxonomy":"post_tag","embeddable":true,"href":"https:\/\/gimnasticdetarragona.cat\/es\/wp-json\/wp\/v2\/tags?post=54231"}],"curies":[{"name":"wp","href":"https:\/\/api.w.org\/{rel}","templated":true}]}}