{"id":54435,"date":"2019-02-05T19:21:42","date_gmt":"2019-02-05T19:21:42","guid":{"rendered":"https:\/\/clone.gimnasticdetarragona.cat\/el-primer-equip-destada-a-oliva-nova-fins-divendres\/"},"modified":"2019-02-05T19:21:42","modified_gmt":"2019-02-05T19:21:42","slug":"el-primer-equip-destada-a-oliva-nova-fins-divendres","status":"publish","type":"post","link":"https:\/\/gimnasticdetarragona.cat\/es\/el-primer-equip-destada-a-oliva-nova-fins-divendres\/","title":{"rendered":"El primer equipo trabajar\u00e1 en Oliva Nova hasta el viernes"},"content":{"rendered":"<p style=\"text-align: justify;\">Jugadores y cuerpo t\u00e9cnico se han desplazado esta tarde hasta Oliva Nova, complejo situado en Valencia donde el primer equipo realizar\u00e1 una estancia de trabajo durante los tres pr\u00f3ximos d\u00edas.<\/p>\n<p style=\"text-align: justify;\">Los futbolistas realizar\u00e1n dobles sesiones de trabajo diario, por la ma\u00f1ana y por la tarde, llegando a los seis entrenamientos programados en total. El viernes, despu\u00e9s de completar el segundo entrenamiento, el bus grana volver\u00e1 hasta Tarragona.<\/p>\n<p style=\"text-align: justify;\">El Gimn\u00e0stic de Tarragona trabajar\u00e1 diferentes aspectos durante estos d\u00edas; desde la vertiente deportiva a la convivencia y cohesi\u00f3n del grupo de jugadores que forman el primer equipo, tanto los fichajes realizados en este pasado mes de enero como el resto de integrantes m\u00e1s veteranos. Recordamos que el N\u00e0stic no volver\u00e1 a la competici\u00f3n oficial hasta el pr\u00f3ximo fin de semana, en s\u00e1bado, cuando se enfrentar\u00e1 al RC Deportivo de La Coru\u00f1a en el partido correspondiente a la jornada 26 de LaLiga 1|2|3.<\/p>\n<p style=\"text-align: justify;\">Estas sesiones de trabajo lejos de Tarragona tambi\u00e9n contribuir\u00e1n en el descanso del c\u00e9sped del Nou Estadi y del campo anexo. Nuevamente se aplicar\u00e1n mantas t\u00e9rmicas a los terrenos de juego para protegerlos del fr\u00edo y realizar tratamientos foliares que protegen la planta de las bajas temperaturas y tambi\u00e9n dar volumen a la hoja.<\/p>\n<p style=\"text-align: justify;\">Los jugadores que Enrique Mart\u00edn ha citado para estos d\u00edas son Becerra, Josema, Fali, Thioune, Javi M\u00e1rquez, Barrada, Uche, Sadik, Kant\u00e9, Bernab\u00e9, Palanca, Pipa, Imanol, Mikel, Cot\u00e1n, Noguera, Abraham, Pol, Luis Su\u00e1rez , Bruguer, Salva, Arturo y el jugador del filial Sergi Cardona.<\/p>\n<p style=\"text-align: justify;\">Los jugadores que no han viajado continuar\u00e1n recuper\u00e1ndose de sus respectivas lesiones y molestias f\u00edsicas en las instalaciones del Nou Estadi.<\/p>\n","protected":false},"excerpt":{"rendered":"<p>Jugadores y cuerpo t\u00e9cnico se han desplazado esta tarde hasta Oliva Nova, complejo situado en Valencia donde el primer equipo realizar\u00e1 una estancia de trabajo durante los tres pr\u00f3ximos d\u00edas.<\/p>\n","protected":false},"author":1,"featured_media":54432,"comment_status":"open","ping_status":"open","sticky":false,"template":"","format":"standard","meta":{"_acf_changed":false,"footnotes":""},"categories":[113],"tags":[],"class_list":["post-54435","post","type-post","status-publish","format-standard","has-post-thumbnail","hentry","category-actualidad"],"acf":[],"yoast_head":"<!-- This site is optimized with the Yoast SEO plugin v27.3 - https:\/\/yoast.com\/product\/yoast-seo-wordpress\/ -->\n<title>El primer equipo trabajar\u00e1 en Oliva Nova hasta el viernes - Gimn\u00e0stic de Tarragona SAD<\/title>\n<meta name=\"robots\" content=\"index, follow, max-snippet:-1, max-image-preview:large, max-video-preview:-1\" \/>\n<link rel=\"canonical\" href=\"https:\/\/gimnasticdetarragona.cat\/es\/el-primer-equip-destada-a-oliva-nova-fins-divendres\/\" \/>\n<meta property=\"og:locale\" content=\"es_ES\" \/>\n<meta property=\"og:type\" content=\"article\" \/>\n<meta property=\"og:title\" content=\"El primer equipo trabajar\u00e1 en Oliva Nova hasta el viernes - Gimn\u00e0stic de Tarragona SAD\" \/>\n<meta property=\"og:description\" content=\"Jugadores y cuerpo t\u00e9cnico se han desplazado esta tarde hasta Oliva Nova, complejo situado en Valencia donde el primer equipo realizar\u00e1 una estancia de trabajo durante los tres pr\u00f3ximos d\u00edas.\" \/>\n<meta property=\"og:url\" content=\"https:\/\/gimnasticdetarragona.cat\/es\/el-primer-equip-destada-a-oliva-nova-fins-divendres\/\" \/>\n<meta property=\"og:site_name\" content=\"Gimn\u00e0stic de Tarragona SAD\" \/>\n<meta property=\"article:published_time\" content=\"2019-02-05T19:21:42+00:00\" \/>\n<meta property=\"og:image\" content=\"https:\/\/gimnasticdetarragona.cat\/wp-content\/uploads\/2022\/06\/06002122143904.jpg\" \/>\n\t<meta property=\"og:image:width\" content=\"660\" \/>\n\t<meta property=\"og:image:height\" content=\"330\" \/>\n\t<meta property=\"og:image:type\" content=\"image\/jpeg\" \/>\n<meta name=\"author\" content=\"desarrollo\" \/>\n<meta name=\"twitter:card\" content=\"summary_large_image\" \/>\n<meta name=\"twitter:creator\" content=\"@NASTICTARRAGONA\" \/>\n<meta name=\"twitter:site\" content=\"@NASTICTARRAGONA\" \/>\n<meta name=\"twitter:label1\" content=\"Escrito por\" \/>\n\t<meta name=\"twitter:data1\" content=\"desarrollo\" \/>\n\t<meta name=\"twitter:label2\" content=\"Tiempo de lectura\" \/>\n\t<meta name=\"twitter:data2\" content=\"1 minuto\" \/>\n<script type=\"application\/ld+json\" class=\"yoast-schema-graph\">{\"@context\":\"https:\\\/\\\/schema.org\",\"@graph\":[{\"@type\":\"Article\",\"@id\":\"https:\\\/\\\/gimnasticdetarragona.cat\\\/es\\\/el-primer-equip-destada-a-oliva-nova-fins-divendres\\\/#article\",\"isPartOf\":{\"@id\":\"https:\\\/\\\/gimnasticdetarragona.cat\\\/es\\\/el-primer-equip-destada-a-oliva-nova-fins-divendres\\\/\"},\"author\":{\"name\":\"desarrollo\",\"@id\":\"https:\\\/\\\/gimnasticdetarragona.cat\\\/es\\\/#\\\/schema\\\/person\\\/47b6a637abf88f9bd835540f20ea069e\"},\"headline\":\"El primer equipo trabajar\u00e1 en Oliva Nova hasta el viernes\",\"datePublished\":\"2019-02-05T19:21:42+00:00\",\"mainEntityOfPage\":{\"@id\":\"https:\\\/\\\/gimnasticdetarragona.cat\\\/es\\\/el-primer-equip-destada-a-oliva-nova-fins-divendres\\\/\"},\"wordCount\":305,\"commentCount\":0,\"publisher\":{\"@id\":\"https:\\\/\\\/gimnasticdetarragona.cat\\\/es\\\/#organization\"},\"image\":{\"@id\":\"https:\\\/\\\/gimnasticdetarragona.cat\\\/es\\\/el-primer-equip-destada-a-oliva-nova-fins-divendres\\\/#primaryimage\"},\"thumbnailUrl\":\"https:\\\/\\\/gimnasticdetarragona.cat\\\/wp-content\\\/uploads\\\/2022\\\/06\\\/06002122143904.jpg\",\"articleSection\":[\"Actualidad\"],\"inLanguage\":\"es\"},{\"@type\":\"WebPage\",\"@id\":\"https:\\\/\\\/gimnasticdetarragona.cat\\\/es\\\/el-primer-equip-destada-a-oliva-nova-fins-divendres\\\/\",\"url\":\"https:\\\/\\\/gimnasticdetarragona.cat\\\/es\\\/el-primer-equip-destada-a-oliva-nova-fins-divendres\\\/\",\"name\":\"El primer equipo trabajar\u00e1 en Oliva Nova hasta el viernes - Gimn\u00e0stic de Tarragona SAD\",\"isPartOf\":{\"@id\":\"https:\\\/\\\/gimnasticdetarragona.cat\\\/es\\\/#website\"},\"primaryImageOfPage\":{\"@id\":\"https:\\\/\\\/gimnasticdetarragona.cat\\\/es\\\/el-primer-equip-destada-a-oliva-nova-fins-divendres\\\/#primaryimage\"},\"image\":{\"@id\":\"https:\\\/\\\/gimnasticdetarragona.cat\\\/es\\\/el-primer-equip-destada-a-oliva-nova-fins-divendres\\\/#primaryimage\"},\"thumbnailUrl\":\"https:\\\/\\\/gimnasticdetarragona.cat\\\/wp-content\\\/uploads\\\/2022\\\/06\\\/06002122143904.jpg\",\"datePublished\":\"2019-02-05T19:21:42+00:00\",\"breadcrumb\":{\"@id\":\"https:\\\/\\\/gimnasticdetarragona.cat\\\/es\\\/el-primer-equip-destada-a-oliva-nova-fins-divendres\\\/#breadcrumb\"},\"inLanguage\":\"es\",\"potentialAction\":[{\"@type\":\"ReadAction\",\"target\":[\"https:\\\/\\\/gimnasticdetarragona.cat\\\/es\\\/el-primer-equip-destada-a-oliva-nova-fins-divendres\\\/\"]}]},{\"@type\":\"ImageObject\",\"inLanguage\":\"es\",\"@id\":\"https:\\\/\\\/gimnasticdetarragona.cat\\\/es\\\/el-primer-equip-destada-a-oliva-nova-fins-divendres\\\/#primaryimage\",\"url\":\"https:\\\/\\\/gimnasticdetarragona.cat\\\/wp-content\\\/uploads\\\/2022\\\/06\\\/06002122143904.jpg\",\"contentUrl\":\"https:\\\/\\\/gimnasticdetarragona.cat\\\/wp-content\\\/uploads\\\/2022\\\/06\\\/06002122143904.jpg\",\"width\":660,\"height\":330},{\"@type\":\"BreadcrumbList\",\"@id\":\"https:\\\/\\\/gimnasticdetarragona.cat\\\/es\\\/el-primer-equip-destada-a-oliva-nova-fins-divendres\\\/#breadcrumb\",\"itemListElement\":[{\"@type\":\"ListItem\",\"position\":1,\"name\":\"Inici\",\"item\":\"https:\\\/\\\/gimnasticdetarragona.cat\\\/es\\\/nastic\\\/\"},{\"@type\":\"ListItem\",\"position\":2,\"name\":\"El primer equipo trabajar\u00e1 en Oliva Nova hasta el viernes\"}]},{\"@type\":\"WebSite\",\"@id\":\"https:\\\/\\\/gimnasticdetarragona.cat\\\/es\\\/#website\",\"url\":\"https:\\\/\\\/gimnasticdetarragona.cat\\\/es\\\/\",\"name\":\"Gimn\u00e0stic de Tarragona SAD\",\"description\":\"Gimn\u00e0stic de Tarragona\",\"publisher\":{\"@id\":\"https:\\\/\\\/gimnasticdetarragona.cat\\\/es\\\/#organization\"},\"potentialAction\":[{\"@type\":\"SearchAction\",\"target\":{\"@type\":\"EntryPoint\",\"urlTemplate\":\"https:\\\/\\\/gimnasticdetarragona.cat\\\/es\\\/?s={search_term_string}\"},\"query-input\":{\"@type\":\"PropertyValueSpecification\",\"valueRequired\":true,\"valueName\":\"search_term_string\"}}],\"inLanguage\":\"es\"},{\"@type\":\"Organization\",\"@id\":\"https:\\\/\\\/gimnasticdetarragona.cat\\\/es\\\/#organization\",\"name\":\"GIMN\u00c0STIC DE TARRAGONA\",\"alternateName\":\"N\u00c0STIC\",\"url\":\"https:\\\/\\\/gimnasticdetarragona.cat\\\/es\\\/\",\"logo\":{\"@type\":\"ImageObject\",\"inLanguage\":\"es\",\"@id\":\"https:\\\/\\\/gimnasticdetarragona.cat\\\/es\\\/#\\\/schema\\\/logo\\\/image\\\/\",\"url\":\"https:\\\/\\\/gimnasticdetarragona.cat\\\/wp-content\\\/uploads\\\/2022\\\/06\\\/cropped-logo-gimnastic.png\",\"contentUrl\":\"https:\\\/\\\/gimnasticdetarragona.cat\\\/wp-content\\\/uploads\\\/2022\\\/06\\\/cropped-logo-gimnastic.png\",\"width\":224,\"height\":83,\"caption\":\"GIMN\u00c0STIC DE TARRAGONA\"},\"image\":{\"@id\":\"https:\\\/\\\/gimnasticdetarragona.cat\\\/es\\\/#\\\/schema\\\/logo\\\/image\\\/\"},\"sameAs\":[\"https:\\\/\\\/x.com\\\/NASTICTARRAGONA\",\"https:\\\/\\\/www.instagram.com\\\/nastictarragona\\\/\"]},{\"@type\":\"Person\",\"@id\":\"https:\\\/\\\/gimnasticdetarragona.cat\\\/es\\\/#\\\/schema\\\/person\\\/47b6a637abf88f9bd835540f20ea069e\",\"name\":\"desarrollo\",\"sameAs\":[\"https:\\\/\\\/clone.gimnasticdetarragona.cat\"]}]}<\/script>\n<!-- \/ Yoast SEO plugin. -->","yoast_head_json":{"title":"El primer equipo trabajar\u00e1 en Oliva Nova hasta el viernes - Gimn\u00e0stic de Tarragona SAD","robots":{"index":"index","follow":"follow","max-snippet":"max-snippet:-1","max-image-preview":"max-image-preview:large","max-video-preview":"max-video-preview:-1"},"canonical":"https:\/\/gimnasticdetarragona.cat\/es\/el-primer-equip-destada-a-oliva-nova-fins-divendres\/","og_locale":"es_ES","og_type":"article","og_title":"El primer equipo trabajar\u00e1 en Oliva Nova hasta el viernes - Gimn\u00e0stic de Tarragona SAD","og_description":"Jugadores y cuerpo t\u00e9cnico se han desplazado esta tarde hasta Oliva Nova, complejo situado en Valencia donde el primer equipo realizar\u00e1 una estancia de trabajo durante los tres pr\u00f3ximos d\u00edas.","og_url":"https:\/\/gimnasticdetarragona.cat\/es\/el-primer-equip-destada-a-oliva-nova-fins-divendres\/","og_site_name":"Gimn\u00e0stic de Tarragona SAD","article_published_time":"2019-02-05T19:21:42+00:00","og_image":[{"width":660,"height":330,"url":"https:\/\/gimnasticdetarragona.cat\/wp-content\/uploads\/2022\/06\/06002122143904.jpg","type":"image\/jpeg"}],"author":"desarrollo","twitter_card":"summary_large_image","twitter_creator":"@NASTICTARRAGONA","twitter_site":"@NASTICTARRAGONA","twitter_misc":{"Escrito por":"desarrollo","Tiempo de lectura":"1 minuto"},"schema":{"@context":"https:\/\/schema.org","@graph":[{"@type":"Article","@id":"https:\/\/gimnasticdetarragona.cat\/es\/el-primer-equip-destada-a-oliva-nova-fins-divendres\/#article","isPartOf":{"@id":"https:\/\/gimnasticdetarragona.cat\/es\/el-primer-equip-destada-a-oliva-nova-fins-divendres\/"},"author":{"name":"desarrollo","@id":"https:\/\/gimnasticdetarragona.cat\/es\/#\/schema\/person\/47b6a637abf88f9bd835540f20ea069e"},"headline":"El primer equipo trabajar\u00e1 en Oliva Nova hasta el viernes","datePublished":"2019-02-05T19:21:42+00:00","mainEntityOfPage":{"@id":"https:\/\/gimnasticdetarragona.cat\/es\/el-primer-equip-destada-a-oliva-nova-fins-divendres\/"},"wordCount":305,"commentCount":0,"publisher":{"@id":"https:\/\/gimnasticdetarragona.cat\/es\/#organization"},"image":{"@id":"https:\/\/gimnasticdetarragona.cat\/es\/el-primer-equip-destada-a-oliva-nova-fins-divendres\/#primaryimage"},"thumbnailUrl":"https:\/\/gimnasticdetarragona.cat\/wp-content\/uploads\/2022\/06\/06002122143904.jpg","articleSection":["Actualidad"],"inLanguage":"es"},{"@type":"WebPage","@id":"https:\/\/gimnasticdetarragona.cat\/es\/el-primer-equip-destada-a-oliva-nova-fins-divendres\/","url":"https:\/\/gimnasticdetarragona.cat\/es\/el-primer-equip-destada-a-oliva-nova-fins-divendres\/","name":"El primer equipo trabajar\u00e1 en Oliva Nova hasta el viernes - Gimn\u00e0stic de Tarragona SAD","isPartOf":{"@id":"https:\/\/gimnasticdetarragona.cat\/es\/#website"},"primaryImageOfPage":{"@id":"https:\/\/gimnasticdetarragona.cat\/es\/el-primer-equip-destada-a-oliva-nova-fins-divendres\/#primaryimage"},"image":{"@id":"https:\/\/gimnasticdetarragona.cat\/es\/el-primer-equip-destada-a-oliva-nova-fins-divendres\/#primaryimage"},"thumbnailUrl":"https:\/\/gimnasticdetarragona.cat\/wp-content\/uploads\/2022\/06\/06002122143904.jpg","datePublished":"2019-02-05T19:21:42+00:00","breadcrumb":{"@id":"https:\/\/gimnasticdetarragona.cat\/es\/el-primer-equip-destada-a-oliva-nova-fins-divendres\/#breadcrumb"},"inLanguage":"es","potentialAction":[{"@type":"ReadAction","target":["https:\/\/gimnasticdetarragona.cat\/es\/el-primer-equip-destada-a-oliva-nova-fins-divendres\/"]}]},{"@type":"ImageObject","inLanguage":"es","@id":"https:\/\/gimnasticdetarragona.cat\/es\/el-primer-equip-destada-a-oliva-nova-fins-divendres\/#primaryimage","url":"https:\/\/gimnasticdetarragona.cat\/wp-content\/uploads\/2022\/06\/06002122143904.jpg","contentUrl":"https:\/\/gimnasticdetarragona.cat\/wp-content\/uploads\/2022\/06\/06002122143904.jpg","width":660,"height":330},{"@type":"BreadcrumbList","@id":"https:\/\/gimnasticdetarragona.cat\/es\/el-primer-equip-destada-a-oliva-nova-fins-divendres\/#breadcrumb","itemListElement":[{"@type":"ListItem","position":1,"name":"Inici","item":"https:\/\/gimnasticdetarragona.cat\/es\/nastic\/"},{"@type":"ListItem","position":2,"name":"El primer equipo trabajar\u00e1 en Oliva Nova hasta el viernes"}]},{"@type":"WebSite","@id":"https:\/\/gimnasticdetarragona.cat\/es\/#website","url":"https:\/\/gimnasticdetarragona.cat\/es\/","name":"Gimn\u00e0stic de Tarragona SAD","description":"Gimn\u00e0stic de Tarragona","publisher":{"@id":"https:\/\/gimnasticdetarragona.cat\/es\/#organization"},"potentialAction":[{"@type":"SearchAction","target":{"@type":"EntryPoint","urlTemplate":"https:\/\/gimnasticdetarragona.cat\/es\/?s={search_term_string}"},"query-input":{"@type":"PropertyValueSpecification","valueRequired":true,"valueName":"search_term_string"}}],"inLanguage":"es"},{"@type":"Organization","@id":"https:\/\/gimnasticdetarragona.cat\/es\/#organization","name":"GIMN\u00c0STIC DE TARRAGONA","alternateName":"N\u00c0STIC","url":"https:\/\/gimnasticdetarragona.cat\/es\/","logo":{"@type":"ImageObject","inLanguage":"es","@id":"https:\/\/gimnasticdetarragona.cat\/es\/#\/schema\/logo\/image\/","url":"https:\/\/gimnasticdetarragona.cat\/wp-content\/uploads\/2022\/06\/cropped-logo-gimnastic.png","contentUrl":"https:\/\/gimnasticdetarragona.cat\/wp-content\/uploads\/2022\/06\/cropped-logo-gimnastic.png","width":224,"height":83,"caption":"GIMN\u00c0STIC DE TARRAGONA"},"image":{"@id":"https:\/\/gimnasticdetarragona.cat\/es\/#\/schema\/logo\/image\/"},"sameAs":["https:\/\/x.com\/NASTICTARRAGONA","https:\/\/www.instagram.com\/nastictarragona\/"]},{"@type":"Person","@id":"https:\/\/gimnasticdetarragona.cat\/es\/#\/schema\/person\/47b6a637abf88f9bd835540f20ea069e","name":"desarrollo","sameAs":["https:\/\/clone.gimnasticdetarragona.cat"]}]}},"_links":{"self":[{"href":"https:\/\/gimnasticdetarragona.cat\/es\/wp-json\/wp\/v2\/posts\/54435","targetHints":{"allow":["GET"]}}],"collection":[{"href":"https:\/\/gimnasticdetarragona.cat\/es\/wp-json\/wp\/v2\/posts"}],"about":[{"href":"https:\/\/gimnasticdetarragona.cat\/es\/wp-json\/wp\/v2\/types\/post"}],"author":[{"embeddable":true,"href":"https:\/\/gimnasticdetarragona.cat\/es\/wp-json\/wp\/v2\/users\/1"}],"replies":[{"embeddable":true,"href":"https:\/\/gimnasticdetarragona.cat\/es\/wp-json\/wp\/v2\/comments?post=54435"}],"version-history":[{"count":0,"href":"https:\/\/gimnasticdetarragona.cat\/es\/wp-json\/wp\/v2\/posts\/54435\/revisions"}],"wp:featuredmedia":[{"embeddable":true,"href":"https:\/\/gimnasticdetarragona.cat\/es\/wp-json\/wp\/v2\/media\/54432"}],"wp:attachment":[{"href":"https:\/\/gimnasticdetarragona.cat\/es\/wp-json\/wp\/v2\/media?parent=54435"}],"wp:term":[{"taxonomy":"category","embeddable":true,"href":"https:\/\/gimnasticdetarragona.cat\/es\/wp-json\/wp\/v2\/categories?post=54435"},{"taxonomy":"post_tag","embeddable":true,"href":"https:\/\/gimnasticdetarragona.cat\/es\/wp-json\/wp\/v2\/tags?post=54435"}],"curies":[{"name":"wp","href":"https:\/\/api.w.org\/{rel}","templated":true}]}}