{"id":54539,"date":"2019-01-28T11:12:04","date_gmt":"2019-01-28T11:12:04","guid":{"rendered":"https:\/\/clone.gimnasticdetarragona.cat\/marquitos-i-dani-garcia-novament-amb-la-catalana-sub-16\/"},"modified":"2019-01-28T11:12:04","modified_gmt":"2019-01-28T11:12:04","slug":"marquitos-i-dani-garcia-novament-amb-la-catalana-sub-16","status":"publish","type":"post","link":"https:\/\/gimnasticdetarragona.cat\/es\/marquitos-i-dani-garcia-novament-amb-la-catalana-sub-16\/","title":{"rendered":"Marquitos y Dani Garc\u00eda, nuevamente con la catalana sub-16"},"content":{"rendered":"<p style=\"text-align: justify;\">Los jugadores del Cadete A del N\u00e0stic, Dani Garc\u00eda y Marcos Fern\u00e1ndez \u00abMarquitos\u00bb, repiten convocatoria con la selecci\u00f3n catalana sub-16, que est\u00e1 preparando la segunda fase del Campeonato Nacional de Selecciones Auton\u00f3micas. En este caso, la selecci\u00f3n dirigida por Joan Rius jugar\u00e1 un partido amistoso contra la UE Sant Andreu este martes 29 de enero, a las 19 horas, en el Complex Esportiu Municipal Olimpia de Sabadell.<\/p>\n<p style=\"text-align: justify;\">Dani Garc\u00eda marc\u00f3 uno de los goles de la victoria este pasado fin de semana del Cadete A contra la UE Cornell\u00e0 (3-1) y suma ya ocho en 14 partidos jugados. Por su parte, Marquitos, que tambi\u00e9n fue titular, ha jugado 13 partidos y ha hecho seis goles, y este a\u00f1o ya ha debutado tambi\u00e9n con el Juvenil A en la Divisi\u00f3n de Honor. Ambos est\u00e1n entre los cinco m\u00e1ximos goleadores de la Divisi\u00f3n de Honor cadete y cumplen su cuarta temporada en el N\u00e0stic.<\/p>\n","protected":false},"excerpt":{"rendered":"<p>Los jugadores del Cadete A del N\u00e0stic, Dani Garc\u00eda y Marcos Fern\u00e1ndez \u00abMarquitos\u00bb, repiten convocatoria con la selecci\u00f3n catalana sub-16, que est\u00e1 preparando la segunda fase del Campeonato Nacional de Selecciones Auton\u00f3micas.<\/p>\n","protected":false},"author":1,"featured_media":54536,"comment_status":"open","ping_status":"open","sticky":false,"template":"","format":"standard","meta":{"_acf_changed":false,"footnotes":""},"categories":[113,117],"tags":[],"class_list":["post-54539","post","type-post","status-publish","format-standard","has-post-thumbnail","hentry","category-actualidad","category-futbol-base"],"acf":[],"yoast_head":"<!-- This site is optimized with the Yoast SEO plugin v27.3 - https:\/\/yoast.com\/product\/yoast-seo-wordpress\/ -->\n<title>Marquitos y Dani Garc\u00eda, nuevamente con la catalana sub-16 - Gimn\u00e0stic de Tarragona SAD<\/title>\n<meta name=\"robots\" content=\"index, follow, max-snippet:-1, max-image-preview:large, max-video-preview:-1\" \/>\n<link rel=\"canonical\" href=\"https:\/\/gimnasticdetarragona.cat\/es\/marquitos-i-dani-garcia-novament-amb-la-catalana-sub-16\/\" \/>\n<meta property=\"og:locale\" content=\"es_ES\" \/>\n<meta property=\"og:type\" content=\"article\" \/>\n<meta property=\"og:title\" content=\"Marquitos y Dani Garc\u00eda, nuevamente con la catalana sub-16 - Gimn\u00e0stic de Tarragona SAD\" \/>\n<meta property=\"og:description\" content=\"Los jugadores del Cadete A del N\u00e0stic, Dani Garc\u00eda y Marcos Fern\u00e1ndez &quot;Marquitos&quot;, repiten convocatoria con la selecci\u00f3n catalana sub-16, que est\u00e1 preparando la segunda fase del Campeonato Nacional de Selecciones Auton\u00f3micas.\" \/>\n<meta property=\"og:url\" content=\"https:\/\/gimnasticdetarragona.cat\/es\/marquitos-i-dani-garcia-novament-amb-la-catalana-sub-16\/\" \/>\n<meta property=\"og:site_name\" content=\"Gimn\u00e0stic de Tarragona SAD\" \/>\n<meta property=\"article:published_time\" content=\"2019-01-28T11:12:04+00:00\" \/>\n<meta property=\"og:image\" content=\"https:\/\/gimnasticdetarragona.cat\/wp-content\/uploads\/2022\/06\/06002106143549.jpg\" \/>\n\t<meta property=\"og:image:width\" content=\"1200\" \/>\n\t<meta property=\"og:image:height\" content=\"686\" \/>\n\t<meta property=\"og:image:type\" content=\"image\/jpeg\" \/>\n<meta name=\"author\" content=\"desarrollo\" \/>\n<meta name=\"twitter:card\" content=\"summary_large_image\" \/>\n<meta name=\"twitter:creator\" content=\"@NASTICTARRAGONA\" \/>\n<meta name=\"twitter:site\" content=\"@NASTICTARRAGONA\" \/>\n<meta name=\"twitter:label1\" content=\"Escrito por\" \/>\n\t<meta name=\"twitter:data1\" content=\"desarrollo\" \/>\n\t<meta name=\"twitter:label2\" content=\"Tiempo de lectura\" \/>\n\t<meta name=\"twitter:data2\" content=\"1 minuto\" \/>\n<script type=\"application\/ld+json\" class=\"yoast-schema-graph\">{\"@context\":\"https:\\\/\\\/schema.org\",\"@graph\":[{\"@type\":\"Article\",\"@id\":\"https:\\\/\\\/gimnasticdetarragona.cat\\\/es\\\/marquitos-i-dani-garcia-novament-amb-la-catalana-sub-16\\\/#article\",\"isPartOf\":{\"@id\":\"https:\\\/\\\/gimnasticdetarragona.cat\\\/es\\\/marquitos-i-dani-garcia-novament-amb-la-catalana-sub-16\\\/\"},\"author\":{\"name\":\"desarrollo\",\"@id\":\"https:\\\/\\\/gimnasticdetarragona.cat\\\/es\\\/#\\\/schema\\\/person\\\/47b6a637abf88f9bd835540f20ea069e\"},\"headline\":\"Marquitos y Dani Garc\u00eda, nuevamente con la catalana sub-16\",\"datePublished\":\"2019-01-28T11:12:04+00:00\",\"mainEntityOfPage\":{\"@id\":\"https:\\\/\\\/gimnasticdetarragona.cat\\\/es\\\/marquitos-i-dani-garcia-novament-amb-la-catalana-sub-16\\\/\"},\"wordCount\":173,\"commentCount\":0,\"publisher\":{\"@id\":\"https:\\\/\\\/gimnasticdetarragona.cat\\\/es\\\/#organization\"},\"image\":{\"@id\":\"https:\\\/\\\/gimnasticdetarragona.cat\\\/es\\\/marquitos-i-dani-garcia-novament-amb-la-catalana-sub-16\\\/#primaryimage\"},\"thumbnailUrl\":\"https:\\\/\\\/gimnasticdetarragona.cat\\\/wp-content\\\/uploads\\\/2022\\\/06\\\/06002106143549.jpg\",\"articleSection\":[\"Actualidad\",\"F\u00fatbol Base\"],\"inLanguage\":\"es\"},{\"@type\":\"WebPage\",\"@id\":\"https:\\\/\\\/gimnasticdetarragona.cat\\\/es\\\/marquitos-i-dani-garcia-novament-amb-la-catalana-sub-16\\\/\",\"url\":\"https:\\\/\\\/gimnasticdetarragona.cat\\\/es\\\/marquitos-i-dani-garcia-novament-amb-la-catalana-sub-16\\\/\",\"name\":\"Marquitos y Dani Garc\u00eda, nuevamente con la catalana sub-16 - Gimn\u00e0stic de Tarragona SAD\",\"isPartOf\":{\"@id\":\"https:\\\/\\\/gimnasticdetarragona.cat\\\/es\\\/#website\"},\"primaryImageOfPage\":{\"@id\":\"https:\\\/\\\/gimnasticdetarragona.cat\\\/es\\\/marquitos-i-dani-garcia-novament-amb-la-catalana-sub-16\\\/#primaryimage\"},\"image\":{\"@id\":\"https:\\\/\\\/gimnasticdetarragona.cat\\\/es\\\/marquitos-i-dani-garcia-novament-amb-la-catalana-sub-16\\\/#primaryimage\"},\"thumbnailUrl\":\"https:\\\/\\\/gimnasticdetarragona.cat\\\/wp-content\\\/uploads\\\/2022\\\/06\\\/06002106143549.jpg\",\"datePublished\":\"2019-01-28T11:12:04+00:00\",\"breadcrumb\":{\"@id\":\"https:\\\/\\\/gimnasticdetarragona.cat\\\/es\\\/marquitos-i-dani-garcia-novament-amb-la-catalana-sub-16\\\/#breadcrumb\"},\"inLanguage\":\"es\",\"potentialAction\":[{\"@type\":\"ReadAction\",\"target\":[\"https:\\\/\\\/gimnasticdetarragona.cat\\\/es\\\/marquitos-i-dani-garcia-novament-amb-la-catalana-sub-16\\\/\"]}]},{\"@type\":\"ImageObject\",\"inLanguage\":\"es\",\"@id\":\"https:\\\/\\\/gimnasticdetarragona.cat\\\/es\\\/marquitos-i-dani-garcia-novament-amb-la-catalana-sub-16\\\/#primaryimage\",\"url\":\"https:\\\/\\\/gimnasticdetarragona.cat\\\/wp-content\\\/uploads\\\/2022\\\/06\\\/06002106143549.jpg\",\"contentUrl\":\"https:\\\/\\\/gimnasticdetarragona.cat\\\/wp-content\\\/uploads\\\/2022\\\/06\\\/06002106143549.jpg\",\"width\":1200,\"height\":686},{\"@type\":\"BreadcrumbList\",\"@id\":\"https:\\\/\\\/gimnasticdetarragona.cat\\\/es\\\/marquitos-i-dani-garcia-novament-amb-la-catalana-sub-16\\\/#breadcrumb\",\"itemListElement\":[{\"@type\":\"ListItem\",\"position\":1,\"name\":\"Inici\",\"item\":\"https:\\\/\\\/gimnasticdetarragona.cat\\\/es\\\/nastic\\\/\"},{\"@type\":\"ListItem\",\"position\":2,\"name\":\"Marquitos y Dani Garc\u00eda, nuevamente con la catalana sub-16\"}]},{\"@type\":\"WebSite\",\"@id\":\"https:\\\/\\\/gimnasticdetarragona.cat\\\/es\\\/#website\",\"url\":\"https:\\\/\\\/gimnasticdetarragona.cat\\\/es\\\/\",\"name\":\"Gimn\u00e0stic de Tarragona SAD\",\"description\":\"Gimn\u00e0stic de Tarragona\",\"publisher\":{\"@id\":\"https:\\\/\\\/gimnasticdetarragona.cat\\\/es\\\/#organization\"},\"potentialAction\":[{\"@type\":\"SearchAction\",\"target\":{\"@type\":\"EntryPoint\",\"urlTemplate\":\"https:\\\/\\\/gimnasticdetarragona.cat\\\/es\\\/?s={search_term_string}\"},\"query-input\":{\"@type\":\"PropertyValueSpecification\",\"valueRequired\":true,\"valueName\":\"search_term_string\"}}],\"inLanguage\":\"es\"},{\"@type\":\"Organization\",\"@id\":\"https:\\\/\\\/gimnasticdetarragona.cat\\\/es\\\/#organization\",\"name\":\"GIMN\u00c0STIC DE TARRAGONA\",\"alternateName\":\"N\u00c0STIC\",\"url\":\"https:\\\/\\\/gimnasticdetarragona.cat\\\/es\\\/\",\"logo\":{\"@type\":\"ImageObject\",\"inLanguage\":\"es\",\"@id\":\"https:\\\/\\\/gimnasticdetarragona.cat\\\/es\\\/#\\\/schema\\\/logo\\\/image\\\/\",\"url\":\"https:\\\/\\\/gimnasticdetarragona.cat\\\/wp-content\\\/uploads\\\/2022\\\/06\\\/cropped-logo-gimnastic.png\",\"contentUrl\":\"https:\\\/\\\/gimnasticdetarragona.cat\\\/wp-content\\\/uploads\\\/2022\\\/06\\\/cropped-logo-gimnastic.png\",\"width\":224,\"height\":83,\"caption\":\"GIMN\u00c0STIC DE TARRAGONA\"},\"image\":{\"@id\":\"https:\\\/\\\/gimnasticdetarragona.cat\\\/es\\\/#\\\/schema\\\/logo\\\/image\\\/\"},\"sameAs\":[\"https:\\\/\\\/x.com\\\/NASTICTARRAGONA\",\"https:\\\/\\\/www.instagram.com\\\/nastictarragona\\\/\"]},{\"@type\":\"Person\",\"@id\":\"https:\\\/\\\/gimnasticdetarragona.cat\\\/es\\\/#\\\/schema\\\/person\\\/47b6a637abf88f9bd835540f20ea069e\",\"name\":\"desarrollo\",\"sameAs\":[\"https:\\\/\\\/clone.gimnasticdetarragona.cat\"]}]}<\/script>\n<!-- \/ Yoast SEO plugin. -->","yoast_head_json":{"title":"Marquitos y Dani Garc\u00eda, nuevamente con la catalana sub-16 - Gimn\u00e0stic de Tarragona SAD","robots":{"index":"index","follow":"follow","max-snippet":"max-snippet:-1","max-image-preview":"max-image-preview:large","max-video-preview":"max-video-preview:-1"},"canonical":"https:\/\/gimnasticdetarragona.cat\/es\/marquitos-i-dani-garcia-novament-amb-la-catalana-sub-16\/","og_locale":"es_ES","og_type":"article","og_title":"Marquitos y Dani Garc\u00eda, nuevamente con la catalana sub-16 - Gimn\u00e0stic de Tarragona SAD","og_description":"Los jugadores del Cadete A del N\u00e0stic, Dani Garc\u00eda y Marcos Fern\u00e1ndez \"Marquitos\", repiten convocatoria con la selecci\u00f3n catalana sub-16, que est\u00e1 preparando la segunda fase del Campeonato Nacional de Selecciones Auton\u00f3micas.","og_url":"https:\/\/gimnasticdetarragona.cat\/es\/marquitos-i-dani-garcia-novament-amb-la-catalana-sub-16\/","og_site_name":"Gimn\u00e0stic de Tarragona SAD","article_published_time":"2019-01-28T11:12:04+00:00","og_image":[{"width":1200,"height":686,"url":"https:\/\/gimnasticdetarragona.cat\/wp-content\/uploads\/2022\/06\/06002106143549.jpg","type":"image\/jpeg"}],"author":"desarrollo","twitter_card":"summary_large_image","twitter_creator":"@NASTICTARRAGONA","twitter_site":"@NASTICTARRAGONA","twitter_misc":{"Escrito por":"desarrollo","Tiempo de lectura":"1 minuto"},"schema":{"@context":"https:\/\/schema.org","@graph":[{"@type":"Article","@id":"https:\/\/gimnasticdetarragona.cat\/es\/marquitos-i-dani-garcia-novament-amb-la-catalana-sub-16\/#article","isPartOf":{"@id":"https:\/\/gimnasticdetarragona.cat\/es\/marquitos-i-dani-garcia-novament-amb-la-catalana-sub-16\/"},"author":{"name":"desarrollo","@id":"https:\/\/gimnasticdetarragona.cat\/es\/#\/schema\/person\/47b6a637abf88f9bd835540f20ea069e"},"headline":"Marquitos y Dani Garc\u00eda, nuevamente con la catalana sub-16","datePublished":"2019-01-28T11:12:04+00:00","mainEntityOfPage":{"@id":"https:\/\/gimnasticdetarragona.cat\/es\/marquitos-i-dani-garcia-novament-amb-la-catalana-sub-16\/"},"wordCount":173,"commentCount":0,"publisher":{"@id":"https:\/\/gimnasticdetarragona.cat\/es\/#organization"},"image":{"@id":"https:\/\/gimnasticdetarragona.cat\/es\/marquitos-i-dani-garcia-novament-amb-la-catalana-sub-16\/#primaryimage"},"thumbnailUrl":"https:\/\/gimnasticdetarragona.cat\/wp-content\/uploads\/2022\/06\/06002106143549.jpg","articleSection":["Actualidad","F\u00fatbol Base"],"inLanguage":"es"},{"@type":"WebPage","@id":"https:\/\/gimnasticdetarragona.cat\/es\/marquitos-i-dani-garcia-novament-amb-la-catalana-sub-16\/","url":"https:\/\/gimnasticdetarragona.cat\/es\/marquitos-i-dani-garcia-novament-amb-la-catalana-sub-16\/","name":"Marquitos y Dani Garc\u00eda, nuevamente con la catalana sub-16 - Gimn\u00e0stic de Tarragona SAD","isPartOf":{"@id":"https:\/\/gimnasticdetarragona.cat\/es\/#website"},"primaryImageOfPage":{"@id":"https:\/\/gimnasticdetarragona.cat\/es\/marquitos-i-dani-garcia-novament-amb-la-catalana-sub-16\/#primaryimage"},"image":{"@id":"https:\/\/gimnasticdetarragona.cat\/es\/marquitos-i-dani-garcia-novament-amb-la-catalana-sub-16\/#primaryimage"},"thumbnailUrl":"https:\/\/gimnasticdetarragona.cat\/wp-content\/uploads\/2022\/06\/06002106143549.jpg","datePublished":"2019-01-28T11:12:04+00:00","breadcrumb":{"@id":"https:\/\/gimnasticdetarragona.cat\/es\/marquitos-i-dani-garcia-novament-amb-la-catalana-sub-16\/#breadcrumb"},"inLanguage":"es","potentialAction":[{"@type":"ReadAction","target":["https:\/\/gimnasticdetarragona.cat\/es\/marquitos-i-dani-garcia-novament-amb-la-catalana-sub-16\/"]}]},{"@type":"ImageObject","inLanguage":"es","@id":"https:\/\/gimnasticdetarragona.cat\/es\/marquitos-i-dani-garcia-novament-amb-la-catalana-sub-16\/#primaryimage","url":"https:\/\/gimnasticdetarragona.cat\/wp-content\/uploads\/2022\/06\/06002106143549.jpg","contentUrl":"https:\/\/gimnasticdetarragona.cat\/wp-content\/uploads\/2022\/06\/06002106143549.jpg","width":1200,"height":686},{"@type":"BreadcrumbList","@id":"https:\/\/gimnasticdetarragona.cat\/es\/marquitos-i-dani-garcia-novament-amb-la-catalana-sub-16\/#breadcrumb","itemListElement":[{"@type":"ListItem","position":1,"name":"Inici","item":"https:\/\/gimnasticdetarragona.cat\/es\/nastic\/"},{"@type":"ListItem","position":2,"name":"Marquitos y Dani Garc\u00eda, nuevamente con la catalana sub-16"}]},{"@type":"WebSite","@id":"https:\/\/gimnasticdetarragona.cat\/es\/#website","url":"https:\/\/gimnasticdetarragona.cat\/es\/","name":"Gimn\u00e0stic de Tarragona SAD","description":"Gimn\u00e0stic de Tarragona","publisher":{"@id":"https:\/\/gimnasticdetarragona.cat\/es\/#organization"},"potentialAction":[{"@type":"SearchAction","target":{"@type":"EntryPoint","urlTemplate":"https:\/\/gimnasticdetarragona.cat\/es\/?s={search_term_string}"},"query-input":{"@type":"PropertyValueSpecification","valueRequired":true,"valueName":"search_term_string"}}],"inLanguage":"es"},{"@type":"Organization","@id":"https:\/\/gimnasticdetarragona.cat\/es\/#organization","name":"GIMN\u00c0STIC DE TARRAGONA","alternateName":"N\u00c0STIC","url":"https:\/\/gimnasticdetarragona.cat\/es\/","logo":{"@type":"ImageObject","inLanguage":"es","@id":"https:\/\/gimnasticdetarragona.cat\/es\/#\/schema\/logo\/image\/","url":"https:\/\/gimnasticdetarragona.cat\/wp-content\/uploads\/2022\/06\/cropped-logo-gimnastic.png","contentUrl":"https:\/\/gimnasticdetarragona.cat\/wp-content\/uploads\/2022\/06\/cropped-logo-gimnastic.png","width":224,"height":83,"caption":"GIMN\u00c0STIC DE TARRAGONA"},"image":{"@id":"https:\/\/gimnasticdetarragona.cat\/es\/#\/schema\/logo\/image\/"},"sameAs":["https:\/\/x.com\/NASTICTARRAGONA","https:\/\/www.instagram.com\/nastictarragona\/"]},{"@type":"Person","@id":"https:\/\/gimnasticdetarragona.cat\/es\/#\/schema\/person\/47b6a637abf88f9bd835540f20ea069e","name":"desarrollo","sameAs":["https:\/\/clone.gimnasticdetarragona.cat"]}]}},"_links":{"self":[{"href":"https:\/\/gimnasticdetarragona.cat\/es\/wp-json\/wp\/v2\/posts\/54539","targetHints":{"allow":["GET"]}}],"collection":[{"href":"https:\/\/gimnasticdetarragona.cat\/es\/wp-json\/wp\/v2\/posts"}],"about":[{"href":"https:\/\/gimnasticdetarragona.cat\/es\/wp-json\/wp\/v2\/types\/post"}],"author":[{"embeddable":true,"href":"https:\/\/gimnasticdetarragona.cat\/es\/wp-json\/wp\/v2\/users\/1"}],"replies":[{"embeddable":true,"href":"https:\/\/gimnasticdetarragona.cat\/es\/wp-json\/wp\/v2\/comments?post=54539"}],"version-history":[{"count":0,"href":"https:\/\/gimnasticdetarragona.cat\/es\/wp-json\/wp\/v2\/posts\/54539\/revisions"}],"wp:featuredmedia":[{"embeddable":true,"href":"https:\/\/gimnasticdetarragona.cat\/es\/wp-json\/wp\/v2\/media\/54536"}],"wp:attachment":[{"href":"https:\/\/gimnasticdetarragona.cat\/es\/wp-json\/wp\/v2\/media?parent=54539"}],"wp:term":[{"taxonomy":"category","embeddable":true,"href":"https:\/\/gimnasticdetarragona.cat\/es\/wp-json\/wp\/v2\/categories?post=54539"},{"taxonomy":"post_tag","embeddable":true,"href":"https:\/\/gimnasticdetarragona.cat\/es\/wp-json\/wp\/v2\/tags?post=54539"}],"curies":[{"name":"wp","href":"https:\/\/api.w.org\/{rel}","templated":true}]}}