{"id":54599,"date":"2019-01-22T12:08:23","date_gmt":"2019-01-22T12:08:23","guid":{"rendered":"https:\/\/clone.gimnasticdetarragona.cat\/la-fundacio-casal-lamic-asistira-al-nastic-ud-las-palmas\/"},"modified":"2019-01-22T12:08:23","modified_gmt":"2019-01-22T12:08:23","slug":"la-fundacio-casal-lamic-asistira-al-nastic-ud-las-palmas","status":"publish","type":"post","link":"https:\/\/gimnasticdetarragona.cat\/es\/la-fundacio-casal-lamic-asistira-al-nastic-ud-las-palmas\/","title":{"rendered":"La Fundaci\u00f3 Casal l\u2019Amic asistir\u00e1 al N\u00e0stic \u2013 UD Las Palmas"},"content":{"rendered":"<p style=\"text-align: justify;\">Un grupo de 20 j&oacute;venes que participaron en el VIII torneo de f&uacute;tbol de poniente organizado por la Fundaci&oacute; Casal l&#8217;Amic podr&aacute;n asistir este domingo al partido N&agrave;stic &#8211; UD Las Palmas gracias al proyecto \u00abBBVA CX Junts Creixem\u00bb, que promueven&nbsp;el club y la entidad bancaria.<\/p>\n<p style=\"text-align: justify;\">El responsable del &aacute;rea social del Gimn&agrave;stic de Tarragona, Jordi Ruiz, acompa&ntilde;ado por David Gil, director de la oficina de BBVA en La Granja, han hecho entrega de las invitaciones a Jes&uacute;s Fraile, educador social del programa \u00abA Peu de carrer\u00bb.<\/p>\n<p style=\"text-align: justify;\">La Fundaci&oacute; Casal l&#8217;Amic es una entidad nacida en 1983 que trabaja principalmente en la zona de Poniente de Tarragona en acciones socioeducativas dirigidas a la prevenci&oacute;n, promoci&oacute;n, formaci&oacute;n e inserci&oacute;n personal y social de la infancia, adolescencia y juventud en riesgo social y sus familias. Una de estas acciones ha sido el VIII torneo de f&uacute;tbol donde han participado cinco equipos de j&oacute;venes de los barrios de poniente, que se han enfrentado entre ellos en una liguilla.<\/p>\n<p style=\"text-align: justify;\">Esta entrega de entradas se enmarca dentro del proyecto \u00abBBVA CX Junts Creixem\u00bb, que tiene como objetivo colaborar con entidades, organismos e instituciones del territorio que trabajan para el desarrollo social y cultural y fomentan la cultura del esfuerzo y la superaci&oacute;n.<\/p>\n","protected":false},"excerpt":{"rendered":"<p>Un grupo de 20 j\u00f3venes que participaron en el VIII torneo de f\u00fatbol de poniente organizado por la Fundaci\u00f3n Casal l&#8217;Amic podr\u00e1n asistir este domingo al partido N\u00e0stic &#8211; UD Las Palmas gracias al proyecto \u00abBBVA CX Junts Creixem\u00bb, que promueven el club y la entidad bancaria.<\/p>\n","protected":false},"author":1,"featured_media":54596,"comment_status":"open","ping_status":"open","sticky":false,"template":"","format":"standard","meta":{"_acf_changed":false,"footnotes":""},"categories":[113,116,122,139],"tags":[],"class_list":["post-54599","post","type-post","status-publish","format-standard","has-post-thumbnail","hentry","category-actualidad","category-club-empresa","category-junts-creixem","category-social"],"acf":[],"yoast_head":"<!-- This site is optimized with the Yoast SEO plugin v27.3 - https:\/\/yoast.com\/product\/yoast-seo-wordpress\/ -->\n<title>La Fundaci\u00f3 Casal l\u2019Amic asistir\u00e1 al N\u00e0stic \u2013 UD Las Palmas - Gimn\u00e0stic de Tarragona SAD<\/title>\n<meta name=\"robots\" content=\"index, follow, max-snippet:-1, max-image-preview:large, max-video-preview:-1\" \/>\n<link rel=\"canonical\" href=\"https:\/\/gimnasticdetarragona.cat\/la-fundacio-casal-lamic-assistira-al-nastic-ud-las-palmas\/\" \/>\n<meta property=\"og:locale\" content=\"es_ES\" \/>\n<meta property=\"og:type\" content=\"article\" \/>\n<meta property=\"og:title\" content=\"La Fundaci\u00f3 Casal l\u2019Amic asistir\u00e1 al N\u00e0stic \u2013 UD Las Palmas - Gimn\u00e0stic de Tarragona SAD\" \/>\n<meta property=\"og:description\" content=\"Un grupo de 20 j\u00f3venes que participaron en el VIII torneo de f\u00fatbol de poniente organizado por la Fundaci\u00f3n Casal l&#039;Amic podr\u00e1n asistir este domingo al partido N\u00e0stic - UD Las Palmas gracias al proyecto &quot;BBVA CX Junts Creixem&quot;, que promueven el club y la entidad bancaria.\" \/>\n<meta property=\"og:url\" content=\"https:\/\/gimnasticdetarragona.cat\/la-fundacio-casal-lamic-assistira-al-nastic-ud-las-palmas\/\" \/>\n<meta property=\"og:site_name\" content=\"Gimn\u00e0stic de Tarragona SAD\" \/>\n<meta property=\"article:published_time\" content=\"2019-01-22T12:08:23+00:00\" \/>\n<meta property=\"og:image\" content=\"https:\/\/gimnasticdetarragona.cat\/wp-content\/uploads\/2022\/06\/06002040143363-scaled.jpg\" \/>\n\t<meta property=\"og:image:width\" content=\"2560\" \/>\n\t<meta property=\"og:image:height\" content=\"1546\" \/>\n\t<meta property=\"og:image:type\" content=\"image\/jpeg\" \/>\n<meta name=\"author\" content=\"desarrollo\" \/>\n<meta name=\"twitter:card\" content=\"summary_large_image\" \/>\n<meta name=\"twitter:creator\" content=\"@NASTICTARRAGONA\" \/>\n<meta name=\"twitter:site\" content=\"@NASTICTARRAGONA\" \/>\n<meta name=\"twitter:label1\" content=\"Escrito por\" \/>\n\t<meta name=\"twitter:data1\" content=\"desarrollo\" \/>\n\t<meta name=\"twitter:label2\" content=\"Tiempo de lectura\" \/>\n\t<meta name=\"twitter:data2\" content=\"1 minuto\" \/>\n<script type=\"application\/ld+json\" class=\"yoast-schema-graph\">{\"@context\":\"https:\\\/\\\/schema.org\",\"@graph\":[{\"@type\":\"Article\",\"@id\":\"https:\\\/\\\/gimnasticdetarragona.cat\\\/la-fundacio-casal-lamic-assistira-al-nastic-ud-las-palmas\\\/#article\",\"isPartOf\":{\"@id\":\"https:\\\/\\\/gimnasticdetarragona.cat\\\/la-fundacio-casal-lamic-assistira-al-nastic-ud-las-palmas\\\/\"},\"author\":{\"name\":\"desarrollo\",\"@id\":\"https:\\\/\\\/gimnasticdetarragona.cat\\\/es\\\/#\\\/schema\\\/person\\\/47b6a637abf88f9bd835540f20ea069e\"},\"headline\":\"La Fundaci\u00f3 Casal l\u2019Amic asistir\u00e1 al N\u00e0stic \u2013 UD Las Palmas\",\"datePublished\":\"2019-01-22T12:08:23+00:00\",\"mainEntityOfPage\":{\"@id\":\"https:\\\/\\\/gimnasticdetarragona.cat\\\/la-fundacio-casal-lamic-assistira-al-nastic-ud-las-palmas\\\/\"},\"wordCount\":252,\"commentCount\":0,\"publisher\":{\"@id\":\"https:\\\/\\\/gimnasticdetarragona.cat\\\/es\\\/#organization\"},\"image\":{\"@id\":\"https:\\\/\\\/gimnasticdetarragona.cat\\\/la-fundacio-casal-lamic-assistira-al-nastic-ud-las-palmas\\\/#primaryimage\"},\"thumbnailUrl\":\"https:\\\/\\\/gimnasticdetarragona.cat\\\/wp-content\\\/uploads\\\/2022\\\/06\\\/06002040143363-scaled.jpg\",\"articleSection\":[\"Actualidad\",\"Club Empresa\",\"Junts Creixem BBVA CX\",\"Social\"],\"inLanguage\":\"es\"},{\"@type\":\"WebPage\",\"@id\":\"https:\\\/\\\/gimnasticdetarragona.cat\\\/la-fundacio-casal-lamic-assistira-al-nastic-ud-las-palmas\\\/\",\"url\":\"https:\\\/\\\/gimnasticdetarragona.cat\\\/la-fundacio-casal-lamic-assistira-al-nastic-ud-las-palmas\\\/\",\"name\":\"La Fundaci\u00f3 Casal l\u2019Amic asistir\u00e1 al N\u00e0stic \u2013 UD Las Palmas - Gimn\u00e0stic de Tarragona SAD\",\"isPartOf\":{\"@id\":\"https:\\\/\\\/gimnasticdetarragona.cat\\\/es\\\/#website\"},\"primaryImageOfPage\":{\"@id\":\"https:\\\/\\\/gimnasticdetarragona.cat\\\/la-fundacio-casal-lamic-assistira-al-nastic-ud-las-palmas\\\/#primaryimage\"},\"image\":{\"@id\":\"https:\\\/\\\/gimnasticdetarragona.cat\\\/la-fundacio-casal-lamic-assistira-al-nastic-ud-las-palmas\\\/#primaryimage\"},\"thumbnailUrl\":\"https:\\\/\\\/gimnasticdetarragona.cat\\\/wp-content\\\/uploads\\\/2022\\\/06\\\/06002040143363-scaled.jpg\",\"datePublished\":\"2019-01-22T12:08:23+00:00\",\"breadcrumb\":{\"@id\":\"https:\\\/\\\/gimnasticdetarragona.cat\\\/la-fundacio-casal-lamic-assistira-al-nastic-ud-las-palmas\\\/#breadcrumb\"},\"inLanguage\":\"es\",\"potentialAction\":[{\"@type\":\"ReadAction\",\"target\":[\"https:\\\/\\\/gimnasticdetarragona.cat\\\/la-fundacio-casal-lamic-assistira-al-nastic-ud-las-palmas\\\/\"]}]},{\"@type\":\"ImageObject\",\"inLanguage\":\"es\",\"@id\":\"https:\\\/\\\/gimnasticdetarragona.cat\\\/la-fundacio-casal-lamic-assistira-al-nastic-ud-las-palmas\\\/#primaryimage\",\"url\":\"https:\\\/\\\/gimnasticdetarragona.cat\\\/wp-content\\\/uploads\\\/2022\\\/06\\\/06002040143363-scaled.jpg\",\"contentUrl\":\"https:\\\/\\\/gimnasticdetarragona.cat\\\/wp-content\\\/uploads\\\/2022\\\/06\\\/06002040143363-scaled.jpg\",\"width\":2560,\"height\":1546,\"caption\":\"dav\"},{\"@type\":\"BreadcrumbList\",\"@id\":\"https:\\\/\\\/gimnasticdetarragona.cat\\\/la-fundacio-casal-lamic-assistira-al-nastic-ud-las-palmas\\\/#breadcrumb\",\"itemListElement\":[{\"@type\":\"ListItem\",\"position\":1,\"name\":\"Inici\",\"item\":\"https:\\\/\\\/gimnasticdetarragona.cat\\\/es\\\/nastic\\\/\"},{\"@type\":\"ListItem\",\"position\":2,\"name\":\"La Fundaci\u00f3 Casal l\u2019Amic asistir\u00e1 al N\u00e0stic \u2013 UD Las Palmas\"}]},{\"@type\":\"WebSite\",\"@id\":\"https:\\\/\\\/gimnasticdetarragona.cat\\\/es\\\/#website\",\"url\":\"https:\\\/\\\/gimnasticdetarragona.cat\\\/es\\\/\",\"name\":\"Gimn\u00e0stic de Tarragona SAD\",\"description\":\"Gimn\u00e0stic de Tarragona\",\"publisher\":{\"@id\":\"https:\\\/\\\/gimnasticdetarragona.cat\\\/es\\\/#organization\"},\"potentialAction\":[{\"@type\":\"SearchAction\",\"target\":{\"@type\":\"EntryPoint\",\"urlTemplate\":\"https:\\\/\\\/gimnasticdetarragona.cat\\\/es\\\/?s={search_term_string}\"},\"query-input\":{\"@type\":\"PropertyValueSpecification\",\"valueRequired\":true,\"valueName\":\"search_term_string\"}}],\"inLanguage\":\"es\"},{\"@type\":\"Organization\",\"@id\":\"https:\\\/\\\/gimnasticdetarragona.cat\\\/es\\\/#organization\",\"name\":\"GIMN\u00c0STIC DE TARRAGONA\",\"alternateName\":\"N\u00c0STIC\",\"url\":\"https:\\\/\\\/gimnasticdetarragona.cat\\\/es\\\/\",\"logo\":{\"@type\":\"ImageObject\",\"inLanguage\":\"es\",\"@id\":\"https:\\\/\\\/gimnasticdetarragona.cat\\\/es\\\/#\\\/schema\\\/logo\\\/image\\\/\",\"url\":\"https:\\\/\\\/gimnasticdetarragona.cat\\\/wp-content\\\/uploads\\\/2022\\\/06\\\/cropped-logo-gimnastic.png\",\"contentUrl\":\"https:\\\/\\\/gimnasticdetarragona.cat\\\/wp-content\\\/uploads\\\/2022\\\/06\\\/cropped-logo-gimnastic.png\",\"width\":224,\"height\":83,\"caption\":\"GIMN\u00c0STIC DE TARRAGONA\"},\"image\":{\"@id\":\"https:\\\/\\\/gimnasticdetarragona.cat\\\/es\\\/#\\\/schema\\\/logo\\\/image\\\/\"},\"sameAs\":[\"https:\\\/\\\/x.com\\\/NASTICTARRAGONA\",\"https:\\\/\\\/www.instagram.com\\\/nastictarragona\\\/\"]},{\"@type\":\"Person\",\"@id\":\"https:\\\/\\\/gimnasticdetarragona.cat\\\/es\\\/#\\\/schema\\\/person\\\/47b6a637abf88f9bd835540f20ea069e\",\"name\":\"desarrollo\",\"sameAs\":[\"https:\\\/\\\/clone.gimnasticdetarragona.cat\"]}]}<\/script>\n<!-- \/ Yoast SEO plugin. -->","yoast_head_json":{"title":"La Fundaci\u00f3 Casal l\u2019Amic asistir\u00e1 al N\u00e0stic \u2013 UD Las Palmas - Gimn\u00e0stic de Tarragona SAD","robots":{"index":"index","follow":"follow","max-snippet":"max-snippet:-1","max-image-preview":"max-image-preview:large","max-video-preview":"max-video-preview:-1"},"canonical":"https:\/\/gimnasticdetarragona.cat\/la-fundacio-casal-lamic-assistira-al-nastic-ud-las-palmas\/","og_locale":"es_ES","og_type":"article","og_title":"La Fundaci\u00f3 Casal l\u2019Amic asistir\u00e1 al N\u00e0stic \u2013 UD Las Palmas - Gimn\u00e0stic de Tarragona SAD","og_description":"Un grupo de 20 j\u00f3venes que participaron en el VIII torneo de f\u00fatbol de poniente organizado por la Fundaci\u00f3n Casal l'Amic podr\u00e1n asistir este domingo al partido N\u00e0stic - UD Las Palmas gracias al proyecto \"BBVA CX Junts Creixem\", que promueven el club y la entidad bancaria.","og_url":"https:\/\/gimnasticdetarragona.cat\/la-fundacio-casal-lamic-assistira-al-nastic-ud-las-palmas\/","og_site_name":"Gimn\u00e0stic de Tarragona SAD","article_published_time":"2019-01-22T12:08:23+00:00","og_image":[{"width":2560,"height":1546,"url":"https:\/\/gimnasticdetarragona.cat\/wp-content\/uploads\/2022\/06\/06002040143363-scaled.jpg","type":"image\/jpeg"}],"author":"desarrollo","twitter_card":"summary_large_image","twitter_creator":"@NASTICTARRAGONA","twitter_site":"@NASTICTARRAGONA","twitter_misc":{"Escrito por":"desarrollo","Tiempo de lectura":"1 minuto"},"schema":{"@context":"https:\/\/schema.org","@graph":[{"@type":"Article","@id":"https:\/\/gimnasticdetarragona.cat\/la-fundacio-casal-lamic-assistira-al-nastic-ud-las-palmas\/#article","isPartOf":{"@id":"https:\/\/gimnasticdetarragona.cat\/la-fundacio-casal-lamic-assistira-al-nastic-ud-las-palmas\/"},"author":{"name":"desarrollo","@id":"https:\/\/gimnasticdetarragona.cat\/es\/#\/schema\/person\/47b6a637abf88f9bd835540f20ea069e"},"headline":"La Fundaci\u00f3 Casal l\u2019Amic asistir\u00e1 al N\u00e0stic \u2013 UD Las Palmas","datePublished":"2019-01-22T12:08:23+00:00","mainEntityOfPage":{"@id":"https:\/\/gimnasticdetarragona.cat\/la-fundacio-casal-lamic-assistira-al-nastic-ud-las-palmas\/"},"wordCount":252,"commentCount":0,"publisher":{"@id":"https:\/\/gimnasticdetarragona.cat\/es\/#organization"},"image":{"@id":"https:\/\/gimnasticdetarragona.cat\/la-fundacio-casal-lamic-assistira-al-nastic-ud-las-palmas\/#primaryimage"},"thumbnailUrl":"https:\/\/gimnasticdetarragona.cat\/wp-content\/uploads\/2022\/06\/06002040143363-scaled.jpg","articleSection":["Actualidad","Club Empresa","Junts Creixem BBVA CX","Social"],"inLanguage":"es"},{"@type":"WebPage","@id":"https:\/\/gimnasticdetarragona.cat\/la-fundacio-casal-lamic-assistira-al-nastic-ud-las-palmas\/","url":"https:\/\/gimnasticdetarragona.cat\/la-fundacio-casal-lamic-assistira-al-nastic-ud-las-palmas\/","name":"La Fundaci\u00f3 Casal l\u2019Amic asistir\u00e1 al N\u00e0stic \u2013 UD Las Palmas - Gimn\u00e0stic de Tarragona SAD","isPartOf":{"@id":"https:\/\/gimnasticdetarragona.cat\/es\/#website"},"primaryImageOfPage":{"@id":"https:\/\/gimnasticdetarragona.cat\/la-fundacio-casal-lamic-assistira-al-nastic-ud-las-palmas\/#primaryimage"},"image":{"@id":"https:\/\/gimnasticdetarragona.cat\/la-fundacio-casal-lamic-assistira-al-nastic-ud-las-palmas\/#primaryimage"},"thumbnailUrl":"https:\/\/gimnasticdetarragona.cat\/wp-content\/uploads\/2022\/06\/06002040143363-scaled.jpg","datePublished":"2019-01-22T12:08:23+00:00","breadcrumb":{"@id":"https:\/\/gimnasticdetarragona.cat\/la-fundacio-casal-lamic-assistira-al-nastic-ud-las-palmas\/#breadcrumb"},"inLanguage":"es","potentialAction":[{"@type":"ReadAction","target":["https:\/\/gimnasticdetarragona.cat\/la-fundacio-casal-lamic-assistira-al-nastic-ud-las-palmas\/"]}]},{"@type":"ImageObject","inLanguage":"es","@id":"https:\/\/gimnasticdetarragona.cat\/la-fundacio-casal-lamic-assistira-al-nastic-ud-las-palmas\/#primaryimage","url":"https:\/\/gimnasticdetarragona.cat\/wp-content\/uploads\/2022\/06\/06002040143363-scaled.jpg","contentUrl":"https:\/\/gimnasticdetarragona.cat\/wp-content\/uploads\/2022\/06\/06002040143363-scaled.jpg","width":2560,"height":1546,"caption":"dav"},{"@type":"BreadcrumbList","@id":"https:\/\/gimnasticdetarragona.cat\/la-fundacio-casal-lamic-assistira-al-nastic-ud-las-palmas\/#breadcrumb","itemListElement":[{"@type":"ListItem","position":1,"name":"Inici","item":"https:\/\/gimnasticdetarragona.cat\/es\/nastic\/"},{"@type":"ListItem","position":2,"name":"La Fundaci\u00f3 Casal l\u2019Amic asistir\u00e1 al N\u00e0stic \u2013 UD Las Palmas"}]},{"@type":"WebSite","@id":"https:\/\/gimnasticdetarragona.cat\/es\/#website","url":"https:\/\/gimnasticdetarragona.cat\/es\/","name":"Gimn\u00e0stic de Tarragona SAD","description":"Gimn\u00e0stic de Tarragona","publisher":{"@id":"https:\/\/gimnasticdetarragona.cat\/es\/#organization"},"potentialAction":[{"@type":"SearchAction","target":{"@type":"EntryPoint","urlTemplate":"https:\/\/gimnasticdetarragona.cat\/es\/?s={search_term_string}"},"query-input":{"@type":"PropertyValueSpecification","valueRequired":true,"valueName":"search_term_string"}}],"inLanguage":"es"},{"@type":"Organization","@id":"https:\/\/gimnasticdetarragona.cat\/es\/#organization","name":"GIMN\u00c0STIC DE TARRAGONA","alternateName":"N\u00c0STIC","url":"https:\/\/gimnasticdetarragona.cat\/es\/","logo":{"@type":"ImageObject","inLanguage":"es","@id":"https:\/\/gimnasticdetarragona.cat\/es\/#\/schema\/logo\/image\/","url":"https:\/\/gimnasticdetarragona.cat\/wp-content\/uploads\/2022\/06\/cropped-logo-gimnastic.png","contentUrl":"https:\/\/gimnasticdetarragona.cat\/wp-content\/uploads\/2022\/06\/cropped-logo-gimnastic.png","width":224,"height":83,"caption":"GIMN\u00c0STIC DE TARRAGONA"},"image":{"@id":"https:\/\/gimnasticdetarragona.cat\/es\/#\/schema\/logo\/image\/"},"sameAs":["https:\/\/x.com\/NASTICTARRAGONA","https:\/\/www.instagram.com\/nastictarragona\/"]},{"@type":"Person","@id":"https:\/\/gimnasticdetarragona.cat\/es\/#\/schema\/person\/47b6a637abf88f9bd835540f20ea069e","name":"desarrollo","sameAs":["https:\/\/clone.gimnasticdetarragona.cat"]}]}},"_links":{"self":[{"href":"https:\/\/gimnasticdetarragona.cat\/es\/wp-json\/wp\/v2\/posts\/54599","targetHints":{"allow":["GET"]}}],"collection":[{"href":"https:\/\/gimnasticdetarragona.cat\/es\/wp-json\/wp\/v2\/posts"}],"about":[{"href":"https:\/\/gimnasticdetarragona.cat\/es\/wp-json\/wp\/v2\/types\/post"}],"author":[{"embeddable":true,"href":"https:\/\/gimnasticdetarragona.cat\/es\/wp-json\/wp\/v2\/users\/1"}],"replies":[{"embeddable":true,"href":"https:\/\/gimnasticdetarragona.cat\/es\/wp-json\/wp\/v2\/comments?post=54599"}],"version-history":[{"count":0,"href":"https:\/\/gimnasticdetarragona.cat\/es\/wp-json\/wp\/v2\/posts\/54599\/revisions"}],"wp:featuredmedia":[{"embeddable":true,"href":"https:\/\/gimnasticdetarragona.cat\/es\/wp-json\/wp\/v2\/media\/54596"}],"wp:attachment":[{"href":"https:\/\/gimnasticdetarragona.cat\/es\/wp-json\/wp\/v2\/media?parent=54599"}],"wp:term":[{"taxonomy":"category","embeddable":true,"href":"https:\/\/gimnasticdetarragona.cat\/es\/wp-json\/wp\/v2\/categories?post=54599"},{"taxonomy":"post_tag","embeddable":true,"href":"https:\/\/gimnasticdetarragona.cat\/es\/wp-json\/wp\/v2\/tags?post=54599"}],"curies":[{"name":"wp","href":"https:\/\/api.w.org\/{rel}","templated":true}]}}