{"id":54865,"date":"2018-12-12T10:23:40","date_gmt":"2018-12-12T10:23:40","guid":{"rendered":"https:\/\/clone.gimnasticdetarragona.cat\/marquitos-i-kim-lorca-guanyen-amb-la-seleccio-catalana-sub-16\/"},"modified":"2018-12-12T10:23:40","modified_gmt":"2018-12-12T10:23:40","slug":"marquitos-i-kim-lorca-guanyen-amb-la-seleccio-catalana-sub-16","status":"publish","type":"post","link":"https:\/\/gimnasticdetarragona.cat\/es\/marquitos-i-kim-lorca-guanyen-amb-la-seleccio-catalana-sub-16\/","title":{"rendered":"Kim Lorca y Marquitos ganan con la selecci\u00f3n catalana sub-16"},"content":{"rendered":"<p style=\"text-align: justify;\">Los jugadores del N\u00e0stic Marquitos y Kim Lorca han jugado con la selecci\u00f3n catalana sub-16 que ha ganado (3-2) al equipo cadete de Divisi\u00f3n de Honor de la UFB J\u00e0bac y Terrassa en un partido amistoso. Este partido forma parte de la preparaci\u00f3n para el Campeonato de Espa\u00f1a de selecciones auton\u00f3micas que se jugar\u00e1 entre el 27 y el 29 de diciembre en Murcia.<\/p>\n<p style=\"text-align: justify;\">El delantero Marcos Fern\u00e1ndez \u00abMarquitos\u00bb, que pertenece a la plantilla del Cadete A de Divisi\u00f3n de Honor, ha sido titular y ha jugado la primera parte, mientras el defensa central Kim Lorca, que est\u00e1 en el Juvenil B de Liga Nacional, ha jugado en la segunda parte. La selecci\u00f3n dirigida por Joan R\u00edos ha ganado 3 a 2 tras remontar un 1 a 2 adverso en los \u00faltimos 15 minutos de partido.<\/p>\n<p style=\"text-align: justify;\">Ahora los dos jugadores del Planter Grana vuelven a los entrenamientos con sus respectivos equipos para preparar los partidos del fin de semana: el Juvenil B jugar\u00e1 el s\u00e1bado a las 18 horas en el campo del At. Segre A, mientras el Cadete A visita el domingo a las 19 horas el campo del Gimn\u00e0stic Manresa A.<\/p>\n<p style=\"text-align: justify;\">La selecci\u00f3n catalana sub-16 tendr\u00e1 como rivales en el Campeonato de Espa\u00f1a de selecciones auton\u00f3micas a Ceuta y Murcia en dos partidos que se jugar\u00e1n el viernes 28 de diciembre (10 horas) y el s\u00e1bado 29 de diciembre (10 horas), respectivamente.<\/p>\n","protected":false},"excerpt":{"rendered":"<p>Los jugadores del N\u00e0stic Marquitos y Kim Lorca han jugado con la selecci\u00f3n catalana sub-16 que ha ganado (3-2) al equipo cadete de Divisi\u00f3n de Honor de la UFB J\u00e0bac y Terrassa en un partido amistoso. <\/p>\n","protected":false},"author":1,"featured_media":54862,"comment_status":"open","ping_status":"open","sticky":false,"template":"","format":"standard","meta":{"_acf_changed":false,"footnotes":""},"categories":[113,117],"tags":[],"class_list":["post-54865","post","type-post","status-publish","format-standard","has-post-thumbnail","hentry","category-actualidad","category-futbol-base"],"acf":[],"yoast_head":"<!-- This site is optimized with the Yoast SEO plugin v27.3 - https:\/\/yoast.com\/product\/yoast-seo-wordpress\/ -->\n<title>Kim Lorca y Marquitos ganan con la selecci\u00f3n catalana sub-16 - Gimn\u00e0stic de Tarragona SAD<\/title>\n<meta name=\"robots\" content=\"index, follow, max-snippet:-1, max-image-preview:large, max-video-preview:-1\" \/>\n<link rel=\"canonical\" href=\"https:\/\/gimnasticdetarragona.cat\/es\/marquitos-i-kim-lorca-guanyen-amb-la-seleccio-catalana-sub-16\/\" \/>\n<meta property=\"og:locale\" content=\"es_ES\" \/>\n<meta property=\"og:type\" content=\"article\" \/>\n<meta property=\"og:title\" content=\"Kim Lorca y Marquitos ganan con la selecci\u00f3n catalana sub-16 - Gimn\u00e0stic de Tarragona SAD\" \/>\n<meta property=\"og:description\" content=\"Los jugadores del N\u00e0stic Marquitos y Kim Lorca han jugado con la selecci\u00f3n catalana sub-16 que ha ganado (3-2) al equipo cadete de Divisi\u00f3n de Honor de la UFB J\u00e0bac y Terrassa en un partido amistoso.\" \/>\n<meta property=\"og:url\" content=\"https:\/\/gimnasticdetarragona.cat\/es\/marquitos-i-kim-lorca-guanyen-amb-la-seleccio-catalana-sub-16\/\" \/>\n<meta property=\"og:site_name\" content=\"Gimn\u00e0stic de Tarragona SAD\" \/>\n<meta property=\"article:published_time\" content=\"2018-12-12T10:23:40+00:00\" \/>\n<meta property=\"og:image\" content=\"https:\/\/gimnasticdetarragona.cat\/wp-content\/uploads\/2022\/06\/06001918141954.jpg\" \/>\n\t<meta property=\"og:image:width\" content=\"1200\" \/>\n\t<meta property=\"og:image:height\" content=\"753\" \/>\n\t<meta property=\"og:image:type\" content=\"image\/jpeg\" \/>\n<meta name=\"author\" content=\"desarrollo\" \/>\n<meta name=\"twitter:card\" content=\"summary_large_image\" \/>\n<meta name=\"twitter:creator\" content=\"@NASTICTARRAGONA\" \/>\n<meta name=\"twitter:site\" content=\"@NASTICTARRAGONA\" \/>\n<meta name=\"twitter:label1\" content=\"Escrito por\" \/>\n\t<meta name=\"twitter:data1\" content=\"desarrollo\" \/>\n\t<meta name=\"twitter:label2\" content=\"Tiempo de lectura\" \/>\n\t<meta name=\"twitter:data2\" content=\"1 minuto\" \/>\n<script type=\"application\/ld+json\" class=\"yoast-schema-graph\">{\"@context\":\"https:\\\/\\\/schema.org\",\"@graph\":[{\"@type\":\"Article\",\"@id\":\"https:\\\/\\\/gimnasticdetarragona.cat\\\/es\\\/marquitos-i-kim-lorca-guanyen-amb-la-seleccio-catalana-sub-16\\\/#article\",\"isPartOf\":{\"@id\":\"https:\\\/\\\/gimnasticdetarragona.cat\\\/es\\\/marquitos-i-kim-lorca-guanyen-amb-la-seleccio-catalana-sub-16\\\/\"},\"author\":{\"name\":\"desarrollo\",\"@id\":\"https:\\\/\\\/gimnasticdetarragona.cat\\\/es\\\/#\\\/schema\\\/person\\\/47b6a637abf88f9bd835540f20ea069e\"},\"headline\":\"Kim Lorca y Marquitos ganan con la selecci\u00f3n catalana sub-16\",\"datePublished\":\"2018-12-12T10:23:40+00:00\",\"mainEntityOfPage\":{\"@id\":\"https:\\\/\\\/gimnasticdetarragona.cat\\\/es\\\/marquitos-i-kim-lorca-guanyen-amb-la-seleccio-catalana-sub-16\\\/\"},\"wordCount\":250,\"commentCount\":0,\"publisher\":{\"@id\":\"https:\\\/\\\/gimnasticdetarragona.cat\\\/es\\\/#organization\"},\"image\":{\"@id\":\"https:\\\/\\\/gimnasticdetarragona.cat\\\/es\\\/marquitos-i-kim-lorca-guanyen-amb-la-seleccio-catalana-sub-16\\\/#primaryimage\"},\"thumbnailUrl\":\"https:\\\/\\\/gimnasticdetarragona.cat\\\/wp-content\\\/uploads\\\/2022\\\/06\\\/06001918141954.jpg\",\"articleSection\":[\"Actualidad\",\"F\u00fatbol Base\"],\"inLanguage\":\"es\"},{\"@type\":\"WebPage\",\"@id\":\"https:\\\/\\\/gimnasticdetarragona.cat\\\/es\\\/marquitos-i-kim-lorca-guanyen-amb-la-seleccio-catalana-sub-16\\\/\",\"url\":\"https:\\\/\\\/gimnasticdetarragona.cat\\\/es\\\/marquitos-i-kim-lorca-guanyen-amb-la-seleccio-catalana-sub-16\\\/\",\"name\":\"Kim Lorca y Marquitos ganan con la selecci\u00f3n catalana sub-16 - Gimn\u00e0stic de Tarragona SAD\",\"isPartOf\":{\"@id\":\"https:\\\/\\\/gimnasticdetarragona.cat\\\/es\\\/#website\"},\"primaryImageOfPage\":{\"@id\":\"https:\\\/\\\/gimnasticdetarragona.cat\\\/es\\\/marquitos-i-kim-lorca-guanyen-amb-la-seleccio-catalana-sub-16\\\/#primaryimage\"},\"image\":{\"@id\":\"https:\\\/\\\/gimnasticdetarragona.cat\\\/es\\\/marquitos-i-kim-lorca-guanyen-amb-la-seleccio-catalana-sub-16\\\/#primaryimage\"},\"thumbnailUrl\":\"https:\\\/\\\/gimnasticdetarragona.cat\\\/wp-content\\\/uploads\\\/2022\\\/06\\\/06001918141954.jpg\",\"datePublished\":\"2018-12-12T10:23:40+00:00\",\"breadcrumb\":{\"@id\":\"https:\\\/\\\/gimnasticdetarragona.cat\\\/es\\\/marquitos-i-kim-lorca-guanyen-amb-la-seleccio-catalana-sub-16\\\/#breadcrumb\"},\"inLanguage\":\"es\",\"potentialAction\":[{\"@type\":\"ReadAction\",\"target\":[\"https:\\\/\\\/gimnasticdetarragona.cat\\\/es\\\/marquitos-i-kim-lorca-guanyen-amb-la-seleccio-catalana-sub-16\\\/\"]}]},{\"@type\":\"ImageObject\",\"inLanguage\":\"es\",\"@id\":\"https:\\\/\\\/gimnasticdetarragona.cat\\\/es\\\/marquitos-i-kim-lorca-guanyen-amb-la-seleccio-catalana-sub-16\\\/#primaryimage\",\"url\":\"https:\\\/\\\/gimnasticdetarragona.cat\\\/wp-content\\\/uploads\\\/2022\\\/06\\\/06001918141954.jpg\",\"contentUrl\":\"https:\\\/\\\/gimnasticdetarragona.cat\\\/wp-content\\\/uploads\\\/2022\\\/06\\\/06001918141954.jpg\",\"width\":1200,\"height\":753},{\"@type\":\"BreadcrumbList\",\"@id\":\"https:\\\/\\\/gimnasticdetarragona.cat\\\/es\\\/marquitos-i-kim-lorca-guanyen-amb-la-seleccio-catalana-sub-16\\\/#breadcrumb\",\"itemListElement\":[{\"@type\":\"ListItem\",\"position\":1,\"name\":\"Inici\",\"item\":\"https:\\\/\\\/gimnasticdetarragona.cat\\\/es\\\/nastic\\\/\"},{\"@type\":\"ListItem\",\"position\":2,\"name\":\"Kim Lorca y Marquitos ganan con la selecci\u00f3n catalana sub-16\"}]},{\"@type\":\"WebSite\",\"@id\":\"https:\\\/\\\/gimnasticdetarragona.cat\\\/es\\\/#website\",\"url\":\"https:\\\/\\\/gimnasticdetarragona.cat\\\/es\\\/\",\"name\":\"Gimn\u00e0stic de Tarragona SAD\",\"description\":\"Gimn\u00e0stic de Tarragona\",\"publisher\":{\"@id\":\"https:\\\/\\\/gimnasticdetarragona.cat\\\/es\\\/#organization\"},\"potentialAction\":[{\"@type\":\"SearchAction\",\"target\":{\"@type\":\"EntryPoint\",\"urlTemplate\":\"https:\\\/\\\/gimnasticdetarragona.cat\\\/es\\\/?s={search_term_string}\"},\"query-input\":{\"@type\":\"PropertyValueSpecification\",\"valueRequired\":true,\"valueName\":\"search_term_string\"}}],\"inLanguage\":\"es\"},{\"@type\":\"Organization\",\"@id\":\"https:\\\/\\\/gimnasticdetarragona.cat\\\/es\\\/#organization\",\"name\":\"GIMN\u00c0STIC DE TARRAGONA\",\"alternateName\":\"N\u00c0STIC\",\"url\":\"https:\\\/\\\/gimnasticdetarragona.cat\\\/es\\\/\",\"logo\":{\"@type\":\"ImageObject\",\"inLanguage\":\"es\",\"@id\":\"https:\\\/\\\/gimnasticdetarragona.cat\\\/es\\\/#\\\/schema\\\/logo\\\/image\\\/\",\"url\":\"https:\\\/\\\/gimnasticdetarragona.cat\\\/wp-content\\\/uploads\\\/2022\\\/06\\\/cropped-logo-gimnastic.png\",\"contentUrl\":\"https:\\\/\\\/gimnasticdetarragona.cat\\\/wp-content\\\/uploads\\\/2022\\\/06\\\/cropped-logo-gimnastic.png\",\"width\":224,\"height\":83,\"caption\":\"GIMN\u00c0STIC DE TARRAGONA\"},\"image\":{\"@id\":\"https:\\\/\\\/gimnasticdetarragona.cat\\\/es\\\/#\\\/schema\\\/logo\\\/image\\\/\"},\"sameAs\":[\"https:\\\/\\\/x.com\\\/NASTICTARRAGONA\",\"https:\\\/\\\/www.instagram.com\\\/nastictarragona\\\/\"]},{\"@type\":\"Person\",\"@id\":\"https:\\\/\\\/gimnasticdetarragona.cat\\\/es\\\/#\\\/schema\\\/person\\\/47b6a637abf88f9bd835540f20ea069e\",\"name\":\"desarrollo\",\"sameAs\":[\"https:\\\/\\\/clone.gimnasticdetarragona.cat\"]}]}<\/script>\n<!-- \/ Yoast SEO plugin. -->","yoast_head_json":{"title":"Kim Lorca y Marquitos ganan con la selecci\u00f3n catalana sub-16 - Gimn\u00e0stic de Tarragona SAD","robots":{"index":"index","follow":"follow","max-snippet":"max-snippet:-1","max-image-preview":"max-image-preview:large","max-video-preview":"max-video-preview:-1"},"canonical":"https:\/\/gimnasticdetarragona.cat\/es\/marquitos-i-kim-lorca-guanyen-amb-la-seleccio-catalana-sub-16\/","og_locale":"es_ES","og_type":"article","og_title":"Kim Lorca y Marquitos ganan con la selecci\u00f3n catalana sub-16 - Gimn\u00e0stic de Tarragona SAD","og_description":"Los jugadores del N\u00e0stic Marquitos y Kim Lorca han jugado con la selecci\u00f3n catalana sub-16 que ha ganado (3-2) al equipo cadete de Divisi\u00f3n de Honor de la UFB J\u00e0bac y Terrassa en un partido amistoso.","og_url":"https:\/\/gimnasticdetarragona.cat\/es\/marquitos-i-kim-lorca-guanyen-amb-la-seleccio-catalana-sub-16\/","og_site_name":"Gimn\u00e0stic de Tarragona SAD","article_published_time":"2018-12-12T10:23:40+00:00","og_image":[{"width":1200,"height":753,"url":"https:\/\/gimnasticdetarragona.cat\/wp-content\/uploads\/2022\/06\/06001918141954.jpg","type":"image\/jpeg"}],"author":"desarrollo","twitter_card":"summary_large_image","twitter_creator":"@NASTICTARRAGONA","twitter_site":"@NASTICTARRAGONA","twitter_misc":{"Escrito por":"desarrollo","Tiempo de lectura":"1 minuto"},"schema":{"@context":"https:\/\/schema.org","@graph":[{"@type":"Article","@id":"https:\/\/gimnasticdetarragona.cat\/es\/marquitos-i-kim-lorca-guanyen-amb-la-seleccio-catalana-sub-16\/#article","isPartOf":{"@id":"https:\/\/gimnasticdetarragona.cat\/es\/marquitos-i-kim-lorca-guanyen-amb-la-seleccio-catalana-sub-16\/"},"author":{"name":"desarrollo","@id":"https:\/\/gimnasticdetarragona.cat\/es\/#\/schema\/person\/47b6a637abf88f9bd835540f20ea069e"},"headline":"Kim Lorca y Marquitos ganan con la selecci\u00f3n catalana sub-16","datePublished":"2018-12-12T10:23:40+00:00","mainEntityOfPage":{"@id":"https:\/\/gimnasticdetarragona.cat\/es\/marquitos-i-kim-lorca-guanyen-amb-la-seleccio-catalana-sub-16\/"},"wordCount":250,"commentCount":0,"publisher":{"@id":"https:\/\/gimnasticdetarragona.cat\/es\/#organization"},"image":{"@id":"https:\/\/gimnasticdetarragona.cat\/es\/marquitos-i-kim-lorca-guanyen-amb-la-seleccio-catalana-sub-16\/#primaryimage"},"thumbnailUrl":"https:\/\/gimnasticdetarragona.cat\/wp-content\/uploads\/2022\/06\/06001918141954.jpg","articleSection":["Actualidad","F\u00fatbol Base"],"inLanguage":"es"},{"@type":"WebPage","@id":"https:\/\/gimnasticdetarragona.cat\/es\/marquitos-i-kim-lorca-guanyen-amb-la-seleccio-catalana-sub-16\/","url":"https:\/\/gimnasticdetarragona.cat\/es\/marquitos-i-kim-lorca-guanyen-amb-la-seleccio-catalana-sub-16\/","name":"Kim Lorca y Marquitos ganan con la selecci\u00f3n catalana sub-16 - Gimn\u00e0stic de Tarragona SAD","isPartOf":{"@id":"https:\/\/gimnasticdetarragona.cat\/es\/#website"},"primaryImageOfPage":{"@id":"https:\/\/gimnasticdetarragona.cat\/es\/marquitos-i-kim-lorca-guanyen-amb-la-seleccio-catalana-sub-16\/#primaryimage"},"image":{"@id":"https:\/\/gimnasticdetarragona.cat\/es\/marquitos-i-kim-lorca-guanyen-amb-la-seleccio-catalana-sub-16\/#primaryimage"},"thumbnailUrl":"https:\/\/gimnasticdetarragona.cat\/wp-content\/uploads\/2022\/06\/06001918141954.jpg","datePublished":"2018-12-12T10:23:40+00:00","breadcrumb":{"@id":"https:\/\/gimnasticdetarragona.cat\/es\/marquitos-i-kim-lorca-guanyen-amb-la-seleccio-catalana-sub-16\/#breadcrumb"},"inLanguage":"es","potentialAction":[{"@type":"ReadAction","target":["https:\/\/gimnasticdetarragona.cat\/es\/marquitos-i-kim-lorca-guanyen-amb-la-seleccio-catalana-sub-16\/"]}]},{"@type":"ImageObject","inLanguage":"es","@id":"https:\/\/gimnasticdetarragona.cat\/es\/marquitos-i-kim-lorca-guanyen-amb-la-seleccio-catalana-sub-16\/#primaryimage","url":"https:\/\/gimnasticdetarragona.cat\/wp-content\/uploads\/2022\/06\/06001918141954.jpg","contentUrl":"https:\/\/gimnasticdetarragona.cat\/wp-content\/uploads\/2022\/06\/06001918141954.jpg","width":1200,"height":753},{"@type":"BreadcrumbList","@id":"https:\/\/gimnasticdetarragona.cat\/es\/marquitos-i-kim-lorca-guanyen-amb-la-seleccio-catalana-sub-16\/#breadcrumb","itemListElement":[{"@type":"ListItem","position":1,"name":"Inici","item":"https:\/\/gimnasticdetarragona.cat\/es\/nastic\/"},{"@type":"ListItem","position":2,"name":"Kim Lorca y Marquitos ganan con la selecci\u00f3n catalana sub-16"}]},{"@type":"WebSite","@id":"https:\/\/gimnasticdetarragona.cat\/es\/#website","url":"https:\/\/gimnasticdetarragona.cat\/es\/","name":"Gimn\u00e0stic de Tarragona SAD","description":"Gimn\u00e0stic de Tarragona","publisher":{"@id":"https:\/\/gimnasticdetarragona.cat\/es\/#organization"},"potentialAction":[{"@type":"SearchAction","target":{"@type":"EntryPoint","urlTemplate":"https:\/\/gimnasticdetarragona.cat\/es\/?s={search_term_string}"},"query-input":{"@type":"PropertyValueSpecification","valueRequired":true,"valueName":"search_term_string"}}],"inLanguage":"es"},{"@type":"Organization","@id":"https:\/\/gimnasticdetarragona.cat\/es\/#organization","name":"GIMN\u00c0STIC DE TARRAGONA","alternateName":"N\u00c0STIC","url":"https:\/\/gimnasticdetarragona.cat\/es\/","logo":{"@type":"ImageObject","inLanguage":"es","@id":"https:\/\/gimnasticdetarragona.cat\/es\/#\/schema\/logo\/image\/","url":"https:\/\/gimnasticdetarragona.cat\/wp-content\/uploads\/2022\/06\/cropped-logo-gimnastic.png","contentUrl":"https:\/\/gimnasticdetarragona.cat\/wp-content\/uploads\/2022\/06\/cropped-logo-gimnastic.png","width":224,"height":83,"caption":"GIMN\u00c0STIC DE TARRAGONA"},"image":{"@id":"https:\/\/gimnasticdetarragona.cat\/es\/#\/schema\/logo\/image\/"},"sameAs":["https:\/\/x.com\/NASTICTARRAGONA","https:\/\/www.instagram.com\/nastictarragona\/"]},{"@type":"Person","@id":"https:\/\/gimnasticdetarragona.cat\/es\/#\/schema\/person\/47b6a637abf88f9bd835540f20ea069e","name":"desarrollo","sameAs":["https:\/\/clone.gimnasticdetarragona.cat"]}]}},"_links":{"self":[{"href":"https:\/\/gimnasticdetarragona.cat\/es\/wp-json\/wp\/v2\/posts\/54865","targetHints":{"allow":["GET"]}}],"collection":[{"href":"https:\/\/gimnasticdetarragona.cat\/es\/wp-json\/wp\/v2\/posts"}],"about":[{"href":"https:\/\/gimnasticdetarragona.cat\/es\/wp-json\/wp\/v2\/types\/post"}],"author":[{"embeddable":true,"href":"https:\/\/gimnasticdetarragona.cat\/es\/wp-json\/wp\/v2\/users\/1"}],"replies":[{"embeddable":true,"href":"https:\/\/gimnasticdetarragona.cat\/es\/wp-json\/wp\/v2\/comments?post=54865"}],"version-history":[{"count":0,"href":"https:\/\/gimnasticdetarragona.cat\/es\/wp-json\/wp\/v2\/posts\/54865\/revisions"}],"wp:featuredmedia":[{"embeddable":true,"href":"https:\/\/gimnasticdetarragona.cat\/es\/wp-json\/wp\/v2\/media\/54862"}],"wp:attachment":[{"href":"https:\/\/gimnasticdetarragona.cat\/es\/wp-json\/wp\/v2\/media?parent=54865"}],"wp:term":[{"taxonomy":"category","embeddable":true,"href":"https:\/\/gimnasticdetarragona.cat\/es\/wp-json\/wp\/v2\/categories?post=54865"},{"taxonomy":"post_tag","embeddable":true,"href":"https:\/\/gimnasticdetarragona.cat\/es\/wp-json\/wp\/v2\/tags?post=54865"}],"curies":[{"name":"wp","href":"https:\/\/api.w.org\/{rel}","templated":true}]}}