{"id":54961,"date":"2018-11-26T21:44:31","date_gmt":"2018-11-26T21:44:31","guid":{"rendered":"https:\/\/clone.gimnasticdetarragona.cat\/el-club-gimnastic-celebra-la-asamblea-de-socios-2018\/"},"modified":"2018-11-26T21:44:31","modified_gmt":"2018-11-26T21:44:31","slug":"el-club-gimnastic-celebra-la-asamblea-de-socios-2018","status":"publish","type":"post","link":"https:\/\/gimnasticdetarragona.cat\/es\/el-club-gimnastic-celebra-la-asamblea-de-socios-2018\/","title":{"rendered":"El Club Gimn\u00e0stic celebra la Asamblea de socios 2018"},"content":{"rendered":"<p style=\"text-align: justify;\">La Cambra Oficial de Comer&ccedil;, Ind&uacute;stria, Serveis y Navegaci&oacute; de Tarragona ha acogido un a&ntilde;o m&aacute;s la Asamblea anual de los socios del club grana, el decano entre los clubes polideportivos del pa&iacute;s.<\/p>\n<p style=\"text-align: justify;\">Josep Maria Andreu, presidente del Club Gimn&agrave;stic; y Josep Francesc Ferrer, vicepresidente, han sido los encargados de hacer el balance social y econ&oacute;mico de la &uacute;ltima temporada. Mientras que los diferentes delegados de secciones han explicado los resultados deportivos conseguidos que se han alcanzado por parte de los deportistas que defienden el escudo del Gimn&agrave;stic.<\/p>\n<p style=\"text-align: justify;\">El balance presentado de la temporada 2017-2018 ha sido positivo. El ejercicio se cerr&oacute; con 17.206,96 &euro; de beneficio, ingresados entre la administraci&oacute;n, el pabell&oacute;n y las secciones. Para la presente temporada, la 2018-2019, el presupuesto establecido asciende a un total de 51.799,72 &euro;.<\/p>\n<p style=\"text-align: justify;\">El presidente Josep Maria Andreu ha querido agradecer p&uacute;blicamente el trabajo y esfuerzo de los compa&ntilde;eros de Junta Directiva, los delegados de secci&oacute;n, los colaboradores, los deportistas y los socios que forman parte del Club Gimn&agrave;stic, anim&aacute;ndolos a seguir creciendo en todos los &aacute;mbitos y sobre todo incrementar la masa social. Tambi&eacute;n ha hecho reconocimiento a Bito Fuster, vocal de la Junta y pregonera de las Fiestas de Santa Tecla 2018, y una menci&oacute;n especial en memoria de Josep Maria Grau, delegado del primer equipo que tambi&eacute;n ha estado muy vinculado con el Club Gimn&agrave;stic de Tarragona.<\/p>\n<p style=\"text-align: justify;\">En esta edici&oacute;n de la Asamblea cabe destacar el cambio de delegado de secci&oacute;n. Nicol&aacute;s Marcos ha relevado a Ra&uacute;l Oterino, que ha pasado a ser vocal de la Junta Directiva. Adem&aacute;s, se han destacado las inversiones importantes&nbsp;en el&nbsp;mantenimiento del pabell&oacute;n del Club Gimn&agrave;stic, que este a&ntilde;o celebra los 25 a&ntilde;os de su puesta en marcha. Un recinto referente y que acoge numerosos campeonatos territoriales, auton&oacute;micos y nacionales.<\/p>\n","protected":false},"excerpt":{"rendered":"<p>La Cambra Oficial de Comer\u00e7, Ind\u00fastria, Serveis y Navegaci\u00f3 de Tarragona ha acogido un a\u00f1o m\u00e1s la Asamblea anual de los socios del club grana, el decano entre los clubes polideportivos del pa\u00eds.<\/p>\n","protected":false},"author":1,"featured_media":54958,"comment_status":"open","ping_status":"open","sticky":false,"template":"","format":"standard","meta":{"_acf_changed":false,"footnotes":""},"categories":[113,121,127],"tags":[],"class_list":["post-54961","post","type-post","status-publish","format-standard","has-post-thumbnail","hentry","category-actualidad","category-home","category-secciones"],"acf":[],"yoast_head":"<!-- This site is optimized with the Yoast SEO plugin v27.3 - https:\/\/yoast.com\/product\/yoast-seo-wordpress\/ -->\n<title>El Club Gimn\u00e0stic celebra la Asamblea de socios 2018 - Gimn\u00e0stic de Tarragona SAD<\/title>\n<meta name=\"robots\" content=\"index, follow, max-snippet:-1, max-image-preview:large, max-video-preview:-1\" \/>\n<link rel=\"canonical\" href=\"https:\/\/gimnasticdetarragona.cat\/el-club-gimnastic-celebra-lassemblea-de-socis-2018\/\" \/>\n<meta property=\"og:locale\" content=\"es_ES\" \/>\n<meta property=\"og:type\" content=\"article\" \/>\n<meta property=\"og:title\" content=\"El Club Gimn\u00e0stic celebra la Asamblea de socios 2018 - Gimn\u00e0stic de Tarragona SAD\" \/>\n<meta property=\"og:description\" content=\"La Cambra Oficial de Comer\u00e7, Ind\u00fastria, Serveis y Navegaci\u00f3 de Tarragona ha acogido un a\u00f1o m\u00e1s la Asamblea anual de los socios del club grana, el decano entre los clubes polideportivos del pa\u00eds.\" \/>\n<meta property=\"og:url\" content=\"https:\/\/gimnasticdetarragona.cat\/el-club-gimnastic-celebra-lassemblea-de-socis-2018\/\" \/>\n<meta property=\"og:site_name\" content=\"Gimn\u00e0stic de Tarragona SAD\" \/>\n<meta property=\"article:published_time\" content=\"2018-11-26T21:44:31+00:00\" \/>\n<meta property=\"og:image\" content=\"https:\/\/gimnasticdetarragona.cat\/wp-content\/uploads\/2022\/06\/06001913141516.jpg\" \/>\n\t<meta property=\"og:image:width\" content=\"640\" \/>\n\t<meta property=\"og:image:height\" content=\"427\" \/>\n\t<meta property=\"og:image:type\" content=\"image\/jpeg\" \/>\n<meta name=\"author\" content=\"desarrollo\" \/>\n<meta name=\"twitter:card\" content=\"summary_large_image\" \/>\n<meta name=\"twitter:creator\" content=\"@NASTICTARRAGONA\" \/>\n<meta name=\"twitter:site\" content=\"@NASTICTARRAGONA\" \/>\n<meta name=\"twitter:label1\" content=\"Escrito por\" \/>\n\t<meta name=\"twitter:data1\" content=\"desarrollo\" \/>\n\t<meta name=\"twitter:label2\" content=\"Tiempo de lectura\" \/>\n\t<meta name=\"twitter:data2\" content=\"2 minutos\" \/>\n<script type=\"application\/ld+json\" class=\"yoast-schema-graph\">{\"@context\":\"https:\\\/\\\/schema.org\",\"@graph\":[{\"@type\":\"Article\",\"@id\":\"https:\\\/\\\/gimnasticdetarragona.cat\\\/el-club-gimnastic-celebra-lassemblea-de-socis-2018\\\/#article\",\"isPartOf\":{\"@id\":\"https:\\\/\\\/gimnasticdetarragona.cat\\\/el-club-gimnastic-celebra-lassemblea-de-socis-2018\\\/\"},\"author\":{\"name\":\"desarrollo\",\"@id\":\"https:\\\/\\\/gimnasticdetarragona.cat\\\/es\\\/#\\\/schema\\\/person\\\/47b6a637abf88f9bd835540f20ea069e\"},\"headline\":\"El Club Gimn\u00e0stic celebra la Asamblea de socios 2018\",\"datePublished\":\"2018-11-26T21:44:31+00:00\",\"mainEntityOfPage\":{\"@id\":\"https:\\\/\\\/gimnasticdetarragona.cat\\\/el-club-gimnastic-celebra-lassemblea-de-socis-2018\\\/\"},\"wordCount\":367,\"commentCount\":0,\"publisher\":{\"@id\":\"https:\\\/\\\/gimnasticdetarragona.cat\\\/es\\\/#organization\"},\"image\":{\"@id\":\"https:\\\/\\\/gimnasticdetarragona.cat\\\/el-club-gimnastic-celebra-lassemblea-de-socis-2018\\\/#primaryimage\"},\"thumbnailUrl\":\"https:\\\/\\\/gimnasticdetarragona.cat\\\/wp-content\\\/uploads\\\/2022\\\/06\\\/06001913141516.jpg\",\"articleSection\":[\"Actualidad\",\"Home\",\"Secciones\"],\"inLanguage\":\"es\"},{\"@type\":\"WebPage\",\"@id\":\"https:\\\/\\\/gimnasticdetarragona.cat\\\/el-club-gimnastic-celebra-lassemblea-de-socis-2018\\\/\",\"url\":\"https:\\\/\\\/gimnasticdetarragona.cat\\\/el-club-gimnastic-celebra-lassemblea-de-socis-2018\\\/\",\"name\":\"El Club Gimn\u00e0stic celebra la Asamblea de socios 2018 - Gimn\u00e0stic de Tarragona SAD\",\"isPartOf\":{\"@id\":\"https:\\\/\\\/gimnasticdetarragona.cat\\\/es\\\/#website\"},\"primaryImageOfPage\":{\"@id\":\"https:\\\/\\\/gimnasticdetarragona.cat\\\/el-club-gimnastic-celebra-lassemblea-de-socis-2018\\\/#primaryimage\"},\"image\":{\"@id\":\"https:\\\/\\\/gimnasticdetarragona.cat\\\/el-club-gimnastic-celebra-lassemblea-de-socis-2018\\\/#primaryimage\"},\"thumbnailUrl\":\"https:\\\/\\\/gimnasticdetarragona.cat\\\/wp-content\\\/uploads\\\/2022\\\/06\\\/06001913141516.jpg\",\"datePublished\":\"2018-11-26T21:44:31+00:00\",\"breadcrumb\":{\"@id\":\"https:\\\/\\\/gimnasticdetarragona.cat\\\/el-club-gimnastic-celebra-lassemblea-de-socis-2018\\\/#breadcrumb\"},\"inLanguage\":\"es\",\"potentialAction\":[{\"@type\":\"ReadAction\",\"target\":[\"https:\\\/\\\/gimnasticdetarragona.cat\\\/el-club-gimnastic-celebra-lassemblea-de-socis-2018\\\/\"]}]},{\"@type\":\"ImageObject\",\"inLanguage\":\"es\",\"@id\":\"https:\\\/\\\/gimnasticdetarragona.cat\\\/el-club-gimnastic-celebra-lassemblea-de-socis-2018\\\/#primaryimage\",\"url\":\"https:\\\/\\\/gimnasticdetarragona.cat\\\/wp-content\\\/uploads\\\/2022\\\/06\\\/06001913141516.jpg\",\"contentUrl\":\"https:\\\/\\\/gimnasticdetarragona.cat\\\/wp-content\\\/uploads\\\/2022\\\/06\\\/06001913141516.jpg\",\"width\":640,\"height\":427},{\"@type\":\"BreadcrumbList\",\"@id\":\"https:\\\/\\\/gimnasticdetarragona.cat\\\/el-club-gimnastic-celebra-lassemblea-de-socis-2018\\\/#breadcrumb\",\"itemListElement\":[{\"@type\":\"ListItem\",\"position\":1,\"name\":\"Inici\",\"item\":\"https:\\\/\\\/gimnasticdetarragona.cat\\\/es\\\/nastic\\\/\"},{\"@type\":\"ListItem\",\"position\":2,\"name\":\"El Club Gimn\u00e0stic celebra la Asamblea de socios 2018\"}]},{\"@type\":\"WebSite\",\"@id\":\"https:\\\/\\\/gimnasticdetarragona.cat\\\/es\\\/#website\",\"url\":\"https:\\\/\\\/gimnasticdetarragona.cat\\\/es\\\/\",\"name\":\"Gimn\u00e0stic de Tarragona SAD\",\"description\":\"Gimn\u00e0stic de Tarragona\",\"publisher\":{\"@id\":\"https:\\\/\\\/gimnasticdetarragona.cat\\\/es\\\/#organization\"},\"potentialAction\":[{\"@type\":\"SearchAction\",\"target\":{\"@type\":\"EntryPoint\",\"urlTemplate\":\"https:\\\/\\\/gimnasticdetarragona.cat\\\/es\\\/?s={search_term_string}\"},\"query-input\":{\"@type\":\"PropertyValueSpecification\",\"valueRequired\":true,\"valueName\":\"search_term_string\"}}],\"inLanguage\":\"es\"},{\"@type\":\"Organization\",\"@id\":\"https:\\\/\\\/gimnasticdetarragona.cat\\\/es\\\/#organization\",\"name\":\"GIMN\u00c0STIC DE TARRAGONA\",\"alternateName\":\"N\u00c0STIC\",\"url\":\"https:\\\/\\\/gimnasticdetarragona.cat\\\/es\\\/\",\"logo\":{\"@type\":\"ImageObject\",\"inLanguage\":\"es\",\"@id\":\"https:\\\/\\\/gimnasticdetarragona.cat\\\/es\\\/#\\\/schema\\\/logo\\\/image\\\/\",\"url\":\"https:\\\/\\\/gimnasticdetarragona.cat\\\/wp-content\\\/uploads\\\/2022\\\/06\\\/cropped-logo-gimnastic.png\",\"contentUrl\":\"https:\\\/\\\/gimnasticdetarragona.cat\\\/wp-content\\\/uploads\\\/2022\\\/06\\\/cropped-logo-gimnastic.png\",\"width\":224,\"height\":83,\"caption\":\"GIMN\u00c0STIC DE TARRAGONA\"},\"image\":{\"@id\":\"https:\\\/\\\/gimnasticdetarragona.cat\\\/es\\\/#\\\/schema\\\/logo\\\/image\\\/\"},\"sameAs\":[\"https:\\\/\\\/x.com\\\/NASTICTARRAGONA\",\"https:\\\/\\\/www.instagram.com\\\/nastictarragona\\\/\"]},{\"@type\":\"Person\",\"@id\":\"https:\\\/\\\/gimnasticdetarragona.cat\\\/es\\\/#\\\/schema\\\/person\\\/47b6a637abf88f9bd835540f20ea069e\",\"name\":\"desarrollo\",\"sameAs\":[\"https:\\\/\\\/clone.gimnasticdetarragona.cat\"]}]}<\/script>\n<!-- \/ Yoast SEO plugin. -->","yoast_head_json":{"title":"El Club Gimn\u00e0stic celebra la Asamblea de socios 2018 - Gimn\u00e0stic de Tarragona SAD","robots":{"index":"index","follow":"follow","max-snippet":"max-snippet:-1","max-image-preview":"max-image-preview:large","max-video-preview":"max-video-preview:-1"},"canonical":"https:\/\/gimnasticdetarragona.cat\/el-club-gimnastic-celebra-lassemblea-de-socis-2018\/","og_locale":"es_ES","og_type":"article","og_title":"El Club Gimn\u00e0stic celebra la Asamblea de socios 2018 - Gimn\u00e0stic de Tarragona SAD","og_description":"La Cambra Oficial de Comer\u00e7, Ind\u00fastria, Serveis y Navegaci\u00f3 de Tarragona ha acogido un a\u00f1o m\u00e1s la Asamblea anual de los socios del club grana, el decano entre los clubes polideportivos del pa\u00eds.","og_url":"https:\/\/gimnasticdetarragona.cat\/el-club-gimnastic-celebra-lassemblea-de-socis-2018\/","og_site_name":"Gimn\u00e0stic de Tarragona SAD","article_published_time":"2018-11-26T21:44:31+00:00","og_image":[{"width":640,"height":427,"url":"https:\/\/gimnasticdetarragona.cat\/wp-content\/uploads\/2022\/06\/06001913141516.jpg","type":"image\/jpeg"}],"author":"desarrollo","twitter_card":"summary_large_image","twitter_creator":"@NASTICTARRAGONA","twitter_site":"@NASTICTARRAGONA","twitter_misc":{"Escrito por":"desarrollo","Tiempo de lectura":"2 minutos"},"schema":{"@context":"https:\/\/schema.org","@graph":[{"@type":"Article","@id":"https:\/\/gimnasticdetarragona.cat\/el-club-gimnastic-celebra-lassemblea-de-socis-2018\/#article","isPartOf":{"@id":"https:\/\/gimnasticdetarragona.cat\/el-club-gimnastic-celebra-lassemblea-de-socis-2018\/"},"author":{"name":"desarrollo","@id":"https:\/\/gimnasticdetarragona.cat\/es\/#\/schema\/person\/47b6a637abf88f9bd835540f20ea069e"},"headline":"El Club Gimn\u00e0stic celebra la Asamblea de socios 2018","datePublished":"2018-11-26T21:44:31+00:00","mainEntityOfPage":{"@id":"https:\/\/gimnasticdetarragona.cat\/el-club-gimnastic-celebra-lassemblea-de-socis-2018\/"},"wordCount":367,"commentCount":0,"publisher":{"@id":"https:\/\/gimnasticdetarragona.cat\/es\/#organization"},"image":{"@id":"https:\/\/gimnasticdetarragona.cat\/el-club-gimnastic-celebra-lassemblea-de-socis-2018\/#primaryimage"},"thumbnailUrl":"https:\/\/gimnasticdetarragona.cat\/wp-content\/uploads\/2022\/06\/06001913141516.jpg","articleSection":["Actualidad","Home","Secciones"],"inLanguage":"es"},{"@type":"WebPage","@id":"https:\/\/gimnasticdetarragona.cat\/el-club-gimnastic-celebra-lassemblea-de-socis-2018\/","url":"https:\/\/gimnasticdetarragona.cat\/el-club-gimnastic-celebra-lassemblea-de-socis-2018\/","name":"El Club Gimn\u00e0stic celebra la Asamblea de socios 2018 - Gimn\u00e0stic de Tarragona SAD","isPartOf":{"@id":"https:\/\/gimnasticdetarragona.cat\/es\/#website"},"primaryImageOfPage":{"@id":"https:\/\/gimnasticdetarragona.cat\/el-club-gimnastic-celebra-lassemblea-de-socis-2018\/#primaryimage"},"image":{"@id":"https:\/\/gimnasticdetarragona.cat\/el-club-gimnastic-celebra-lassemblea-de-socis-2018\/#primaryimage"},"thumbnailUrl":"https:\/\/gimnasticdetarragona.cat\/wp-content\/uploads\/2022\/06\/06001913141516.jpg","datePublished":"2018-11-26T21:44:31+00:00","breadcrumb":{"@id":"https:\/\/gimnasticdetarragona.cat\/el-club-gimnastic-celebra-lassemblea-de-socis-2018\/#breadcrumb"},"inLanguage":"es","potentialAction":[{"@type":"ReadAction","target":["https:\/\/gimnasticdetarragona.cat\/el-club-gimnastic-celebra-lassemblea-de-socis-2018\/"]}]},{"@type":"ImageObject","inLanguage":"es","@id":"https:\/\/gimnasticdetarragona.cat\/el-club-gimnastic-celebra-lassemblea-de-socis-2018\/#primaryimage","url":"https:\/\/gimnasticdetarragona.cat\/wp-content\/uploads\/2022\/06\/06001913141516.jpg","contentUrl":"https:\/\/gimnasticdetarragona.cat\/wp-content\/uploads\/2022\/06\/06001913141516.jpg","width":640,"height":427},{"@type":"BreadcrumbList","@id":"https:\/\/gimnasticdetarragona.cat\/el-club-gimnastic-celebra-lassemblea-de-socis-2018\/#breadcrumb","itemListElement":[{"@type":"ListItem","position":1,"name":"Inici","item":"https:\/\/gimnasticdetarragona.cat\/es\/nastic\/"},{"@type":"ListItem","position":2,"name":"El Club Gimn\u00e0stic celebra la Asamblea de socios 2018"}]},{"@type":"WebSite","@id":"https:\/\/gimnasticdetarragona.cat\/es\/#website","url":"https:\/\/gimnasticdetarragona.cat\/es\/","name":"Gimn\u00e0stic de Tarragona SAD","description":"Gimn\u00e0stic de Tarragona","publisher":{"@id":"https:\/\/gimnasticdetarragona.cat\/es\/#organization"},"potentialAction":[{"@type":"SearchAction","target":{"@type":"EntryPoint","urlTemplate":"https:\/\/gimnasticdetarragona.cat\/es\/?s={search_term_string}"},"query-input":{"@type":"PropertyValueSpecification","valueRequired":true,"valueName":"search_term_string"}}],"inLanguage":"es"},{"@type":"Organization","@id":"https:\/\/gimnasticdetarragona.cat\/es\/#organization","name":"GIMN\u00c0STIC DE TARRAGONA","alternateName":"N\u00c0STIC","url":"https:\/\/gimnasticdetarragona.cat\/es\/","logo":{"@type":"ImageObject","inLanguage":"es","@id":"https:\/\/gimnasticdetarragona.cat\/es\/#\/schema\/logo\/image\/","url":"https:\/\/gimnasticdetarragona.cat\/wp-content\/uploads\/2022\/06\/cropped-logo-gimnastic.png","contentUrl":"https:\/\/gimnasticdetarragona.cat\/wp-content\/uploads\/2022\/06\/cropped-logo-gimnastic.png","width":224,"height":83,"caption":"GIMN\u00c0STIC DE TARRAGONA"},"image":{"@id":"https:\/\/gimnasticdetarragona.cat\/es\/#\/schema\/logo\/image\/"},"sameAs":["https:\/\/x.com\/NASTICTARRAGONA","https:\/\/www.instagram.com\/nastictarragona\/"]},{"@type":"Person","@id":"https:\/\/gimnasticdetarragona.cat\/es\/#\/schema\/person\/47b6a637abf88f9bd835540f20ea069e","name":"desarrollo","sameAs":["https:\/\/clone.gimnasticdetarragona.cat"]}]}},"_links":{"self":[{"href":"https:\/\/gimnasticdetarragona.cat\/es\/wp-json\/wp\/v2\/posts\/54961","targetHints":{"allow":["GET"]}}],"collection":[{"href":"https:\/\/gimnasticdetarragona.cat\/es\/wp-json\/wp\/v2\/posts"}],"about":[{"href":"https:\/\/gimnasticdetarragona.cat\/es\/wp-json\/wp\/v2\/types\/post"}],"author":[{"embeddable":true,"href":"https:\/\/gimnasticdetarragona.cat\/es\/wp-json\/wp\/v2\/users\/1"}],"replies":[{"embeddable":true,"href":"https:\/\/gimnasticdetarragona.cat\/es\/wp-json\/wp\/v2\/comments?post=54961"}],"version-history":[{"count":0,"href":"https:\/\/gimnasticdetarragona.cat\/es\/wp-json\/wp\/v2\/posts\/54961\/revisions"}],"wp:featuredmedia":[{"embeddable":true,"href":"https:\/\/gimnasticdetarragona.cat\/es\/wp-json\/wp\/v2\/media\/54958"}],"wp:attachment":[{"href":"https:\/\/gimnasticdetarragona.cat\/es\/wp-json\/wp\/v2\/media?parent=54961"}],"wp:term":[{"taxonomy":"category","embeddable":true,"href":"https:\/\/gimnasticdetarragona.cat\/es\/wp-json\/wp\/v2\/categories?post=54961"},{"taxonomy":"post_tag","embeddable":true,"href":"https:\/\/gimnasticdetarragona.cat\/es\/wp-json\/wp\/v2\/tags?post=54961"}],"curies":[{"name":"wp","href":"https:\/\/api.w.org\/{rel}","templated":true}]}}