{"id":55033,"date":"2018-11-16T20:56:03","date_gmt":"2018-11-16T20:56:03","guid":{"rendered":"https:\/\/clone.gimnasticdetarragona.cat\/el-nou-estadi-se-viste-de-gala-para-estrenar-laliga-genuine-santander\/"},"modified":"2018-11-16T20:56:03","modified_gmt":"2018-11-16T20:56:03","slug":"el-nou-estadi-se-viste-de-gala-para-estrenar-laliga-genuine-santander","status":"publish","type":"post","link":"https:\/\/gimnasticdetarragona.cat\/es\/el-nou-estadi-se-viste-de-gala-para-estrenar-laliga-genuine-santander\/","title":{"rendered":"El Nou Estadi se viste de gala para estrenar LaLiga Genuine Santander"},"content":{"rendered":"<p style=\"text-align: justify;\">Con el desfile sobre el c&eacute;sped del Nou Estadi de los 30 equipos participantes, ha empezado la nueva temporada de LaLiga Genuine Santander. La competici&oacute;n se inicia en Tarragona este fin de semana, tendr&aacute; cuatro fases que se jugar&aacute;n en seis sedes diferentes y se alargar&aacute; hasta el mes de junio.<\/p>\n<p style=\"text-align: justify;\">El presidente del N&agrave;stic, Josep Maria Andreu, y el presidente de LaLiga, Javier Tebas, han sido los encargados de dar la bienvenida a jugadores, t&eacute;cnicos, familiares y voluntarios que se han reunido en el Nou Estadi y han llenado buena parte de la Tribuna.<\/p>\n<p style=\"text-align: justify;\">El presidente grana ha querido agradecer a LaLiga la confianza con el N&agrave;stic y con Tarragona, que se convierten en sede fija de esta competici&oacute;n. Josep Maria Andreu tambi&eacute;n se ha referido a las familias y los voluntarios que han conseguido tambi&eacute;n que LaLiga Genuine tenga cada vez m&aacute;s trascendencia. Y ha acabado con un mensaje hacia los jugadores a los que ha pedido que compitan con deportividad y que defiendan con orgullo sus clubes.<\/p>\n<p style=\"text-align: justify;\">Por su parte, Javier Tebas, ha querido destacado el papel del N&agrave;stic en el nacimiento y consolidaci&oacute;n de LaLiga Genuine Santander y se ha dirigido a toda la gente presente en el Nou Estadi remarcando algunos de los valores m&aacute;s importantes como la deportividad y el compa&ntilde;erismo. Tebas ha sentenciado que \u00abeste fin de semana la Liga de las Estrellas es LaLiga Genuine Santander\u00bb.<\/p>\n<p style=\"text-align: justify;\">Los 30 clubes participantes (12 m&aacute;s que en la primera edici&oacute;n de la competici&oacute;n) han recibido un recuerdo de su visita a Tarragona y los capitanes de los equipos se han hecho una fotograf&iacute;a de grupo para cerrar un acto donde han estado presentes aficionados de todos los equipos de la competici&oacute;n.<\/p>\n<p style=\"text-align: justify;\">Por la tarde, antes de la inauguraci&oacute;n en el Nou Estadi, el equipo al completo del N&agrave;stic Genuine ha visitado la exposici&oacute;n &#8216;Tu Media Cara&#8217;, que se ha inaugurado en el Refugio 1 del Port de Tarragona y que estar&aacute; abierta durante las pr&oacute;ximas semanas.<\/p>\n<p style=\"text-align: justify;\">LaLiga Genuine empieza este s&aacute;bado a partir de las 10 horas con el primeros partidos en el Complex Esportiu Futbol Salou. El N&agrave;stic Genuine jugar&aacute; a las 12 horas contra el Albacete Balonpi&eacute; y por la tarde, a partir de las 18 horas, contra la UD Las Palmas.<\/p>\n","protected":false},"excerpt":{"rendered":"<p>Con el desfile sobre el c\u00e9sped del Nou Estadi de los 30 equipos participantes, ha empezado la nueva temporada de LaLiga Genuine Santander. La competici\u00f3n se inicia en Tarragona este fin de semana, tendr\u00e1 cuatro fases que se jugar\u00e1n en seis sedes diferentes y se alargar\u00e1 hasta el mes de junio.<\/p>\n","protected":false},"author":1,"featured_media":55030,"comment_status":"open","ping_status":"open","sticky":false,"template":"","format":"standard","meta":{"_acf_changed":false,"footnotes":""},"categories":[113,119],"tags":[],"class_list":["post-55033","post","type-post","status-publish","format-standard","has-post-thumbnail","hentry","category-actualidad","category-genuine-1"],"acf":[],"yoast_head":"<!-- This site is optimized with the Yoast SEO plugin v27.3 - https:\/\/yoast.com\/product\/yoast-seo-wordpress\/ -->\n<title>El Nou Estadi se viste de gala para estrenar LaLiga Genuine Santander - Gimn\u00e0stic de Tarragona SAD<\/title>\n<meta name=\"robots\" content=\"index, follow, max-snippet:-1, max-image-preview:large, max-video-preview:-1\" \/>\n<link rel=\"canonical\" href=\"https:\/\/gimnasticdetarragona.cat\/el-nou-estadi-es-vesteix-de-gala-per-a-estrenar-laliga-genuine-santander\/\" \/>\n<meta property=\"og:locale\" content=\"es_ES\" \/>\n<meta property=\"og:type\" content=\"article\" \/>\n<meta property=\"og:title\" content=\"El Nou Estadi se viste de gala para estrenar LaLiga Genuine Santander - Gimn\u00e0stic de Tarragona SAD\" \/>\n<meta property=\"og:description\" content=\"Con el desfile sobre el c\u00e9sped del Nou Estadi de los 30 equipos participantes, ha empezado la nueva temporada de LaLiga Genuine Santander. La competici\u00f3n se inicia en Tarragona este fin de semana, tendr\u00e1 cuatro fases que se jugar\u00e1n en seis sedes diferentes y se alargar\u00e1 hasta el mes de junio.\" \/>\n<meta property=\"og:url\" content=\"https:\/\/gimnasticdetarragona.cat\/el-nou-estadi-es-vesteix-de-gala-per-a-estrenar-laliga-genuine-santander\/\" \/>\n<meta property=\"og:site_name\" content=\"Gimn\u00e0stic de Tarragona SAD\" \/>\n<meta property=\"article:published_time\" content=\"2018-11-16T20:56:03+00:00\" \/>\n<meta property=\"og:image\" content=\"https:\/\/gimnasticdetarragona.cat\/wp-content\/uploads\/2022\/06\/06001852140865.jpg\" \/>\n\t<meta property=\"og:image:width\" content=\"640\" \/>\n\t<meta property=\"og:image:height\" content=\"426\" \/>\n\t<meta property=\"og:image:type\" content=\"image\/jpeg\" \/>\n<meta name=\"author\" content=\"desarrollo\" \/>\n<meta name=\"twitter:card\" content=\"summary_large_image\" \/>\n<meta name=\"twitter:creator\" content=\"@NASTICTARRAGONA\" \/>\n<meta name=\"twitter:site\" content=\"@NASTICTARRAGONA\" \/>\n<meta name=\"twitter:label1\" content=\"Escrito por\" \/>\n\t<meta name=\"twitter:data1\" content=\"desarrollo\" \/>\n\t<meta name=\"twitter:label2\" content=\"Tiempo de lectura\" \/>\n\t<meta name=\"twitter:data2\" content=\"2 minutos\" \/>\n<script type=\"application\/ld+json\" class=\"yoast-schema-graph\">{\"@context\":\"https:\\\/\\\/schema.org\",\"@graph\":[{\"@type\":\"Article\",\"@id\":\"https:\\\/\\\/gimnasticdetarragona.cat\\\/el-nou-estadi-es-vesteix-de-gala-per-a-estrenar-laliga-genuine-santander\\\/#article\",\"isPartOf\":{\"@id\":\"https:\\\/\\\/gimnasticdetarragona.cat\\\/el-nou-estadi-es-vesteix-de-gala-per-a-estrenar-laliga-genuine-santander\\\/\"},\"author\":{\"name\":\"desarrollo\",\"@id\":\"https:\\\/\\\/gimnasticdetarragona.cat\\\/es\\\/#\\\/schema\\\/person\\\/47b6a637abf88f9bd835540f20ea069e\"},\"headline\":\"El Nou Estadi se viste de gala para estrenar LaLiga Genuine Santander\",\"datePublished\":\"2018-11-16T20:56:03+00:00\",\"mainEntityOfPage\":{\"@id\":\"https:\\\/\\\/gimnasticdetarragona.cat\\\/el-nou-estadi-es-vesteix-de-gala-per-a-estrenar-laliga-genuine-santander\\\/\"},\"wordCount\":439,\"commentCount\":0,\"publisher\":{\"@id\":\"https:\\\/\\\/gimnasticdetarragona.cat\\\/es\\\/#organization\"},\"image\":{\"@id\":\"https:\\\/\\\/gimnasticdetarragona.cat\\\/el-nou-estadi-es-vesteix-de-gala-per-a-estrenar-laliga-genuine-santander\\\/#primaryimage\"},\"thumbnailUrl\":\"https:\\\/\\\/gimnasticdetarragona.cat\\\/wp-content\\\/uploads\\\/2022\\\/06\\\/06001852140865.jpg\",\"articleSection\":[\"Actualidad\",\"Genuine\"],\"inLanguage\":\"es\"},{\"@type\":\"WebPage\",\"@id\":\"https:\\\/\\\/gimnasticdetarragona.cat\\\/el-nou-estadi-es-vesteix-de-gala-per-a-estrenar-laliga-genuine-santander\\\/\",\"url\":\"https:\\\/\\\/gimnasticdetarragona.cat\\\/el-nou-estadi-es-vesteix-de-gala-per-a-estrenar-laliga-genuine-santander\\\/\",\"name\":\"El Nou Estadi se viste de gala para estrenar LaLiga Genuine Santander - Gimn\u00e0stic de Tarragona SAD\",\"isPartOf\":{\"@id\":\"https:\\\/\\\/gimnasticdetarragona.cat\\\/es\\\/#website\"},\"primaryImageOfPage\":{\"@id\":\"https:\\\/\\\/gimnasticdetarragona.cat\\\/el-nou-estadi-es-vesteix-de-gala-per-a-estrenar-laliga-genuine-santander\\\/#primaryimage\"},\"image\":{\"@id\":\"https:\\\/\\\/gimnasticdetarragona.cat\\\/el-nou-estadi-es-vesteix-de-gala-per-a-estrenar-laliga-genuine-santander\\\/#primaryimage\"},\"thumbnailUrl\":\"https:\\\/\\\/gimnasticdetarragona.cat\\\/wp-content\\\/uploads\\\/2022\\\/06\\\/06001852140865.jpg\",\"datePublished\":\"2018-11-16T20:56:03+00:00\",\"breadcrumb\":{\"@id\":\"https:\\\/\\\/gimnasticdetarragona.cat\\\/el-nou-estadi-es-vesteix-de-gala-per-a-estrenar-laliga-genuine-santander\\\/#breadcrumb\"},\"inLanguage\":\"es\",\"potentialAction\":[{\"@type\":\"ReadAction\",\"target\":[\"https:\\\/\\\/gimnasticdetarragona.cat\\\/el-nou-estadi-es-vesteix-de-gala-per-a-estrenar-laliga-genuine-santander\\\/\"]}]},{\"@type\":\"ImageObject\",\"inLanguage\":\"es\",\"@id\":\"https:\\\/\\\/gimnasticdetarragona.cat\\\/el-nou-estadi-es-vesteix-de-gala-per-a-estrenar-laliga-genuine-santander\\\/#primaryimage\",\"url\":\"https:\\\/\\\/gimnasticdetarragona.cat\\\/wp-content\\\/uploads\\\/2022\\\/06\\\/06001852140865.jpg\",\"contentUrl\":\"https:\\\/\\\/gimnasticdetarragona.cat\\\/wp-content\\\/uploads\\\/2022\\\/06\\\/06001852140865.jpg\",\"width\":640,\"height\":426},{\"@type\":\"BreadcrumbList\",\"@id\":\"https:\\\/\\\/gimnasticdetarragona.cat\\\/el-nou-estadi-es-vesteix-de-gala-per-a-estrenar-laliga-genuine-santander\\\/#breadcrumb\",\"itemListElement\":[{\"@type\":\"ListItem\",\"position\":1,\"name\":\"Inici\",\"item\":\"https:\\\/\\\/gimnasticdetarragona.cat\\\/es\\\/nastic\\\/\"},{\"@type\":\"ListItem\",\"position\":2,\"name\":\"El Nou Estadi se viste de gala para estrenar LaLiga Genuine Santander\"}]},{\"@type\":\"WebSite\",\"@id\":\"https:\\\/\\\/gimnasticdetarragona.cat\\\/es\\\/#website\",\"url\":\"https:\\\/\\\/gimnasticdetarragona.cat\\\/es\\\/\",\"name\":\"Gimn\u00e0stic de Tarragona SAD\",\"description\":\"Gimn\u00e0stic de Tarragona\",\"publisher\":{\"@id\":\"https:\\\/\\\/gimnasticdetarragona.cat\\\/es\\\/#organization\"},\"potentialAction\":[{\"@type\":\"SearchAction\",\"target\":{\"@type\":\"EntryPoint\",\"urlTemplate\":\"https:\\\/\\\/gimnasticdetarragona.cat\\\/es\\\/?s={search_term_string}\"},\"query-input\":{\"@type\":\"PropertyValueSpecification\",\"valueRequired\":true,\"valueName\":\"search_term_string\"}}],\"inLanguage\":\"es\"},{\"@type\":\"Organization\",\"@id\":\"https:\\\/\\\/gimnasticdetarragona.cat\\\/es\\\/#organization\",\"name\":\"GIMN\u00c0STIC DE TARRAGONA\",\"alternateName\":\"N\u00c0STIC\",\"url\":\"https:\\\/\\\/gimnasticdetarragona.cat\\\/es\\\/\",\"logo\":{\"@type\":\"ImageObject\",\"inLanguage\":\"es\",\"@id\":\"https:\\\/\\\/gimnasticdetarragona.cat\\\/es\\\/#\\\/schema\\\/logo\\\/image\\\/\",\"url\":\"https:\\\/\\\/gimnasticdetarragona.cat\\\/wp-content\\\/uploads\\\/2022\\\/06\\\/cropped-logo-gimnastic.png\",\"contentUrl\":\"https:\\\/\\\/gimnasticdetarragona.cat\\\/wp-content\\\/uploads\\\/2022\\\/06\\\/cropped-logo-gimnastic.png\",\"width\":224,\"height\":83,\"caption\":\"GIMN\u00c0STIC DE TARRAGONA\"},\"image\":{\"@id\":\"https:\\\/\\\/gimnasticdetarragona.cat\\\/es\\\/#\\\/schema\\\/logo\\\/image\\\/\"},\"sameAs\":[\"https:\\\/\\\/x.com\\\/NASTICTARRAGONA\",\"https:\\\/\\\/www.instagram.com\\\/nastictarragona\\\/\"]},{\"@type\":\"Person\",\"@id\":\"https:\\\/\\\/gimnasticdetarragona.cat\\\/es\\\/#\\\/schema\\\/person\\\/47b6a637abf88f9bd835540f20ea069e\",\"name\":\"desarrollo\",\"sameAs\":[\"https:\\\/\\\/clone.gimnasticdetarragona.cat\"]}]}<\/script>\n<!-- \/ Yoast SEO plugin. -->","yoast_head_json":{"title":"El Nou Estadi se viste de gala para estrenar LaLiga Genuine Santander - Gimn\u00e0stic de Tarragona SAD","robots":{"index":"index","follow":"follow","max-snippet":"max-snippet:-1","max-image-preview":"max-image-preview:large","max-video-preview":"max-video-preview:-1"},"canonical":"https:\/\/gimnasticdetarragona.cat\/el-nou-estadi-es-vesteix-de-gala-per-a-estrenar-laliga-genuine-santander\/","og_locale":"es_ES","og_type":"article","og_title":"El Nou Estadi se viste de gala para estrenar LaLiga Genuine Santander - Gimn\u00e0stic de Tarragona SAD","og_description":"Con el desfile sobre el c\u00e9sped del Nou Estadi de los 30 equipos participantes, ha empezado la nueva temporada de LaLiga Genuine Santander. La competici\u00f3n se inicia en Tarragona este fin de semana, tendr\u00e1 cuatro fases que se jugar\u00e1n en seis sedes diferentes y se alargar\u00e1 hasta el mes de junio.","og_url":"https:\/\/gimnasticdetarragona.cat\/el-nou-estadi-es-vesteix-de-gala-per-a-estrenar-laliga-genuine-santander\/","og_site_name":"Gimn\u00e0stic de Tarragona SAD","article_published_time":"2018-11-16T20:56:03+00:00","og_image":[{"width":640,"height":426,"url":"https:\/\/gimnasticdetarragona.cat\/wp-content\/uploads\/2022\/06\/06001852140865.jpg","type":"image\/jpeg"}],"author":"desarrollo","twitter_card":"summary_large_image","twitter_creator":"@NASTICTARRAGONA","twitter_site":"@NASTICTARRAGONA","twitter_misc":{"Escrito por":"desarrollo","Tiempo de lectura":"2 minutos"},"schema":{"@context":"https:\/\/schema.org","@graph":[{"@type":"Article","@id":"https:\/\/gimnasticdetarragona.cat\/el-nou-estadi-es-vesteix-de-gala-per-a-estrenar-laliga-genuine-santander\/#article","isPartOf":{"@id":"https:\/\/gimnasticdetarragona.cat\/el-nou-estadi-es-vesteix-de-gala-per-a-estrenar-laliga-genuine-santander\/"},"author":{"name":"desarrollo","@id":"https:\/\/gimnasticdetarragona.cat\/es\/#\/schema\/person\/47b6a637abf88f9bd835540f20ea069e"},"headline":"El Nou Estadi se viste de gala para estrenar LaLiga Genuine Santander","datePublished":"2018-11-16T20:56:03+00:00","mainEntityOfPage":{"@id":"https:\/\/gimnasticdetarragona.cat\/el-nou-estadi-es-vesteix-de-gala-per-a-estrenar-laliga-genuine-santander\/"},"wordCount":439,"commentCount":0,"publisher":{"@id":"https:\/\/gimnasticdetarragona.cat\/es\/#organization"},"image":{"@id":"https:\/\/gimnasticdetarragona.cat\/el-nou-estadi-es-vesteix-de-gala-per-a-estrenar-laliga-genuine-santander\/#primaryimage"},"thumbnailUrl":"https:\/\/gimnasticdetarragona.cat\/wp-content\/uploads\/2022\/06\/06001852140865.jpg","articleSection":["Actualidad","Genuine"],"inLanguage":"es"},{"@type":"WebPage","@id":"https:\/\/gimnasticdetarragona.cat\/el-nou-estadi-es-vesteix-de-gala-per-a-estrenar-laliga-genuine-santander\/","url":"https:\/\/gimnasticdetarragona.cat\/el-nou-estadi-es-vesteix-de-gala-per-a-estrenar-laliga-genuine-santander\/","name":"El Nou Estadi se viste de gala para estrenar LaLiga Genuine Santander - Gimn\u00e0stic de Tarragona SAD","isPartOf":{"@id":"https:\/\/gimnasticdetarragona.cat\/es\/#website"},"primaryImageOfPage":{"@id":"https:\/\/gimnasticdetarragona.cat\/el-nou-estadi-es-vesteix-de-gala-per-a-estrenar-laliga-genuine-santander\/#primaryimage"},"image":{"@id":"https:\/\/gimnasticdetarragona.cat\/el-nou-estadi-es-vesteix-de-gala-per-a-estrenar-laliga-genuine-santander\/#primaryimage"},"thumbnailUrl":"https:\/\/gimnasticdetarragona.cat\/wp-content\/uploads\/2022\/06\/06001852140865.jpg","datePublished":"2018-11-16T20:56:03+00:00","breadcrumb":{"@id":"https:\/\/gimnasticdetarragona.cat\/el-nou-estadi-es-vesteix-de-gala-per-a-estrenar-laliga-genuine-santander\/#breadcrumb"},"inLanguage":"es","potentialAction":[{"@type":"ReadAction","target":["https:\/\/gimnasticdetarragona.cat\/el-nou-estadi-es-vesteix-de-gala-per-a-estrenar-laliga-genuine-santander\/"]}]},{"@type":"ImageObject","inLanguage":"es","@id":"https:\/\/gimnasticdetarragona.cat\/el-nou-estadi-es-vesteix-de-gala-per-a-estrenar-laliga-genuine-santander\/#primaryimage","url":"https:\/\/gimnasticdetarragona.cat\/wp-content\/uploads\/2022\/06\/06001852140865.jpg","contentUrl":"https:\/\/gimnasticdetarragona.cat\/wp-content\/uploads\/2022\/06\/06001852140865.jpg","width":640,"height":426},{"@type":"BreadcrumbList","@id":"https:\/\/gimnasticdetarragona.cat\/el-nou-estadi-es-vesteix-de-gala-per-a-estrenar-laliga-genuine-santander\/#breadcrumb","itemListElement":[{"@type":"ListItem","position":1,"name":"Inici","item":"https:\/\/gimnasticdetarragona.cat\/es\/nastic\/"},{"@type":"ListItem","position":2,"name":"El Nou Estadi se viste de gala para estrenar LaLiga Genuine Santander"}]},{"@type":"WebSite","@id":"https:\/\/gimnasticdetarragona.cat\/es\/#website","url":"https:\/\/gimnasticdetarragona.cat\/es\/","name":"Gimn\u00e0stic de Tarragona SAD","description":"Gimn\u00e0stic de Tarragona","publisher":{"@id":"https:\/\/gimnasticdetarragona.cat\/es\/#organization"},"potentialAction":[{"@type":"SearchAction","target":{"@type":"EntryPoint","urlTemplate":"https:\/\/gimnasticdetarragona.cat\/es\/?s={search_term_string}"},"query-input":{"@type":"PropertyValueSpecification","valueRequired":true,"valueName":"search_term_string"}}],"inLanguage":"es"},{"@type":"Organization","@id":"https:\/\/gimnasticdetarragona.cat\/es\/#organization","name":"GIMN\u00c0STIC DE TARRAGONA","alternateName":"N\u00c0STIC","url":"https:\/\/gimnasticdetarragona.cat\/es\/","logo":{"@type":"ImageObject","inLanguage":"es","@id":"https:\/\/gimnasticdetarragona.cat\/es\/#\/schema\/logo\/image\/","url":"https:\/\/gimnasticdetarragona.cat\/wp-content\/uploads\/2022\/06\/cropped-logo-gimnastic.png","contentUrl":"https:\/\/gimnasticdetarragona.cat\/wp-content\/uploads\/2022\/06\/cropped-logo-gimnastic.png","width":224,"height":83,"caption":"GIMN\u00c0STIC DE TARRAGONA"},"image":{"@id":"https:\/\/gimnasticdetarragona.cat\/es\/#\/schema\/logo\/image\/"},"sameAs":["https:\/\/x.com\/NASTICTARRAGONA","https:\/\/www.instagram.com\/nastictarragona\/"]},{"@type":"Person","@id":"https:\/\/gimnasticdetarragona.cat\/es\/#\/schema\/person\/47b6a637abf88f9bd835540f20ea069e","name":"desarrollo","sameAs":["https:\/\/clone.gimnasticdetarragona.cat"]}]}},"_links":{"self":[{"href":"https:\/\/gimnasticdetarragona.cat\/es\/wp-json\/wp\/v2\/posts\/55033","targetHints":{"allow":["GET"]}}],"collection":[{"href":"https:\/\/gimnasticdetarragona.cat\/es\/wp-json\/wp\/v2\/posts"}],"about":[{"href":"https:\/\/gimnasticdetarragona.cat\/es\/wp-json\/wp\/v2\/types\/post"}],"author":[{"embeddable":true,"href":"https:\/\/gimnasticdetarragona.cat\/es\/wp-json\/wp\/v2\/users\/1"}],"replies":[{"embeddable":true,"href":"https:\/\/gimnasticdetarragona.cat\/es\/wp-json\/wp\/v2\/comments?post=55033"}],"version-history":[{"count":0,"href":"https:\/\/gimnasticdetarragona.cat\/es\/wp-json\/wp\/v2\/posts\/55033\/revisions"}],"wp:featuredmedia":[{"embeddable":true,"href":"https:\/\/gimnasticdetarragona.cat\/es\/wp-json\/wp\/v2\/media\/55030"}],"wp:attachment":[{"href":"https:\/\/gimnasticdetarragona.cat\/es\/wp-json\/wp\/v2\/media?parent=55033"}],"wp:term":[{"taxonomy":"category","embeddable":true,"href":"https:\/\/gimnasticdetarragona.cat\/es\/wp-json\/wp\/v2\/categories?post=55033"},{"taxonomy":"post_tag","embeddable":true,"href":"https:\/\/gimnasticdetarragona.cat\/es\/wp-json\/wp\/v2\/tags?post=55033"}],"curies":[{"name":"wp","href":"https:\/\/api.w.org\/{rel}","templated":true}]}}