{"id":55064,"date":"2018-11-12T23:30:47","date_gmt":"2018-11-12T23:30:47","guid":{"rendered":"https:\/\/clone.gimnasticdetarragona.cat\/nastic-real-zaragoza\/"},"modified":"2018-11-12T23:30:47","modified_gmt":"2018-11-12T23:30:47","slug":"nastic-real-zaragoza","status":"publish","type":"post","link":"https:\/\/gimnasticdetarragona.cat\/es\/nastic-real-zaragoza\/","title":{"rendered":"N\u00e0stic 1 &#8211; 3 Real Zaragoza"},"content":{"rendered":"<div id=\"gt-src-c\" class=\"g-unit\" style=\"text-align: justify;\"><\/div>\n<div id=\"gt-res-c\" class=\"g-unit\">\n<div id=\"gt-res-p\">\n<div id=\"gt-res-data\">\n<div id=\"gt-res-wrap\">\n<div id=\"gt-res-content\">\n<div class=\"trans-verified-button-small\" dir=\"ltr\" style=\"text-align: justify;\">\n<p>El N\u00e0stic ha perdido 1 a 3 ante el Real Zaragoza en el Nou Estadi un partido donde ha empezado por delante del marcador gracias a un gol de Fali, pero ha visto como el conjunto aragon\u00e9s le ha dado la vuelta. El equipo de Enrique Mart\u00edn queda con 9 puntos en la clasificaci\u00f3n y el s\u00e1bado juega en el campo del M\u00e1laga CF.<\/p>\n<p>El inicio del N\u00e0stic ha sido inmejorable, ya que en el minuto 4 Fali ha marcado el 1 a 0 rematando de cabeza un centro de c\u00f3rner. Con la victoria provisional, el equipo de Enrique Mart\u00edn ha cedido\u00a0el bal\u00f3n al conjunto aragon\u00e9s que, en el minuto 31, ha logrado\u00a0el empate gracias a un centro de c\u00f3rner de Javi Ros, que Djetei ha introducido en propia porter\u00eda.<\/p>\n<p>La segunda parte ha empezado sin un dominador claro y sin ocasiones de gol hasta que en el minuto 65&#8242; Real Zaragoza ha aprovechado una falta en la frontal del \u00e1rea para hacer el 1 a 2 gracias a Pep Biel. El N\u00e0stic, que ha recuperado el control del bal\u00f3n, no ha podido conseguir finalmente el gol del empate.<\/p>\n<p>El N\u00e0stic jugar\u00e1\u00a0el pr\u00f3ximo\u00a0partido\u00a0el pr\u00f3ximo s\u00e1bado\u00a0a las\u00a016 horas\u00a0en La Rosaleda\u00a0contra el\u00a0M\u00e1laga CF,\u00a0correspondiente a la\u00a0jornada\u00a014 de\u00a0LaLiga\u00a01|2|3.<\/p>\n<p><strong>Alineaciones<br \/>\n<\/strong><span style=\"text-decoration: underline;\">N\u00e0stic<\/span>: I.A. Becerra, J. Jim\u00e9nez, Fali (D. Rocha, 61&#8242;), Javi M\u00e1rquez, R. Albentosa, Manu, Sebas Coris (Tete, 52&#8242;), Djetei (M. Barreiro, 68&#8242;), Luis Su\u00e1rez,\u00a0Josua M., R. Brugu\u00e9.<br \/>\n<span style=\"text-decoration: underline;\">Real Zaragoza<\/span>: Cristian \u00c1lvarez, Lasure, Perone, Verdasca, Pombo (Aguirre, 90&#8217;+2), Javi Ros, Eguaras, Nieto, M. Gual (\u00c1lvaro, 70&#8242;), Delmas, Pep Biel (Zapater, 84&#8242;).<\/p>\n<p><strong>Goles<br \/>\n<\/strong>1-0, Fali (4?); 1-1, Djetei, propia porteria (31?).; 1-2, Pep Biel (64&#8242;); 1-3, \u00c1lvaro (90&#8242;).<\/p>\n<\/div>\n<\/div>\n<\/div>\n<\/div>\n<\/div>\n<\/div>\n<p style=\"text-align: justify;\"><strong>\u00c1rbitro<br \/>\n<\/strong>Luis Mario Villa Alv\u00e9ndiz\u00a0(colegio andaluz).<\/p>\n<p style=\"text-align: justify;\"><strong>Tarjetas<\/strong><br \/>\nAmarillas a Albentosa (12?), Nieto \u00a0(45&#8242;), L. Su\u00e1rez (52&#8242;), M. Gual (58&#8242;), Josua M. (58&#8242;), D. Rocha (63&#8242;), Pombo (66&#8242;) y Cristian \u00c1lvarez (82&#8242;).<\/p>\n<p style=\"text-align: justify;\"><strong>Campo<\/strong><br \/>\nNou Estadi. 4.348 espectadores. Partido correspondiente a la jornada 13 de LaLiga 1|2|3.<br \/>\nAmbos equipos han hecho el pasillo de honor al N\u00e0stic Genuine, que empezar\u00e1\u00a0su liga este fin de semana. Adem\u00e1s, del presidente del N\u00e0stic, Josep Maria Andreu, ha entregado un detalle al presidente del Real Zaragoza, Cristian Lapetra, ya que el conjunto aragon\u00e9s se incorpora este a\u00f1o a LaLiga Genuine Santander.<\/p>\n<p>&nbsp;<\/p>\n","protected":false},"excerpt":{"rendered":"<p>El N\u00e0stic ha perdido 1 a 3 ante el Real Zaragoza en el Nou Estadi un partido donde ha empezado por delante del marcador gracias a un gol de Fali, pero ha visto como el conjunto aragon\u00e9s le ha dado la vuelta.<\/p>\n","protected":false},"author":1,"featured_media":55061,"comment_status":"open","ping_status":"open","sticky":false,"template":"","format":"standard","meta":{"_acf_changed":false,"footnotes":""},"categories":[113,126],"tags":[],"class_list":["post-55064","post","type-post","status-publish","format-standard","has-post-thumbnail","hentry","category-actualidad","category-primer-equipo"],"acf":[],"yoast_head":"<!-- This site is optimized with the Yoast SEO plugin v27.3 - https:\/\/yoast.com\/product\/yoast-seo-wordpress\/ -->\n<title>N\u00e0stic 1 - 3 Real Zaragoza - Gimn\u00e0stic de Tarragona SAD<\/title>\n<meta name=\"robots\" content=\"index, follow, max-snippet:-1, max-image-preview:large, max-video-preview:-1\" \/>\n<link rel=\"canonical\" href=\"https:\/\/gimnasticdetarragona.cat\/es\/nastic-real-zaragoza\/\" \/>\n<meta property=\"og:locale\" content=\"es_ES\" \/>\n<meta property=\"og:type\" content=\"article\" \/>\n<meta property=\"og:title\" content=\"N\u00e0stic 1 - 3 Real Zaragoza - Gimn\u00e0stic de Tarragona SAD\" \/>\n<meta property=\"og:description\" content=\"El N\u00e0stic ha perdido 1 a 3 ante el Real Zaragoza en el Nou Estadi un partido donde ha empezado por delante del marcador gracias a un gol de Fali, pero ha visto como el conjunto aragon\u00e9s le ha dado la vuelta.\" \/>\n<meta property=\"og:url\" content=\"https:\/\/gimnasticdetarragona.cat\/es\/nastic-real-zaragoza\/\" \/>\n<meta property=\"og:site_name\" content=\"Gimn\u00e0stic de Tarragona SAD\" \/>\n<meta property=\"article:published_time\" content=\"2018-11-12T23:30:47+00:00\" \/>\n<meta property=\"og:image\" content=\"https:\/\/gimnasticdetarragona.cat\/wp-content\/uploads\/2022\/06\/06001841140669.jpg\" \/>\n\t<meta property=\"og:image:width\" content=\"1400\" \/>\n\t<meta property=\"og:image:height\" content=\"932\" \/>\n\t<meta property=\"og:image:type\" content=\"image\/jpeg\" \/>\n<meta name=\"author\" content=\"desarrollo\" \/>\n<meta name=\"twitter:card\" content=\"summary_large_image\" \/>\n<meta name=\"twitter:creator\" content=\"@NASTICTARRAGONA\" \/>\n<meta name=\"twitter:site\" content=\"@NASTICTARRAGONA\" \/>\n<meta name=\"twitter:label1\" content=\"Escrito por\" \/>\n\t<meta name=\"twitter:data1\" content=\"desarrollo\" \/>\n\t<meta name=\"twitter:label2\" content=\"Tiempo de lectura\" \/>\n\t<meta name=\"twitter:data2\" content=\"2 minutos\" \/>\n<script type=\"application\/ld+json\" class=\"yoast-schema-graph\">{\"@context\":\"https:\\\/\\\/schema.org\",\"@graph\":[{\"@type\":\"Article\",\"@id\":\"https:\\\/\\\/gimnasticdetarragona.cat\\\/es\\\/nastic-real-zaragoza\\\/#article\",\"isPartOf\":{\"@id\":\"https:\\\/\\\/gimnasticdetarragona.cat\\\/es\\\/nastic-real-zaragoza\\\/\"},\"author\":{\"name\":\"desarrollo\",\"@id\":\"https:\\\/\\\/gimnasticdetarragona.cat\\\/es\\\/#\\\/schema\\\/person\\\/47b6a637abf88f9bd835540f20ea069e\"},\"headline\":\"N\u00e0stic 1 &#8211; 3 Real Zaragoza\",\"datePublished\":\"2018-11-12T23:30:47+00:00\",\"mainEntityOfPage\":{\"@id\":\"https:\\\/\\\/gimnasticdetarragona.cat\\\/es\\\/nastic-real-zaragoza\\\/\"},\"wordCount\":388,\"commentCount\":0,\"publisher\":{\"@id\":\"https:\\\/\\\/gimnasticdetarragona.cat\\\/es\\\/#organization\"},\"image\":{\"@id\":\"https:\\\/\\\/gimnasticdetarragona.cat\\\/es\\\/nastic-real-zaragoza\\\/#primaryimage\"},\"thumbnailUrl\":\"https:\\\/\\\/gimnasticdetarragona.cat\\\/wp-content\\\/uploads\\\/2022\\\/06\\\/06001841140669.jpg\",\"articleSection\":[\"Actualidad\",\"Primer Equipo\"],\"inLanguage\":\"es\"},{\"@type\":\"WebPage\",\"@id\":\"https:\\\/\\\/gimnasticdetarragona.cat\\\/es\\\/nastic-real-zaragoza\\\/\",\"url\":\"https:\\\/\\\/gimnasticdetarragona.cat\\\/es\\\/nastic-real-zaragoza\\\/\",\"name\":\"N\u00e0stic 1 - 3 Real Zaragoza - Gimn\u00e0stic de Tarragona SAD\",\"isPartOf\":{\"@id\":\"https:\\\/\\\/gimnasticdetarragona.cat\\\/es\\\/#website\"},\"primaryImageOfPage\":{\"@id\":\"https:\\\/\\\/gimnasticdetarragona.cat\\\/es\\\/nastic-real-zaragoza\\\/#primaryimage\"},\"image\":{\"@id\":\"https:\\\/\\\/gimnasticdetarragona.cat\\\/es\\\/nastic-real-zaragoza\\\/#primaryimage\"},\"thumbnailUrl\":\"https:\\\/\\\/gimnasticdetarragona.cat\\\/wp-content\\\/uploads\\\/2022\\\/06\\\/06001841140669.jpg\",\"datePublished\":\"2018-11-12T23:30:47+00:00\",\"breadcrumb\":{\"@id\":\"https:\\\/\\\/gimnasticdetarragona.cat\\\/es\\\/nastic-real-zaragoza\\\/#breadcrumb\"},\"inLanguage\":\"es\",\"potentialAction\":[{\"@type\":\"ReadAction\",\"target\":[\"https:\\\/\\\/gimnasticdetarragona.cat\\\/es\\\/nastic-real-zaragoza\\\/\"]}]},{\"@type\":\"ImageObject\",\"inLanguage\":\"es\",\"@id\":\"https:\\\/\\\/gimnasticdetarragona.cat\\\/es\\\/nastic-real-zaragoza\\\/#primaryimage\",\"url\":\"https:\\\/\\\/gimnasticdetarragona.cat\\\/wp-content\\\/uploads\\\/2022\\\/06\\\/06001841140669.jpg\",\"contentUrl\":\"https:\\\/\\\/gimnasticdetarragona.cat\\\/wp-content\\\/uploads\\\/2022\\\/06\\\/06001841140669.jpg\",\"width\":1400,\"height\":932},{\"@type\":\"BreadcrumbList\",\"@id\":\"https:\\\/\\\/gimnasticdetarragona.cat\\\/es\\\/nastic-real-zaragoza\\\/#breadcrumb\",\"itemListElement\":[{\"@type\":\"ListItem\",\"position\":1,\"name\":\"Inici\",\"item\":\"https:\\\/\\\/gimnasticdetarragona.cat\\\/es\\\/nastic\\\/\"},{\"@type\":\"ListItem\",\"position\":2,\"name\":\"N\u00e0stic 1 &#8211; 3 Real Zaragoza\"}]},{\"@type\":\"WebSite\",\"@id\":\"https:\\\/\\\/gimnasticdetarragona.cat\\\/es\\\/#website\",\"url\":\"https:\\\/\\\/gimnasticdetarragona.cat\\\/es\\\/\",\"name\":\"Gimn\u00e0stic de Tarragona SAD\",\"description\":\"Gimn\u00e0stic de Tarragona\",\"publisher\":{\"@id\":\"https:\\\/\\\/gimnasticdetarragona.cat\\\/es\\\/#organization\"},\"potentialAction\":[{\"@type\":\"SearchAction\",\"target\":{\"@type\":\"EntryPoint\",\"urlTemplate\":\"https:\\\/\\\/gimnasticdetarragona.cat\\\/es\\\/?s={search_term_string}\"},\"query-input\":{\"@type\":\"PropertyValueSpecification\",\"valueRequired\":true,\"valueName\":\"search_term_string\"}}],\"inLanguage\":\"es\"},{\"@type\":\"Organization\",\"@id\":\"https:\\\/\\\/gimnasticdetarragona.cat\\\/es\\\/#organization\",\"name\":\"GIMN\u00c0STIC DE TARRAGONA\",\"alternateName\":\"N\u00c0STIC\",\"url\":\"https:\\\/\\\/gimnasticdetarragona.cat\\\/es\\\/\",\"logo\":{\"@type\":\"ImageObject\",\"inLanguage\":\"es\",\"@id\":\"https:\\\/\\\/gimnasticdetarragona.cat\\\/es\\\/#\\\/schema\\\/logo\\\/image\\\/\",\"url\":\"https:\\\/\\\/gimnasticdetarragona.cat\\\/wp-content\\\/uploads\\\/2022\\\/06\\\/cropped-logo-gimnastic.png\",\"contentUrl\":\"https:\\\/\\\/gimnasticdetarragona.cat\\\/wp-content\\\/uploads\\\/2022\\\/06\\\/cropped-logo-gimnastic.png\",\"width\":224,\"height\":83,\"caption\":\"GIMN\u00c0STIC DE TARRAGONA\"},\"image\":{\"@id\":\"https:\\\/\\\/gimnasticdetarragona.cat\\\/es\\\/#\\\/schema\\\/logo\\\/image\\\/\"},\"sameAs\":[\"https:\\\/\\\/x.com\\\/NASTICTARRAGONA\",\"https:\\\/\\\/www.instagram.com\\\/nastictarragona\\\/\"]},{\"@type\":\"Person\",\"@id\":\"https:\\\/\\\/gimnasticdetarragona.cat\\\/es\\\/#\\\/schema\\\/person\\\/47b6a637abf88f9bd835540f20ea069e\",\"name\":\"desarrollo\",\"sameAs\":[\"https:\\\/\\\/clone.gimnasticdetarragona.cat\"]}]}<\/script>\n<!-- \/ Yoast SEO plugin. -->","yoast_head_json":{"title":"N\u00e0stic 1 - 3 Real Zaragoza - Gimn\u00e0stic de Tarragona SAD","robots":{"index":"index","follow":"follow","max-snippet":"max-snippet:-1","max-image-preview":"max-image-preview:large","max-video-preview":"max-video-preview:-1"},"canonical":"https:\/\/gimnasticdetarragona.cat\/es\/nastic-real-zaragoza\/","og_locale":"es_ES","og_type":"article","og_title":"N\u00e0stic 1 - 3 Real Zaragoza - Gimn\u00e0stic de Tarragona SAD","og_description":"El N\u00e0stic ha perdido 1 a 3 ante el Real Zaragoza en el Nou Estadi un partido donde ha empezado por delante del marcador gracias a un gol de Fali, pero ha visto como el conjunto aragon\u00e9s le ha dado la vuelta.","og_url":"https:\/\/gimnasticdetarragona.cat\/es\/nastic-real-zaragoza\/","og_site_name":"Gimn\u00e0stic de Tarragona SAD","article_published_time":"2018-11-12T23:30:47+00:00","og_image":[{"width":1400,"height":932,"url":"https:\/\/gimnasticdetarragona.cat\/wp-content\/uploads\/2022\/06\/06001841140669.jpg","type":"image\/jpeg"}],"author":"desarrollo","twitter_card":"summary_large_image","twitter_creator":"@NASTICTARRAGONA","twitter_site":"@NASTICTARRAGONA","twitter_misc":{"Escrito por":"desarrollo","Tiempo de lectura":"2 minutos"},"schema":{"@context":"https:\/\/schema.org","@graph":[{"@type":"Article","@id":"https:\/\/gimnasticdetarragona.cat\/es\/nastic-real-zaragoza\/#article","isPartOf":{"@id":"https:\/\/gimnasticdetarragona.cat\/es\/nastic-real-zaragoza\/"},"author":{"name":"desarrollo","@id":"https:\/\/gimnasticdetarragona.cat\/es\/#\/schema\/person\/47b6a637abf88f9bd835540f20ea069e"},"headline":"N\u00e0stic 1 &#8211; 3 Real Zaragoza","datePublished":"2018-11-12T23:30:47+00:00","mainEntityOfPage":{"@id":"https:\/\/gimnasticdetarragona.cat\/es\/nastic-real-zaragoza\/"},"wordCount":388,"commentCount":0,"publisher":{"@id":"https:\/\/gimnasticdetarragona.cat\/es\/#organization"},"image":{"@id":"https:\/\/gimnasticdetarragona.cat\/es\/nastic-real-zaragoza\/#primaryimage"},"thumbnailUrl":"https:\/\/gimnasticdetarragona.cat\/wp-content\/uploads\/2022\/06\/06001841140669.jpg","articleSection":["Actualidad","Primer Equipo"],"inLanguage":"es"},{"@type":"WebPage","@id":"https:\/\/gimnasticdetarragona.cat\/es\/nastic-real-zaragoza\/","url":"https:\/\/gimnasticdetarragona.cat\/es\/nastic-real-zaragoza\/","name":"N\u00e0stic 1 - 3 Real Zaragoza - Gimn\u00e0stic de Tarragona SAD","isPartOf":{"@id":"https:\/\/gimnasticdetarragona.cat\/es\/#website"},"primaryImageOfPage":{"@id":"https:\/\/gimnasticdetarragona.cat\/es\/nastic-real-zaragoza\/#primaryimage"},"image":{"@id":"https:\/\/gimnasticdetarragona.cat\/es\/nastic-real-zaragoza\/#primaryimage"},"thumbnailUrl":"https:\/\/gimnasticdetarragona.cat\/wp-content\/uploads\/2022\/06\/06001841140669.jpg","datePublished":"2018-11-12T23:30:47+00:00","breadcrumb":{"@id":"https:\/\/gimnasticdetarragona.cat\/es\/nastic-real-zaragoza\/#breadcrumb"},"inLanguage":"es","potentialAction":[{"@type":"ReadAction","target":["https:\/\/gimnasticdetarragona.cat\/es\/nastic-real-zaragoza\/"]}]},{"@type":"ImageObject","inLanguage":"es","@id":"https:\/\/gimnasticdetarragona.cat\/es\/nastic-real-zaragoza\/#primaryimage","url":"https:\/\/gimnasticdetarragona.cat\/wp-content\/uploads\/2022\/06\/06001841140669.jpg","contentUrl":"https:\/\/gimnasticdetarragona.cat\/wp-content\/uploads\/2022\/06\/06001841140669.jpg","width":1400,"height":932},{"@type":"BreadcrumbList","@id":"https:\/\/gimnasticdetarragona.cat\/es\/nastic-real-zaragoza\/#breadcrumb","itemListElement":[{"@type":"ListItem","position":1,"name":"Inici","item":"https:\/\/gimnasticdetarragona.cat\/es\/nastic\/"},{"@type":"ListItem","position":2,"name":"N\u00e0stic 1 &#8211; 3 Real Zaragoza"}]},{"@type":"WebSite","@id":"https:\/\/gimnasticdetarragona.cat\/es\/#website","url":"https:\/\/gimnasticdetarragona.cat\/es\/","name":"Gimn\u00e0stic de Tarragona SAD","description":"Gimn\u00e0stic de Tarragona","publisher":{"@id":"https:\/\/gimnasticdetarragona.cat\/es\/#organization"},"potentialAction":[{"@type":"SearchAction","target":{"@type":"EntryPoint","urlTemplate":"https:\/\/gimnasticdetarragona.cat\/es\/?s={search_term_string}"},"query-input":{"@type":"PropertyValueSpecification","valueRequired":true,"valueName":"search_term_string"}}],"inLanguage":"es"},{"@type":"Organization","@id":"https:\/\/gimnasticdetarragona.cat\/es\/#organization","name":"GIMN\u00c0STIC DE TARRAGONA","alternateName":"N\u00c0STIC","url":"https:\/\/gimnasticdetarragona.cat\/es\/","logo":{"@type":"ImageObject","inLanguage":"es","@id":"https:\/\/gimnasticdetarragona.cat\/es\/#\/schema\/logo\/image\/","url":"https:\/\/gimnasticdetarragona.cat\/wp-content\/uploads\/2022\/06\/cropped-logo-gimnastic.png","contentUrl":"https:\/\/gimnasticdetarragona.cat\/wp-content\/uploads\/2022\/06\/cropped-logo-gimnastic.png","width":224,"height":83,"caption":"GIMN\u00c0STIC DE TARRAGONA"},"image":{"@id":"https:\/\/gimnasticdetarragona.cat\/es\/#\/schema\/logo\/image\/"},"sameAs":["https:\/\/x.com\/NASTICTARRAGONA","https:\/\/www.instagram.com\/nastictarragona\/"]},{"@type":"Person","@id":"https:\/\/gimnasticdetarragona.cat\/es\/#\/schema\/person\/47b6a637abf88f9bd835540f20ea069e","name":"desarrollo","sameAs":["https:\/\/clone.gimnasticdetarragona.cat"]}]}},"_links":{"self":[{"href":"https:\/\/gimnasticdetarragona.cat\/es\/wp-json\/wp\/v2\/posts\/55064","targetHints":{"allow":["GET"]}}],"collection":[{"href":"https:\/\/gimnasticdetarragona.cat\/es\/wp-json\/wp\/v2\/posts"}],"about":[{"href":"https:\/\/gimnasticdetarragona.cat\/es\/wp-json\/wp\/v2\/types\/post"}],"author":[{"embeddable":true,"href":"https:\/\/gimnasticdetarragona.cat\/es\/wp-json\/wp\/v2\/users\/1"}],"replies":[{"embeddable":true,"href":"https:\/\/gimnasticdetarragona.cat\/es\/wp-json\/wp\/v2\/comments?post=55064"}],"version-history":[{"count":0,"href":"https:\/\/gimnasticdetarragona.cat\/es\/wp-json\/wp\/v2\/posts\/55064\/revisions"}],"wp:featuredmedia":[{"embeddable":true,"href":"https:\/\/gimnasticdetarragona.cat\/es\/wp-json\/wp\/v2\/media\/55061"}],"wp:attachment":[{"href":"https:\/\/gimnasticdetarragona.cat\/es\/wp-json\/wp\/v2\/media?parent=55064"}],"wp:term":[{"taxonomy":"category","embeddable":true,"href":"https:\/\/gimnasticdetarragona.cat\/es\/wp-json\/wp\/v2\/categories?post=55064"},{"taxonomy":"post_tag","embeddable":true,"href":"https:\/\/gimnasticdetarragona.cat\/es\/wp-json\/wp\/v2\/tags?post=55064"}],"curies":[{"name":"wp","href":"https:\/\/api.w.org\/{rel}","templated":true}]}}