{"id":55076,"date":"2018-11-09T10:17:14","date_gmt":"2018-11-09T10:17:14","guid":{"rendered":"https:\/\/clone.gimnasticdetarragona.cat\/el-projecte-bbva-cx-junts-creixem-porta-diferents-collectius-al-nastic-real-zaragoza\/"},"modified":"2018-11-09T10:17:14","modified_gmt":"2018-11-09T10:17:14","slug":"el-projecte-bbva-cx-junts-creixem-porta-diferents-collectius-al-nastic-real-zaragoza","status":"publish","type":"post","link":"https:\/\/gimnasticdetarragona.cat\/es\/el-projecte-bbva-cx-junts-creixem-porta-diferents-collectius-al-nastic-real-zaragoza\/","title":{"rendered":"El proyecto \u201cBBVA CX Junts Creixem\u201d lleva diferentes colectivos al N\u00e0stic &#8211; Real Zaragoza"},"content":{"rendered":"<p style=\"text-align: justify;\">Los usuarios de la Residencia Mar i Cel y algunos de los participantes del XLII Cross Els \u00c0ngels podr\u00e1n ver en directo en el Nou Estadi el partido de la jornada 13 de LaLiga 1|2|3 que enfrentar\u00e1 el lunes 12 de noviembre a las 21 horas al N\u00e0stic con\u00a0 el Real Zaragoza.<\/p>\n<p style=\"text-align: justify;\">El responsable del \u00e1rea social del Gimn\u00e0stic de Tarragona, Jordi Ruiz, y la directora de la oficina del BBVA en Torreforta, Sandra Armengol, han hecho la entrega de una decena de entradas a Ramon Herv\u00e1s y Edu Mont\u00f3n, miembros del personal de atenci\u00f3n directa de la Fundaci\u00f3n Villablanca, para que algunos de los usuarios de la Residencia Mar\u00a0i Cel puedan asistir al partido. Villablanca Serveis Assistencials pertenece al Grup Pere Mata y ofrece diferentes servicios en la atenci\u00f3n a personas con discapacidad intelectual, que cubre todas las necesidades de tratamiento.<\/p>\n<p style=\"text-align: justify;\">Tambi\u00e9n estar\u00e1n en el N\u00e0stic &#8211; Real Zaragoza los ganadores de las diferentes carreras del cross que organiza el AMPA y la Escola Els \u00c1ngeles. Precisamente la presidenta del AMPA, Yolanda Merino, ha recogido de manos de Jordi Ruiz y Sandra Armengol las 27 entradas que ser\u00e1n para los vencedores. Esta edici\u00f3n del cross se celebra este domingo 11 de noviembre por la ma\u00f1ana y participan 700 atletas de todas las categor\u00edas.<\/p>\n<p style=\"text-align: justify;\">Estas entregan de entradas se enmarcan dentro del proyecto \u00abBBVA CX, Junts Creixem\u00bb, que tiene como objetivo acercarse a las entidades y organismos del territorio.<\/p>\n","protected":false},"excerpt":{"rendered":"<p>Los usuarios de la Residencia Mar i Cel y algunos de los participantes del XLII Cross Els \u00c0ngels podr\u00e1n ver en directo en el Nou Estadi el partido de la jornada 13 de LaLiga 1|2|3 que enfrentar\u00e1 el lunes 12 de noviembre a las 21 horas al N\u00e0stic con  el Real Zaragoza.<\/p>\n","protected":false},"author":1,"featured_media":55073,"comment_status":"open","ping_status":"open","sticky":false,"template":"","format":"standard","meta":{"_acf_changed":false,"footnotes":""},"categories":[113,139],"tags":[],"class_list":["post-55076","post","type-post","status-publish","format-standard","has-post-thumbnail","hentry","category-actualidad","category-social"],"acf":[],"yoast_head":"<!-- This site is optimized with the Yoast SEO plugin v27.3 - https:\/\/yoast.com\/product\/yoast-seo-wordpress\/ -->\n<title>El proyecto \u201cBBVA CX Junts Creixem\u201d lleva diferentes colectivos al N\u00e0stic - Real Zaragoza - Gimn\u00e0stic de Tarragona SAD<\/title>\n<meta name=\"robots\" content=\"index, follow, max-snippet:-1, max-image-preview:large, max-video-preview:-1\" \/>\n<link rel=\"canonical\" href=\"https:\/\/gimnasticdetarragona.cat\/es\/el-projecte-bbva-cx-junts-creixem-porta-diferents-collectius-al-nastic-real-zaragoza\/\" \/>\n<meta property=\"og:locale\" content=\"es_ES\" \/>\n<meta property=\"og:type\" content=\"article\" \/>\n<meta property=\"og:title\" content=\"El proyecto \u201cBBVA CX Junts Creixem\u201d lleva diferentes colectivos al N\u00e0stic - Real Zaragoza - Gimn\u00e0stic de Tarragona SAD\" \/>\n<meta property=\"og:description\" content=\"Los usuarios de la Residencia Mar i Cel y algunos de los participantes del XLII Cross Els \u00c0ngels podr\u00e1n ver en directo en el Nou Estadi el partido de la jornada 13 de LaLiga 1|2|3 que enfrentar\u00e1 el lunes 12 de noviembre a las 21 horas al N\u00e0stic con el Real Zaragoza.\" \/>\n<meta property=\"og:url\" content=\"https:\/\/gimnasticdetarragona.cat\/es\/el-projecte-bbva-cx-junts-creixem-porta-diferents-collectius-al-nastic-real-zaragoza\/\" \/>\n<meta property=\"og:site_name\" content=\"Gimn\u00e0stic de Tarragona SAD\" \/>\n<meta property=\"article:published_time\" content=\"2018-11-09T10:17:14+00:00\" \/>\n<meta property=\"og:image\" content=\"https:\/\/gimnasticdetarragona.cat\/wp-content\/uploads\/2022\/06\/06001851140637-scaled.jpg\" \/>\n\t<meta property=\"og:image:width\" content=\"2560\" \/>\n\t<meta property=\"og:image:height\" content=\"1707\" \/>\n\t<meta property=\"og:image:type\" content=\"image\/jpeg\" \/>\n<meta name=\"author\" content=\"desarrollo\" \/>\n<meta name=\"twitter:card\" content=\"summary_large_image\" \/>\n<meta name=\"twitter:creator\" content=\"@NASTICTARRAGONA\" \/>\n<meta name=\"twitter:site\" content=\"@NASTICTARRAGONA\" \/>\n<meta name=\"twitter:label1\" content=\"Escrito por\" \/>\n\t<meta name=\"twitter:data1\" content=\"desarrollo\" \/>\n\t<meta name=\"twitter:label2\" content=\"Tiempo de lectura\" \/>\n\t<meta name=\"twitter:data2\" content=\"1 minuto\" \/>\n<script type=\"application\/ld+json\" class=\"yoast-schema-graph\">{\"@context\":\"https:\\\/\\\/schema.org\",\"@graph\":[{\"@type\":\"Article\",\"@id\":\"https:\\\/\\\/gimnasticdetarragona.cat\\\/es\\\/el-projecte-bbva-cx-junts-creixem-porta-diferents-collectius-al-nastic-real-zaragoza\\\/#article\",\"isPartOf\":{\"@id\":\"https:\\\/\\\/gimnasticdetarragona.cat\\\/es\\\/el-projecte-bbva-cx-junts-creixem-porta-diferents-collectius-al-nastic-real-zaragoza\\\/\"},\"author\":{\"name\":\"desarrollo\",\"@id\":\"https:\\\/\\\/gimnasticdetarragona.cat\\\/es\\\/#\\\/schema\\\/person\\\/47b6a637abf88f9bd835540f20ea069e\"},\"headline\":\"El proyecto \u201cBBVA CX Junts Creixem\u201d lleva diferentes colectivos al N\u00e0stic &#8211; Real Zaragoza\",\"datePublished\":\"2018-11-09T10:17:14+00:00\",\"mainEntityOfPage\":{\"@id\":\"https:\\\/\\\/gimnasticdetarragona.cat\\\/es\\\/el-projecte-bbva-cx-junts-creixem-porta-diferents-collectius-al-nastic-real-zaragoza\\\/\"},\"wordCount\":263,\"commentCount\":0,\"publisher\":{\"@id\":\"https:\\\/\\\/gimnasticdetarragona.cat\\\/es\\\/#organization\"},\"image\":{\"@id\":\"https:\\\/\\\/gimnasticdetarragona.cat\\\/es\\\/el-projecte-bbva-cx-junts-creixem-porta-diferents-collectius-al-nastic-real-zaragoza\\\/#primaryimage\"},\"thumbnailUrl\":\"https:\\\/\\\/gimnasticdetarragona.cat\\\/wp-content\\\/uploads\\\/2022\\\/06\\\/06001851140637-scaled.jpg\",\"articleSection\":[\"Actualidad\",\"Social\"],\"inLanguage\":\"es\"},{\"@type\":\"WebPage\",\"@id\":\"https:\\\/\\\/gimnasticdetarragona.cat\\\/es\\\/el-projecte-bbva-cx-junts-creixem-porta-diferents-collectius-al-nastic-real-zaragoza\\\/\",\"url\":\"https:\\\/\\\/gimnasticdetarragona.cat\\\/es\\\/el-projecte-bbva-cx-junts-creixem-porta-diferents-collectius-al-nastic-real-zaragoza\\\/\",\"name\":\"El proyecto \u201cBBVA CX Junts Creixem\u201d lleva diferentes colectivos al N\u00e0stic - Real Zaragoza - Gimn\u00e0stic de Tarragona SAD\",\"isPartOf\":{\"@id\":\"https:\\\/\\\/gimnasticdetarragona.cat\\\/es\\\/#website\"},\"primaryImageOfPage\":{\"@id\":\"https:\\\/\\\/gimnasticdetarragona.cat\\\/es\\\/el-projecte-bbva-cx-junts-creixem-porta-diferents-collectius-al-nastic-real-zaragoza\\\/#primaryimage\"},\"image\":{\"@id\":\"https:\\\/\\\/gimnasticdetarragona.cat\\\/es\\\/el-projecte-bbva-cx-junts-creixem-porta-diferents-collectius-al-nastic-real-zaragoza\\\/#primaryimage\"},\"thumbnailUrl\":\"https:\\\/\\\/gimnasticdetarragona.cat\\\/wp-content\\\/uploads\\\/2022\\\/06\\\/06001851140637-scaled.jpg\",\"datePublished\":\"2018-11-09T10:17:14+00:00\",\"breadcrumb\":{\"@id\":\"https:\\\/\\\/gimnasticdetarragona.cat\\\/es\\\/el-projecte-bbva-cx-junts-creixem-porta-diferents-collectius-al-nastic-real-zaragoza\\\/#breadcrumb\"},\"inLanguage\":\"es\",\"potentialAction\":[{\"@type\":\"ReadAction\",\"target\":[\"https:\\\/\\\/gimnasticdetarragona.cat\\\/es\\\/el-projecte-bbva-cx-junts-creixem-porta-diferents-collectius-al-nastic-real-zaragoza\\\/\"]}]},{\"@type\":\"ImageObject\",\"inLanguage\":\"es\",\"@id\":\"https:\\\/\\\/gimnasticdetarragona.cat\\\/es\\\/el-projecte-bbva-cx-junts-creixem-porta-diferents-collectius-al-nastic-real-zaragoza\\\/#primaryimage\",\"url\":\"https:\\\/\\\/gimnasticdetarragona.cat\\\/wp-content\\\/uploads\\\/2022\\\/06\\\/06001851140637-scaled.jpg\",\"contentUrl\":\"https:\\\/\\\/gimnasticdetarragona.cat\\\/wp-content\\\/uploads\\\/2022\\\/06\\\/06001851140637-scaled.jpg\",\"width\":2560,\"height\":1707},{\"@type\":\"BreadcrumbList\",\"@id\":\"https:\\\/\\\/gimnasticdetarragona.cat\\\/es\\\/el-projecte-bbva-cx-junts-creixem-porta-diferents-collectius-al-nastic-real-zaragoza\\\/#breadcrumb\",\"itemListElement\":[{\"@type\":\"ListItem\",\"position\":1,\"name\":\"Inici\",\"item\":\"https:\\\/\\\/gimnasticdetarragona.cat\\\/es\\\/nastic\\\/\"},{\"@type\":\"ListItem\",\"position\":2,\"name\":\"El proyecto \u201cBBVA CX Junts Creixem\u201d lleva diferentes colectivos al N\u00e0stic &#8211; Real Zaragoza\"}]},{\"@type\":\"WebSite\",\"@id\":\"https:\\\/\\\/gimnasticdetarragona.cat\\\/es\\\/#website\",\"url\":\"https:\\\/\\\/gimnasticdetarragona.cat\\\/es\\\/\",\"name\":\"Gimn\u00e0stic de Tarragona SAD\",\"description\":\"Gimn\u00e0stic de Tarragona\",\"publisher\":{\"@id\":\"https:\\\/\\\/gimnasticdetarragona.cat\\\/es\\\/#organization\"},\"potentialAction\":[{\"@type\":\"SearchAction\",\"target\":{\"@type\":\"EntryPoint\",\"urlTemplate\":\"https:\\\/\\\/gimnasticdetarragona.cat\\\/es\\\/?s={search_term_string}\"},\"query-input\":{\"@type\":\"PropertyValueSpecification\",\"valueRequired\":true,\"valueName\":\"search_term_string\"}}],\"inLanguage\":\"es\"},{\"@type\":\"Organization\",\"@id\":\"https:\\\/\\\/gimnasticdetarragona.cat\\\/es\\\/#organization\",\"name\":\"GIMN\u00c0STIC DE TARRAGONA\",\"alternateName\":\"N\u00c0STIC\",\"url\":\"https:\\\/\\\/gimnasticdetarragona.cat\\\/es\\\/\",\"logo\":{\"@type\":\"ImageObject\",\"inLanguage\":\"es\",\"@id\":\"https:\\\/\\\/gimnasticdetarragona.cat\\\/es\\\/#\\\/schema\\\/logo\\\/image\\\/\",\"url\":\"https:\\\/\\\/gimnasticdetarragona.cat\\\/wp-content\\\/uploads\\\/2022\\\/06\\\/cropped-logo-gimnastic.png\",\"contentUrl\":\"https:\\\/\\\/gimnasticdetarragona.cat\\\/wp-content\\\/uploads\\\/2022\\\/06\\\/cropped-logo-gimnastic.png\",\"width\":224,\"height\":83,\"caption\":\"GIMN\u00c0STIC DE TARRAGONA\"},\"image\":{\"@id\":\"https:\\\/\\\/gimnasticdetarragona.cat\\\/es\\\/#\\\/schema\\\/logo\\\/image\\\/\"},\"sameAs\":[\"https:\\\/\\\/x.com\\\/NASTICTARRAGONA\",\"https:\\\/\\\/www.instagram.com\\\/nastictarragona\\\/\"]},{\"@type\":\"Person\",\"@id\":\"https:\\\/\\\/gimnasticdetarragona.cat\\\/es\\\/#\\\/schema\\\/person\\\/47b6a637abf88f9bd835540f20ea069e\",\"name\":\"desarrollo\",\"sameAs\":[\"https:\\\/\\\/clone.gimnasticdetarragona.cat\"]}]}<\/script>\n<!-- \/ Yoast SEO plugin. -->","yoast_head_json":{"title":"El proyecto \u201cBBVA CX Junts Creixem\u201d lleva diferentes colectivos al N\u00e0stic - Real Zaragoza - Gimn\u00e0stic de Tarragona SAD","robots":{"index":"index","follow":"follow","max-snippet":"max-snippet:-1","max-image-preview":"max-image-preview:large","max-video-preview":"max-video-preview:-1"},"canonical":"https:\/\/gimnasticdetarragona.cat\/es\/el-projecte-bbva-cx-junts-creixem-porta-diferents-collectius-al-nastic-real-zaragoza\/","og_locale":"es_ES","og_type":"article","og_title":"El proyecto \u201cBBVA CX Junts Creixem\u201d lleva diferentes colectivos al N\u00e0stic - Real Zaragoza - Gimn\u00e0stic de Tarragona SAD","og_description":"Los usuarios de la Residencia Mar i Cel y algunos de los participantes del XLII Cross Els \u00c0ngels podr\u00e1n ver en directo en el Nou Estadi el partido de la jornada 13 de LaLiga 1|2|3 que enfrentar\u00e1 el lunes 12 de noviembre a las 21 horas al N\u00e0stic con el Real Zaragoza.","og_url":"https:\/\/gimnasticdetarragona.cat\/es\/el-projecte-bbva-cx-junts-creixem-porta-diferents-collectius-al-nastic-real-zaragoza\/","og_site_name":"Gimn\u00e0stic de Tarragona SAD","article_published_time":"2018-11-09T10:17:14+00:00","og_image":[{"width":2560,"height":1707,"url":"https:\/\/gimnasticdetarragona.cat\/wp-content\/uploads\/2022\/06\/06001851140637-scaled.jpg","type":"image\/jpeg"}],"author":"desarrollo","twitter_card":"summary_large_image","twitter_creator":"@NASTICTARRAGONA","twitter_site":"@NASTICTARRAGONA","twitter_misc":{"Escrito por":"desarrollo","Tiempo de lectura":"1 minuto"},"schema":{"@context":"https:\/\/schema.org","@graph":[{"@type":"Article","@id":"https:\/\/gimnasticdetarragona.cat\/es\/el-projecte-bbva-cx-junts-creixem-porta-diferents-collectius-al-nastic-real-zaragoza\/#article","isPartOf":{"@id":"https:\/\/gimnasticdetarragona.cat\/es\/el-projecte-bbva-cx-junts-creixem-porta-diferents-collectius-al-nastic-real-zaragoza\/"},"author":{"name":"desarrollo","@id":"https:\/\/gimnasticdetarragona.cat\/es\/#\/schema\/person\/47b6a637abf88f9bd835540f20ea069e"},"headline":"El proyecto \u201cBBVA CX Junts Creixem\u201d lleva diferentes colectivos al N\u00e0stic &#8211; Real Zaragoza","datePublished":"2018-11-09T10:17:14+00:00","mainEntityOfPage":{"@id":"https:\/\/gimnasticdetarragona.cat\/es\/el-projecte-bbva-cx-junts-creixem-porta-diferents-collectius-al-nastic-real-zaragoza\/"},"wordCount":263,"commentCount":0,"publisher":{"@id":"https:\/\/gimnasticdetarragona.cat\/es\/#organization"},"image":{"@id":"https:\/\/gimnasticdetarragona.cat\/es\/el-projecte-bbva-cx-junts-creixem-porta-diferents-collectius-al-nastic-real-zaragoza\/#primaryimage"},"thumbnailUrl":"https:\/\/gimnasticdetarragona.cat\/wp-content\/uploads\/2022\/06\/06001851140637-scaled.jpg","articleSection":["Actualidad","Social"],"inLanguage":"es"},{"@type":"WebPage","@id":"https:\/\/gimnasticdetarragona.cat\/es\/el-projecte-bbva-cx-junts-creixem-porta-diferents-collectius-al-nastic-real-zaragoza\/","url":"https:\/\/gimnasticdetarragona.cat\/es\/el-projecte-bbva-cx-junts-creixem-porta-diferents-collectius-al-nastic-real-zaragoza\/","name":"El proyecto \u201cBBVA CX Junts Creixem\u201d lleva diferentes colectivos al N\u00e0stic - Real Zaragoza - Gimn\u00e0stic de Tarragona SAD","isPartOf":{"@id":"https:\/\/gimnasticdetarragona.cat\/es\/#website"},"primaryImageOfPage":{"@id":"https:\/\/gimnasticdetarragona.cat\/es\/el-projecte-bbva-cx-junts-creixem-porta-diferents-collectius-al-nastic-real-zaragoza\/#primaryimage"},"image":{"@id":"https:\/\/gimnasticdetarragona.cat\/es\/el-projecte-bbva-cx-junts-creixem-porta-diferents-collectius-al-nastic-real-zaragoza\/#primaryimage"},"thumbnailUrl":"https:\/\/gimnasticdetarragona.cat\/wp-content\/uploads\/2022\/06\/06001851140637-scaled.jpg","datePublished":"2018-11-09T10:17:14+00:00","breadcrumb":{"@id":"https:\/\/gimnasticdetarragona.cat\/es\/el-projecte-bbva-cx-junts-creixem-porta-diferents-collectius-al-nastic-real-zaragoza\/#breadcrumb"},"inLanguage":"es","potentialAction":[{"@type":"ReadAction","target":["https:\/\/gimnasticdetarragona.cat\/es\/el-projecte-bbva-cx-junts-creixem-porta-diferents-collectius-al-nastic-real-zaragoza\/"]}]},{"@type":"ImageObject","inLanguage":"es","@id":"https:\/\/gimnasticdetarragona.cat\/es\/el-projecte-bbva-cx-junts-creixem-porta-diferents-collectius-al-nastic-real-zaragoza\/#primaryimage","url":"https:\/\/gimnasticdetarragona.cat\/wp-content\/uploads\/2022\/06\/06001851140637-scaled.jpg","contentUrl":"https:\/\/gimnasticdetarragona.cat\/wp-content\/uploads\/2022\/06\/06001851140637-scaled.jpg","width":2560,"height":1707},{"@type":"BreadcrumbList","@id":"https:\/\/gimnasticdetarragona.cat\/es\/el-projecte-bbva-cx-junts-creixem-porta-diferents-collectius-al-nastic-real-zaragoza\/#breadcrumb","itemListElement":[{"@type":"ListItem","position":1,"name":"Inici","item":"https:\/\/gimnasticdetarragona.cat\/es\/nastic\/"},{"@type":"ListItem","position":2,"name":"El proyecto \u201cBBVA CX Junts Creixem\u201d lleva diferentes colectivos al N\u00e0stic &#8211; Real Zaragoza"}]},{"@type":"WebSite","@id":"https:\/\/gimnasticdetarragona.cat\/es\/#website","url":"https:\/\/gimnasticdetarragona.cat\/es\/","name":"Gimn\u00e0stic de Tarragona SAD","description":"Gimn\u00e0stic de Tarragona","publisher":{"@id":"https:\/\/gimnasticdetarragona.cat\/es\/#organization"},"potentialAction":[{"@type":"SearchAction","target":{"@type":"EntryPoint","urlTemplate":"https:\/\/gimnasticdetarragona.cat\/es\/?s={search_term_string}"},"query-input":{"@type":"PropertyValueSpecification","valueRequired":true,"valueName":"search_term_string"}}],"inLanguage":"es"},{"@type":"Organization","@id":"https:\/\/gimnasticdetarragona.cat\/es\/#organization","name":"GIMN\u00c0STIC DE TARRAGONA","alternateName":"N\u00c0STIC","url":"https:\/\/gimnasticdetarragona.cat\/es\/","logo":{"@type":"ImageObject","inLanguage":"es","@id":"https:\/\/gimnasticdetarragona.cat\/es\/#\/schema\/logo\/image\/","url":"https:\/\/gimnasticdetarragona.cat\/wp-content\/uploads\/2022\/06\/cropped-logo-gimnastic.png","contentUrl":"https:\/\/gimnasticdetarragona.cat\/wp-content\/uploads\/2022\/06\/cropped-logo-gimnastic.png","width":224,"height":83,"caption":"GIMN\u00c0STIC DE TARRAGONA"},"image":{"@id":"https:\/\/gimnasticdetarragona.cat\/es\/#\/schema\/logo\/image\/"},"sameAs":["https:\/\/x.com\/NASTICTARRAGONA","https:\/\/www.instagram.com\/nastictarragona\/"]},{"@type":"Person","@id":"https:\/\/gimnasticdetarragona.cat\/es\/#\/schema\/person\/47b6a637abf88f9bd835540f20ea069e","name":"desarrollo","sameAs":["https:\/\/clone.gimnasticdetarragona.cat"]}]}},"_links":{"self":[{"href":"https:\/\/gimnasticdetarragona.cat\/es\/wp-json\/wp\/v2\/posts\/55076","targetHints":{"allow":["GET"]}}],"collection":[{"href":"https:\/\/gimnasticdetarragona.cat\/es\/wp-json\/wp\/v2\/posts"}],"about":[{"href":"https:\/\/gimnasticdetarragona.cat\/es\/wp-json\/wp\/v2\/types\/post"}],"author":[{"embeddable":true,"href":"https:\/\/gimnasticdetarragona.cat\/es\/wp-json\/wp\/v2\/users\/1"}],"replies":[{"embeddable":true,"href":"https:\/\/gimnasticdetarragona.cat\/es\/wp-json\/wp\/v2\/comments?post=55076"}],"version-history":[{"count":0,"href":"https:\/\/gimnasticdetarragona.cat\/es\/wp-json\/wp\/v2\/posts\/55076\/revisions"}],"wp:featuredmedia":[{"embeddable":true,"href":"https:\/\/gimnasticdetarragona.cat\/es\/wp-json\/wp\/v2\/media\/55073"}],"wp:attachment":[{"href":"https:\/\/gimnasticdetarragona.cat\/es\/wp-json\/wp\/v2\/media?parent=55076"}],"wp:term":[{"taxonomy":"category","embeddable":true,"href":"https:\/\/gimnasticdetarragona.cat\/es\/wp-json\/wp\/v2\/categories?post=55076"},{"taxonomy":"post_tag","embeddable":true,"href":"https:\/\/gimnasticdetarragona.cat\/es\/wp-json\/wp\/v2\/tags?post=55076"}],"curies":[{"name":"wp","href":"https:\/\/api.w.org\/{rel}","templated":true}]}}