{"id":55148,"date":"2018-10-26T13:35:51","date_gmt":"2018-10-26T13:35:51","guid":{"rendered":"https:\/\/clone.gimnasticdetarragona.cat\/roda-de-premsa-de-enrique-martin-previa-al-nastic-real-oviedo\/"},"modified":"2018-10-26T13:35:51","modified_gmt":"2018-10-26T13:35:51","slug":"roda-de-premsa-de-enrique-martin-previa-al-nastic-real-oviedo","status":"publish","type":"post","link":"https:\/\/gimnasticdetarragona.cat\/es\/roda-de-premsa-de-enrique-martin-previa-al-nastic-real-oviedo\/","title":{"rendered":"Rueda de prensa de Enrique Mart\u00edn, previa al N\u00e0stic &#8211; Real Oviedo"},"content":{"rendered":"<p style=\"text-align: justify;\">El nuevo t\u00e9cnico grana ha hablado ante los medios de comunicaci\u00f3n antes de sentarse por primera vez en el banquillo del Nou Estadi.<\/p>\n<p style=\"text-align: justify;\">Enrique Mart\u00edn ha explicado c\u00f3mo llega el equipo al encuentro, despu\u00e9s de dirigir tres sesiones de entrenamiento desde la oficializaci\u00f3n de su incorporaci\u00f3n como entrenador del primer equipo. El estreno se producir\u00e1 este domingo, a partir de las 12 horas, ante el Real Oviedo. El equipo buscar\u00e1 que los 3 puntos se queden en Tarragona.<\/p>\n","protected":false},"excerpt":{"rendered":"<p>El nuevo t\u00e9cnico grana ha hablado ante los medios de comunicaci\u00f3n antes de sentarse por primera vez en el banquillo del Nou Estadi.<\/p>\n","protected":false},"author":1,"featured_media":55145,"comment_status":"open","ping_status":"open","sticky":false,"template":"","format":"standard","meta":{"_acf_changed":false,"footnotes":""},"categories":[113,121],"tags":[],"class_list":["post-55148","post","type-post","status-publish","format-standard","has-post-thumbnail","hentry","category-actualidad","category-home"],"acf":[],"yoast_head":"<!-- This site is optimized with the Yoast SEO plugin v27.3 - https:\/\/yoast.com\/product\/yoast-seo-wordpress\/ -->\n<title>Rueda de prensa de Enrique Mart\u00edn, previa al N\u00e0stic - Real Oviedo - Gimn\u00e0stic de Tarragona SAD<\/title>\n<meta name=\"robots\" content=\"index, follow, max-snippet:-1, max-image-preview:large, max-video-preview:-1\" \/>\n<link rel=\"canonical\" href=\"https:\/\/gimnasticdetarragona.cat\/roda-de-premsa-de-enrique-martin-previa-al-nastic-real-oviedo\/\" \/>\n<meta property=\"og:locale\" content=\"es_ES\" \/>\n<meta property=\"og:type\" content=\"article\" \/>\n<meta property=\"og:title\" content=\"Rueda de prensa de Enrique Mart\u00edn, previa al N\u00e0stic - Real Oviedo - Gimn\u00e0stic de Tarragona SAD\" \/>\n<meta property=\"og:description\" content=\"El nuevo t\u00e9cnico grana ha hablado ante los medios de comunicaci\u00f3n antes de sentarse por primera vez en el banquillo del Nou Estadi.\" \/>\n<meta property=\"og:url\" content=\"https:\/\/gimnasticdetarragona.cat\/roda-de-premsa-de-enrique-martin-previa-al-nastic-real-oviedo\/\" \/>\n<meta property=\"og:site_name\" content=\"Gimn\u00e0stic de Tarragona SAD\" \/>\n<meta property=\"article:published_time\" content=\"2018-10-26T13:35:51+00:00\" \/>\n<meta property=\"og:image\" content=\"https:\/\/gimnasticdetarragona.cat\/wp-content\/uploads\/2022\/06\/06001823140327.jpg\" \/>\n\t<meta property=\"og:image:width\" content=\"2048\" \/>\n\t<meta property=\"og:image:height\" content=\"1281\" \/>\n\t<meta property=\"og:image:type\" content=\"image\/jpeg\" \/>\n<meta name=\"author\" content=\"desarrollo\" \/>\n<meta name=\"twitter:card\" content=\"summary_large_image\" \/>\n<meta name=\"twitter:creator\" content=\"@NASTICTARRAGONA\" \/>\n<meta name=\"twitter:site\" content=\"@NASTICTARRAGONA\" \/>\n<meta name=\"twitter:label1\" content=\"Escrito por\" \/>\n\t<meta name=\"twitter:data1\" content=\"desarrollo\" \/>\n<script type=\"application\/ld+json\" class=\"yoast-schema-graph\">{\"@context\":\"https:\\\/\\\/schema.org\",\"@graph\":[{\"@type\":\"Article\",\"@id\":\"https:\\\/\\\/gimnasticdetarragona.cat\\\/roda-de-premsa-de-enrique-martin-previa-al-nastic-real-oviedo\\\/#article\",\"isPartOf\":{\"@id\":\"https:\\\/\\\/gimnasticdetarragona.cat\\\/roda-de-premsa-de-enrique-martin-previa-al-nastic-real-oviedo\\\/\"},\"author\":{\"name\":\"desarrollo\",\"@id\":\"https:\\\/\\\/gimnasticdetarragona.cat\\\/es\\\/#\\\/schema\\\/person\\\/47b6a637abf88f9bd835540f20ea069e\"},\"headline\":\"Rueda de prensa de Enrique Mart\u00edn, previa al N\u00e0stic &#8211; Real Oviedo\",\"datePublished\":\"2018-10-26T13:35:51+00:00\",\"mainEntityOfPage\":{\"@id\":\"https:\\\/\\\/gimnasticdetarragona.cat\\\/roda-de-premsa-de-enrique-martin-previa-al-nastic-real-oviedo\\\/\"},\"wordCount\":97,\"commentCount\":0,\"publisher\":{\"@id\":\"https:\\\/\\\/gimnasticdetarragona.cat\\\/es\\\/#organization\"},\"image\":{\"@id\":\"https:\\\/\\\/gimnasticdetarragona.cat\\\/roda-de-premsa-de-enrique-martin-previa-al-nastic-real-oviedo\\\/#primaryimage\"},\"thumbnailUrl\":\"https:\\\/\\\/gimnasticdetarragona.cat\\\/wp-content\\\/uploads\\\/2022\\\/06\\\/06001823140327.jpg\",\"articleSection\":[\"Actualidad\",\"Home\"],\"inLanguage\":\"es\"},{\"@type\":\"WebPage\",\"@id\":\"https:\\\/\\\/gimnasticdetarragona.cat\\\/roda-de-premsa-de-enrique-martin-previa-al-nastic-real-oviedo\\\/\",\"url\":\"https:\\\/\\\/gimnasticdetarragona.cat\\\/roda-de-premsa-de-enrique-martin-previa-al-nastic-real-oviedo\\\/\",\"name\":\"Rueda de prensa de Enrique Mart\u00edn, previa al N\u00e0stic - Real Oviedo - Gimn\u00e0stic de Tarragona SAD\",\"isPartOf\":{\"@id\":\"https:\\\/\\\/gimnasticdetarragona.cat\\\/es\\\/#website\"},\"primaryImageOfPage\":{\"@id\":\"https:\\\/\\\/gimnasticdetarragona.cat\\\/roda-de-premsa-de-enrique-martin-previa-al-nastic-real-oviedo\\\/#primaryimage\"},\"image\":{\"@id\":\"https:\\\/\\\/gimnasticdetarragona.cat\\\/roda-de-premsa-de-enrique-martin-previa-al-nastic-real-oviedo\\\/#primaryimage\"},\"thumbnailUrl\":\"https:\\\/\\\/gimnasticdetarragona.cat\\\/wp-content\\\/uploads\\\/2022\\\/06\\\/06001823140327.jpg\",\"datePublished\":\"2018-10-26T13:35:51+00:00\",\"breadcrumb\":{\"@id\":\"https:\\\/\\\/gimnasticdetarragona.cat\\\/roda-de-premsa-de-enrique-martin-previa-al-nastic-real-oviedo\\\/#breadcrumb\"},\"inLanguage\":\"es\",\"potentialAction\":[{\"@type\":\"ReadAction\",\"target\":[\"https:\\\/\\\/gimnasticdetarragona.cat\\\/roda-de-premsa-de-enrique-martin-previa-al-nastic-real-oviedo\\\/\"]}]},{\"@type\":\"ImageObject\",\"inLanguage\":\"es\",\"@id\":\"https:\\\/\\\/gimnasticdetarragona.cat\\\/roda-de-premsa-de-enrique-martin-previa-al-nastic-real-oviedo\\\/#primaryimage\",\"url\":\"https:\\\/\\\/gimnasticdetarragona.cat\\\/wp-content\\\/uploads\\\/2022\\\/06\\\/06001823140327.jpg\",\"contentUrl\":\"https:\\\/\\\/gimnasticdetarragona.cat\\\/wp-content\\\/uploads\\\/2022\\\/06\\\/06001823140327.jpg\",\"width\":2048,\"height\":1281},{\"@type\":\"BreadcrumbList\",\"@id\":\"https:\\\/\\\/gimnasticdetarragona.cat\\\/roda-de-premsa-de-enrique-martin-previa-al-nastic-real-oviedo\\\/#breadcrumb\",\"itemListElement\":[{\"@type\":\"ListItem\",\"position\":1,\"name\":\"Inici\",\"item\":\"https:\\\/\\\/gimnasticdetarragona.cat\\\/es\\\/nastic\\\/\"},{\"@type\":\"ListItem\",\"position\":2,\"name\":\"Rueda de prensa de Enrique Mart\u00edn, previa al N\u00e0stic &#8211; Real Oviedo\"}]},{\"@type\":\"WebSite\",\"@id\":\"https:\\\/\\\/gimnasticdetarragona.cat\\\/es\\\/#website\",\"url\":\"https:\\\/\\\/gimnasticdetarragona.cat\\\/es\\\/\",\"name\":\"Gimn\u00e0stic de Tarragona SAD\",\"description\":\"Gimn\u00e0stic de Tarragona\",\"publisher\":{\"@id\":\"https:\\\/\\\/gimnasticdetarragona.cat\\\/es\\\/#organization\"},\"potentialAction\":[{\"@type\":\"SearchAction\",\"target\":{\"@type\":\"EntryPoint\",\"urlTemplate\":\"https:\\\/\\\/gimnasticdetarragona.cat\\\/es\\\/?s={search_term_string}\"},\"query-input\":{\"@type\":\"PropertyValueSpecification\",\"valueRequired\":true,\"valueName\":\"search_term_string\"}}],\"inLanguage\":\"es\"},{\"@type\":\"Organization\",\"@id\":\"https:\\\/\\\/gimnasticdetarragona.cat\\\/es\\\/#organization\",\"name\":\"GIMN\u00c0STIC DE TARRAGONA\",\"alternateName\":\"N\u00c0STIC\",\"url\":\"https:\\\/\\\/gimnasticdetarragona.cat\\\/es\\\/\",\"logo\":{\"@type\":\"ImageObject\",\"inLanguage\":\"es\",\"@id\":\"https:\\\/\\\/gimnasticdetarragona.cat\\\/es\\\/#\\\/schema\\\/logo\\\/image\\\/\",\"url\":\"https:\\\/\\\/gimnasticdetarragona.cat\\\/wp-content\\\/uploads\\\/2022\\\/06\\\/cropped-logo-gimnastic.png\",\"contentUrl\":\"https:\\\/\\\/gimnasticdetarragona.cat\\\/wp-content\\\/uploads\\\/2022\\\/06\\\/cropped-logo-gimnastic.png\",\"width\":224,\"height\":83,\"caption\":\"GIMN\u00c0STIC DE TARRAGONA\"},\"image\":{\"@id\":\"https:\\\/\\\/gimnasticdetarragona.cat\\\/es\\\/#\\\/schema\\\/logo\\\/image\\\/\"},\"sameAs\":[\"https:\\\/\\\/x.com\\\/NASTICTARRAGONA\",\"https:\\\/\\\/www.instagram.com\\\/nastictarragona\\\/\"]},{\"@type\":\"Person\",\"@id\":\"https:\\\/\\\/gimnasticdetarragona.cat\\\/es\\\/#\\\/schema\\\/person\\\/47b6a637abf88f9bd835540f20ea069e\",\"name\":\"desarrollo\",\"sameAs\":[\"https:\\\/\\\/clone.gimnasticdetarragona.cat\"]}]}<\/script>\n<!-- \/ Yoast SEO plugin. -->","yoast_head_json":{"title":"Rueda de prensa de Enrique Mart\u00edn, previa al N\u00e0stic - Real Oviedo - Gimn\u00e0stic de Tarragona SAD","robots":{"index":"index","follow":"follow","max-snippet":"max-snippet:-1","max-image-preview":"max-image-preview:large","max-video-preview":"max-video-preview:-1"},"canonical":"https:\/\/gimnasticdetarragona.cat\/roda-de-premsa-de-enrique-martin-previa-al-nastic-real-oviedo\/","og_locale":"es_ES","og_type":"article","og_title":"Rueda de prensa de Enrique Mart\u00edn, previa al N\u00e0stic - Real Oviedo - Gimn\u00e0stic de Tarragona SAD","og_description":"El nuevo t\u00e9cnico grana ha hablado ante los medios de comunicaci\u00f3n antes de sentarse por primera vez en el banquillo del Nou Estadi.","og_url":"https:\/\/gimnasticdetarragona.cat\/roda-de-premsa-de-enrique-martin-previa-al-nastic-real-oviedo\/","og_site_name":"Gimn\u00e0stic de Tarragona SAD","article_published_time":"2018-10-26T13:35:51+00:00","og_image":[{"width":2048,"height":1281,"url":"https:\/\/gimnasticdetarragona.cat\/wp-content\/uploads\/2022\/06\/06001823140327.jpg","type":"image\/jpeg"}],"author":"desarrollo","twitter_card":"summary_large_image","twitter_creator":"@NASTICTARRAGONA","twitter_site":"@NASTICTARRAGONA","twitter_misc":{"Escrito por":"desarrollo"},"schema":{"@context":"https:\/\/schema.org","@graph":[{"@type":"Article","@id":"https:\/\/gimnasticdetarragona.cat\/roda-de-premsa-de-enrique-martin-previa-al-nastic-real-oviedo\/#article","isPartOf":{"@id":"https:\/\/gimnasticdetarragona.cat\/roda-de-premsa-de-enrique-martin-previa-al-nastic-real-oviedo\/"},"author":{"name":"desarrollo","@id":"https:\/\/gimnasticdetarragona.cat\/es\/#\/schema\/person\/47b6a637abf88f9bd835540f20ea069e"},"headline":"Rueda de prensa de Enrique Mart\u00edn, previa al N\u00e0stic &#8211; Real Oviedo","datePublished":"2018-10-26T13:35:51+00:00","mainEntityOfPage":{"@id":"https:\/\/gimnasticdetarragona.cat\/roda-de-premsa-de-enrique-martin-previa-al-nastic-real-oviedo\/"},"wordCount":97,"commentCount":0,"publisher":{"@id":"https:\/\/gimnasticdetarragona.cat\/es\/#organization"},"image":{"@id":"https:\/\/gimnasticdetarragona.cat\/roda-de-premsa-de-enrique-martin-previa-al-nastic-real-oviedo\/#primaryimage"},"thumbnailUrl":"https:\/\/gimnasticdetarragona.cat\/wp-content\/uploads\/2022\/06\/06001823140327.jpg","articleSection":["Actualidad","Home"],"inLanguage":"es"},{"@type":"WebPage","@id":"https:\/\/gimnasticdetarragona.cat\/roda-de-premsa-de-enrique-martin-previa-al-nastic-real-oviedo\/","url":"https:\/\/gimnasticdetarragona.cat\/roda-de-premsa-de-enrique-martin-previa-al-nastic-real-oviedo\/","name":"Rueda de prensa de Enrique Mart\u00edn, previa al N\u00e0stic - Real Oviedo - Gimn\u00e0stic de Tarragona SAD","isPartOf":{"@id":"https:\/\/gimnasticdetarragona.cat\/es\/#website"},"primaryImageOfPage":{"@id":"https:\/\/gimnasticdetarragona.cat\/roda-de-premsa-de-enrique-martin-previa-al-nastic-real-oviedo\/#primaryimage"},"image":{"@id":"https:\/\/gimnasticdetarragona.cat\/roda-de-premsa-de-enrique-martin-previa-al-nastic-real-oviedo\/#primaryimage"},"thumbnailUrl":"https:\/\/gimnasticdetarragona.cat\/wp-content\/uploads\/2022\/06\/06001823140327.jpg","datePublished":"2018-10-26T13:35:51+00:00","breadcrumb":{"@id":"https:\/\/gimnasticdetarragona.cat\/roda-de-premsa-de-enrique-martin-previa-al-nastic-real-oviedo\/#breadcrumb"},"inLanguage":"es","potentialAction":[{"@type":"ReadAction","target":["https:\/\/gimnasticdetarragona.cat\/roda-de-premsa-de-enrique-martin-previa-al-nastic-real-oviedo\/"]}]},{"@type":"ImageObject","inLanguage":"es","@id":"https:\/\/gimnasticdetarragona.cat\/roda-de-premsa-de-enrique-martin-previa-al-nastic-real-oviedo\/#primaryimage","url":"https:\/\/gimnasticdetarragona.cat\/wp-content\/uploads\/2022\/06\/06001823140327.jpg","contentUrl":"https:\/\/gimnasticdetarragona.cat\/wp-content\/uploads\/2022\/06\/06001823140327.jpg","width":2048,"height":1281},{"@type":"BreadcrumbList","@id":"https:\/\/gimnasticdetarragona.cat\/roda-de-premsa-de-enrique-martin-previa-al-nastic-real-oviedo\/#breadcrumb","itemListElement":[{"@type":"ListItem","position":1,"name":"Inici","item":"https:\/\/gimnasticdetarragona.cat\/es\/nastic\/"},{"@type":"ListItem","position":2,"name":"Rueda de prensa de Enrique Mart\u00edn, previa al N\u00e0stic &#8211; Real Oviedo"}]},{"@type":"WebSite","@id":"https:\/\/gimnasticdetarragona.cat\/es\/#website","url":"https:\/\/gimnasticdetarragona.cat\/es\/","name":"Gimn\u00e0stic de Tarragona SAD","description":"Gimn\u00e0stic de Tarragona","publisher":{"@id":"https:\/\/gimnasticdetarragona.cat\/es\/#organization"},"potentialAction":[{"@type":"SearchAction","target":{"@type":"EntryPoint","urlTemplate":"https:\/\/gimnasticdetarragona.cat\/es\/?s={search_term_string}"},"query-input":{"@type":"PropertyValueSpecification","valueRequired":true,"valueName":"search_term_string"}}],"inLanguage":"es"},{"@type":"Organization","@id":"https:\/\/gimnasticdetarragona.cat\/es\/#organization","name":"GIMN\u00c0STIC DE TARRAGONA","alternateName":"N\u00c0STIC","url":"https:\/\/gimnasticdetarragona.cat\/es\/","logo":{"@type":"ImageObject","inLanguage":"es","@id":"https:\/\/gimnasticdetarragona.cat\/es\/#\/schema\/logo\/image\/","url":"https:\/\/gimnasticdetarragona.cat\/wp-content\/uploads\/2022\/06\/cropped-logo-gimnastic.png","contentUrl":"https:\/\/gimnasticdetarragona.cat\/wp-content\/uploads\/2022\/06\/cropped-logo-gimnastic.png","width":224,"height":83,"caption":"GIMN\u00c0STIC DE TARRAGONA"},"image":{"@id":"https:\/\/gimnasticdetarragona.cat\/es\/#\/schema\/logo\/image\/"},"sameAs":["https:\/\/x.com\/NASTICTARRAGONA","https:\/\/www.instagram.com\/nastictarragona\/"]},{"@type":"Person","@id":"https:\/\/gimnasticdetarragona.cat\/es\/#\/schema\/person\/47b6a637abf88f9bd835540f20ea069e","name":"desarrollo","sameAs":["https:\/\/clone.gimnasticdetarragona.cat"]}]}},"_links":{"self":[{"href":"https:\/\/gimnasticdetarragona.cat\/es\/wp-json\/wp\/v2\/posts\/55148","targetHints":{"allow":["GET"]}}],"collection":[{"href":"https:\/\/gimnasticdetarragona.cat\/es\/wp-json\/wp\/v2\/posts"}],"about":[{"href":"https:\/\/gimnasticdetarragona.cat\/es\/wp-json\/wp\/v2\/types\/post"}],"author":[{"embeddable":true,"href":"https:\/\/gimnasticdetarragona.cat\/es\/wp-json\/wp\/v2\/users\/1"}],"replies":[{"embeddable":true,"href":"https:\/\/gimnasticdetarragona.cat\/es\/wp-json\/wp\/v2\/comments?post=55148"}],"version-history":[{"count":0,"href":"https:\/\/gimnasticdetarragona.cat\/es\/wp-json\/wp\/v2\/posts\/55148\/revisions"}],"wp:featuredmedia":[{"embeddable":true,"href":"https:\/\/gimnasticdetarragona.cat\/es\/wp-json\/wp\/v2\/media\/55145"}],"wp:attachment":[{"href":"https:\/\/gimnasticdetarragona.cat\/es\/wp-json\/wp\/v2\/media?parent=55148"}],"wp:term":[{"taxonomy":"category","embeddable":true,"href":"https:\/\/gimnasticdetarragona.cat\/es\/wp-json\/wp\/v2\/categories?post=55148"},{"taxonomy":"post_tag","embeddable":true,"href":"https:\/\/gimnasticdetarragona.cat\/es\/wp-json\/wp\/v2\/tags?post=55148"}],"curies":[{"name":"wp","href":"https:\/\/api.w.org\/{rel}","templated":true}]}}