{"id":55200,"date":"2018-10-19T10:38:50","date_gmt":"2018-10-19T10:38:50","guid":{"rendered":"https:\/\/clone.gimnasticdetarragona.cat\/presentat-el-pla-de-voluntariat-grana\/"},"modified":"2018-10-19T10:38:50","modified_gmt":"2018-10-19T10:38:50","slug":"presentat-el-pla-de-voluntariat-grana","status":"publish","type":"post","link":"https:\/\/gimnasticdetarragona.cat\/es\/presentat-el-pla-de-voluntariat-grana\/","title":{"rendered":"Presentado el plan del Voluntariat Grana 2018\/2019"},"content":{"rendered":"<p style=\"text-align: justify;\">La sala de conferencias del Colegio de Abogados de Tarragona acogi\u00f3 la primera jornada del Voluntariat Grana de esta temporada 2018\/2019. Bito Fuster, nueva coordinadora desde hace unas semanas de este programa que puso en marcha el N\u00e0stic el a\u00f1o pasado, present\u00f3 el plan previsto para los pr\u00f3ximos meses y defini\u00f3 las estrategias m\u00e1s importantes con la intenci\u00f3n de convertir el Voluntariat Grana en un \u00abmodelo de referencia para los clubes del estado y para afianzar el compromiso del N\u00e0stic con la integridad \u00ab.<\/p>\n<p style=\"text-align: justify;\">La ayuda log\u00edstica en los partidos que se juegan en el Nou Estadi, la fase de Tarragona de LaLiga Genuine Santander, las acciones sociales y las actividades de competici\u00f3n de las secciones centrar\u00e1n las acciones que desarrollar\u00e1n los voluntarios\u00a0del N\u00e0stic\u00a0esta nueva temporada.<\/p>\n<p style=\"text-align: justify;\">En la sesi\u00f3n tambi\u00e9n estuvo presente Juanjo Rovira, miembro de la organizaci\u00f3n del torneo Genuine, que detall\u00f3 las necesidades de la competici\u00f3n que se jugar\u00e1 en Tarragona entre el 16 y el 18 de noviembre y Javier Bala\u00f1\u00e1, secretario del consejo de administraci\u00f3n del N\u00e0stic, que detall\u00f3 el marco legal del voluntariado.<\/p>\n<p style=\"text-align: justify;\">En este acto de presentaci\u00f3n de la nueva temporada tambi\u00e9n estuvieron presentes el consejero Antoni Vallverd\u00fa, el responsable del \u00e1rea social, Jordi Ruiz y Pere Valls, miembro de la junta directiva del club.<\/p>\n<p style=\"text-align: justify;\">La temporada pasada el Voluntariat Grana empez\u00f3 con la colaboraci\u00f3n de unos 300 alumnos del Institut Mart\u00ed i Franqu\u00e8s y el Col\u00b7legi Sant Pau y un grupo de trabajadores de la compa\u00f1\u00eda BASF, patrocinador oficial, que hicieron diferentes trabajos durante la celebraci\u00f3n de la fase de Tarragona de LaLiga Genuine Santander. Este a\u00f1o tambi\u00e9n se a\u00f1aden al programa el Col\u00b7legi Mare Nostrum y La Salle de Tarragona.<\/p>\n<p style=\"text-align: justify;\">Durante el verano, el programa tambi\u00e9n se ha abierto a todos aquellos socios y aficionados del N\u00e0stic que quieran colaborar con la entidad y mediante un formulario en la p\u00e1gina web (http:\/\/www.gimnasticdetarragona.cat\/voluntariat- grana\/) ya se han inscrito unos ochenta voluntarios m\u00e1s.<\/p>\n<p style=\"text-align: justify;\">Hasta el momento, esta temporada los voluntarios granas han estado presentes en los partidos jugados en el Nou Estadi haciendo tareas de informaci\u00f3n al socio y acceso y tambi\u00e9n en la jornada que el N\u00e0stic hizo en la Rambla Nova dentro de las fiestas de Santa Tecla. La pr\u00f3xima acci\u00f3n ser\u00e1 para la celebraci\u00f3n de la primera fase de LaLiga Genuine Santander entre el 16 y el 18 de noviembre.<\/p>\n","protected":false},"excerpt":{"rendered":"<p>La sala de conferencias del Colegio de Abogados de Tarragona acogi\u00f3 la primera jornada del Voluntariat Grana de esta temporada 2018\/2019. <\/p>\n","protected":false},"author":1,"featured_media":55197,"comment_status":"open","ping_status":"open","sticky":false,"template":"","format":"standard","meta":{"_acf_changed":false,"footnotes":""},"categories":[113,139],"tags":[],"class_list":["post-55200","post","type-post","status-publish","format-standard","has-post-thumbnail","hentry","category-actualidad","category-social"],"acf":[],"yoast_head":"<!-- This site is optimized with the Yoast SEO plugin v27.3 - https:\/\/yoast.com\/product\/yoast-seo-wordpress\/ -->\n<title>Presentado el plan del Voluntariat Grana 2018\/2019 - Gimn\u00e0stic de Tarragona SAD<\/title>\n<meta name=\"robots\" content=\"index, follow, max-snippet:-1, max-image-preview:large, max-video-preview:-1\" \/>\n<link rel=\"canonical\" href=\"https:\/\/gimnasticdetarragona.cat\/es\/presentat-el-pla-de-voluntariat-grana\/\" \/>\n<meta property=\"og:locale\" content=\"es_ES\" \/>\n<meta property=\"og:type\" content=\"article\" \/>\n<meta property=\"og:title\" content=\"Presentado el plan del Voluntariat Grana 2018\/2019 - Gimn\u00e0stic de Tarragona SAD\" \/>\n<meta property=\"og:description\" content=\"La sala de conferencias del Colegio de Abogados de Tarragona acogi\u00f3 la primera jornada del Voluntariat Grana de esta temporada 2018\/2019.\" \/>\n<meta property=\"og:url\" content=\"https:\/\/gimnasticdetarragona.cat\/es\/presentat-el-pla-de-voluntariat-grana\/\" \/>\n<meta property=\"og:site_name\" content=\"Gimn\u00e0stic de Tarragona SAD\" \/>\n<meta property=\"article:published_time\" content=\"2018-10-19T10:38:50+00:00\" \/>\n<meta property=\"og:image\" content=\"https:\/\/gimnasticdetarragona.cat\/wp-content\/uploads\/2022\/06\/06001817140110-scaled.jpg\" \/>\n\t<meta property=\"og:image:width\" content=\"2560\" \/>\n\t<meta property=\"og:image:height\" content=\"1920\" \/>\n\t<meta property=\"og:image:type\" content=\"image\/jpeg\" \/>\n<meta name=\"author\" content=\"desarrollo\" \/>\n<meta name=\"twitter:card\" content=\"summary_large_image\" \/>\n<meta name=\"twitter:creator\" content=\"@NASTICTARRAGONA\" \/>\n<meta name=\"twitter:site\" content=\"@NASTICTARRAGONA\" \/>\n<meta name=\"twitter:label1\" content=\"Escrito por\" \/>\n\t<meta name=\"twitter:data1\" content=\"desarrollo\" \/>\n\t<meta name=\"twitter:label2\" content=\"Tiempo de lectura\" \/>\n\t<meta name=\"twitter:data2\" content=\"2 minutos\" \/>\n<script type=\"application\/ld+json\" class=\"yoast-schema-graph\">{\"@context\":\"https:\\\/\\\/schema.org\",\"@graph\":[{\"@type\":\"Article\",\"@id\":\"https:\\\/\\\/gimnasticdetarragona.cat\\\/es\\\/presentat-el-pla-de-voluntariat-grana\\\/#article\",\"isPartOf\":{\"@id\":\"https:\\\/\\\/gimnasticdetarragona.cat\\\/es\\\/presentat-el-pla-de-voluntariat-grana\\\/\"},\"author\":{\"name\":\"desarrollo\",\"@id\":\"https:\\\/\\\/gimnasticdetarragona.cat\\\/es\\\/#\\\/schema\\\/person\\\/47b6a637abf88f9bd835540f20ea069e\"},\"headline\":\"Presentado el plan del Voluntariat Grana 2018\\\/2019\",\"datePublished\":\"2018-10-19T10:38:50+00:00\",\"mainEntityOfPage\":{\"@id\":\"https:\\\/\\\/gimnasticdetarragona.cat\\\/es\\\/presentat-el-pla-de-voluntariat-grana\\\/\"},\"wordCount\":432,\"commentCount\":0,\"publisher\":{\"@id\":\"https:\\\/\\\/gimnasticdetarragona.cat\\\/es\\\/#organization\"},\"image\":{\"@id\":\"https:\\\/\\\/gimnasticdetarragona.cat\\\/es\\\/presentat-el-pla-de-voluntariat-grana\\\/#primaryimage\"},\"thumbnailUrl\":\"https:\\\/\\\/gimnasticdetarragona.cat\\\/wp-content\\\/uploads\\\/2022\\\/06\\\/06001817140110-scaled.jpg\",\"articleSection\":[\"Actualidad\",\"Social\"],\"inLanguage\":\"es\"},{\"@type\":\"WebPage\",\"@id\":\"https:\\\/\\\/gimnasticdetarragona.cat\\\/es\\\/presentat-el-pla-de-voluntariat-grana\\\/\",\"url\":\"https:\\\/\\\/gimnasticdetarragona.cat\\\/es\\\/presentat-el-pla-de-voluntariat-grana\\\/\",\"name\":\"Presentado el plan del Voluntariat Grana 2018\\\/2019 - Gimn\u00e0stic de Tarragona SAD\",\"isPartOf\":{\"@id\":\"https:\\\/\\\/gimnasticdetarragona.cat\\\/es\\\/#website\"},\"primaryImageOfPage\":{\"@id\":\"https:\\\/\\\/gimnasticdetarragona.cat\\\/es\\\/presentat-el-pla-de-voluntariat-grana\\\/#primaryimage\"},\"image\":{\"@id\":\"https:\\\/\\\/gimnasticdetarragona.cat\\\/es\\\/presentat-el-pla-de-voluntariat-grana\\\/#primaryimage\"},\"thumbnailUrl\":\"https:\\\/\\\/gimnasticdetarragona.cat\\\/wp-content\\\/uploads\\\/2022\\\/06\\\/06001817140110-scaled.jpg\",\"datePublished\":\"2018-10-19T10:38:50+00:00\",\"breadcrumb\":{\"@id\":\"https:\\\/\\\/gimnasticdetarragona.cat\\\/es\\\/presentat-el-pla-de-voluntariat-grana\\\/#breadcrumb\"},\"inLanguage\":\"es\",\"potentialAction\":[{\"@type\":\"ReadAction\",\"target\":[\"https:\\\/\\\/gimnasticdetarragona.cat\\\/es\\\/presentat-el-pla-de-voluntariat-grana\\\/\"]}]},{\"@type\":\"ImageObject\",\"inLanguage\":\"es\",\"@id\":\"https:\\\/\\\/gimnasticdetarragona.cat\\\/es\\\/presentat-el-pla-de-voluntariat-grana\\\/#primaryimage\",\"url\":\"https:\\\/\\\/gimnasticdetarragona.cat\\\/wp-content\\\/uploads\\\/2022\\\/06\\\/06001817140110-scaled.jpg\",\"contentUrl\":\"https:\\\/\\\/gimnasticdetarragona.cat\\\/wp-content\\\/uploads\\\/2022\\\/06\\\/06001817140110-scaled.jpg\",\"width\":2560,\"height\":1920},{\"@type\":\"BreadcrumbList\",\"@id\":\"https:\\\/\\\/gimnasticdetarragona.cat\\\/es\\\/presentat-el-pla-de-voluntariat-grana\\\/#breadcrumb\",\"itemListElement\":[{\"@type\":\"ListItem\",\"position\":1,\"name\":\"Inici\",\"item\":\"https:\\\/\\\/gimnasticdetarragona.cat\\\/es\\\/nastic\\\/\"},{\"@type\":\"ListItem\",\"position\":2,\"name\":\"Presentado el plan del Voluntariat Grana 2018\\\/2019\"}]},{\"@type\":\"WebSite\",\"@id\":\"https:\\\/\\\/gimnasticdetarragona.cat\\\/es\\\/#website\",\"url\":\"https:\\\/\\\/gimnasticdetarragona.cat\\\/es\\\/\",\"name\":\"Gimn\u00e0stic de Tarragona SAD\",\"description\":\"Gimn\u00e0stic de Tarragona\",\"publisher\":{\"@id\":\"https:\\\/\\\/gimnasticdetarragona.cat\\\/es\\\/#organization\"},\"potentialAction\":[{\"@type\":\"SearchAction\",\"target\":{\"@type\":\"EntryPoint\",\"urlTemplate\":\"https:\\\/\\\/gimnasticdetarragona.cat\\\/es\\\/?s={search_term_string}\"},\"query-input\":{\"@type\":\"PropertyValueSpecification\",\"valueRequired\":true,\"valueName\":\"search_term_string\"}}],\"inLanguage\":\"es\"},{\"@type\":\"Organization\",\"@id\":\"https:\\\/\\\/gimnasticdetarragona.cat\\\/es\\\/#organization\",\"name\":\"GIMN\u00c0STIC DE TARRAGONA\",\"alternateName\":\"N\u00c0STIC\",\"url\":\"https:\\\/\\\/gimnasticdetarragona.cat\\\/es\\\/\",\"logo\":{\"@type\":\"ImageObject\",\"inLanguage\":\"es\",\"@id\":\"https:\\\/\\\/gimnasticdetarragona.cat\\\/es\\\/#\\\/schema\\\/logo\\\/image\\\/\",\"url\":\"https:\\\/\\\/gimnasticdetarragona.cat\\\/wp-content\\\/uploads\\\/2022\\\/06\\\/cropped-logo-gimnastic.png\",\"contentUrl\":\"https:\\\/\\\/gimnasticdetarragona.cat\\\/wp-content\\\/uploads\\\/2022\\\/06\\\/cropped-logo-gimnastic.png\",\"width\":224,\"height\":83,\"caption\":\"GIMN\u00c0STIC DE TARRAGONA\"},\"image\":{\"@id\":\"https:\\\/\\\/gimnasticdetarragona.cat\\\/es\\\/#\\\/schema\\\/logo\\\/image\\\/\"},\"sameAs\":[\"https:\\\/\\\/x.com\\\/NASTICTARRAGONA\",\"https:\\\/\\\/www.instagram.com\\\/nastictarragona\\\/\"]},{\"@type\":\"Person\",\"@id\":\"https:\\\/\\\/gimnasticdetarragona.cat\\\/es\\\/#\\\/schema\\\/person\\\/47b6a637abf88f9bd835540f20ea069e\",\"name\":\"desarrollo\",\"sameAs\":[\"https:\\\/\\\/clone.gimnasticdetarragona.cat\"]}]}<\/script>\n<!-- \/ Yoast SEO plugin. -->","yoast_head_json":{"title":"Presentado el plan del Voluntariat Grana 2018\/2019 - Gimn\u00e0stic de Tarragona SAD","robots":{"index":"index","follow":"follow","max-snippet":"max-snippet:-1","max-image-preview":"max-image-preview:large","max-video-preview":"max-video-preview:-1"},"canonical":"https:\/\/gimnasticdetarragona.cat\/es\/presentat-el-pla-de-voluntariat-grana\/","og_locale":"es_ES","og_type":"article","og_title":"Presentado el plan del Voluntariat Grana 2018\/2019 - Gimn\u00e0stic de Tarragona SAD","og_description":"La sala de conferencias del Colegio de Abogados de Tarragona acogi\u00f3 la primera jornada del Voluntariat Grana de esta temporada 2018\/2019.","og_url":"https:\/\/gimnasticdetarragona.cat\/es\/presentat-el-pla-de-voluntariat-grana\/","og_site_name":"Gimn\u00e0stic de Tarragona SAD","article_published_time":"2018-10-19T10:38:50+00:00","og_image":[{"width":2560,"height":1920,"url":"https:\/\/gimnasticdetarragona.cat\/wp-content\/uploads\/2022\/06\/06001817140110-scaled.jpg","type":"image\/jpeg"}],"author":"desarrollo","twitter_card":"summary_large_image","twitter_creator":"@NASTICTARRAGONA","twitter_site":"@NASTICTARRAGONA","twitter_misc":{"Escrito por":"desarrollo","Tiempo de lectura":"2 minutos"},"schema":{"@context":"https:\/\/schema.org","@graph":[{"@type":"Article","@id":"https:\/\/gimnasticdetarragona.cat\/es\/presentat-el-pla-de-voluntariat-grana\/#article","isPartOf":{"@id":"https:\/\/gimnasticdetarragona.cat\/es\/presentat-el-pla-de-voluntariat-grana\/"},"author":{"name":"desarrollo","@id":"https:\/\/gimnasticdetarragona.cat\/es\/#\/schema\/person\/47b6a637abf88f9bd835540f20ea069e"},"headline":"Presentado el plan del Voluntariat Grana 2018\/2019","datePublished":"2018-10-19T10:38:50+00:00","mainEntityOfPage":{"@id":"https:\/\/gimnasticdetarragona.cat\/es\/presentat-el-pla-de-voluntariat-grana\/"},"wordCount":432,"commentCount":0,"publisher":{"@id":"https:\/\/gimnasticdetarragona.cat\/es\/#organization"},"image":{"@id":"https:\/\/gimnasticdetarragona.cat\/es\/presentat-el-pla-de-voluntariat-grana\/#primaryimage"},"thumbnailUrl":"https:\/\/gimnasticdetarragona.cat\/wp-content\/uploads\/2022\/06\/06001817140110-scaled.jpg","articleSection":["Actualidad","Social"],"inLanguage":"es"},{"@type":"WebPage","@id":"https:\/\/gimnasticdetarragona.cat\/es\/presentat-el-pla-de-voluntariat-grana\/","url":"https:\/\/gimnasticdetarragona.cat\/es\/presentat-el-pla-de-voluntariat-grana\/","name":"Presentado el plan del Voluntariat Grana 2018\/2019 - Gimn\u00e0stic de Tarragona SAD","isPartOf":{"@id":"https:\/\/gimnasticdetarragona.cat\/es\/#website"},"primaryImageOfPage":{"@id":"https:\/\/gimnasticdetarragona.cat\/es\/presentat-el-pla-de-voluntariat-grana\/#primaryimage"},"image":{"@id":"https:\/\/gimnasticdetarragona.cat\/es\/presentat-el-pla-de-voluntariat-grana\/#primaryimage"},"thumbnailUrl":"https:\/\/gimnasticdetarragona.cat\/wp-content\/uploads\/2022\/06\/06001817140110-scaled.jpg","datePublished":"2018-10-19T10:38:50+00:00","breadcrumb":{"@id":"https:\/\/gimnasticdetarragona.cat\/es\/presentat-el-pla-de-voluntariat-grana\/#breadcrumb"},"inLanguage":"es","potentialAction":[{"@type":"ReadAction","target":["https:\/\/gimnasticdetarragona.cat\/es\/presentat-el-pla-de-voluntariat-grana\/"]}]},{"@type":"ImageObject","inLanguage":"es","@id":"https:\/\/gimnasticdetarragona.cat\/es\/presentat-el-pla-de-voluntariat-grana\/#primaryimage","url":"https:\/\/gimnasticdetarragona.cat\/wp-content\/uploads\/2022\/06\/06001817140110-scaled.jpg","contentUrl":"https:\/\/gimnasticdetarragona.cat\/wp-content\/uploads\/2022\/06\/06001817140110-scaled.jpg","width":2560,"height":1920},{"@type":"BreadcrumbList","@id":"https:\/\/gimnasticdetarragona.cat\/es\/presentat-el-pla-de-voluntariat-grana\/#breadcrumb","itemListElement":[{"@type":"ListItem","position":1,"name":"Inici","item":"https:\/\/gimnasticdetarragona.cat\/es\/nastic\/"},{"@type":"ListItem","position":2,"name":"Presentado el plan del Voluntariat Grana 2018\/2019"}]},{"@type":"WebSite","@id":"https:\/\/gimnasticdetarragona.cat\/es\/#website","url":"https:\/\/gimnasticdetarragona.cat\/es\/","name":"Gimn\u00e0stic de Tarragona SAD","description":"Gimn\u00e0stic de Tarragona","publisher":{"@id":"https:\/\/gimnasticdetarragona.cat\/es\/#organization"},"potentialAction":[{"@type":"SearchAction","target":{"@type":"EntryPoint","urlTemplate":"https:\/\/gimnasticdetarragona.cat\/es\/?s={search_term_string}"},"query-input":{"@type":"PropertyValueSpecification","valueRequired":true,"valueName":"search_term_string"}}],"inLanguage":"es"},{"@type":"Organization","@id":"https:\/\/gimnasticdetarragona.cat\/es\/#organization","name":"GIMN\u00c0STIC DE TARRAGONA","alternateName":"N\u00c0STIC","url":"https:\/\/gimnasticdetarragona.cat\/es\/","logo":{"@type":"ImageObject","inLanguage":"es","@id":"https:\/\/gimnasticdetarragona.cat\/es\/#\/schema\/logo\/image\/","url":"https:\/\/gimnasticdetarragona.cat\/wp-content\/uploads\/2022\/06\/cropped-logo-gimnastic.png","contentUrl":"https:\/\/gimnasticdetarragona.cat\/wp-content\/uploads\/2022\/06\/cropped-logo-gimnastic.png","width":224,"height":83,"caption":"GIMN\u00c0STIC DE TARRAGONA"},"image":{"@id":"https:\/\/gimnasticdetarragona.cat\/es\/#\/schema\/logo\/image\/"},"sameAs":["https:\/\/x.com\/NASTICTARRAGONA","https:\/\/www.instagram.com\/nastictarragona\/"]},{"@type":"Person","@id":"https:\/\/gimnasticdetarragona.cat\/es\/#\/schema\/person\/47b6a637abf88f9bd835540f20ea069e","name":"desarrollo","sameAs":["https:\/\/clone.gimnasticdetarragona.cat"]}]}},"_links":{"self":[{"href":"https:\/\/gimnasticdetarragona.cat\/es\/wp-json\/wp\/v2\/posts\/55200","targetHints":{"allow":["GET"]}}],"collection":[{"href":"https:\/\/gimnasticdetarragona.cat\/es\/wp-json\/wp\/v2\/posts"}],"about":[{"href":"https:\/\/gimnasticdetarragona.cat\/es\/wp-json\/wp\/v2\/types\/post"}],"author":[{"embeddable":true,"href":"https:\/\/gimnasticdetarragona.cat\/es\/wp-json\/wp\/v2\/users\/1"}],"replies":[{"embeddable":true,"href":"https:\/\/gimnasticdetarragona.cat\/es\/wp-json\/wp\/v2\/comments?post=55200"}],"version-history":[{"count":0,"href":"https:\/\/gimnasticdetarragona.cat\/es\/wp-json\/wp\/v2\/posts\/55200\/revisions"}],"wp:featuredmedia":[{"embeddable":true,"href":"https:\/\/gimnasticdetarragona.cat\/es\/wp-json\/wp\/v2\/media\/55197"}],"wp:attachment":[{"href":"https:\/\/gimnasticdetarragona.cat\/es\/wp-json\/wp\/v2\/media?parent=55200"}],"wp:term":[{"taxonomy":"category","embeddable":true,"href":"https:\/\/gimnasticdetarragona.cat\/es\/wp-json\/wp\/v2\/categories?post=55200"},{"taxonomy":"post_tag","embeddable":true,"href":"https:\/\/gimnasticdetarragona.cat\/es\/wp-json\/wp\/v2\/tags?post=55200"}],"curies":[{"name":"wp","href":"https:\/\/api.w.org\/{rel}","templated":true}]}}