{"id":55392,"date":"2018-09-18T10:49:39","date_gmt":"2018-09-18T10:49:39","guid":{"rendered":"https:\/\/clone.gimnasticdetarragona.cat\/per-santa-tecla-nastic\/"},"modified":"2018-09-18T10:49:39","modified_gmt":"2018-09-18T10:49:39","slug":"per-santa-tecla-nastic","status":"publish","type":"post","link":"https:\/\/gimnasticdetarragona.cat\/es\/per-santa-tecla-nastic\/","title":{"rendered":"Por Santa Tecla, N\u00e0stic!"},"content":{"rendered":"<p style=\"text-align: justify;\">Este s\u00e1bado 22 de septiembre el N\u00e0stic estar\u00e1 en la Rambla Nova para celebrar con los tarraconenses las fiestas de Santa Tecla. Desde las 11 de la ma\u00f1ana habr\u00e1 diferentes actividades destinadas a grandes y peque\u00f1os, que culminar\u00e1n con una tortilla popular a partir de las 13 horas.<\/p>\n<p style=\"text-align: justify;\">En el tramo de la Rambla Nova situado a la altura del monolito de los 125 a\u00f1os de la entidad (frente al Teatre Tarragona) desde las 11 horas habr\u00e1 un futbol\u00edn humano gigante para que jueguen peque\u00f1os y grandes. Adem\u00e1s, est\u00e1 prevista tambi\u00e9n la presencia de jugadores del primer equipo para firmar aut\u00f3grafos y fotografiarse con los seguidores.\u00a0Tambi\u00e9n visitaran este espacio en la Rambla Mingo y Rosona, los nanos del N\u00e0stic.<\/p>\n<p style=\"text-align: justify;\">Y a partir de las 13 horas, se repartir\u00e1 la tortilla popular para hacer el aperitivo de la v\u00edspera de Santa Tecla. Desde primera hora de la ma\u00f1ana se preparar\u00e1n dos tortillas gigantes que se servir\u00e1n al mediod\u00eda hechas con 600 huevos gentileza de Granja Pri\u00f3, 80 kilos de patatas y 10 kilos de cebolla. Por dos euros todo el mundo podr\u00e1 hacer la degustaci\u00f3n de un pincho de tortilla y un vaso de Estrella Damm. Los tickets tambi\u00e9n se podr\u00e1n adquirir anticipadamente el jueves y el viernes en las oficinas del club o en la tienda de l&#8217;Avinguda Catalunya.<\/p>\n<p style=\"text-align: justify;\">Adem\u00e1s, entre las personas que se hagan fotograf\u00edas durante el acto y las cuelguen en las redes sociales (Facebook, Twitter e Instagram) con la etiqueta #SantaTeclaGrana se sortear\u00e1 la tercera equipaci\u00f3n del N\u00e0stic con la bandera de Tarragona.<\/p>\n<p style=\"text-align: justify;\">El acto, incluido en el programa de actos de Santa Tecla, se enmarca tambi\u00e9n en las acciones \u00abBBVA CX Junts Creixem!\u00bb, que sirve para acercar el N\u00e0stic a las entidades y instituciones y para estar presentes en los actos m\u00e1s destacados que se realizan en la ciudad.<\/p>\n","protected":false},"excerpt":{"rendered":"<p>Este s\u00e1bado 22 de septiembre el N\u00e0stic estar\u00e1 en la Rambla Nova para celebrar con los tarraconenses las fiestas de Santa Tecla. Desde las 11 de la ma\u00f1ana habr\u00e1 diferentes actividades destinadas a grandes y peque\u00f1os, que culminar\u00e1n con una tortilla popular a partir de las 13 horas.<\/p>\n","protected":false},"author":1,"featured_media":55389,"comment_status":"open","ping_status":"open","sticky":false,"template":"","format":"standard","meta":{"_acf_changed":false,"footnotes":""},"categories":[113,139],"tags":[],"class_list":["post-55392","post","type-post","status-publish","format-standard","has-post-thumbnail","hentry","category-actualidad","category-social"],"acf":[],"yoast_head":"<!-- This site is optimized with the Yoast SEO plugin v27.3 - https:\/\/yoast.com\/product\/yoast-seo-wordpress\/ -->\n<title>Por Santa Tecla, N\u00e0stic! - Gimn\u00e0stic de Tarragona SAD<\/title>\n<meta name=\"robots\" content=\"index, follow, max-snippet:-1, max-image-preview:large, max-video-preview:-1\" \/>\n<link rel=\"canonical\" href=\"https:\/\/gimnasticdetarragona.cat\/es\/per-santa-tecla-nastic\/\" \/>\n<meta property=\"og:locale\" content=\"es_ES\" \/>\n<meta property=\"og:type\" content=\"article\" \/>\n<meta property=\"og:title\" content=\"Por Santa Tecla, N\u00e0stic! - Gimn\u00e0stic de Tarragona SAD\" \/>\n<meta property=\"og:description\" content=\"Este s\u00e1bado 22 de septiembre el N\u00e0stic estar\u00e1 en la Rambla Nova para celebrar con los tarraconenses las fiestas de Santa Tecla. Desde las 11 de la ma\u00f1ana habr\u00e1 diferentes actividades destinadas a grandes y peque\u00f1os, que culminar\u00e1n con una tortilla popular a partir de las 13 horas.\" \/>\n<meta property=\"og:url\" content=\"https:\/\/gimnasticdetarragona.cat\/es\/per-santa-tecla-nastic\/\" \/>\n<meta property=\"og:site_name\" content=\"Gimn\u00e0stic de Tarragona SAD\" \/>\n<meta property=\"article:published_time\" content=\"2018-09-18T10:49:39+00:00\" \/>\n<meta property=\"og:image\" content=\"https:\/\/gimnasticdetarragona.cat\/wp-content\/uploads\/2022\/06\/06001443139288.jpg\" \/>\n\t<meta property=\"og:image:width\" content=\"650\" \/>\n\t<meta property=\"og:image:height\" content=\"300\" \/>\n\t<meta property=\"og:image:type\" content=\"image\/jpeg\" \/>\n<meta name=\"author\" content=\"desarrollo\" \/>\n<meta name=\"twitter:card\" content=\"summary_large_image\" \/>\n<meta name=\"twitter:creator\" content=\"@NASTICTARRAGONA\" \/>\n<meta name=\"twitter:site\" content=\"@NASTICTARRAGONA\" \/>\n<meta name=\"twitter:label1\" content=\"Escrito por\" \/>\n\t<meta name=\"twitter:data1\" content=\"desarrollo\" \/>\n\t<meta name=\"twitter:label2\" content=\"Tiempo de lectura\" \/>\n\t<meta name=\"twitter:data2\" content=\"2 minutos\" \/>\n<script type=\"application\/ld+json\" class=\"yoast-schema-graph\">{\"@context\":\"https:\\\/\\\/schema.org\",\"@graph\":[{\"@type\":\"Article\",\"@id\":\"https:\\\/\\\/gimnasticdetarragona.cat\\\/es\\\/per-santa-tecla-nastic\\\/#article\",\"isPartOf\":{\"@id\":\"https:\\\/\\\/gimnasticdetarragona.cat\\\/es\\\/per-santa-tecla-nastic\\\/\"},\"author\":{\"name\":\"desarrollo\",\"@id\":\"https:\\\/\\\/gimnasticdetarragona.cat\\\/es\\\/#\\\/schema\\\/person\\\/47b6a637abf88f9bd835540f20ea069e\"},\"headline\":\"Por Santa Tecla, N\u00e0stic!\",\"datePublished\":\"2018-09-18T10:49:39+00:00\",\"mainEntityOfPage\":{\"@id\":\"https:\\\/\\\/gimnasticdetarragona.cat\\\/es\\\/per-santa-tecla-nastic\\\/\"},\"wordCount\":330,\"commentCount\":0,\"publisher\":{\"@id\":\"https:\\\/\\\/gimnasticdetarragona.cat\\\/es\\\/#organization\"},\"image\":{\"@id\":\"https:\\\/\\\/gimnasticdetarragona.cat\\\/es\\\/per-santa-tecla-nastic\\\/#primaryimage\"},\"thumbnailUrl\":\"https:\\\/\\\/gimnasticdetarragona.cat\\\/wp-content\\\/uploads\\\/2022\\\/06\\\/06001443139288.jpg\",\"articleSection\":[\"Actualidad\",\"Social\"],\"inLanguage\":\"es\"},{\"@type\":\"WebPage\",\"@id\":\"https:\\\/\\\/gimnasticdetarragona.cat\\\/es\\\/per-santa-tecla-nastic\\\/\",\"url\":\"https:\\\/\\\/gimnasticdetarragona.cat\\\/es\\\/per-santa-tecla-nastic\\\/\",\"name\":\"Por Santa Tecla, N\u00e0stic! - Gimn\u00e0stic de Tarragona SAD\",\"isPartOf\":{\"@id\":\"https:\\\/\\\/gimnasticdetarragona.cat\\\/es\\\/#website\"},\"primaryImageOfPage\":{\"@id\":\"https:\\\/\\\/gimnasticdetarragona.cat\\\/es\\\/per-santa-tecla-nastic\\\/#primaryimage\"},\"image\":{\"@id\":\"https:\\\/\\\/gimnasticdetarragona.cat\\\/es\\\/per-santa-tecla-nastic\\\/#primaryimage\"},\"thumbnailUrl\":\"https:\\\/\\\/gimnasticdetarragona.cat\\\/wp-content\\\/uploads\\\/2022\\\/06\\\/06001443139288.jpg\",\"datePublished\":\"2018-09-18T10:49:39+00:00\",\"breadcrumb\":{\"@id\":\"https:\\\/\\\/gimnasticdetarragona.cat\\\/es\\\/per-santa-tecla-nastic\\\/#breadcrumb\"},\"inLanguage\":\"es\",\"potentialAction\":[{\"@type\":\"ReadAction\",\"target\":[\"https:\\\/\\\/gimnasticdetarragona.cat\\\/es\\\/per-santa-tecla-nastic\\\/\"]}]},{\"@type\":\"ImageObject\",\"inLanguage\":\"es\",\"@id\":\"https:\\\/\\\/gimnasticdetarragona.cat\\\/es\\\/per-santa-tecla-nastic\\\/#primaryimage\",\"url\":\"https:\\\/\\\/gimnasticdetarragona.cat\\\/wp-content\\\/uploads\\\/2022\\\/06\\\/06001443139288.jpg\",\"contentUrl\":\"https:\\\/\\\/gimnasticdetarragona.cat\\\/wp-content\\\/uploads\\\/2022\\\/06\\\/06001443139288.jpg\",\"width\":650,\"height\":300},{\"@type\":\"BreadcrumbList\",\"@id\":\"https:\\\/\\\/gimnasticdetarragona.cat\\\/es\\\/per-santa-tecla-nastic\\\/#breadcrumb\",\"itemListElement\":[{\"@type\":\"ListItem\",\"position\":1,\"name\":\"Inici\",\"item\":\"https:\\\/\\\/gimnasticdetarragona.cat\\\/es\\\/nastic\\\/\"},{\"@type\":\"ListItem\",\"position\":2,\"name\":\"Por Santa Tecla, N\u00e0stic!\"}]},{\"@type\":\"WebSite\",\"@id\":\"https:\\\/\\\/gimnasticdetarragona.cat\\\/es\\\/#website\",\"url\":\"https:\\\/\\\/gimnasticdetarragona.cat\\\/es\\\/\",\"name\":\"Gimn\u00e0stic de Tarragona SAD\",\"description\":\"Gimn\u00e0stic de Tarragona\",\"publisher\":{\"@id\":\"https:\\\/\\\/gimnasticdetarragona.cat\\\/es\\\/#organization\"},\"potentialAction\":[{\"@type\":\"SearchAction\",\"target\":{\"@type\":\"EntryPoint\",\"urlTemplate\":\"https:\\\/\\\/gimnasticdetarragona.cat\\\/es\\\/?s={search_term_string}\"},\"query-input\":{\"@type\":\"PropertyValueSpecification\",\"valueRequired\":true,\"valueName\":\"search_term_string\"}}],\"inLanguage\":\"es\"},{\"@type\":\"Organization\",\"@id\":\"https:\\\/\\\/gimnasticdetarragona.cat\\\/es\\\/#organization\",\"name\":\"GIMN\u00c0STIC DE TARRAGONA\",\"alternateName\":\"N\u00c0STIC\",\"url\":\"https:\\\/\\\/gimnasticdetarragona.cat\\\/es\\\/\",\"logo\":{\"@type\":\"ImageObject\",\"inLanguage\":\"es\",\"@id\":\"https:\\\/\\\/gimnasticdetarragona.cat\\\/es\\\/#\\\/schema\\\/logo\\\/image\\\/\",\"url\":\"https:\\\/\\\/gimnasticdetarragona.cat\\\/wp-content\\\/uploads\\\/2022\\\/06\\\/cropped-logo-gimnastic.png\",\"contentUrl\":\"https:\\\/\\\/gimnasticdetarragona.cat\\\/wp-content\\\/uploads\\\/2022\\\/06\\\/cropped-logo-gimnastic.png\",\"width\":224,\"height\":83,\"caption\":\"GIMN\u00c0STIC DE TARRAGONA\"},\"image\":{\"@id\":\"https:\\\/\\\/gimnasticdetarragona.cat\\\/es\\\/#\\\/schema\\\/logo\\\/image\\\/\"},\"sameAs\":[\"https:\\\/\\\/x.com\\\/NASTICTARRAGONA\",\"https:\\\/\\\/www.instagram.com\\\/nastictarragona\\\/\"]},{\"@type\":\"Person\",\"@id\":\"https:\\\/\\\/gimnasticdetarragona.cat\\\/es\\\/#\\\/schema\\\/person\\\/47b6a637abf88f9bd835540f20ea069e\",\"name\":\"desarrollo\",\"sameAs\":[\"https:\\\/\\\/clone.gimnasticdetarragona.cat\"]}]}<\/script>\n<!-- \/ Yoast SEO plugin. -->","yoast_head_json":{"title":"Por Santa Tecla, N\u00e0stic! - Gimn\u00e0stic de Tarragona SAD","robots":{"index":"index","follow":"follow","max-snippet":"max-snippet:-1","max-image-preview":"max-image-preview:large","max-video-preview":"max-video-preview:-1"},"canonical":"https:\/\/gimnasticdetarragona.cat\/es\/per-santa-tecla-nastic\/","og_locale":"es_ES","og_type":"article","og_title":"Por Santa Tecla, N\u00e0stic! - Gimn\u00e0stic de Tarragona SAD","og_description":"Este s\u00e1bado 22 de septiembre el N\u00e0stic estar\u00e1 en la Rambla Nova para celebrar con los tarraconenses las fiestas de Santa Tecla. Desde las 11 de la ma\u00f1ana habr\u00e1 diferentes actividades destinadas a grandes y peque\u00f1os, que culminar\u00e1n con una tortilla popular a partir de las 13 horas.","og_url":"https:\/\/gimnasticdetarragona.cat\/es\/per-santa-tecla-nastic\/","og_site_name":"Gimn\u00e0stic de Tarragona SAD","article_published_time":"2018-09-18T10:49:39+00:00","og_image":[{"width":650,"height":300,"url":"https:\/\/gimnasticdetarragona.cat\/wp-content\/uploads\/2022\/06\/06001443139288.jpg","type":"image\/jpeg"}],"author":"desarrollo","twitter_card":"summary_large_image","twitter_creator":"@NASTICTARRAGONA","twitter_site":"@NASTICTARRAGONA","twitter_misc":{"Escrito por":"desarrollo","Tiempo de lectura":"2 minutos"},"schema":{"@context":"https:\/\/schema.org","@graph":[{"@type":"Article","@id":"https:\/\/gimnasticdetarragona.cat\/es\/per-santa-tecla-nastic\/#article","isPartOf":{"@id":"https:\/\/gimnasticdetarragona.cat\/es\/per-santa-tecla-nastic\/"},"author":{"name":"desarrollo","@id":"https:\/\/gimnasticdetarragona.cat\/es\/#\/schema\/person\/47b6a637abf88f9bd835540f20ea069e"},"headline":"Por Santa Tecla, N\u00e0stic!","datePublished":"2018-09-18T10:49:39+00:00","mainEntityOfPage":{"@id":"https:\/\/gimnasticdetarragona.cat\/es\/per-santa-tecla-nastic\/"},"wordCount":330,"commentCount":0,"publisher":{"@id":"https:\/\/gimnasticdetarragona.cat\/es\/#organization"},"image":{"@id":"https:\/\/gimnasticdetarragona.cat\/es\/per-santa-tecla-nastic\/#primaryimage"},"thumbnailUrl":"https:\/\/gimnasticdetarragona.cat\/wp-content\/uploads\/2022\/06\/06001443139288.jpg","articleSection":["Actualidad","Social"],"inLanguage":"es"},{"@type":"WebPage","@id":"https:\/\/gimnasticdetarragona.cat\/es\/per-santa-tecla-nastic\/","url":"https:\/\/gimnasticdetarragona.cat\/es\/per-santa-tecla-nastic\/","name":"Por Santa Tecla, N\u00e0stic! - Gimn\u00e0stic de Tarragona SAD","isPartOf":{"@id":"https:\/\/gimnasticdetarragona.cat\/es\/#website"},"primaryImageOfPage":{"@id":"https:\/\/gimnasticdetarragona.cat\/es\/per-santa-tecla-nastic\/#primaryimage"},"image":{"@id":"https:\/\/gimnasticdetarragona.cat\/es\/per-santa-tecla-nastic\/#primaryimage"},"thumbnailUrl":"https:\/\/gimnasticdetarragona.cat\/wp-content\/uploads\/2022\/06\/06001443139288.jpg","datePublished":"2018-09-18T10:49:39+00:00","breadcrumb":{"@id":"https:\/\/gimnasticdetarragona.cat\/es\/per-santa-tecla-nastic\/#breadcrumb"},"inLanguage":"es","potentialAction":[{"@type":"ReadAction","target":["https:\/\/gimnasticdetarragona.cat\/es\/per-santa-tecla-nastic\/"]}]},{"@type":"ImageObject","inLanguage":"es","@id":"https:\/\/gimnasticdetarragona.cat\/es\/per-santa-tecla-nastic\/#primaryimage","url":"https:\/\/gimnasticdetarragona.cat\/wp-content\/uploads\/2022\/06\/06001443139288.jpg","contentUrl":"https:\/\/gimnasticdetarragona.cat\/wp-content\/uploads\/2022\/06\/06001443139288.jpg","width":650,"height":300},{"@type":"BreadcrumbList","@id":"https:\/\/gimnasticdetarragona.cat\/es\/per-santa-tecla-nastic\/#breadcrumb","itemListElement":[{"@type":"ListItem","position":1,"name":"Inici","item":"https:\/\/gimnasticdetarragona.cat\/es\/nastic\/"},{"@type":"ListItem","position":2,"name":"Por Santa Tecla, N\u00e0stic!"}]},{"@type":"WebSite","@id":"https:\/\/gimnasticdetarragona.cat\/es\/#website","url":"https:\/\/gimnasticdetarragona.cat\/es\/","name":"Gimn\u00e0stic de Tarragona SAD","description":"Gimn\u00e0stic de Tarragona","publisher":{"@id":"https:\/\/gimnasticdetarragona.cat\/es\/#organization"},"potentialAction":[{"@type":"SearchAction","target":{"@type":"EntryPoint","urlTemplate":"https:\/\/gimnasticdetarragona.cat\/es\/?s={search_term_string}"},"query-input":{"@type":"PropertyValueSpecification","valueRequired":true,"valueName":"search_term_string"}}],"inLanguage":"es"},{"@type":"Organization","@id":"https:\/\/gimnasticdetarragona.cat\/es\/#organization","name":"GIMN\u00c0STIC DE TARRAGONA","alternateName":"N\u00c0STIC","url":"https:\/\/gimnasticdetarragona.cat\/es\/","logo":{"@type":"ImageObject","inLanguage":"es","@id":"https:\/\/gimnasticdetarragona.cat\/es\/#\/schema\/logo\/image\/","url":"https:\/\/gimnasticdetarragona.cat\/wp-content\/uploads\/2022\/06\/cropped-logo-gimnastic.png","contentUrl":"https:\/\/gimnasticdetarragona.cat\/wp-content\/uploads\/2022\/06\/cropped-logo-gimnastic.png","width":224,"height":83,"caption":"GIMN\u00c0STIC DE TARRAGONA"},"image":{"@id":"https:\/\/gimnasticdetarragona.cat\/es\/#\/schema\/logo\/image\/"},"sameAs":["https:\/\/x.com\/NASTICTARRAGONA","https:\/\/www.instagram.com\/nastictarragona\/"]},{"@type":"Person","@id":"https:\/\/gimnasticdetarragona.cat\/es\/#\/schema\/person\/47b6a637abf88f9bd835540f20ea069e","name":"desarrollo","sameAs":["https:\/\/clone.gimnasticdetarragona.cat"]}]}},"_links":{"self":[{"href":"https:\/\/gimnasticdetarragona.cat\/es\/wp-json\/wp\/v2\/posts\/55392","targetHints":{"allow":["GET"]}}],"collection":[{"href":"https:\/\/gimnasticdetarragona.cat\/es\/wp-json\/wp\/v2\/posts"}],"about":[{"href":"https:\/\/gimnasticdetarragona.cat\/es\/wp-json\/wp\/v2\/types\/post"}],"author":[{"embeddable":true,"href":"https:\/\/gimnasticdetarragona.cat\/es\/wp-json\/wp\/v2\/users\/1"}],"replies":[{"embeddable":true,"href":"https:\/\/gimnasticdetarragona.cat\/es\/wp-json\/wp\/v2\/comments?post=55392"}],"version-history":[{"count":0,"href":"https:\/\/gimnasticdetarragona.cat\/es\/wp-json\/wp\/v2\/posts\/55392\/revisions"}],"wp:featuredmedia":[{"embeddable":true,"href":"https:\/\/gimnasticdetarragona.cat\/es\/wp-json\/wp\/v2\/media\/55389"}],"wp:attachment":[{"href":"https:\/\/gimnasticdetarragona.cat\/es\/wp-json\/wp\/v2\/media?parent=55392"}],"wp:term":[{"taxonomy":"category","embeddable":true,"href":"https:\/\/gimnasticdetarragona.cat\/es\/wp-json\/wp\/v2\/categories?post=55392"},{"taxonomy":"post_tag","embeddable":true,"href":"https:\/\/gimnasticdetarragona.cat\/es\/wp-json\/wp\/v2\/tags?post=55392"}],"curies":[{"name":"wp","href":"https:\/\/api.w.org\/{rel}","templated":true}]}}