{"id":55448,"date":"2018-09-07T19:46:43","date_gmt":"2018-09-07T19:46:43","guid":{"rendered":"https:\/\/clone.gimnasticdetarragona.cat\/ud-las-palmas-nastic\/"},"modified":"2018-09-07T19:46:43","modified_gmt":"2018-09-07T19:46:43","slug":"ud-las-palmas-nastic","status":"publish","type":"post","link":"https:\/\/gimnasticdetarragona.cat\/es\/ud-las-palmas-nastic\/","title":{"rendered":"UD Las Palmas 4 &#8211; 0 N\u00e0stic"},"content":{"rendered":"<p style=\"text-align: justify;\">El N\u00e0stic ha perdido en el campo de la UD Palmas en un partido donde ha tenido que jugar m\u00e1s de 60 minutos con un hombre menos ante uno de los candidatos al ascenso a LaLiga Santander. El conjunto grana queda con un punto en la clasificaci\u00f3n y la pr\u00f3xima semana jugar\u00e1 dos partidos: en C\u00f3rdoba de Copa del Rey y ante el CA Osasuna de LaLiga 1|2|3.<\/p>\n<p style=\"text-align: justify;\">En la primera parte el N\u00e0stic ha jugado un partido muy consistente en defensa impidiendo que el conjunto canario tuviera ocasiones de gol sobre la porter\u00eda de Bernab\u00e9, a pesar de tener el control del bal\u00f3n. El partido, sin embargo, ha dado un giro cuando en el minuto 28 el \u00e1rbitro ha expulsado a C\u00e9sar Arzo y en el 43 Rub\u00e9n Castro ha hecho el 1 a 0, resultado con el que se ha llegado\u00a0al descanso.<\/p>\n<p style=\"text-align: justify;\"><span style=\"line-height: 1.5;\">En la segunda parte, justo despu\u00e9s de una ocasi\u00f3n de gol de Manu del Moral, Timor en el minuto 55 ha dejado sin opciones al N\u00e0stic con un 2-0, que ha condicionado el final del partido teniendo en cuenta tambi\u00e9n la inferioridad num\u00e9rica grana. Fruto de ello han llegado los goles de Rub\u00e9n Castro y \u00c1lvaro Lemos, que han sellado el resultado final.<\/span><\/p>\n<p style=\"text-align: justify;\"><span style=\"line-height: 1.5;\">La pr\u00f3xima semana el N\u00e0stic jugar\u00e1 dos partidos: el\u00a0mi\u00e9rcoles, a partir de les 22 horas, visitar\u00e1 el Nuevo Arc\u00e1ngel de C\u00f3rdoba para\u00a0jugar partido de la segunda\u00a0eliminatoria de Copa, mientras el s\u00e1bado\u00a0(16 horas) recibir\u00e1\u00a0al CA Osasuna en el\u00a0Nou Estadi en partido correspondiente a la jornada 5 de LaLiga 1|2|3.<\/span><\/p>\n<p style=\"text-align: justify;\"><strong>Alineaciones<\/strong><br \/>\n<u>UD Las Palmas<\/u>: Ra\u00fal, De la Bella, David Garc\u00eda, R. Castro, Maikel M. (Pekhart, 61&#8242;), Timor, A. Lemos, Fidel (Sacko, 67&#8242;), R. De Galarreta, Cala, Tana (Danny Blum, 76&#8242;).<br \/>\n<u>N\u00e0stic<\/u>: Bernab\u00e9, Iv\u00e1n L\u00f3pez, Fali J. M\u00e1rquez, 78&#8242;), C.Arzo, R. Albentosa, Omar (Abeledo, 66&#8242;), Manu, Sebas Coris, D. Rocha, Abraham, L. Su\u00e1rez (Djetei, 35&#8242;).<\/p>\n<p style=\"text-align: justify;\"><strong>Goles<\/strong><br \/>\n1-0, R. Castro\u00a0(43?); 2-0, Timor (55&#8242;); 3-0, R. Castro (62&#8242;); 4-0, A. Lemos (70&#8242;).<\/p>\n<p style=\"text-align: justify;\"><strong>\u00c1rbitro<\/strong><br \/>\nAbraham Dom\u00ednguez Cervantes (colegi0 andaluz).<\/p>\n<p style=\"text-align: justify;\"><strong>Tarjetas<\/strong><br \/>\nAmarillas\u00a0a Timor (27?), Maikel M. (31?), Omar (46?), De la Bella (49?), R. de Galarreta (81?) y Pekhart (90&#8242;).<br \/>\nRoja\u00a0a C. Arzo (28?).<\/p>\n<p style=\"text-align: justify;\"><strong>Campo<\/strong><br \/>\nEstadio Gran Canaria. \u00a012.119 espectadores. Partido correspondiente a la jornada 4 de LaLiga 1|2|3.<\/p>\n","protected":false},"excerpt":{"rendered":"<p>El N\u00e0stic ha perdido en el campo de la UD Palmas en un partido donde ha tenido que jugar m\u00e1s de 60 minutos con un hombre menos ante uno de los candidatos al ascenso a LaLiga Santander.<\/p>\n","protected":false},"author":1,"featured_media":55445,"comment_status":"open","ping_status":"open","sticky":false,"template":"","format":"standard","meta":{"_acf_changed":false,"footnotes":""},"categories":[113,126],"tags":[],"class_list":["post-55448","post","type-post","status-publish","format-standard","has-post-thumbnail","hentry","category-actualidad","category-primer-equipo"],"acf":[],"yoast_head":"<!-- This site is optimized with the Yoast SEO plugin v27.3 - https:\/\/yoast.com\/product\/yoast-seo-wordpress\/ -->\n<title>UD Las Palmas 4 - 0 N\u00e0stic - Gimn\u00e0stic de Tarragona SAD<\/title>\n<meta name=\"robots\" content=\"index, follow, max-snippet:-1, max-image-preview:large, max-video-preview:-1\" \/>\n<link rel=\"canonical\" href=\"https:\/\/gimnasticdetarragona.cat\/es\/ud-las-palmas-nastic\/\" \/>\n<meta property=\"og:locale\" content=\"es_ES\" \/>\n<meta property=\"og:type\" content=\"article\" \/>\n<meta property=\"og:title\" content=\"UD Las Palmas 4 - 0 N\u00e0stic - Gimn\u00e0stic de Tarragona SAD\" \/>\n<meta property=\"og:description\" content=\"El N\u00e0stic ha perdido en el campo de la UD Palmas en un partido donde ha tenido que jugar m\u00e1s de 60 minutos con un hombre menos ante uno de los candidatos al ascenso a LaLiga Santander.\" \/>\n<meta property=\"og:url\" content=\"https:\/\/gimnasticdetarragona.cat\/es\/ud-las-palmas-nastic\/\" \/>\n<meta property=\"og:site_name\" content=\"Gimn\u00e0stic de Tarragona SAD\" \/>\n<meta property=\"article:published_time\" content=\"2018-09-07T19:46:43+00:00\" \/>\n<meta property=\"og:image\" content=\"https:\/\/gimnasticdetarragona.cat\/wp-content\/uploads\/2022\/06\/06001436138928.jpg\" \/>\n\t<meta property=\"og:image:width\" content=\"1800\" \/>\n\t<meta property=\"og:image:height\" content=\"1200\" \/>\n\t<meta property=\"og:image:type\" content=\"image\/jpeg\" \/>\n<meta name=\"author\" content=\"desarrollo\" \/>\n<meta name=\"twitter:card\" content=\"summary_large_image\" \/>\n<meta name=\"twitter:creator\" content=\"@NASTICTARRAGONA\" \/>\n<meta name=\"twitter:site\" content=\"@NASTICTARRAGONA\" \/>\n<meta name=\"twitter:label1\" content=\"Escrito por\" \/>\n\t<meta name=\"twitter:data1\" content=\"desarrollo\" \/>\n\t<meta name=\"twitter:label2\" content=\"Tiempo de lectura\" \/>\n\t<meta name=\"twitter:data2\" content=\"2 minutos\" \/>\n<script type=\"application\/ld+json\" class=\"yoast-schema-graph\">{\"@context\":\"https:\\\/\\\/schema.org\",\"@graph\":[{\"@type\":\"Article\",\"@id\":\"https:\\\/\\\/gimnasticdetarragona.cat\\\/es\\\/ud-las-palmas-nastic\\\/#article\",\"isPartOf\":{\"@id\":\"https:\\\/\\\/gimnasticdetarragona.cat\\\/es\\\/ud-las-palmas-nastic\\\/\"},\"author\":{\"name\":\"desarrollo\",\"@id\":\"https:\\\/\\\/gimnasticdetarragona.cat\\\/es\\\/#\\\/schema\\\/person\\\/47b6a637abf88f9bd835540f20ea069e\"},\"headline\":\"UD Las Palmas 4 &#8211; 0 N\u00e0stic\",\"datePublished\":\"2018-09-07T19:46:43+00:00\",\"mainEntityOfPage\":{\"@id\":\"https:\\\/\\\/gimnasticdetarragona.cat\\\/es\\\/ud-las-palmas-nastic\\\/\"},\"wordCount\":385,\"commentCount\":0,\"publisher\":{\"@id\":\"https:\\\/\\\/gimnasticdetarragona.cat\\\/es\\\/#organization\"},\"image\":{\"@id\":\"https:\\\/\\\/gimnasticdetarragona.cat\\\/es\\\/ud-las-palmas-nastic\\\/#primaryimage\"},\"thumbnailUrl\":\"https:\\\/\\\/gimnasticdetarragona.cat\\\/wp-content\\\/uploads\\\/2022\\\/06\\\/06001436138928.jpg\",\"articleSection\":[\"Actualidad\",\"Primer Equipo\"],\"inLanguage\":\"es\"},{\"@type\":\"WebPage\",\"@id\":\"https:\\\/\\\/gimnasticdetarragona.cat\\\/es\\\/ud-las-palmas-nastic\\\/\",\"url\":\"https:\\\/\\\/gimnasticdetarragona.cat\\\/es\\\/ud-las-palmas-nastic\\\/\",\"name\":\"UD Las Palmas 4 - 0 N\u00e0stic - Gimn\u00e0stic de Tarragona SAD\",\"isPartOf\":{\"@id\":\"https:\\\/\\\/gimnasticdetarragona.cat\\\/es\\\/#website\"},\"primaryImageOfPage\":{\"@id\":\"https:\\\/\\\/gimnasticdetarragona.cat\\\/es\\\/ud-las-palmas-nastic\\\/#primaryimage\"},\"image\":{\"@id\":\"https:\\\/\\\/gimnasticdetarragona.cat\\\/es\\\/ud-las-palmas-nastic\\\/#primaryimage\"},\"thumbnailUrl\":\"https:\\\/\\\/gimnasticdetarragona.cat\\\/wp-content\\\/uploads\\\/2022\\\/06\\\/06001436138928.jpg\",\"datePublished\":\"2018-09-07T19:46:43+00:00\",\"breadcrumb\":{\"@id\":\"https:\\\/\\\/gimnasticdetarragona.cat\\\/es\\\/ud-las-palmas-nastic\\\/#breadcrumb\"},\"inLanguage\":\"es\",\"potentialAction\":[{\"@type\":\"ReadAction\",\"target\":[\"https:\\\/\\\/gimnasticdetarragona.cat\\\/es\\\/ud-las-palmas-nastic\\\/\"]}]},{\"@type\":\"ImageObject\",\"inLanguage\":\"es\",\"@id\":\"https:\\\/\\\/gimnasticdetarragona.cat\\\/es\\\/ud-las-palmas-nastic\\\/#primaryimage\",\"url\":\"https:\\\/\\\/gimnasticdetarragona.cat\\\/wp-content\\\/uploads\\\/2022\\\/06\\\/06001436138928.jpg\",\"contentUrl\":\"https:\\\/\\\/gimnasticdetarragona.cat\\\/wp-content\\\/uploads\\\/2022\\\/06\\\/06001436138928.jpg\",\"width\":1800,\"height\":1200},{\"@type\":\"BreadcrumbList\",\"@id\":\"https:\\\/\\\/gimnasticdetarragona.cat\\\/es\\\/ud-las-palmas-nastic\\\/#breadcrumb\",\"itemListElement\":[{\"@type\":\"ListItem\",\"position\":1,\"name\":\"Inici\",\"item\":\"https:\\\/\\\/gimnasticdetarragona.cat\\\/es\\\/nastic\\\/\"},{\"@type\":\"ListItem\",\"position\":2,\"name\":\"UD Las Palmas 4 &#8211; 0 N\u00e0stic\"}]},{\"@type\":\"WebSite\",\"@id\":\"https:\\\/\\\/gimnasticdetarragona.cat\\\/es\\\/#website\",\"url\":\"https:\\\/\\\/gimnasticdetarragona.cat\\\/es\\\/\",\"name\":\"Gimn\u00e0stic de Tarragona SAD\",\"description\":\"Gimn\u00e0stic de Tarragona\",\"publisher\":{\"@id\":\"https:\\\/\\\/gimnasticdetarragona.cat\\\/es\\\/#organization\"},\"potentialAction\":[{\"@type\":\"SearchAction\",\"target\":{\"@type\":\"EntryPoint\",\"urlTemplate\":\"https:\\\/\\\/gimnasticdetarragona.cat\\\/es\\\/?s={search_term_string}\"},\"query-input\":{\"@type\":\"PropertyValueSpecification\",\"valueRequired\":true,\"valueName\":\"search_term_string\"}}],\"inLanguage\":\"es\"},{\"@type\":\"Organization\",\"@id\":\"https:\\\/\\\/gimnasticdetarragona.cat\\\/es\\\/#organization\",\"name\":\"GIMN\u00c0STIC DE TARRAGONA\",\"alternateName\":\"N\u00c0STIC\",\"url\":\"https:\\\/\\\/gimnasticdetarragona.cat\\\/es\\\/\",\"logo\":{\"@type\":\"ImageObject\",\"inLanguage\":\"es\",\"@id\":\"https:\\\/\\\/gimnasticdetarragona.cat\\\/es\\\/#\\\/schema\\\/logo\\\/image\\\/\",\"url\":\"https:\\\/\\\/gimnasticdetarragona.cat\\\/wp-content\\\/uploads\\\/2022\\\/06\\\/cropped-logo-gimnastic.png\",\"contentUrl\":\"https:\\\/\\\/gimnasticdetarragona.cat\\\/wp-content\\\/uploads\\\/2022\\\/06\\\/cropped-logo-gimnastic.png\",\"width\":224,\"height\":83,\"caption\":\"GIMN\u00c0STIC DE TARRAGONA\"},\"image\":{\"@id\":\"https:\\\/\\\/gimnasticdetarragona.cat\\\/es\\\/#\\\/schema\\\/logo\\\/image\\\/\"},\"sameAs\":[\"https:\\\/\\\/x.com\\\/NASTICTARRAGONA\",\"https:\\\/\\\/www.instagram.com\\\/nastictarragona\\\/\"]},{\"@type\":\"Person\",\"@id\":\"https:\\\/\\\/gimnasticdetarragona.cat\\\/es\\\/#\\\/schema\\\/person\\\/47b6a637abf88f9bd835540f20ea069e\",\"name\":\"desarrollo\",\"sameAs\":[\"https:\\\/\\\/clone.gimnasticdetarragona.cat\"]}]}<\/script>\n<!-- \/ Yoast SEO plugin. -->","yoast_head_json":{"title":"UD Las Palmas 4 - 0 N\u00e0stic - Gimn\u00e0stic de Tarragona SAD","robots":{"index":"index","follow":"follow","max-snippet":"max-snippet:-1","max-image-preview":"max-image-preview:large","max-video-preview":"max-video-preview:-1"},"canonical":"https:\/\/gimnasticdetarragona.cat\/es\/ud-las-palmas-nastic\/","og_locale":"es_ES","og_type":"article","og_title":"UD Las Palmas 4 - 0 N\u00e0stic - Gimn\u00e0stic de Tarragona SAD","og_description":"El N\u00e0stic ha perdido en el campo de la UD Palmas en un partido donde ha tenido que jugar m\u00e1s de 60 minutos con un hombre menos ante uno de los candidatos al ascenso a LaLiga Santander.","og_url":"https:\/\/gimnasticdetarragona.cat\/es\/ud-las-palmas-nastic\/","og_site_name":"Gimn\u00e0stic de Tarragona SAD","article_published_time":"2018-09-07T19:46:43+00:00","og_image":[{"width":1800,"height":1200,"url":"https:\/\/gimnasticdetarragona.cat\/wp-content\/uploads\/2022\/06\/06001436138928.jpg","type":"image\/jpeg"}],"author":"desarrollo","twitter_card":"summary_large_image","twitter_creator":"@NASTICTARRAGONA","twitter_site":"@NASTICTARRAGONA","twitter_misc":{"Escrito por":"desarrollo","Tiempo de lectura":"2 minutos"},"schema":{"@context":"https:\/\/schema.org","@graph":[{"@type":"Article","@id":"https:\/\/gimnasticdetarragona.cat\/es\/ud-las-palmas-nastic\/#article","isPartOf":{"@id":"https:\/\/gimnasticdetarragona.cat\/es\/ud-las-palmas-nastic\/"},"author":{"name":"desarrollo","@id":"https:\/\/gimnasticdetarragona.cat\/es\/#\/schema\/person\/47b6a637abf88f9bd835540f20ea069e"},"headline":"UD Las Palmas 4 &#8211; 0 N\u00e0stic","datePublished":"2018-09-07T19:46:43+00:00","mainEntityOfPage":{"@id":"https:\/\/gimnasticdetarragona.cat\/es\/ud-las-palmas-nastic\/"},"wordCount":385,"commentCount":0,"publisher":{"@id":"https:\/\/gimnasticdetarragona.cat\/es\/#organization"},"image":{"@id":"https:\/\/gimnasticdetarragona.cat\/es\/ud-las-palmas-nastic\/#primaryimage"},"thumbnailUrl":"https:\/\/gimnasticdetarragona.cat\/wp-content\/uploads\/2022\/06\/06001436138928.jpg","articleSection":["Actualidad","Primer Equipo"],"inLanguage":"es"},{"@type":"WebPage","@id":"https:\/\/gimnasticdetarragona.cat\/es\/ud-las-palmas-nastic\/","url":"https:\/\/gimnasticdetarragona.cat\/es\/ud-las-palmas-nastic\/","name":"UD Las Palmas 4 - 0 N\u00e0stic - Gimn\u00e0stic de Tarragona SAD","isPartOf":{"@id":"https:\/\/gimnasticdetarragona.cat\/es\/#website"},"primaryImageOfPage":{"@id":"https:\/\/gimnasticdetarragona.cat\/es\/ud-las-palmas-nastic\/#primaryimage"},"image":{"@id":"https:\/\/gimnasticdetarragona.cat\/es\/ud-las-palmas-nastic\/#primaryimage"},"thumbnailUrl":"https:\/\/gimnasticdetarragona.cat\/wp-content\/uploads\/2022\/06\/06001436138928.jpg","datePublished":"2018-09-07T19:46:43+00:00","breadcrumb":{"@id":"https:\/\/gimnasticdetarragona.cat\/es\/ud-las-palmas-nastic\/#breadcrumb"},"inLanguage":"es","potentialAction":[{"@type":"ReadAction","target":["https:\/\/gimnasticdetarragona.cat\/es\/ud-las-palmas-nastic\/"]}]},{"@type":"ImageObject","inLanguage":"es","@id":"https:\/\/gimnasticdetarragona.cat\/es\/ud-las-palmas-nastic\/#primaryimage","url":"https:\/\/gimnasticdetarragona.cat\/wp-content\/uploads\/2022\/06\/06001436138928.jpg","contentUrl":"https:\/\/gimnasticdetarragona.cat\/wp-content\/uploads\/2022\/06\/06001436138928.jpg","width":1800,"height":1200},{"@type":"BreadcrumbList","@id":"https:\/\/gimnasticdetarragona.cat\/es\/ud-las-palmas-nastic\/#breadcrumb","itemListElement":[{"@type":"ListItem","position":1,"name":"Inici","item":"https:\/\/gimnasticdetarragona.cat\/es\/nastic\/"},{"@type":"ListItem","position":2,"name":"UD Las Palmas 4 &#8211; 0 N\u00e0stic"}]},{"@type":"WebSite","@id":"https:\/\/gimnasticdetarragona.cat\/es\/#website","url":"https:\/\/gimnasticdetarragona.cat\/es\/","name":"Gimn\u00e0stic de Tarragona SAD","description":"Gimn\u00e0stic de Tarragona","publisher":{"@id":"https:\/\/gimnasticdetarragona.cat\/es\/#organization"},"potentialAction":[{"@type":"SearchAction","target":{"@type":"EntryPoint","urlTemplate":"https:\/\/gimnasticdetarragona.cat\/es\/?s={search_term_string}"},"query-input":{"@type":"PropertyValueSpecification","valueRequired":true,"valueName":"search_term_string"}}],"inLanguage":"es"},{"@type":"Organization","@id":"https:\/\/gimnasticdetarragona.cat\/es\/#organization","name":"GIMN\u00c0STIC DE TARRAGONA","alternateName":"N\u00c0STIC","url":"https:\/\/gimnasticdetarragona.cat\/es\/","logo":{"@type":"ImageObject","inLanguage":"es","@id":"https:\/\/gimnasticdetarragona.cat\/es\/#\/schema\/logo\/image\/","url":"https:\/\/gimnasticdetarragona.cat\/wp-content\/uploads\/2022\/06\/cropped-logo-gimnastic.png","contentUrl":"https:\/\/gimnasticdetarragona.cat\/wp-content\/uploads\/2022\/06\/cropped-logo-gimnastic.png","width":224,"height":83,"caption":"GIMN\u00c0STIC DE TARRAGONA"},"image":{"@id":"https:\/\/gimnasticdetarragona.cat\/es\/#\/schema\/logo\/image\/"},"sameAs":["https:\/\/x.com\/NASTICTARRAGONA","https:\/\/www.instagram.com\/nastictarragona\/"]},{"@type":"Person","@id":"https:\/\/gimnasticdetarragona.cat\/es\/#\/schema\/person\/47b6a637abf88f9bd835540f20ea069e","name":"desarrollo","sameAs":["https:\/\/clone.gimnasticdetarragona.cat"]}]}},"_links":{"self":[{"href":"https:\/\/gimnasticdetarragona.cat\/es\/wp-json\/wp\/v2\/posts\/55448","targetHints":{"allow":["GET"]}}],"collection":[{"href":"https:\/\/gimnasticdetarragona.cat\/es\/wp-json\/wp\/v2\/posts"}],"about":[{"href":"https:\/\/gimnasticdetarragona.cat\/es\/wp-json\/wp\/v2\/types\/post"}],"author":[{"embeddable":true,"href":"https:\/\/gimnasticdetarragona.cat\/es\/wp-json\/wp\/v2\/users\/1"}],"replies":[{"embeddable":true,"href":"https:\/\/gimnasticdetarragona.cat\/es\/wp-json\/wp\/v2\/comments?post=55448"}],"version-history":[{"count":0,"href":"https:\/\/gimnasticdetarragona.cat\/es\/wp-json\/wp\/v2\/posts\/55448\/revisions"}],"wp:featuredmedia":[{"embeddable":true,"href":"https:\/\/gimnasticdetarragona.cat\/es\/wp-json\/wp\/v2\/media\/55445"}],"wp:attachment":[{"href":"https:\/\/gimnasticdetarragona.cat\/es\/wp-json\/wp\/v2\/media?parent=55448"}],"wp:term":[{"taxonomy":"category","embeddable":true,"href":"https:\/\/gimnasticdetarragona.cat\/es\/wp-json\/wp\/v2\/categories?post=55448"},{"taxonomy":"post_tag","embeddable":true,"href":"https:\/\/gimnasticdetarragona.cat\/es\/wp-json\/wp\/v2\/tags?post=55448"}],"curies":[{"name":"wp","href":"https:\/\/api.w.org\/{rel}","templated":true}]}}