{"id":55552,"date":"2018-08-22T16:44:49","date_gmt":"2018-08-22T16:44:49","guid":{"rendered":"https:\/\/clone.gimnasticdetarragona.cat\/bito-fuster-sera-la-pregonera-de-santa-tecla-2018\/"},"modified":"2018-08-22T16:44:49","modified_gmt":"2018-08-22T16:44:49","slug":"bito-fuster-sera-la-pregonera-de-santa-tecla-2018","status":"publish","type":"post","link":"https:\/\/gimnasticdetarragona.cat\/es\/bito-fuster-sera-la-pregonera-de-santa-tecla-2018\/","title":{"rendered":"Bito Fuster ser\u00e1 la pregonera de Santa Tecla"},"content":{"rendered":"<p style=\"text-align: justify;\">La ex gimnasta y actualmente vocal de la junta directiva del N\u00e0stic, Bito Fuster, ser\u00e1 la pregonera de las fiestas de Santa Tecla 2018. El Ayuntamiento de Tarragona lo ha anunciado en una rueda de prensa donde ha explicado todos los detalles de la fiesta mayor que se vivir\u00e1 entre el 14 y el 24 de septiembre. El preg\u00f3n ser\u00e1 el viernes 21 de septiembre en el sal\u00f3n de los plenos del Ayuntamiento.<\/p>\n<p style=\"text-align: justify;\">Maria Teresa \u00abBito\u00bb Fuster se inici\u00f3 en el mundo de la gimnasia en el N\u00e0stic y con 13 a\u00f1os ya empez\u00f3 su carrera internacional con la selecci\u00f3n espa\u00f1ola, que la llev\u00f3 a alcanzar el campeonato del mundo por equipos en el concurso general a Atenas 1991.<\/p>\n<p style=\"text-align: justify;\">Aparte de este t\u00edtulo,\u00a0en su\u00a0palmar\u00e9s destacan tambi\u00e9n una plata y cuatro bronces m\u00e1s en Campeonatos del Mundo (Sarajevo 89&#8242;, Atenas 91&#8242; y Bruselas 92&#8242;); dos oros, una plata y tres bronces en Campeonatos de Europa (Goteborg 90&#8242; y Stuttgart 92&#8242;) y una plata y dos bronces en la final de la Copa del Mundo de Bruselas 1990. Es la deportista de la historia del N\u00e0stic con m\u00e1s \u00e9xitos internacionales.<\/p>\n<p style=\"text-align: justify;\">Bito Fuster ocupa un\u00a0lugar destacado en el Museo del N\u00e0stic de l&#8217;Avinguda Catalunya, ya que est\u00e1 expuesto el maillot con el que gan\u00f3 el oro mundial en Atenas el a\u00f1o 1991, que ella misma don\u00f3.<\/p>\n","protected":false},"excerpt":{"rendered":"<p>La ex gimnasta y actualmente vocal de la junta directiva del N\u00e0stic, Bito Fuster, ser\u00e1 la pregonera de las fiestas de Santa Tecla 2018.<\/p>\n","protected":false},"author":1,"featured_media":55549,"comment_status":"open","ping_status":"open","sticky":false,"template":"","format":"standard","meta":{"_acf_changed":false,"footnotes":""},"categories":[113],"tags":[],"class_list":["post-55552","post","type-post","status-publish","format-standard","has-post-thumbnail","hentry","category-actualidad"],"acf":[],"yoast_head":"<!-- This site is optimized with the Yoast SEO plugin v27.3 - https:\/\/yoast.com\/product\/yoast-seo-wordpress\/ -->\n<title>Bito Fuster ser\u00e1 la pregonera de Santa Tecla - Gimn\u00e0stic de Tarragona SAD<\/title>\n<meta name=\"robots\" content=\"index, follow, max-snippet:-1, max-image-preview:large, max-video-preview:-1\" \/>\n<link rel=\"canonical\" href=\"https:\/\/gimnasticdetarragona.cat\/es\/bito-fuster-sera-la-pregonera-de-santa-tecla-2018\/\" \/>\n<meta property=\"og:locale\" content=\"es_ES\" \/>\n<meta property=\"og:type\" content=\"article\" \/>\n<meta property=\"og:title\" content=\"Bito Fuster ser\u00e1 la pregonera de Santa Tecla - Gimn\u00e0stic de Tarragona SAD\" \/>\n<meta property=\"og:description\" content=\"La ex gimnasta y actualmente vocal de la junta directiva del N\u00e0stic, Bito Fuster, ser\u00e1 la pregonera de las fiestas de Santa Tecla 2018.\" \/>\n<meta property=\"og:url\" content=\"https:\/\/gimnasticdetarragona.cat\/es\/bito-fuster-sera-la-pregonera-de-santa-tecla-2018\/\" \/>\n<meta property=\"og:site_name\" content=\"Gimn\u00e0stic de Tarragona SAD\" \/>\n<meta property=\"article:published_time\" content=\"2018-08-22T16:44:49+00:00\" \/>\n<meta property=\"og:image\" content=\"https:\/\/gimnasticdetarragona.cat\/wp-content\/uploads\/2022\/06\/06001408137820.jpg\" \/>\n\t<meta property=\"og:image:width\" content=\"2000\" \/>\n\t<meta property=\"og:image:height\" content=\"1312\" \/>\n\t<meta property=\"og:image:type\" content=\"image\/jpeg\" \/>\n<meta name=\"author\" content=\"desarrollo\" \/>\n<meta name=\"twitter:card\" content=\"summary_large_image\" \/>\n<meta name=\"twitter:creator\" content=\"@NASTICTARRAGONA\" \/>\n<meta name=\"twitter:site\" content=\"@NASTICTARRAGONA\" \/>\n<meta name=\"twitter:label1\" content=\"Escrito por\" \/>\n\t<meta name=\"twitter:data1\" content=\"desarrollo\" \/>\n\t<meta name=\"twitter:label2\" content=\"Tiempo de lectura\" \/>\n\t<meta name=\"twitter:data2\" content=\"1 minuto\" \/>\n<script type=\"application\/ld+json\" class=\"yoast-schema-graph\">{\"@context\":\"https:\\\/\\\/schema.org\",\"@graph\":[{\"@type\":\"Article\",\"@id\":\"https:\\\/\\\/gimnasticdetarragona.cat\\\/es\\\/bito-fuster-sera-la-pregonera-de-santa-tecla-2018\\\/#article\",\"isPartOf\":{\"@id\":\"https:\\\/\\\/gimnasticdetarragona.cat\\\/es\\\/bito-fuster-sera-la-pregonera-de-santa-tecla-2018\\\/\"},\"author\":{\"name\":\"desarrollo\",\"@id\":\"https:\\\/\\\/gimnasticdetarragona.cat\\\/es\\\/#\\\/schema\\\/person\\\/47b6a637abf88f9bd835540f20ea069e\"},\"headline\":\"Bito Fuster ser\u00e1 la pregonera de Santa Tecla\",\"datePublished\":\"2018-08-22T16:44:49+00:00\",\"mainEntityOfPage\":{\"@id\":\"https:\\\/\\\/gimnasticdetarragona.cat\\\/es\\\/bito-fuster-sera-la-pregonera-de-santa-tecla-2018\\\/\"},\"wordCount\":237,\"commentCount\":0,\"publisher\":{\"@id\":\"https:\\\/\\\/gimnasticdetarragona.cat\\\/es\\\/#organization\"},\"image\":{\"@id\":\"https:\\\/\\\/gimnasticdetarragona.cat\\\/es\\\/bito-fuster-sera-la-pregonera-de-santa-tecla-2018\\\/#primaryimage\"},\"thumbnailUrl\":\"https:\\\/\\\/gimnasticdetarragona.cat\\\/wp-content\\\/uploads\\\/2022\\\/06\\\/06001408137820.jpg\",\"articleSection\":[\"Actualidad\"],\"inLanguage\":\"es\"},{\"@type\":\"WebPage\",\"@id\":\"https:\\\/\\\/gimnasticdetarragona.cat\\\/es\\\/bito-fuster-sera-la-pregonera-de-santa-tecla-2018\\\/\",\"url\":\"https:\\\/\\\/gimnasticdetarragona.cat\\\/es\\\/bito-fuster-sera-la-pregonera-de-santa-tecla-2018\\\/\",\"name\":\"Bito Fuster ser\u00e1 la pregonera de Santa Tecla - Gimn\u00e0stic de Tarragona SAD\",\"isPartOf\":{\"@id\":\"https:\\\/\\\/gimnasticdetarragona.cat\\\/es\\\/#website\"},\"primaryImageOfPage\":{\"@id\":\"https:\\\/\\\/gimnasticdetarragona.cat\\\/es\\\/bito-fuster-sera-la-pregonera-de-santa-tecla-2018\\\/#primaryimage\"},\"image\":{\"@id\":\"https:\\\/\\\/gimnasticdetarragona.cat\\\/es\\\/bito-fuster-sera-la-pregonera-de-santa-tecla-2018\\\/#primaryimage\"},\"thumbnailUrl\":\"https:\\\/\\\/gimnasticdetarragona.cat\\\/wp-content\\\/uploads\\\/2022\\\/06\\\/06001408137820.jpg\",\"datePublished\":\"2018-08-22T16:44:49+00:00\",\"breadcrumb\":{\"@id\":\"https:\\\/\\\/gimnasticdetarragona.cat\\\/es\\\/bito-fuster-sera-la-pregonera-de-santa-tecla-2018\\\/#breadcrumb\"},\"inLanguage\":\"es\",\"potentialAction\":[{\"@type\":\"ReadAction\",\"target\":[\"https:\\\/\\\/gimnasticdetarragona.cat\\\/es\\\/bito-fuster-sera-la-pregonera-de-santa-tecla-2018\\\/\"]}]},{\"@type\":\"ImageObject\",\"inLanguage\":\"es\",\"@id\":\"https:\\\/\\\/gimnasticdetarragona.cat\\\/es\\\/bito-fuster-sera-la-pregonera-de-santa-tecla-2018\\\/#primaryimage\",\"url\":\"https:\\\/\\\/gimnasticdetarragona.cat\\\/wp-content\\\/uploads\\\/2022\\\/06\\\/06001408137820.jpg\",\"contentUrl\":\"https:\\\/\\\/gimnasticdetarragona.cat\\\/wp-content\\\/uploads\\\/2022\\\/06\\\/06001408137820.jpg\",\"width\":2000,\"height\":1312,\"caption\":\"????????????????????????????????????\"},{\"@type\":\"BreadcrumbList\",\"@id\":\"https:\\\/\\\/gimnasticdetarragona.cat\\\/es\\\/bito-fuster-sera-la-pregonera-de-santa-tecla-2018\\\/#breadcrumb\",\"itemListElement\":[{\"@type\":\"ListItem\",\"position\":1,\"name\":\"Inici\",\"item\":\"https:\\\/\\\/gimnasticdetarragona.cat\\\/es\\\/nastic\\\/\"},{\"@type\":\"ListItem\",\"position\":2,\"name\":\"Bito Fuster ser\u00e1 la pregonera de Santa Tecla\"}]},{\"@type\":\"WebSite\",\"@id\":\"https:\\\/\\\/gimnasticdetarragona.cat\\\/es\\\/#website\",\"url\":\"https:\\\/\\\/gimnasticdetarragona.cat\\\/es\\\/\",\"name\":\"Gimn\u00e0stic de Tarragona SAD\",\"description\":\"Gimn\u00e0stic de Tarragona\",\"publisher\":{\"@id\":\"https:\\\/\\\/gimnasticdetarragona.cat\\\/es\\\/#organization\"},\"potentialAction\":[{\"@type\":\"SearchAction\",\"target\":{\"@type\":\"EntryPoint\",\"urlTemplate\":\"https:\\\/\\\/gimnasticdetarragona.cat\\\/es\\\/?s={search_term_string}\"},\"query-input\":{\"@type\":\"PropertyValueSpecification\",\"valueRequired\":true,\"valueName\":\"search_term_string\"}}],\"inLanguage\":\"es\"},{\"@type\":\"Organization\",\"@id\":\"https:\\\/\\\/gimnasticdetarragona.cat\\\/es\\\/#organization\",\"name\":\"GIMN\u00c0STIC DE TARRAGONA\",\"alternateName\":\"N\u00c0STIC\",\"url\":\"https:\\\/\\\/gimnasticdetarragona.cat\\\/es\\\/\",\"logo\":{\"@type\":\"ImageObject\",\"inLanguage\":\"es\",\"@id\":\"https:\\\/\\\/gimnasticdetarragona.cat\\\/es\\\/#\\\/schema\\\/logo\\\/image\\\/\",\"url\":\"https:\\\/\\\/gimnasticdetarragona.cat\\\/wp-content\\\/uploads\\\/2022\\\/06\\\/cropped-logo-gimnastic.png\",\"contentUrl\":\"https:\\\/\\\/gimnasticdetarragona.cat\\\/wp-content\\\/uploads\\\/2022\\\/06\\\/cropped-logo-gimnastic.png\",\"width\":224,\"height\":83,\"caption\":\"GIMN\u00c0STIC DE TARRAGONA\"},\"image\":{\"@id\":\"https:\\\/\\\/gimnasticdetarragona.cat\\\/es\\\/#\\\/schema\\\/logo\\\/image\\\/\"},\"sameAs\":[\"https:\\\/\\\/x.com\\\/NASTICTARRAGONA\",\"https:\\\/\\\/www.instagram.com\\\/nastictarragona\\\/\"]},{\"@type\":\"Person\",\"@id\":\"https:\\\/\\\/gimnasticdetarragona.cat\\\/es\\\/#\\\/schema\\\/person\\\/47b6a637abf88f9bd835540f20ea069e\",\"name\":\"desarrollo\",\"sameAs\":[\"https:\\\/\\\/clone.gimnasticdetarragona.cat\"]}]}<\/script>\n<!-- \/ Yoast SEO plugin. -->","yoast_head_json":{"title":"Bito Fuster ser\u00e1 la pregonera de Santa Tecla - Gimn\u00e0stic de Tarragona SAD","robots":{"index":"index","follow":"follow","max-snippet":"max-snippet:-1","max-image-preview":"max-image-preview:large","max-video-preview":"max-video-preview:-1"},"canonical":"https:\/\/gimnasticdetarragona.cat\/es\/bito-fuster-sera-la-pregonera-de-santa-tecla-2018\/","og_locale":"es_ES","og_type":"article","og_title":"Bito Fuster ser\u00e1 la pregonera de Santa Tecla - Gimn\u00e0stic de Tarragona SAD","og_description":"La ex gimnasta y actualmente vocal de la junta directiva del N\u00e0stic, Bito Fuster, ser\u00e1 la pregonera de las fiestas de Santa Tecla 2018.","og_url":"https:\/\/gimnasticdetarragona.cat\/es\/bito-fuster-sera-la-pregonera-de-santa-tecla-2018\/","og_site_name":"Gimn\u00e0stic de Tarragona SAD","article_published_time":"2018-08-22T16:44:49+00:00","og_image":[{"width":2000,"height":1312,"url":"https:\/\/gimnasticdetarragona.cat\/wp-content\/uploads\/2022\/06\/06001408137820.jpg","type":"image\/jpeg"}],"author":"desarrollo","twitter_card":"summary_large_image","twitter_creator":"@NASTICTARRAGONA","twitter_site":"@NASTICTARRAGONA","twitter_misc":{"Escrito por":"desarrollo","Tiempo de lectura":"1 minuto"},"schema":{"@context":"https:\/\/schema.org","@graph":[{"@type":"Article","@id":"https:\/\/gimnasticdetarragona.cat\/es\/bito-fuster-sera-la-pregonera-de-santa-tecla-2018\/#article","isPartOf":{"@id":"https:\/\/gimnasticdetarragona.cat\/es\/bito-fuster-sera-la-pregonera-de-santa-tecla-2018\/"},"author":{"name":"desarrollo","@id":"https:\/\/gimnasticdetarragona.cat\/es\/#\/schema\/person\/47b6a637abf88f9bd835540f20ea069e"},"headline":"Bito Fuster ser\u00e1 la pregonera de Santa Tecla","datePublished":"2018-08-22T16:44:49+00:00","mainEntityOfPage":{"@id":"https:\/\/gimnasticdetarragona.cat\/es\/bito-fuster-sera-la-pregonera-de-santa-tecla-2018\/"},"wordCount":237,"commentCount":0,"publisher":{"@id":"https:\/\/gimnasticdetarragona.cat\/es\/#organization"},"image":{"@id":"https:\/\/gimnasticdetarragona.cat\/es\/bito-fuster-sera-la-pregonera-de-santa-tecla-2018\/#primaryimage"},"thumbnailUrl":"https:\/\/gimnasticdetarragona.cat\/wp-content\/uploads\/2022\/06\/06001408137820.jpg","articleSection":["Actualidad"],"inLanguage":"es"},{"@type":"WebPage","@id":"https:\/\/gimnasticdetarragona.cat\/es\/bito-fuster-sera-la-pregonera-de-santa-tecla-2018\/","url":"https:\/\/gimnasticdetarragona.cat\/es\/bito-fuster-sera-la-pregonera-de-santa-tecla-2018\/","name":"Bito Fuster ser\u00e1 la pregonera de Santa Tecla - Gimn\u00e0stic de Tarragona SAD","isPartOf":{"@id":"https:\/\/gimnasticdetarragona.cat\/es\/#website"},"primaryImageOfPage":{"@id":"https:\/\/gimnasticdetarragona.cat\/es\/bito-fuster-sera-la-pregonera-de-santa-tecla-2018\/#primaryimage"},"image":{"@id":"https:\/\/gimnasticdetarragona.cat\/es\/bito-fuster-sera-la-pregonera-de-santa-tecla-2018\/#primaryimage"},"thumbnailUrl":"https:\/\/gimnasticdetarragona.cat\/wp-content\/uploads\/2022\/06\/06001408137820.jpg","datePublished":"2018-08-22T16:44:49+00:00","breadcrumb":{"@id":"https:\/\/gimnasticdetarragona.cat\/es\/bito-fuster-sera-la-pregonera-de-santa-tecla-2018\/#breadcrumb"},"inLanguage":"es","potentialAction":[{"@type":"ReadAction","target":["https:\/\/gimnasticdetarragona.cat\/es\/bito-fuster-sera-la-pregonera-de-santa-tecla-2018\/"]}]},{"@type":"ImageObject","inLanguage":"es","@id":"https:\/\/gimnasticdetarragona.cat\/es\/bito-fuster-sera-la-pregonera-de-santa-tecla-2018\/#primaryimage","url":"https:\/\/gimnasticdetarragona.cat\/wp-content\/uploads\/2022\/06\/06001408137820.jpg","contentUrl":"https:\/\/gimnasticdetarragona.cat\/wp-content\/uploads\/2022\/06\/06001408137820.jpg","width":2000,"height":1312,"caption":"????????????????????????????????????"},{"@type":"BreadcrumbList","@id":"https:\/\/gimnasticdetarragona.cat\/es\/bito-fuster-sera-la-pregonera-de-santa-tecla-2018\/#breadcrumb","itemListElement":[{"@type":"ListItem","position":1,"name":"Inici","item":"https:\/\/gimnasticdetarragona.cat\/es\/nastic\/"},{"@type":"ListItem","position":2,"name":"Bito Fuster ser\u00e1 la pregonera de Santa Tecla"}]},{"@type":"WebSite","@id":"https:\/\/gimnasticdetarragona.cat\/es\/#website","url":"https:\/\/gimnasticdetarragona.cat\/es\/","name":"Gimn\u00e0stic de Tarragona SAD","description":"Gimn\u00e0stic de Tarragona","publisher":{"@id":"https:\/\/gimnasticdetarragona.cat\/es\/#organization"},"potentialAction":[{"@type":"SearchAction","target":{"@type":"EntryPoint","urlTemplate":"https:\/\/gimnasticdetarragona.cat\/es\/?s={search_term_string}"},"query-input":{"@type":"PropertyValueSpecification","valueRequired":true,"valueName":"search_term_string"}}],"inLanguage":"es"},{"@type":"Organization","@id":"https:\/\/gimnasticdetarragona.cat\/es\/#organization","name":"GIMN\u00c0STIC DE TARRAGONA","alternateName":"N\u00c0STIC","url":"https:\/\/gimnasticdetarragona.cat\/es\/","logo":{"@type":"ImageObject","inLanguage":"es","@id":"https:\/\/gimnasticdetarragona.cat\/es\/#\/schema\/logo\/image\/","url":"https:\/\/gimnasticdetarragona.cat\/wp-content\/uploads\/2022\/06\/cropped-logo-gimnastic.png","contentUrl":"https:\/\/gimnasticdetarragona.cat\/wp-content\/uploads\/2022\/06\/cropped-logo-gimnastic.png","width":224,"height":83,"caption":"GIMN\u00c0STIC DE TARRAGONA"},"image":{"@id":"https:\/\/gimnasticdetarragona.cat\/es\/#\/schema\/logo\/image\/"},"sameAs":["https:\/\/x.com\/NASTICTARRAGONA","https:\/\/www.instagram.com\/nastictarragona\/"]},{"@type":"Person","@id":"https:\/\/gimnasticdetarragona.cat\/es\/#\/schema\/person\/47b6a637abf88f9bd835540f20ea069e","name":"desarrollo","sameAs":["https:\/\/clone.gimnasticdetarragona.cat"]}]}},"_links":{"self":[{"href":"https:\/\/gimnasticdetarragona.cat\/es\/wp-json\/wp\/v2\/posts\/55552","targetHints":{"allow":["GET"]}}],"collection":[{"href":"https:\/\/gimnasticdetarragona.cat\/es\/wp-json\/wp\/v2\/posts"}],"about":[{"href":"https:\/\/gimnasticdetarragona.cat\/es\/wp-json\/wp\/v2\/types\/post"}],"author":[{"embeddable":true,"href":"https:\/\/gimnasticdetarragona.cat\/es\/wp-json\/wp\/v2\/users\/1"}],"replies":[{"embeddable":true,"href":"https:\/\/gimnasticdetarragona.cat\/es\/wp-json\/wp\/v2\/comments?post=55552"}],"version-history":[{"count":0,"href":"https:\/\/gimnasticdetarragona.cat\/es\/wp-json\/wp\/v2\/posts\/55552\/revisions"}],"wp:featuredmedia":[{"embeddable":true,"href":"https:\/\/gimnasticdetarragona.cat\/es\/wp-json\/wp\/v2\/media\/55549"}],"wp:attachment":[{"href":"https:\/\/gimnasticdetarragona.cat\/es\/wp-json\/wp\/v2\/media?parent=55552"}],"wp:term":[{"taxonomy":"category","embeddable":true,"href":"https:\/\/gimnasticdetarragona.cat\/es\/wp-json\/wp\/v2\/categories?post=55552"},{"taxonomy":"post_tag","embeddable":true,"href":"https:\/\/gimnasticdetarragona.cat\/es\/wp-json\/wp\/v2\/tags?post=55552"}],"curies":[{"name":"wp","href":"https:\/\/api.w.org\/{rel}","templated":true}]}}