{"id":55584,"date":"2018-08-17T12:56:30","date_gmt":"2018-08-17T12:56:30","guid":{"rendered":"https:\/\/clone.gimnasticdetarragona.cat\/nastic-i-inex-amplien-el-seu-acord\/"},"modified":"2018-08-17T12:56:30","modified_gmt":"2018-08-17T12:56:30","slug":"nastic-i-inex-amplien-el-seu-acord","status":"publish","type":"post","link":"https:\/\/gimnasticdetarragona.cat\/es\/nastic-i-inex-amplien-el-seu-acord\/","title":{"rendered":"El N\u00e0stic ampl\u00eda con INEX su presencia en China"},"content":{"rendered":"<p style=\"text-align: justify;\">El Gimn\u00e0stic de Tarragona ha llegado a un acuerdo con Influence Chain, la compa\u00f1\u00eda l\u00edder en el mundo de la tecnolog\u00eda Blockchain, para ampliar el acuerdo de colaboraci\u00f3n que les une desde la temporada pasada. De este modo, el patrocinio se alarga hasta finales de la 2018\/2019, lo que permite al N\u00e0stic seguir con su l\u00ednea de trabajo de expansi\u00f3n internacional, en especial en este caso, en el mercado asi\u00e1tico.<\/p>\n<p style=\"text-align: justify;\">El patrocinio se har\u00e1 visible con INEX, la plataforma de aplicaci\u00f3n principal de Influence Chain. La marca global tendr\u00e1 visibilidad en la camiseta oficial de juego y tambi\u00e9n en otros activos comerciales del club y ya se podr\u00e1 ver este pr\u00f3ximo lunes en el estreno en LaLiga 1|2|3 ante el CD Tenerife en el Nou Estadi.<\/p>\n<p style=\"text-align: justify;\">Adem\u00e1s, durante las pr\u00f3ximas semanas, el N\u00e0stic activar\u00e1 una cuenta oficial en la red social Weibo, una de las m\u00e1s importantes en China.<\/p>\n<p style=\"text-align: justify;\">Con sede en Shanghai (China) y oficinas en Zug (Suiza), Se\u00fal (Corea del Sur) y Silicon Valley (Estados Unidos), Influence Chain es el primer motor de datos del mundo que eval\u00faa la influencia basada en la tecnolog\u00eda de Blockchain. A trav\u00e9s de esta tecnolog\u00eda y del almacenamiento distribuido (almacenamiento online), Influence Chain se dedica a construir una plataforma global del valor de la influencia.<\/p>\n<p style=\"text-align: justify;\">Influence Exchange (INEX), siendo la principal plataforma de aplicaciones de Influence Chain, se fija el objetivo de descubrir los grupos con reconocimiento p\u00fablico o influencia social en industrias como la cultura, los deportes o el entretenimiento y demostrar su valor a trav\u00e9s de la tecnolog\u00eda Blockchain\u00a0por una nueva dimensi\u00f3n del trabajo.<\/p>\n","protected":false},"excerpt":{"rendered":"<p>El Gimn\u00e0stic de Tarragona ha llegado a un acuerdo con Influence Chain, la compa\u00f1\u00eda l\u00edder en el mundo de la tecnolog\u00eda Blockchain, para ampliar el acuerdo de colaboraci\u00f3n que les une desde la temporada pasada.<\/p>\n","protected":false},"author":1,"featured_media":55581,"comment_status":"open","ping_status":"open","sticky":false,"template":"","format":"standard","meta":{"_acf_changed":false,"footnotes":""},"categories":[113,116],"tags":[],"class_list":["post-55584","post","type-post","status-publish","format-standard","has-post-thumbnail","hentry","category-actualidad","category-club-empresa"],"acf":[],"yoast_head":"<!-- This site is optimized with the Yoast SEO plugin v27.3 - https:\/\/yoast.com\/product\/yoast-seo-wordpress\/ -->\n<title>El N\u00e0stic ampl\u00eda con INEX su presencia en China - Gimn\u00e0stic de Tarragona SAD<\/title>\n<meta name=\"robots\" content=\"index, follow, max-snippet:-1, max-image-preview:large, max-video-preview:-1\" \/>\n<link rel=\"canonical\" href=\"https:\/\/gimnasticdetarragona.cat\/nastic-i-inex-amplien-el-seu-acord\/\" \/>\n<meta property=\"og:locale\" content=\"es_ES\" \/>\n<meta property=\"og:type\" content=\"article\" \/>\n<meta property=\"og:title\" content=\"El N\u00e0stic ampl\u00eda con INEX su presencia en China - Gimn\u00e0stic de Tarragona SAD\" \/>\n<meta property=\"og:description\" content=\"El Gimn\u00e0stic de Tarragona ha llegado a un acuerdo con Influence Chain, la compa\u00f1\u00eda l\u00edder en el mundo de la tecnolog\u00eda Blockchain, para ampliar el acuerdo de colaboraci\u00f3n que les une desde la temporada pasada.\" \/>\n<meta property=\"og:url\" content=\"https:\/\/gimnasticdetarragona.cat\/nastic-i-inex-amplien-el-seu-acord\/\" \/>\n<meta property=\"og:site_name\" content=\"Gimn\u00e0stic de Tarragona SAD\" \/>\n<meta property=\"article:published_time\" content=\"2018-08-17T12:56:30+00:00\" \/>\n<meta property=\"og:image\" content=\"https:\/\/gimnasticdetarragona.cat\/wp-content\/uploads\/2022\/06\/06001355137466.jpg\" \/>\n\t<meta property=\"og:image:width\" content=\"1268\" \/>\n\t<meta property=\"og:image:height\" content=\"660\" \/>\n\t<meta property=\"og:image:type\" content=\"image\/jpeg\" \/>\n<meta name=\"author\" content=\"desarrollo\" \/>\n<meta name=\"twitter:card\" content=\"summary_large_image\" \/>\n<meta name=\"twitter:creator\" content=\"@NASTICTARRAGONA\" \/>\n<meta name=\"twitter:site\" content=\"@NASTICTARRAGONA\" \/>\n<meta name=\"twitter:label1\" content=\"Escrito por\" \/>\n\t<meta name=\"twitter:data1\" content=\"desarrollo\" \/>\n\t<meta name=\"twitter:label2\" content=\"Tiempo de lectura\" \/>\n\t<meta name=\"twitter:data2\" content=\"1 minuto\" \/>\n<script type=\"application\/ld+json\" class=\"yoast-schema-graph\">{\"@context\":\"https:\\\/\\\/schema.org\",\"@graph\":[{\"@type\":\"Article\",\"@id\":\"https:\\\/\\\/gimnasticdetarragona.cat\\\/nastic-i-inex-amplien-el-seu-acord\\\/#article\",\"isPartOf\":{\"@id\":\"https:\\\/\\\/gimnasticdetarragona.cat\\\/nastic-i-inex-amplien-el-seu-acord\\\/\"},\"author\":{\"name\":\"desarrollo\",\"@id\":\"https:\\\/\\\/gimnasticdetarragona.cat\\\/es\\\/#\\\/schema\\\/person\\\/47b6a637abf88f9bd835540f20ea069e\"},\"headline\":\"El N\u00e0stic ampl\u00eda con INEX su presencia en China\",\"datePublished\":\"2018-08-17T12:56:30+00:00\",\"mainEntityOfPage\":{\"@id\":\"https:\\\/\\\/gimnasticdetarragona.cat\\\/nastic-i-inex-amplien-el-seu-acord\\\/\"},\"wordCount\":299,\"commentCount\":0,\"publisher\":{\"@id\":\"https:\\\/\\\/gimnasticdetarragona.cat\\\/es\\\/#organization\"},\"image\":{\"@id\":\"https:\\\/\\\/gimnasticdetarragona.cat\\\/nastic-i-inex-amplien-el-seu-acord\\\/#primaryimage\"},\"thumbnailUrl\":\"https:\\\/\\\/gimnasticdetarragona.cat\\\/wp-content\\\/uploads\\\/2022\\\/06\\\/06001355137466.jpg\",\"articleSection\":[\"Actualidad\",\"Club Empresa\"],\"inLanguage\":\"es\"},{\"@type\":\"WebPage\",\"@id\":\"https:\\\/\\\/gimnasticdetarragona.cat\\\/nastic-i-inex-amplien-el-seu-acord\\\/\",\"url\":\"https:\\\/\\\/gimnasticdetarragona.cat\\\/nastic-i-inex-amplien-el-seu-acord\\\/\",\"name\":\"El N\u00e0stic ampl\u00eda con INEX su presencia en China - Gimn\u00e0stic de Tarragona SAD\",\"isPartOf\":{\"@id\":\"https:\\\/\\\/gimnasticdetarragona.cat\\\/es\\\/#website\"},\"primaryImageOfPage\":{\"@id\":\"https:\\\/\\\/gimnasticdetarragona.cat\\\/nastic-i-inex-amplien-el-seu-acord\\\/#primaryimage\"},\"image\":{\"@id\":\"https:\\\/\\\/gimnasticdetarragona.cat\\\/nastic-i-inex-amplien-el-seu-acord\\\/#primaryimage\"},\"thumbnailUrl\":\"https:\\\/\\\/gimnasticdetarragona.cat\\\/wp-content\\\/uploads\\\/2022\\\/06\\\/06001355137466.jpg\",\"datePublished\":\"2018-08-17T12:56:30+00:00\",\"breadcrumb\":{\"@id\":\"https:\\\/\\\/gimnasticdetarragona.cat\\\/nastic-i-inex-amplien-el-seu-acord\\\/#breadcrumb\"},\"inLanguage\":\"es\",\"potentialAction\":[{\"@type\":\"ReadAction\",\"target\":[\"https:\\\/\\\/gimnasticdetarragona.cat\\\/nastic-i-inex-amplien-el-seu-acord\\\/\"]}]},{\"@type\":\"ImageObject\",\"inLanguage\":\"es\",\"@id\":\"https:\\\/\\\/gimnasticdetarragona.cat\\\/nastic-i-inex-amplien-el-seu-acord\\\/#primaryimage\",\"url\":\"https:\\\/\\\/gimnasticdetarragona.cat\\\/wp-content\\\/uploads\\\/2022\\\/06\\\/06001355137466.jpg\",\"contentUrl\":\"https:\\\/\\\/gimnasticdetarragona.cat\\\/wp-content\\\/uploads\\\/2022\\\/06\\\/06001355137466.jpg\",\"width\":1268,\"height\":660},{\"@type\":\"BreadcrumbList\",\"@id\":\"https:\\\/\\\/gimnasticdetarragona.cat\\\/nastic-i-inex-amplien-el-seu-acord\\\/#breadcrumb\",\"itemListElement\":[{\"@type\":\"ListItem\",\"position\":1,\"name\":\"Inici\",\"item\":\"https:\\\/\\\/gimnasticdetarragona.cat\\\/es\\\/nastic\\\/\"},{\"@type\":\"ListItem\",\"position\":2,\"name\":\"El N\u00e0stic ampl\u00eda con INEX su presencia en China\"}]},{\"@type\":\"WebSite\",\"@id\":\"https:\\\/\\\/gimnasticdetarragona.cat\\\/es\\\/#website\",\"url\":\"https:\\\/\\\/gimnasticdetarragona.cat\\\/es\\\/\",\"name\":\"Gimn\u00e0stic de Tarragona SAD\",\"description\":\"Gimn\u00e0stic de Tarragona\",\"publisher\":{\"@id\":\"https:\\\/\\\/gimnasticdetarragona.cat\\\/es\\\/#organization\"},\"potentialAction\":[{\"@type\":\"SearchAction\",\"target\":{\"@type\":\"EntryPoint\",\"urlTemplate\":\"https:\\\/\\\/gimnasticdetarragona.cat\\\/es\\\/?s={search_term_string}\"},\"query-input\":{\"@type\":\"PropertyValueSpecification\",\"valueRequired\":true,\"valueName\":\"search_term_string\"}}],\"inLanguage\":\"es\"},{\"@type\":\"Organization\",\"@id\":\"https:\\\/\\\/gimnasticdetarragona.cat\\\/es\\\/#organization\",\"name\":\"GIMN\u00c0STIC DE TARRAGONA\",\"alternateName\":\"N\u00c0STIC\",\"url\":\"https:\\\/\\\/gimnasticdetarragona.cat\\\/es\\\/\",\"logo\":{\"@type\":\"ImageObject\",\"inLanguage\":\"es\",\"@id\":\"https:\\\/\\\/gimnasticdetarragona.cat\\\/es\\\/#\\\/schema\\\/logo\\\/image\\\/\",\"url\":\"https:\\\/\\\/gimnasticdetarragona.cat\\\/wp-content\\\/uploads\\\/2022\\\/06\\\/cropped-logo-gimnastic.png\",\"contentUrl\":\"https:\\\/\\\/gimnasticdetarragona.cat\\\/wp-content\\\/uploads\\\/2022\\\/06\\\/cropped-logo-gimnastic.png\",\"width\":224,\"height\":83,\"caption\":\"GIMN\u00c0STIC DE TARRAGONA\"},\"image\":{\"@id\":\"https:\\\/\\\/gimnasticdetarragona.cat\\\/es\\\/#\\\/schema\\\/logo\\\/image\\\/\"},\"sameAs\":[\"https:\\\/\\\/x.com\\\/NASTICTARRAGONA\",\"https:\\\/\\\/www.instagram.com\\\/nastictarragona\\\/\"]},{\"@type\":\"Person\",\"@id\":\"https:\\\/\\\/gimnasticdetarragona.cat\\\/es\\\/#\\\/schema\\\/person\\\/47b6a637abf88f9bd835540f20ea069e\",\"name\":\"desarrollo\",\"sameAs\":[\"https:\\\/\\\/clone.gimnasticdetarragona.cat\"]}]}<\/script>\n<!-- \/ Yoast SEO plugin. -->","yoast_head_json":{"title":"El N\u00e0stic ampl\u00eda con INEX su presencia en China - Gimn\u00e0stic de Tarragona SAD","robots":{"index":"index","follow":"follow","max-snippet":"max-snippet:-1","max-image-preview":"max-image-preview:large","max-video-preview":"max-video-preview:-1"},"canonical":"https:\/\/gimnasticdetarragona.cat\/nastic-i-inex-amplien-el-seu-acord\/","og_locale":"es_ES","og_type":"article","og_title":"El N\u00e0stic ampl\u00eda con INEX su presencia en China - Gimn\u00e0stic de Tarragona SAD","og_description":"El Gimn\u00e0stic de Tarragona ha llegado a un acuerdo con Influence Chain, la compa\u00f1\u00eda l\u00edder en el mundo de la tecnolog\u00eda Blockchain, para ampliar el acuerdo de colaboraci\u00f3n que les une desde la temporada pasada.","og_url":"https:\/\/gimnasticdetarragona.cat\/nastic-i-inex-amplien-el-seu-acord\/","og_site_name":"Gimn\u00e0stic de Tarragona SAD","article_published_time":"2018-08-17T12:56:30+00:00","og_image":[{"width":1268,"height":660,"url":"https:\/\/gimnasticdetarragona.cat\/wp-content\/uploads\/2022\/06\/06001355137466.jpg","type":"image\/jpeg"}],"author":"desarrollo","twitter_card":"summary_large_image","twitter_creator":"@NASTICTARRAGONA","twitter_site":"@NASTICTARRAGONA","twitter_misc":{"Escrito por":"desarrollo","Tiempo de lectura":"1 minuto"},"schema":{"@context":"https:\/\/schema.org","@graph":[{"@type":"Article","@id":"https:\/\/gimnasticdetarragona.cat\/nastic-i-inex-amplien-el-seu-acord\/#article","isPartOf":{"@id":"https:\/\/gimnasticdetarragona.cat\/nastic-i-inex-amplien-el-seu-acord\/"},"author":{"name":"desarrollo","@id":"https:\/\/gimnasticdetarragona.cat\/es\/#\/schema\/person\/47b6a637abf88f9bd835540f20ea069e"},"headline":"El N\u00e0stic ampl\u00eda con INEX su presencia en China","datePublished":"2018-08-17T12:56:30+00:00","mainEntityOfPage":{"@id":"https:\/\/gimnasticdetarragona.cat\/nastic-i-inex-amplien-el-seu-acord\/"},"wordCount":299,"commentCount":0,"publisher":{"@id":"https:\/\/gimnasticdetarragona.cat\/es\/#organization"},"image":{"@id":"https:\/\/gimnasticdetarragona.cat\/nastic-i-inex-amplien-el-seu-acord\/#primaryimage"},"thumbnailUrl":"https:\/\/gimnasticdetarragona.cat\/wp-content\/uploads\/2022\/06\/06001355137466.jpg","articleSection":["Actualidad","Club Empresa"],"inLanguage":"es"},{"@type":"WebPage","@id":"https:\/\/gimnasticdetarragona.cat\/nastic-i-inex-amplien-el-seu-acord\/","url":"https:\/\/gimnasticdetarragona.cat\/nastic-i-inex-amplien-el-seu-acord\/","name":"El N\u00e0stic ampl\u00eda con INEX su presencia en China - Gimn\u00e0stic de Tarragona SAD","isPartOf":{"@id":"https:\/\/gimnasticdetarragona.cat\/es\/#website"},"primaryImageOfPage":{"@id":"https:\/\/gimnasticdetarragona.cat\/nastic-i-inex-amplien-el-seu-acord\/#primaryimage"},"image":{"@id":"https:\/\/gimnasticdetarragona.cat\/nastic-i-inex-amplien-el-seu-acord\/#primaryimage"},"thumbnailUrl":"https:\/\/gimnasticdetarragona.cat\/wp-content\/uploads\/2022\/06\/06001355137466.jpg","datePublished":"2018-08-17T12:56:30+00:00","breadcrumb":{"@id":"https:\/\/gimnasticdetarragona.cat\/nastic-i-inex-amplien-el-seu-acord\/#breadcrumb"},"inLanguage":"es","potentialAction":[{"@type":"ReadAction","target":["https:\/\/gimnasticdetarragona.cat\/nastic-i-inex-amplien-el-seu-acord\/"]}]},{"@type":"ImageObject","inLanguage":"es","@id":"https:\/\/gimnasticdetarragona.cat\/nastic-i-inex-amplien-el-seu-acord\/#primaryimage","url":"https:\/\/gimnasticdetarragona.cat\/wp-content\/uploads\/2022\/06\/06001355137466.jpg","contentUrl":"https:\/\/gimnasticdetarragona.cat\/wp-content\/uploads\/2022\/06\/06001355137466.jpg","width":1268,"height":660},{"@type":"BreadcrumbList","@id":"https:\/\/gimnasticdetarragona.cat\/nastic-i-inex-amplien-el-seu-acord\/#breadcrumb","itemListElement":[{"@type":"ListItem","position":1,"name":"Inici","item":"https:\/\/gimnasticdetarragona.cat\/es\/nastic\/"},{"@type":"ListItem","position":2,"name":"El N\u00e0stic ampl\u00eda con INEX su presencia en China"}]},{"@type":"WebSite","@id":"https:\/\/gimnasticdetarragona.cat\/es\/#website","url":"https:\/\/gimnasticdetarragona.cat\/es\/","name":"Gimn\u00e0stic de Tarragona SAD","description":"Gimn\u00e0stic de Tarragona","publisher":{"@id":"https:\/\/gimnasticdetarragona.cat\/es\/#organization"},"potentialAction":[{"@type":"SearchAction","target":{"@type":"EntryPoint","urlTemplate":"https:\/\/gimnasticdetarragona.cat\/es\/?s={search_term_string}"},"query-input":{"@type":"PropertyValueSpecification","valueRequired":true,"valueName":"search_term_string"}}],"inLanguage":"es"},{"@type":"Organization","@id":"https:\/\/gimnasticdetarragona.cat\/es\/#organization","name":"GIMN\u00c0STIC DE TARRAGONA","alternateName":"N\u00c0STIC","url":"https:\/\/gimnasticdetarragona.cat\/es\/","logo":{"@type":"ImageObject","inLanguage":"es","@id":"https:\/\/gimnasticdetarragona.cat\/es\/#\/schema\/logo\/image\/","url":"https:\/\/gimnasticdetarragona.cat\/wp-content\/uploads\/2022\/06\/cropped-logo-gimnastic.png","contentUrl":"https:\/\/gimnasticdetarragona.cat\/wp-content\/uploads\/2022\/06\/cropped-logo-gimnastic.png","width":224,"height":83,"caption":"GIMN\u00c0STIC DE TARRAGONA"},"image":{"@id":"https:\/\/gimnasticdetarragona.cat\/es\/#\/schema\/logo\/image\/"},"sameAs":["https:\/\/x.com\/NASTICTARRAGONA","https:\/\/www.instagram.com\/nastictarragona\/"]},{"@type":"Person","@id":"https:\/\/gimnasticdetarragona.cat\/es\/#\/schema\/person\/47b6a637abf88f9bd835540f20ea069e","name":"desarrollo","sameAs":["https:\/\/clone.gimnasticdetarragona.cat"]}]}},"_links":{"self":[{"href":"https:\/\/gimnasticdetarragona.cat\/es\/wp-json\/wp\/v2\/posts\/55584","targetHints":{"allow":["GET"]}}],"collection":[{"href":"https:\/\/gimnasticdetarragona.cat\/es\/wp-json\/wp\/v2\/posts"}],"about":[{"href":"https:\/\/gimnasticdetarragona.cat\/es\/wp-json\/wp\/v2\/types\/post"}],"author":[{"embeddable":true,"href":"https:\/\/gimnasticdetarragona.cat\/es\/wp-json\/wp\/v2\/users\/1"}],"replies":[{"embeddable":true,"href":"https:\/\/gimnasticdetarragona.cat\/es\/wp-json\/wp\/v2\/comments?post=55584"}],"version-history":[{"count":0,"href":"https:\/\/gimnasticdetarragona.cat\/es\/wp-json\/wp\/v2\/posts\/55584\/revisions"}],"wp:featuredmedia":[{"embeddable":true,"href":"https:\/\/gimnasticdetarragona.cat\/es\/wp-json\/wp\/v2\/media\/55581"}],"wp:attachment":[{"href":"https:\/\/gimnasticdetarragona.cat\/es\/wp-json\/wp\/v2\/media?parent=55584"}],"wp:term":[{"taxonomy":"category","embeddable":true,"href":"https:\/\/gimnasticdetarragona.cat\/es\/wp-json\/wp\/v2\/categories?post=55584"},{"taxonomy":"post_tag","embeddable":true,"href":"https:\/\/gimnasticdetarragona.cat\/es\/wp-json\/wp\/v2\/tags?post=55584"}],"curies":[{"name":"wp","href":"https:\/\/api.w.org\/{rel}","templated":true}]}}