{"id":55726,"date":"2018-07-19T18:58:13","date_gmt":"2018-07-19T18:58:13","guid":{"rendered":"https:\/\/clone.gimnasticdetarragona.cat\/presentacio-oficial-de-rocha-luis-suarez-i-manu-del-moral\/"},"modified":"2018-07-19T18:58:13","modified_gmt":"2018-07-19T18:58:13","slug":"presentacio-oficial-de-rocha-luis-suarez-i-manu-del-moral","status":"publish","type":"post","link":"https:\/\/gimnasticdetarragona.cat\/es\/presentacio-oficial-de-rocha-luis-suarez-i-manu-del-moral\/","title":{"rendered":"Presentaci\u00f3n oficial de Rocha, Luis Su\u00e1rez y Manu del Moral"},"content":{"rendered":"<div id=\"gt-src-c\" class=\"g-unit\">\u00a0<span title=\"El mig-campista David Rocha i els davanters Luis Su\u00e1rez i Manu del Moral han estat els primers jugadors protagonistes a la sala de premsa del Nou Estadi aquesta temporada 2018-2019.\">El centrocampista David Rocha y los delanteros Luis Su\u00e1rez y Manu del Moral han sido los primeros jugadores protagonistas en la sala de prensa del Nou Estadi esta temporada 2018-2019.\u00a0<\/span><span title=\"En la seva presentaci\u00f3 oficial acompanyats pel president, Josep Maria Andreu, i el director esportiu, Arnal Llibert Conde, han destacat la il\u00b7lusi\u00f3 pel nou projecte que dirigeix Jos\u00e9 Antonio Gordillo. \">En su presentaci\u00f3n oficial acompa\u00f1ados por el presidente, Josep Maria Andreu, y el director deportivo, Arnal Llibert Conde, han destacado la ilusi\u00f3n por el nuevo proyecto que dirige Jos\u00e9 Antonio Gordillo.<\/span><\/div>\n<div id=\"gt-res-c\" class=\"g-unit\">\n<div id=\"gt-res-p\">\n<div id=\"gt-res-data\">\n<div id=\"gt-res-wrap\">\n<div id=\"gt-res-content\">\n<div id=\"gt-res-dir-ctr\" class=\"trans-verified-button-small\" dir=\"ltr\" style=\"text-align: justify;\">\n<p><span title=\"David Rocha torna al N\u00e0stic despr\u00e9s del seu pas pel Houston Dinamo de la MLS dels Estats Units i el Real Oviedo de LaLiga1|2|3.\">David Rocha vuelve al N\u00e0stic tras su paso por el Houston Dinamo de la MLS de Estados Unidos y el Real Oviedo de LaLiga1|2 |3.\u00a0<\/span><span title=\"El jugador de C\u00e1ceres ha assegurat que tenia clar que \u201cun dia tornaria al N\u00e0stic perqu\u00e8 Tarragona \u00e9s casa meva.\">El jugador de C\u00e1ceres ha asegurado que ten\u00eda claro que \u00abun d\u00eda volver\u00eda al N\u00e0stic porque Tarragona es mi casa.\u00a0<\/span><span title=\"Quan em va trucar el president vaig dir al meu representant que no mir\u00e9s res m\u00e9s\u201d.\">Cuando me llam\u00f3 el presidente dije a mi representante que no mirara nada m\u00e1s \u00ab.\u00a0<\/span><span title=\"Rocha creu que el N\u00e0stic ha de pensar nom\u00e9s en fer \u201cels 50 punts el m\u00e9s aviat possible, perqu\u00e8 la categoria est\u00e0 molt igualada i mantenir-se a la categoria ja \u00e9s un gran \u00e8xit\u201d. \">Rocha cree que el N\u00e0stic debe pensar s\u00f3lo en conseguir \u00ablos 50 puntos lo antes posible,\u00a0porque\u00a0la categor\u00eda est\u00e1 muy igualada y mantenerse ya es un gran \u00e9xito\u00bb.<\/span><\/p>\n<p><span title=\"Luis Su\u00e1rez, que aportar\u00e0 joventut al N\u00e0stic, ha apuntat la seva arribada a Tarragona \u201c\u00e9s un gran repte a nivell individual i de grup.\">Luis Su\u00e1rez, que aportar\u00e1 juventud al N\u00e0stic, ha apuntado que su llegada a Tarragona \u00abes un gran reto a nivel individual y de grupo.\u00a0<\/span><span title=\"Penso m\u00e9s en l'equip i en no patir aquesta temporada que no pas en els meus n\u00fameros.\u201d El davanter colombi\u00e0 s'ha definit com un jugador \u201cpotent, que m'agrada caure a banda perqu\u00e8 s\u00f3c r\u00e0pid i m'agrada mirar a\">Pienso m\u00e1s en el equipo y en no sufrir esta temporada que en mis n\u00fameros.\u00bb El delantero colombiano se ha definido como un jugador \u00abpotente, que me gusta caer a banda porque soy r\u00e1pido y me gusta mirar a\u00a0<\/span><span title=\"porteria i marcar gols\u201d. \">porter\u00eda y marcar goles \u00ab.<\/span><\/p>\n<p><span title=\"Finalment, Manu del Moral, arriba amb l\u2019experi\u00e8ncia del seu pas per diferents equips de LaLiga1|2|3 i la seva traject\u00f2ria tamb\u00e9 a la m\u00e0xima categoria del futbol estatal on sempre ha estat protagonista jugant partits i fent gols.\">Finalmente, Manu del Moral, llega con la experiencia de su paso por diferentes equipos de LaLiga1|2|3 y su trayectoria tambi\u00e9n en la m\u00e1xima categor\u00eda del f\u00fatbol estatal donde siempre ha sido protagonista jugando partidos y haciendo goles.\u00a0<\/span><span title=\"El davanter ha confessat que \u201che vist un grup molt implicat a nivell hum\u00e0 i m\u2019he sentit molt c\u00f2mode en aquestes primeres hores a Tarragona.\">El delantero\u00a0ha confesado que \u00abhe visto un grupo muy implicado a nivel humano y me he sentido muy c\u00f3modo en estas primeras horas en Tarragona.\u00a0<\/span><span title=\"El club \u00e9s familiar i aix\u00f2 fa que el dia a dia sigui m\u00e9s c\u00f2mode i \u00e9s un factor clau\u201d.\">El club es familiar y esto hace que el d\u00eda a d\u00eda sea m\u00e1s c\u00f3modo. Es un factor clave\u00bb.\u00a0<\/span><span title=\"Respecte al seu paper a l\u2019equip reconeix que vol aportar \u201cexperi\u00e8ncia i il\u00b7lusi\u00f3 i tots som importants.\">Respecto a su papel en el equipo reconoce que quiere aportar \u00abexperiencia e ilusi\u00f3n y todos somos importantes.\u00a0<\/span><span title=\"Tots hem de treure el lideratge personal per ajudar a l\u2019equip\u201d. \">Todos debemos sacar el liderazgo personal para ayudar al equipo \u00ab.<\/span><\/p>\n<p><span title=\"La presentaci\u00f3 ha acabat amb un fotografia de grup a la gespa del Nou Estadi amb els tres jugadors acompanyats per Josep Maria Andreu i Arnal Llibert Conde.\">La presentaci\u00f3n ha termacabado\u00a0con un fotograf\u00eda de grupo en el c\u00e9sped del Nou Estadi con los tres jugadores acompa\u00f1ados por Josep Maria Andreu y Arnal Llibert Conde.<\/span><\/p>\n<\/div>\n<\/div>\n<\/div>\n<\/div>\n<\/div>\n<\/div>\n","protected":false},"excerpt":{"rendered":"<p>El centrocampista David Rocha y los delanteros Luis Su\u00e1rez y Manu del Moral han sido los primeros jugadores protagonistas en la sala de prensa del Nou Estadi esta temporada 2018-2019. En su presentaci\u00f3n oficial acompa\u00f1ados por el presidente, Josep Maria Andreu, y el director deportivo, Arnal Llibert Conde, han destacado la ilusi\u00f3n por el nuevo proyecto que dirige Jos\u00e9 Antonio Gordillo.<\/p>\n","protected":false},"author":1,"featured_media":55723,"comment_status":"open","ping_status":"open","sticky":false,"template":"","format":"standard","meta":{"_acf_changed":false,"footnotes":""},"categories":[113],"tags":[],"class_list":["post-55726","post","type-post","status-publish","format-standard","has-post-thumbnail","hentry","category-actualidad"],"acf":[],"yoast_head":"<!-- This site is optimized with the Yoast SEO plugin v27.3 - https:\/\/yoast.com\/product\/yoast-seo-wordpress\/ -->\n<title>Presentaci\u00f3n oficial de Rocha, Luis Su\u00e1rez y Manu del Moral - Gimn\u00e0stic de Tarragona SAD<\/title>\n<meta name=\"robots\" content=\"index, follow, max-snippet:-1, max-image-preview:large, max-video-preview:-1\" \/>\n<link rel=\"canonical\" href=\"https:\/\/gimnasticdetarragona.cat\/es\/presentacio-oficial-de-rocha-luis-suarez-i-manu-del-moral\/\" \/>\n<meta property=\"og:locale\" content=\"es_ES\" \/>\n<meta property=\"og:type\" content=\"article\" \/>\n<meta property=\"og:title\" content=\"Presentaci\u00f3n oficial de Rocha, Luis Su\u00e1rez y Manu del Moral - Gimn\u00e0stic de Tarragona SAD\" \/>\n<meta property=\"og:description\" content=\"El centrocampista David Rocha y los delanteros Luis Su\u00e1rez y Manu del Moral han sido los primeros jugadores protagonistas en la sala de prensa del Nou Estadi esta temporada 2018-2019. En su presentaci\u00f3n oficial acompa\u00f1ados por el presidente, Josep Maria Andreu, y el director deportivo, Arnal Llibert Conde, han destacado la ilusi\u00f3n por el nuevo proyecto que dirige Jos\u00e9 Antonio Gordillo.\" \/>\n<meta property=\"og:url\" content=\"https:\/\/gimnasticdetarragona.cat\/es\/presentacio-oficial-de-rocha-luis-suarez-i-manu-del-moral\/\" \/>\n<meta property=\"og:site_name\" content=\"Gimn\u00e0stic de Tarragona SAD\" \/>\n<meta property=\"article:published_time\" content=\"2018-07-19T18:58:13+00:00\" \/>\n<meta property=\"og:image\" content=\"https:\/\/gimnasticdetarragona.cat\/wp-content\/uploads\/2022\/06\/06001314136568.jpg\" \/>\n\t<meta property=\"og:image:width\" content=\"2400\" \/>\n\t<meta property=\"og:image:height\" content=\"1600\" \/>\n\t<meta property=\"og:image:type\" content=\"image\/jpeg\" \/>\n<meta name=\"author\" content=\"desarrollo\" \/>\n<meta name=\"twitter:card\" content=\"summary_large_image\" \/>\n<meta name=\"twitter:creator\" content=\"@NASTICTARRAGONA\" \/>\n<meta name=\"twitter:site\" content=\"@NASTICTARRAGONA\" \/>\n<meta name=\"twitter:label1\" content=\"Escrito por\" \/>\n\t<meta name=\"twitter:data1\" content=\"desarrollo\" \/>\n\t<meta name=\"twitter:label2\" content=\"Tiempo de lectura\" \/>\n\t<meta name=\"twitter:data2\" content=\"2 minutos\" \/>\n<script type=\"application\/ld+json\" class=\"yoast-schema-graph\">{\"@context\":\"https:\\\/\\\/schema.org\",\"@graph\":[{\"@type\":\"Article\",\"@id\":\"https:\\\/\\\/gimnasticdetarragona.cat\\\/es\\\/presentacio-oficial-de-rocha-luis-suarez-i-manu-del-moral\\\/#article\",\"isPartOf\":{\"@id\":\"https:\\\/\\\/gimnasticdetarragona.cat\\\/es\\\/presentacio-oficial-de-rocha-luis-suarez-i-manu-del-moral\\\/\"},\"author\":{\"name\":\"desarrollo\",\"@id\":\"https:\\\/\\\/gimnasticdetarragona.cat\\\/es\\\/#\\\/schema\\\/person\\\/47b6a637abf88f9bd835540f20ea069e\"},\"headline\":\"Presentaci\u00f3n oficial de Rocha, Luis Su\u00e1rez y Manu del Moral\",\"datePublished\":\"2018-07-19T18:58:13+00:00\",\"mainEntityOfPage\":{\"@id\":\"https:\\\/\\\/gimnasticdetarragona.cat\\\/es\\\/presentacio-oficial-de-rocha-luis-suarez-i-manu-del-moral\\\/\"},\"wordCount\":398,\"commentCount\":0,\"publisher\":{\"@id\":\"https:\\\/\\\/gimnasticdetarragona.cat\\\/es\\\/#organization\"},\"image\":{\"@id\":\"https:\\\/\\\/gimnasticdetarragona.cat\\\/es\\\/presentacio-oficial-de-rocha-luis-suarez-i-manu-del-moral\\\/#primaryimage\"},\"thumbnailUrl\":\"https:\\\/\\\/gimnasticdetarragona.cat\\\/wp-content\\\/uploads\\\/2022\\\/06\\\/06001314136568.jpg\",\"articleSection\":[\"Actualidad\"],\"inLanguage\":\"es\"},{\"@type\":\"WebPage\",\"@id\":\"https:\\\/\\\/gimnasticdetarragona.cat\\\/es\\\/presentacio-oficial-de-rocha-luis-suarez-i-manu-del-moral\\\/\",\"url\":\"https:\\\/\\\/gimnasticdetarragona.cat\\\/es\\\/presentacio-oficial-de-rocha-luis-suarez-i-manu-del-moral\\\/\",\"name\":\"Presentaci\u00f3n oficial de Rocha, Luis Su\u00e1rez y Manu del Moral - Gimn\u00e0stic de Tarragona SAD\",\"isPartOf\":{\"@id\":\"https:\\\/\\\/gimnasticdetarragona.cat\\\/es\\\/#website\"},\"primaryImageOfPage\":{\"@id\":\"https:\\\/\\\/gimnasticdetarragona.cat\\\/es\\\/presentacio-oficial-de-rocha-luis-suarez-i-manu-del-moral\\\/#primaryimage\"},\"image\":{\"@id\":\"https:\\\/\\\/gimnasticdetarragona.cat\\\/es\\\/presentacio-oficial-de-rocha-luis-suarez-i-manu-del-moral\\\/#primaryimage\"},\"thumbnailUrl\":\"https:\\\/\\\/gimnasticdetarragona.cat\\\/wp-content\\\/uploads\\\/2022\\\/06\\\/06001314136568.jpg\",\"datePublished\":\"2018-07-19T18:58:13+00:00\",\"breadcrumb\":{\"@id\":\"https:\\\/\\\/gimnasticdetarragona.cat\\\/es\\\/presentacio-oficial-de-rocha-luis-suarez-i-manu-del-moral\\\/#breadcrumb\"},\"inLanguage\":\"es\",\"potentialAction\":[{\"@type\":\"ReadAction\",\"target\":[\"https:\\\/\\\/gimnasticdetarragona.cat\\\/es\\\/presentacio-oficial-de-rocha-luis-suarez-i-manu-del-moral\\\/\"]}]},{\"@type\":\"ImageObject\",\"inLanguage\":\"es\",\"@id\":\"https:\\\/\\\/gimnasticdetarragona.cat\\\/es\\\/presentacio-oficial-de-rocha-luis-suarez-i-manu-del-moral\\\/#primaryimage\",\"url\":\"https:\\\/\\\/gimnasticdetarragona.cat\\\/wp-content\\\/uploads\\\/2022\\\/06\\\/06001314136568.jpg\",\"contentUrl\":\"https:\\\/\\\/gimnasticdetarragona.cat\\\/wp-content\\\/uploads\\\/2022\\\/06\\\/06001314136568.jpg\",\"width\":2400,\"height\":1600},{\"@type\":\"BreadcrumbList\",\"@id\":\"https:\\\/\\\/gimnasticdetarragona.cat\\\/es\\\/presentacio-oficial-de-rocha-luis-suarez-i-manu-del-moral\\\/#breadcrumb\",\"itemListElement\":[{\"@type\":\"ListItem\",\"position\":1,\"name\":\"Inici\",\"item\":\"https:\\\/\\\/gimnasticdetarragona.cat\\\/es\\\/nastic\\\/\"},{\"@type\":\"ListItem\",\"position\":2,\"name\":\"Presentaci\u00f3n oficial de Rocha, Luis Su\u00e1rez y Manu del Moral\"}]},{\"@type\":\"WebSite\",\"@id\":\"https:\\\/\\\/gimnasticdetarragona.cat\\\/es\\\/#website\",\"url\":\"https:\\\/\\\/gimnasticdetarragona.cat\\\/es\\\/\",\"name\":\"Gimn\u00e0stic de Tarragona SAD\",\"description\":\"Gimn\u00e0stic de Tarragona\",\"publisher\":{\"@id\":\"https:\\\/\\\/gimnasticdetarragona.cat\\\/es\\\/#organization\"},\"potentialAction\":[{\"@type\":\"SearchAction\",\"target\":{\"@type\":\"EntryPoint\",\"urlTemplate\":\"https:\\\/\\\/gimnasticdetarragona.cat\\\/es\\\/?s={search_term_string}\"},\"query-input\":{\"@type\":\"PropertyValueSpecification\",\"valueRequired\":true,\"valueName\":\"search_term_string\"}}],\"inLanguage\":\"es\"},{\"@type\":\"Organization\",\"@id\":\"https:\\\/\\\/gimnasticdetarragona.cat\\\/es\\\/#organization\",\"name\":\"GIMN\u00c0STIC DE TARRAGONA\",\"alternateName\":\"N\u00c0STIC\",\"url\":\"https:\\\/\\\/gimnasticdetarragona.cat\\\/es\\\/\",\"logo\":{\"@type\":\"ImageObject\",\"inLanguage\":\"es\",\"@id\":\"https:\\\/\\\/gimnasticdetarragona.cat\\\/es\\\/#\\\/schema\\\/logo\\\/image\\\/\",\"url\":\"https:\\\/\\\/gimnasticdetarragona.cat\\\/wp-content\\\/uploads\\\/2022\\\/06\\\/cropped-logo-gimnastic.png\",\"contentUrl\":\"https:\\\/\\\/gimnasticdetarragona.cat\\\/wp-content\\\/uploads\\\/2022\\\/06\\\/cropped-logo-gimnastic.png\",\"width\":224,\"height\":83,\"caption\":\"GIMN\u00c0STIC DE TARRAGONA\"},\"image\":{\"@id\":\"https:\\\/\\\/gimnasticdetarragona.cat\\\/es\\\/#\\\/schema\\\/logo\\\/image\\\/\"},\"sameAs\":[\"https:\\\/\\\/x.com\\\/NASTICTARRAGONA\",\"https:\\\/\\\/www.instagram.com\\\/nastictarragona\\\/\"]},{\"@type\":\"Person\",\"@id\":\"https:\\\/\\\/gimnasticdetarragona.cat\\\/es\\\/#\\\/schema\\\/person\\\/47b6a637abf88f9bd835540f20ea069e\",\"name\":\"desarrollo\",\"sameAs\":[\"https:\\\/\\\/clone.gimnasticdetarragona.cat\"]}]}<\/script>\n<!-- \/ Yoast SEO plugin. -->","yoast_head_json":{"title":"Presentaci\u00f3n oficial de Rocha, Luis Su\u00e1rez y Manu del Moral - Gimn\u00e0stic de Tarragona SAD","robots":{"index":"index","follow":"follow","max-snippet":"max-snippet:-1","max-image-preview":"max-image-preview:large","max-video-preview":"max-video-preview:-1"},"canonical":"https:\/\/gimnasticdetarragona.cat\/es\/presentacio-oficial-de-rocha-luis-suarez-i-manu-del-moral\/","og_locale":"es_ES","og_type":"article","og_title":"Presentaci\u00f3n oficial de Rocha, Luis Su\u00e1rez y Manu del Moral - Gimn\u00e0stic de Tarragona SAD","og_description":"El centrocampista David Rocha y los delanteros Luis Su\u00e1rez y Manu del Moral han sido los primeros jugadores protagonistas en la sala de prensa del Nou Estadi esta temporada 2018-2019. En su presentaci\u00f3n oficial acompa\u00f1ados por el presidente, Josep Maria Andreu, y el director deportivo, Arnal Llibert Conde, han destacado la ilusi\u00f3n por el nuevo proyecto que dirige Jos\u00e9 Antonio Gordillo.","og_url":"https:\/\/gimnasticdetarragona.cat\/es\/presentacio-oficial-de-rocha-luis-suarez-i-manu-del-moral\/","og_site_name":"Gimn\u00e0stic de Tarragona SAD","article_published_time":"2018-07-19T18:58:13+00:00","og_image":[{"width":2400,"height":1600,"url":"https:\/\/gimnasticdetarragona.cat\/wp-content\/uploads\/2022\/06\/06001314136568.jpg","type":"image\/jpeg"}],"author":"desarrollo","twitter_card":"summary_large_image","twitter_creator":"@NASTICTARRAGONA","twitter_site":"@NASTICTARRAGONA","twitter_misc":{"Escrito por":"desarrollo","Tiempo de lectura":"2 minutos"},"schema":{"@context":"https:\/\/schema.org","@graph":[{"@type":"Article","@id":"https:\/\/gimnasticdetarragona.cat\/es\/presentacio-oficial-de-rocha-luis-suarez-i-manu-del-moral\/#article","isPartOf":{"@id":"https:\/\/gimnasticdetarragona.cat\/es\/presentacio-oficial-de-rocha-luis-suarez-i-manu-del-moral\/"},"author":{"name":"desarrollo","@id":"https:\/\/gimnasticdetarragona.cat\/es\/#\/schema\/person\/47b6a637abf88f9bd835540f20ea069e"},"headline":"Presentaci\u00f3n oficial de Rocha, Luis Su\u00e1rez y Manu del Moral","datePublished":"2018-07-19T18:58:13+00:00","mainEntityOfPage":{"@id":"https:\/\/gimnasticdetarragona.cat\/es\/presentacio-oficial-de-rocha-luis-suarez-i-manu-del-moral\/"},"wordCount":398,"commentCount":0,"publisher":{"@id":"https:\/\/gimnasticdetarragona.cat\/es\/#organization"},"image":{"@id":"https:\/\/gimnasticdetarragona.cat\/es\/presentacio-oficial-de-rocha-luis-suarez-i-manu-del-moral\/#primaryimage"},"thumbnailUrl":"https:\/\/gimnasticdetarragona.cat\/wp-content\/uploads\/2022\/06\/06001314136568.jpg","articleSection":["Actualidad"],"inLanguage":"es"},{"@type":"WebPage","@id":"https:\/\/gimnasticdetarragona.cat\/es\/presentacio-oficial-de-rocha-luis-suarez-i-manu-del-moral\/","url":"https:\/\/gimnasticdetarragona.cat\/es\/presentacio-oficial-de-rocha-luis-suarez-i-manu-del-moral\/","name":"Presentaci\u00f3n oficial de Rocha, Luis Su\u00e1rez y Manu del Moral - Gimn\u00e0stic de Tarragona SAD","isPartOf":{"@id":"https:\/\/gimnasticdetarragona.cat\/es\/#website"},"primaryImageOfPage":{"@id":"https:\/\/gimnasticdetarragona.cat\/es\/presentacio-oficial-de-rocha-luis-suarez-i-manu-del-moral\/#primaryimage"},"image":{"@id":"https:\/\/gimnasticdetarragona.cat\/es\/presentacio-oficial-de-rocha-luis-suarez-i-manu-del-moral\/#primaryimage"},"thumbnailUrl":"https:\/\/gimnasticdetarragona.cat\/wp-content\/uploads\/2022\/06\/06001314136568.jpg","datePublished":"2018-07-19T18:58:13+00:00","breadcrumb":{"@id":"https:\/\/gimnasticdetarragona.cat\/es\/presentacio-oficial-de-rocha-luis-suarez-i-manu-del-moral\/#breadcrumb"},"inLanguage":"es","potentialAction":[{"@type":"ReadAction","target":["https:\/\/gimnasticdetarragona.cat\/es\/presentacio-oficial-de-rocha-luis-suarez-i-manu-del-moral\/"]}]},{"@type":"ImageObject","inLanguage":"es","@id":"https:\/\/gimnasticdetarragona.cat\/es\/presentacio-oficial-de-rocha-luis-suarez-i-manu-del-moral\/#primaryimage","url":"https:\/\/gimnasticdetarragona.cat\/wp-content\/uploads\/2022\/06\/06001314136568.jpg","contentUrl":"https:\/\/gimnasticdetarragona.cat\/wp-content\/uploads\/2022\/06\/06001314136568.jpg","width":2400,"height":1600},{"@type":"BreadcrumbList","@id":"https:\/\/gimnasticdetarragona.cat\/es\/presentacio-oficial-de-rocha-luis-suarez-i-manu-del-moral\/#breadcrumb","itemListElement":[{"@type":"ListItem","position":1,"name":"Inici","item":"https:\/\/gimnasticdetarragona.cat\/es\/nastic\/"},{"@type":"ListItem","position":2,"name":"Presentaci\u00f3n oficial de Rocha, Luis Su\u00e1rez y Manu del Moral"}]},{"@type":"WebSite","@id":"https:\/\/gimnasticdetarragona.cat\/es\/#website","url":"https:\/\/gimnasticdetarragona.cat\/es\/","name":"Gimn\u00e0stic de Tarragona SAD","description":"Gimn\u00e0stic de Tarragona","publisher":{"@id":"https:\/\/gimnasticdetarragona.cat\/es\/#organization"},"potentialAction":[{"@type":"SearchAction","target":{"@type":"EntryPoint","urlTemplate":"https:\/\/gimnasticdetarragona.cat\/es\/?s={search_term_string}"},"query-input":{"@type":"PropertyValueSpecification","valueRequired":true,"valueName":"search_term_string"}}],"inLanguage":"es"},{"@type":"Organization","@id":"https:\/\/gimnasticdetarragona.cat\/es\/#organization","name":"GIMN\u00c0STIC DE TARRAGONA","alternateName":"N\u00c0STIC","url":"https:\/\/gimnasticdetarragona.cat\/es\/","logo":{"@type":"ImageObject","inLanguage":"es","@id":"https:\/\/gimnasticdetarragona.cat\/es\/#\/schema\/logo\/image\/","url":"https:\/\/gimnasticdetarragona.cat\/wp-content\/uploads\/2022\/06\/cropped-logo-gimnastic.png","contentUrl":"https:\/\/gimnasticdetarragona.cat\/wp-content\/uploads\/2022\/06\/cropped-logo-gimnastic.png","width":224,"height":83,"caption":"GIMN\u00c0STIC DE TARRAGONA"},"image":{"@id":"https:\/\/gimnasticdetarragona.cat\/es\/#\/schema\/logo\/image\/"},"sameAs":["https:\/\/x.com\/NASTICTARRAGONA","https:\/\/www.instagram.com\/nastictarragona\/"]},{"@type":"Person","@id":"https:\/\/gimnasticdetarragona.cat\/es\/#\/schema\/person\/47b6a637abf88f9bd835540f20ea069e","name":"desarrollo","sameAs":["https:\/\/clone.gimnasticdetarragona.cat"]}]}},"_links":{"self":[{"href":"https:\/\/gimnasticdetarragona.cat\/es\/wp-json\/wp\/v2\/posts\/55726","targetHints":{"allow":["GET"]}}],"collection":[{"href":"https:\/\/gimnasticdetarragona.cat\/es\/wp-json\/wp\/v2\/posts"}],"about":[{"href":"https:\/\/gimnasticdetarragona.cat\/es\/wp-json\/wp\/v2\/types\/post"}],"author":[{"embeddable":true,"href":"https:\/\/gimnasticdetarragona.cat\/es\/wp-json\/wp\/v2\/users\/1"}],"replies":[{"embeddable":true,"href":"https:\/\/gimnasticdetarragona.cat\/es\/wp-json\/wp\/v2\/comments?post=55726"}],"version-history":[{"count":0,"href":"https:\/\/gimnasticdetarragona.cat\/es\/wp-json\/wp\/v2\/posts\/55726\/revisions"}],"wp:featuredmedia":[{"embeddable":true,"href":"https:\/\/gimnasticdetarragona.cat\/es\/wp-json\/wp\/v2\/media\/55723"}],"wp:attachment":[{"href":"https:\/\/gimnasticdetarragona.cat\/es\/wp-json\/wp\/v2\/media?parent=55726"}],"wp:term":[{"taxonomy":"category","embeddable":true,"href":"https:\/\/gimnasticdetarragona.cat\/es\/wp-json\/wp\/v2\/categories?post=55726"},{"taxonomy":"post_tag","embeddable":true,"href":"https:\/\/gimnasticdetarragona.cat\/es\/wp-json\/wp\/v2\/tags?post=55726"}],"curies":[{"name":"wp","href":"https:\/\/api.w.org\/{rel}","templated":true}]}}