{"id":55846,"date":"2018-06-27T12:46:56","date_gmt":"2018-06-27T12:46:56","guid":{"rendered":"https:\/\/clone.gimnasticdetarragona.cat\/nastic-i-promoesport-no-continuen-la-seva-vinculacio-esportiva\/"},"modified":"2018-06-27T12:46:56","modified_gmt":"2018-06-27T12:46:56","slug":"nastic-i-promoesport-no-continuen-la-seva-vinculacio-esportiva","status":"publish","type":"post","link":"https:\/\/gimnasticdetarragona.cat\/es\/nastic-i-promoesport-no-continuen-la-seva-vinculacio-esportiva\/","title":{"rendered":"N\u00e0stic y Promoesport no continuan su vinculaci\u00f3n deportiva"},"content":{"rendered":"<p style=\"text-align: justify;\">El Gimn\u00e0stic de Tarragona, SAD y Promoesport han decidido de com\u00fan acuerdo no continuar su vinculaci\u00f3n deportiva, que comenz\u00f3 en mayo de 2013.<\/p>\n<p style=\"text-align: justify;\">Durante estos cinco a\u00f1os la empresa liderada por Jos\u00e9 Rodr\u00edguez Baster ha formado parte del proyecto grana aportando toda su experiencia y conocimiento en el sector deportivo. La primera temporada el N\u00e0stic se qued\u00f3 a un gol del regreso a la Segunda Divisi\u00f3n A, que se consigui\u00f3 un a\u00f1o despu\u00e9s gracias al campeonato de liga del grupo tercero de Segunda Divisi\u00f3n B que sirvi\u00f3 para jugar la eliminatoria de campeones contra la SD Huesca y as\u00ed retornar a la categor\u00eda del plata del f\u00fatbol nacional.<\/p>\n<p style=\"text-align: justify;\">La tercera temporada el equipo se qued\u00f3 a un paso del ascenso a LaLiga Santander en un campeonato de liga donde el N\u00e0stic acab\u00f3 tercero y jug\u00f3 la promoci\u00f3n de ascenso contra el CA Osasuna. Las dos \u00faltimas temporadas, tambi\u00e9n en la LaLiga 1|2|3, el equipo ha cerrado el campeonato en el decimocuarto y decimoquinto puesto de la clasificaci\u00f3n manteni\u00e9ndose en el f\u00fatbol profesional.<\/p>\n<p style=\"text-align: justify;\">El presidente del Gimn\u00e0stic de Tarragona, Josep Maria Andreu, y su Consejo de Administraci\u00f3n quieren agradecer la confianza de Promoesport en el proyecto de la entidad y tambi\u00e9n la complicidad y el trabajo de Jos\u00e9 Rodr\u00edguez Baster, que ha ayudado a consolidar la equipo y el club entre los mejores del f\u00fatbol estatal.<\/p>\n","protected":false},"excerpt":{"rendered":"<p>El Gimn\u00e0stic de Tarragona, SAD y Promoesport han decidido de com\u00fan acuerdo no continuar su vinculaci\u00f3n deportiva, que comenz\u00f3 en mayo de 2013.<\/p>\n","protected":false},"author":1,"featured_media":55843,"comment_status":"open","ping_status":"open","sticky":false,"template":"","format":"standard","meta":{"_acf_changed":false,"footnotes":""},"categories":[113,121],"tags":[],"class_list":["post-55846","post","type-post","status-publish","format-standard","has-post-thumbnail","hentry","category-actualidad","category-home"],"acf":[],"yoast_head":"<!-- This site is optimized with the Yoast SEO plugin v27.3 - https:\/\/yoast.com\/product\/yoast-seo-wordpress\/ -->\n<title>N\u00e0stic y Promoesport no continuan su vinculaci\u00f3n deportiva - Gimn\u00e0stic de Tarragona SAD<\/title>\n<meta name=\"robots\" content=\"index, follow, max-snippet:-1, max-image-preview:large, max-video-preview:-1\" \/>\n<link rel=\"canonical\" href=\"https:\/\/gimnasticdetarragona.cat\/nastic-i-promoesport-no-continuen-la-seva-vinculacio-esportiva\/\" \/>\n<meta property=\"og:locale\" content=\"es_ES\" \/>\n<meta property=\"og:type\" content=\"article\" \/>\n<meta property=\"og:title\" content=\"N\u00e0stic y Promoesport no continuan su vinculaci\u00f3n deportiva - Gimn\u00e0stic de Tarragona SAD\" \/>\n<meta property=\"og:description\" content=\"El Gimn\u00e0stic de Tarragona, SAD y Promoesport han decidido de com\u00fan acuerdo no continuar su vinculaci\u00f3n deportiva, que comenz\u00f3 en mayo de 2013.\" \/>\n<meta property=\"og:url\" content=\"https:\/\/gimnasticdetarragona.cat\/nastic-i-promoesport-no-continuen-la-seva-vinculacio-esportiva\/\" \/>\n<meta property=\"og:site_name\" content=\"Gimn\u00e0stic de Tarragona SAD\" \/>\n<meta property=\"article:published_time\" content=\"2018-06-27T12:46:56+00:00\" \/>\n<meta property=\"og:image\" content=\"https:\/\/gimnasticdetarragona.cat\/wp-content\/uploads\/2022\/06\/06001243135613-scaled.jpg\" \/>\n\t<meta property=\"og:image:width\" content=\"2560\" \/>\n\t<meta property=\"og:image:height\" content=\"1707\" \/>\n\t<meta property=\"og:image:type\" content=\"image\/jpeg\" \/>\n<meta name=\"author\" content=\"desarrollo\" \/>\n<meta name=\"twitter:card\" content=\"summary_large_image\" \/>\n<meta name=\"twitter:creator\" content=\"@NASTICTARRAGONA\" \/>\n<meta name=\"twitter:site\" content=\"@NASTICTARRAGONA\" \/>\n<meta name=\"twitter:label1\" content=\"Escrito por\" \/>\n\t<meta name=\"twitter:data1\" content=\"desarrollo\" \/>\n\t<meta name=\"twitter:label2\" content=\"Tiempo de lectura\" \/>\n\t<meta name=\"twitter:data2\" content=\"1 minuto\" \/>\n<script type=\"application\/ld+json\" class=\"yoast-schema-graph\">{\"@context\":\"https:\\\/\\\/schema.org\",\"@graph\":[{\"@type\":\"Article\",\"@id\":\"https:\\\/\\\/gimnasticdetarragona.cat\\\/nastic-i-promoesport-no-continuen-la-seva-vinculacio-esportiva\\\/#article\",\"isPartOf\":{\"@id\":\"https:\\\/\\\/gimnasticdetarragona.cat\\\/nastic-i-promoesport-no-continuen-la-seva-vinculacio-esportiva\\\/\"},\"author\":{\"name\":\"desarrollo\",\"@id\":\"https:\\\/\\\/gimnasticdetarragona.cat\\\/es\\\/#\\\/schema\\\/person\\\/47b6a637abf88f9bd835540f20ea069e\"},\"headline\":\"N\u00e0stic y Promoesport no continuan su vinculaci\u00f3n deportiva\",\"datePublished\":\"2018-06-27T12:46:56+00:00\",\"mainEntityOfPage\":{\"@id\":\"https:\\\/\\\/gimnasticdetarragona.cat\\\/nastic-i-promoesport-no-continuen-la-seva-vinculacio-esportiva\\\/\"},\"wordCount\":256,\"commentCount\":0,\"publisher\":{\"@id\":\"https:\\\/\\\/gimnasticdetarragona.cat\\\/es\\\/#organization\"},\"image\":{\"@id\":\"https:\\\/\\\/gimnasticdetarragona.cat\\\/nastic-i-promoesport-no-continuen-la-seva-vinculacio-esportiva\\\/#primaryimage\"},\"thumbnailUrl\":\"https:\\\/\\\/gimnasticdetarragona.cat\\\/wp-content\\\/uploads\\\/2022\\\/06\\\/06001243135613-scaled.jpg\",\"articleSection\":[\"Actualidad\",\"Home\"],\"inLanguage\":\"es\"},{\"@type\":\"WebPage\",\"@id\":\"https:\\\/\\\/gimnasticdetarragona.cat\\\/nastic-i-promoesport-no-continuen-la-seva-vinculacio-esportiva\\\/\",\"url\":\"https:\\\/\\\/gimnasticdetarragona.cat\\\/nastic-i-promoesport-no-continuen-la-seva-vinculacio-esportiva\\\/\",\"name\":\"N\u00e0stic y Promoesport no continuan su vinculaci\u00f3n deportiva - Gimn\u00e0stic de Tarragona SAD\",\"isPartOf\":{\"@id\":\"https:\\\/\\\/gimnasticdetarragona.cat\\\/es\\\/#website\"},\"primaryImageOfPage\":{\"@id\":\"https:\\\/\\\/gimnasticdetarragona.cat\\\/nastic-i-promoesport-no-continuen-la-seva-vinculacio-esportiva\\\/#primaryimage\"},\"image\":{\"@id\":\"https:\\\/\\\/gimnasticdetarragona.cat\\\/nastic-i-promoesport-no-continuen-la-seva-vinculacio-esportiva\\\/#primaryimage\"},\"thumbnailUrl\":\"https:\\\/\\\/gimnasticdetarragona.cat\\\/wp-content\\\/uploads\\\/2022\\\/06\\\/06001243135613-scaled.jpg\",\"datePublished\":\"2018-06-27T12:46:56+00:00\",\"breadcrumb\":{\"@id\":\"https:\\\/\\\/gimnasticdetarragona.cat\\\/nastic-i-promoesport-no-continuen-la-seva-vinculacio-esportiva\\\/#breadcrumb\"},\"inLanguage\":\"es\",\"potentialAction\":[{\"@type\":\"ReadAction\",\"target\":[\"https:\\\/\\\/gimnasticdetarragona.cat\\\/nastic-i-promoesport-no-continuen-la-seva-vinculacio-esportiva\\\/\"]}]},{\"@type\":\"ImageObject\",\"inLanguage\":\"es\",\"@id\":\"https:\\\/\\\/gimnasticdetarragona.cat\\\/nastic-i-promoesport-no-continuen-la-seva-vinculacio-esportiva\\\/#primaryimage\",\"url\":\"https:\\\/\\\/gimnasticdetarragona.cat\\\/wp-content\\\/uploads\\\/2022\\\/06\\\/06001243135613-scaled.jpg\",\"contentUrl\":\"https:\\\/\\\/gimnasticdetarragona.cat\\\/wp-content\\\/uploads\\\/2022\\\/06\\\/06001243135613-scaled.jpg\",\"width\":2560,\"height\":1707},{\"@type\":\"BreadcrumbList\",\"@id\":\"https:\\\/\\\/gimnasticdetarragona.cat\\\/nastic-i-promoesport-no-continuen-la-seva-vinculacio-esportiva\\\/#breadcrumb\",\"itemListElement\":[{\"@type\":\"ListItem\",\"position\":1,\"name\":\"Inici\",\"item\":\"https:\\\/\\\/gimnasticdetarragona.cat\\\/es\\\/nastic\\\/\"},{\"@type\":\"ListItem\",\"position\":2,\"name\":\"N\u00e0stic y Promoesport no continuan su vinculaci\u00f3n deportiva\"}]},{\"@type\":\"WebSite\",\"@id\":\"https:\\\/\\\/gimnasticdetarragona.cat\\\/es\\\/#website\",\"url\":\"https:\\\/\\\/gimnasticdetarragona.cat\\\/es\\\/\",\"name\":\"Gimn\u00e0stic de Tarragona SAD\",\"description\":\"Gimn\u00e0stic de Tarragona\",\"publisher\":{\"@id\":\"https:\\\/\\\/gimnasticdetarragona.cat\\\/es\\\/#organization\"},\"potentialAction\":[{\"@type\":\"SearchAction\",\"target\":{\"@type\":\"EntryPoint\",\"urlTemplate\":\"https:\\\/\\\/gimnasticdetarragona.cat\\\/es\\\/?s={search_term_string}\"},\"query-input\":{\"@type\":\"PropertyValueSpecification\",\"valueRequired\":true,\"valueName\":\"search_term_string\"}}],\"inLanguage\":\"es\"},{\"@type\":\"Organization\",\"@id\":\"https:\\\/\\\/gimnasticdetarragona.cat\\\/es\\\/#organization\",\"name\":\"GIMN\u00c0STIC DE TARRAGONA\",\"alternateName\":\"N\u00c0STIC\",\"url\":\"https:\\\/\\\/gimnasticdetarragona.cat\\\/es\\\/\",\"logo\":{\"@type\":\"ImageObject\",\"inLanguage\":\"es\",\"@id\":\"https:\\\/\\\/gimnasticdetarragona.cat\\\/es\\\/#\\\/schema\\\/logo\\\/image\\\/\",\"url\":\"https:\\\/\\\/gimnasticdetarragona.cat\\\/wp-content\\\/uploads\\\/2022\\\/06\\\/cropped-logo-gimnastic.png\",\"contentUrl\":\"https:\\\/\\\/gimnasticdetarragona.cat\\\/wp-content\\\/uploads\\\/2022\\\/06\\\/cropped-logo-gimnastic.png\",\"width\":224,\"height\":83,\"caption\":\"GIMN\u00c0STIC DE TARRAGONA\"},\"image\":{\"@id\":\"https:\\\/\\\/gimnasticdetarragona.cat\\\/es\\\/#\\\/schema\\\/logo\\\/image\\\/\"},\"sameAs\":[\"https:\\\/\\\/x.com\\\/NASTICTARRAGONA\",\"https:\\\/\\\/www.instagram.com\\\/nastictarragona\\\/\"]},{\"@type\":\"Person\",\"@id\":\"https:\\\/\\\/gimnasticdetarragona.cat\\\/es\\\/#\\\/schema\\\/person\\\/47b6a637abf88f9bd835540f20ea069e\",\"name\":\"desarrollo\",\"sameAs\":[\"https:\\\/\\\/clone.gimnasticdetarragona.cat\"]}]}<\/script>\n<!-- \/ Yoast SEO plugin. -->","yoast_head_json":{"title":"N\u00e0stic y Promoesport no continuan su vinculaci\u00f3n deportiva - Gimn\u00e0stic de Tarragona SAD","robots":{"index":"index","follow":"follow","max-snippet":"max-snippet:-1","max-image-preview":"max-image-preview:large","max-video-preview":"max-video-preview:-1"},"canonical":"https:\/\/gimnasticdetarragona.cat\/nastic-i-promoesport-no-continuen-la-seva-vinculacio-esportiva\/","og_locale":"es_ES","og_type":"article","og_title":"N\u00e0stic y Promoesport no continuan su vinculaci\u00f3n deportiva - Gimn\u00e0stic de Tarragona SAD","og_description":"El Gimn\u00e0stic de Tarragona, SAD y Promoesport han decidido de com\u00fan acuerdo no continuar su vinculaci\u00f3n deportiva, que comenz\u00f3 en mayo de 2013.","og_url":"https:\/\/gimnasticdetarragona.cat\/nastic-i-promoesport-no-continuen-la-seva-vinculacio-esportiva\/","og_site_name":"Gimn\u00e0stic de Tarragona SAD","article_published_time":"2018-06-27T12:46:56+00:00","og_image":[{"width":2560,"height":1707,"url":"https:\/\/gimnasticdetarragona.cat\/wp-content\/uploads\/2022\/06\/06001243135613-scaled.jpg","type":"image\/jpeg"}],"author":"desarrollo","twitter_card":"summary_large_image","twitter_creator":"@NASTICTARRAGONA","twitter_site":"@NASTICTARRAGONA","twitter_misc":{"Escrito por":"desarrollo","Tiempo de lectura":"1 minuto"},"schema":{"@context":"https:\/\/schema.org","@graph":[{"@type":"Article","@id":"https:\/\/gimnasticdetarragona.cat\/nastic-i-promoesport-no-continuen-la-seva-vinculacio-esportiva\/#article","isPartOf":{"@id":"https:\/\/gimnasticdetarragona.cat\/nastic-i-promoesport-no-continuen-la-seva-vinculacio-esportiva\/"},"author":{"name":"desarrollo","@id":"https:\/\/gimnasticdetarragona.cat\/es\/#\/schema\/person\/47b6a637abf88f9bd835540f20ea069e"},"headline":"N\u00e0stic y Promoesport no continuan su vinculaci\u00f3n deportiva","datePublished":"2018-06-27T12:46:56+00:00","mainEntityOfPage":{"@id":"https:\/\/gimnasticdetarragona.cat\/nastic-i-promoesport-no-continuen-la-seva-vinculacio-esportiva\/"},"wordCount":256,"commentCount":0,"publisher":{"@id":"https:\/\/gimnasticdetarragona.cat\/es\/#organization"},"image":{"@id":"https:\/\/gimnasticdetarragona.cat\/nastic-i-promoesport-no-continuen-la-seva-vinculacio-esportiva\/#primaryimage"},"thumbnailUrl":"https:\/\/gimnasticdetarragona.cat\/wp-content\/uploads\/2022\/06\/06001243135613-scaled.jpg","articleSection":["Actualidad","Home"],"inLanguage":"es"},{"@type":"WebPage","@id":"https:\/\/gimnasticdetarragona.cat\/nastic-i-promoesport-no-continuen-la-seva-vinculacio-esportiva\/","url":"https:\/\/gimnasticdetarragona.cat\/nastic-i-promoesport-no-continuen-la-seva-vinculacio-esportiva\/","name":"N\u00e0stic y Promoesport no continuan su vinculaci\u00f3n deportiva - Gimn\u00e0stic de Tarragona SAD","isPartOf":{"@id":"https:\/\/gimnasticdetarragona.cat\/es\/#website"},"primaryImageOfPage":{"@id":"https:\/\/gimnasticdetarragona.cat\/nastic-i-promoesport-no-continuen-la-seva-vinculacio-esportiva\/#primaryimage"},"image":{"@id":"https:\/\/gimnasticdetarragona.cat\/nastic-i-promoesport-no-continuen-la-seva-vinculacio-esportiva\/#primaryimage"},"thumbnailUrl":"https:\/\/gimnasticdetarragona.cat\/wp-content\/uploads\/2022\/06\/06001243135613-scaled.jpg","datePublished":"2018-06-27T12:46:56+00:00","breadcrumb":{"@id":"https:\/\/gimnasticdetarragona.cat\/nastic-i-promoesport-no-continuen-la-seva-vinculacio-esportiva\/#breadcrumb"},"inLanguage":"es","potentialAction":[{"@type":"ReadAction","target":["https:\/\/gimnasticdetarragona.cat\/nastic-i-promoesport-no-continuen-la-seva-vinculacio-esportiva\/"]}]},{"@type":"ImageObject","inLanguage":"es","@id":"https:\/\/gimnasticdetarragona.cat\/nastic-i-promoesport-no-continuen-la-seva-vinculacio-esportiva\/#primaryimage","url":"https:\/\/gimnasticdetarragona.cat\/wp-content\/uploads\/2022\/06\/06001243135613-scaled.jpg","contentUrl":"https:\/\/gimnasticdetarragona.cat\/wp-content\/uploads\/2022\/06\/06001243135613-scaled.jpg","width":2560,"height":1707},{"@type":"BreadcrumbList","@id":"https:\/\/gimnasticdetarragona.cat\/nastic-i-promoesport-no-continuen-la-seva-vinculacio-esportiva\/#breadcrumb","itemListElement":[{"@type":"ListItem","position":1,"name":"Inici","item":"https:\/\/gimnasticdetarragona.cat\/es\/nastic\/"},{"@type":"ListItem","position":2,"name":"N\u00e0stic y Promoesport no continuan su vinculaci\u00f3n deportiva"}]},{"@type":"WebSite","@id":"https:\/\/gimnasticdetarragona.cat\/es\/#website","url":"https:\/\/gimnasticdetarragona.cat\/es\/","name":"Gimn\u00e0stic de Tarragona SAD","description":"Gimn\u00e0stic de Tarragona","publisher":{"@id":"https:\/\/gimnasticdetarragona.cat\/es\/#organization"},"potentialAction":[{"@type":"SearchAction","target":{"@type":"EntryPoint","urlTemplate":"https:\/\/gimnasticdetarragona.cat\/es\/?s={search_term_string}"},"query-input":{"@type":"PropertyValueSpecification","valueRequired":true,"valueName":"search_term_string"}}],"inLanguage":"es"},{"@type":"Organization","@id":"https:\/\/gimnasticdetarragona.cat\/es\/#organization","name":"GIMN\u00c0STIC DE TARRAGONA","alternateName":"N\u00c0STIC","url":"https:\/\/gimnasticdetarragona.cat\/es\/","logo":{"@type":"ImageObject","inLanguage":"es","@id":"https:\/\/gimnasticdetarragona.cat\/es\/#\/schema\/logo\/image\/","url":"https:\/\/gimnasticdetarragona.cat\/wp-content\/uploads\/2022\/06\/cropped-logo-gimnastic.png","contentUrl":"https:\/\/gimnasticdetarragona.cat\/wp-content\/uploads\/2022\/06\/cropped-logo-gimnastic.png","width":224,"height":83,"caption":"GIMN\u00c0STIC DE TARRAGONA"},"image":{"@id":"https:\/\/gimnasticdetarragona.cat\/es\/#\/schema\/logo\/image\/"},"sameAs":["https:\/\/x.com\/NASTICTARRAGONA","https:\/\/www.instagram.com\/nastictarragona\/"]},{"@type":"Person","@id":"https:\/\/gimnasticdetarragona.cat\/es\/#\/schema\/person\/47b6a637abf88f9bd835540f20ea069e","name":"desarrollo","sameAs":["https:\/\/clone.gimnasticdetarragona.cat"]}]}},"_links":{"self":[{"href":"https:\/\/gimnasticdetarragona.cat\/es\/wp-json\/wp\/v2\/posts\/55846","targetHints":{"allow":["GET"]}}],"collection":[{"href":"https:\/\/gimnasticdetarragona.cat\/es\/wp-json\/wp\/v2\/posts"}],"about":[{"href":"https:\/\/gimnasticdetarragona.cat\/es\/wp-json\/wp\/v2\/types\/post"}],"author":[{"embeddable":true,"href":"https:\/\/gimnasticdetarragona.cat\/es\/wp-json\/wp\/v2\/users\/1"}],"replies":[{"embeddable":true,"href":"https:\/\/gimnasticdetarragona.cat\/es\/wp-json\/wp\/v2\/comments?post=55846"}],"version-history":[{"count":0,"href":"https:\/\/gimnasticdetarragona.cat\/es\/wp-json\/wp\/v2\/posts\/55846\/revisions"}],"wp:featuredmedia":[{"embeddable":true,"href":"https:\/\/gimnasticdetarragona.cat\/es\/wp-json\/wp\/v2\/media\/55843"}],"wp:attachment":[{"href":"https:\/\/gimnasticdetarragona.cat\/es\/wp-json\/wp\/v2\/media?parent=55846"}],"wp:term":[{"taxonomy":"category","embeddable":true,"href":"https:\/\/gimnasticdetarragona.cat\/es\/wp-json\/wp\/v2\/categories?post=55846"},{"taxonomy":"post_tag","embeddable":true,"href":"https:\/\/gimnasticdetarragona.cat\/es\/wp-json\/wp\/v2\/tags?post=55846"}],"curies":[{"name":"wp","href":"https:\/\/api.w.org\/{rel}","templated":true}]}}