{"id":55850,"date":"2018-06-26T17:40:02","date_gmt":"2018-06-26T17:40:02","guid":{"rendered":"https:\/\/clone.gimnasticdetarragona.cat\/el-rcd-espanyol-jugara-al-nou-estadi-el-mes-dagost\/"},"modified":"2018-06-26T17:40:02","modified_gmt":"2018-06-26T17:40:02","slug":"el-rcd-espanyol-jugara-al-nou-estadi-el-mes-dagost","status":"publish","type":"post","link":"https:\/\/gimnasticdetarragona.cat\/es\/el-rcd-espanyol-jugara-al-nou-estadi-el-mes-dagost\/","title":{"rendered":"El RCD Espanyol jugar\u00e1 en el Nou Estadi el mes de agosto"},"content":{"rendered":"<p style=\"text-align: justify;\">N\u00e0stic y RCD Espanyol jugar\u00e1n un partido amistoso en el Nou Estadi el mi\u00e9rcoles 8 de agosto a partir de las 20.30 horas. El equipo entrenado por Jos\u00e9 Antonio Gordillo recibir\u00e1 al conjunto catal\u00e1n que entrena Joan Francesc Ferrer, Rubi, el t\u00e9cnico que la temporada pasada consegu\u00eda el ascenso con la SD Huesca. El partido tambi\u00e9n puede suponer el regreso al Nou Estadi del delantero \u00c1lvaro V\u00e1zquez, que jug\u00f3 la temporada pasada cedido en el N\u00e0stic.<\/p>\n<p style=\"text-align: justify;\">La \u00faltima vez que el conjunto blanquiazul azul jug\u00f3 en Tarragona fue el mes de octubre de 2016 en la Supercopa Catalunya, que gan\u00f3 1-0 ante el FC Barcelona. Anteriormente, en el a\u00f1o 2012, el RCD Espanyol visit\u00f3 el Nou Estadi en la presentaci\u00f3n del N\u00e0stic y gan\u00f3 1 a 2 con goles de \u00c1lvaro V\u00e1zquez y Cristian Alfonso, mientras el gol tarraconense lo hizo Albert Virgili.<\/p>\n<p style=\"text-align: justify;\">Este es el segundo partido amistoso confirmado de la pretemporada en el Nou Estadi tras el que jugar\u00e1n N\u00e0stic y Real Zaragoza el s\u00e1bado 28 de julio, a las 20.30 horas, correspondiente a la d\u00e9cima edici\u00f3n del Trofeo Ciudad de Tarragona.<\/p>\n","protected":false},"excerpt":{"rendered":"<p>N\u00e0stic y RCD Espanyol jugar\u00e1n un partido amistoso en el Nou Estadi el mi\u00e9rcoles 8 de agosto a partir de las 20.30 horas.<\/p>\n","protected":false},"author":1,"featured_media":55847,"comment_status":"open","ping_status":"open","sticky":false,"template":"","format":"standard","meta":{"_acf_changed":false,"footnotes":""},"categories":[113],"tags":[],"class_list":["post-55850","post","type-post","status-publish","format-standard","has-post-thumbnail","hentry","category-actualidad"],"acf":[],"yoast_head":"<!-- This site is optimized with the Yoast SEO plugin v27.3 - https:\/\/yoast.com\/product\/yoast-seo-wordpress\/ -->\n<title>El RCD Espanyol jugar\u00e1 en el Nou Estadi el mes de agosto - Gimn\u00e0stic de Tarragona SAD<\/title>\n<meta name=\"robots\" content=\"index, follow, max-snippet:-1, max-image-preview:large, max-video-preview:-1\" \/>\n<link rel=\"canonical\" href=\"https:\/\/gimnasticdetarragona.cat\/es\/el-rcd-espanyol-jugara-al-nou-estadi-el-mes-dagost\/\" \/>\n<meta property=\"og:locale\" content=\"es_ES\" \/>\n<meta property=\"og:type\" content=\"article\" \/>\n<meta property=\"og:title\" content=\"El RCD Espanyol jugar\u00e1 en el Nou Estadi el mes de agosto - Gimn\u00e0stic de Tarragona SAD\" \/>\n<meta property=\"og:description\" content=\"N\u00e0stic y RCD Espanyol jugar\u00e1n un partido amistoso en el Nou Estadi el mi\u00e9rcoles 8 de agosto a partir de las 20.30 horas.\" \/>\n<meta property=\"og:url\" content=\"https:\/\/gimnasticdetarragona.cat\/es\/el-rcd-espanyol-jugara-al-nou-estadi-el-mes-dagost\/\" \/>\n<meta property=\"og:site_name\" content=\"Gimn\u00e0stic de Tarragona SAD\" \/>\n<meta property=\"article:published_time\" content=\"2018-06-26T17:40:02+00:00\" \/>\n<meta property=\"og:image\" content=\"https:\/\/gimnasticdetarragona.cat\/wp-content\/uploads\/2022\/06\/06001226135593.jpg\" \/>\n\t<meta property=\"og:image:width\" content=\"1200\" \/>\n\t<meta property=\"og:image:height\" content=\"630\" \/>\n\t<meta property=\"og:image:type\" content=\"image\/jpeg\" \/>\n<meta name=\"author\" content=\"desarrollo\" \/>\n<meta name=\"twitter:card\" content=\"summary_large_image\" \/>\n<meta name=\"twitter:creator\" content=\"@NASTICTARRAGONA\" \/>\n<meta name=\"twitter:site\" content=\"@NASTICTARRAGONA\" \/>\n<meta name=\"twitter:label1\" content=\"Escrito por\" \/>\n\t<meta name=\"twitter:data1\" content=\"desarrollo\" \/>\n\t<meta name=\"twitter:label2\" content=\"Tiempo de lectura\" \/>\n\t<meta name=\"twitter:data2\" content=\"1 minuto\" \/>\n<script type=\"application\/ld+json\" class=\"yoast-schema-graph\">{\"@context\":\"https:\\\/\\\/schema.org\",\"@graph\":[{\"@type\":\"Article\",\"@id\":\"https:\\\/\\\/gimnasticdetarragona.cat\\\/es\\\/el-rcd-espanyol-jugara-al-nou-estadi-el-mes-dagost\\\/#article\",\"isPartOf\":{\"@id\":\"https:\\\/\\\/gimnasticdetarragona.cat\\\/es\\\/el-rcd-espanyol-jugara-al-nou-estadi-el-mes-dagost\\\/\"},\"author\":{\"name\":\"desarrollo\",\"@id\":\"https:\\\/\\\/gimnasticdetarragona.cat\\\/es\\\/#\\\/schema\\\/person\\\/47b6a637abf88f9bd835540f20ea069e\"},\"headline\":\"El RCD Espanyol jugar\u00e1 en el Nou Estadi el mes de agosto\",\"datePublished\":\"2018-06-26T17:40:02+00:00\",\"mainEntityOfPage\":{\"@id\":\"https:\\\/\\\/gimnasticdetarragona.cat\\\/es\\\/el-rcd-espanyol-jugara-al-nou-estadi-el-mes-dagost\\\/\"},\"wordCount\":206,\"commentCount\":0,\"publisher\":{\"@id\":\"https:\\\/\\\/gimnasticdetarragona.cat\\\/es\\\/#organization\"},\"image\":{\"@id\":\"https:\\\/\\\/gimnasticdetarragona.cat\\\/es\\\/el-rcd-espanyol-jugara-al-nou-estadi-el-mes-dagost\\\/#primaryimage\"},\"thumbnailUrl\":\"https:\\\/\\\/gimnasticdetarragona.cat\\\/wp-content\\\/uploads\\\/2022\\\/06\\\/06001226135593.jpg\",\"articleSection\":[\"Actualidad\"],\"inLanguage\":\"es\"},{\"@type\":\"WebPage\",\"@id\":\"https:\\\/\\\/gimnasticdetarragona.cat\\\/es\\\/el-rcd-espanyol-jugara-al-nou-estadi-el-mes-dagost\\\/\",\"url\":\"https:\\\/\\\/gimnasticdetarragona.cat\\\/es\\\/el-rcd-espanyol-jugara-al-nou-estadi-el-mes-dagost\\\/\",\"name\":\"El RCD Espanyol jugar\u00e1 en el Nou Estadi el mes de agosto - Gimn\u00e0stic de Tarragona SAD\",\"isPartOf\":{\"@id\":\"https:\\\/\\\/gimnasticdetarragona.cat\\\/es\\\/#website\"},\"primaryImageOfPage\":{\"@id\":\"https:\\\/\\\/gimnasticdetarragona.cat\\\/es\\\/el-rcd-espanyol-jugara-al-nou-estadi-el-mes-dagost\\\/#primaryimage\"},\"image\":{\"@id\":\"https:\\\/\\\/gimnasticdetarragona.cat\\\/es\\\/el-rcd-espanyol-jugara-al-nou-estadi-el-mes-dagost\\\/#primaryimage\"},\"thumbnailUrl\":\"https:\\\/\\\/gimnasticdetarragona.cat\\\/wp-content\\\/uploads\\\/2022\\\/06\\\/06001226135593.jpg\",\"datePublished\":\"2018-06-26T17:40:02+00:00\",\"breadcrumb\":{\"@id\":\"https:\\\/\\\/gimnasticdetarragona.cat\\\/es\\\/el-rcd-espanyol-jugara-al-nou-estadi-el-mes-dagost\\\/#breadcrumb\"},\"inLanguage\":\"es\",\"potentialAction\":[{\"@type\":\"ReadAction\",\"target\":[\"https:\\\/\\\/gimnasticdetarragona.cat\\\/es\\\/el-rcd-espanyol-jugara-al-nou-estadi-el-mes-dagost\\\/\"]}]},{\"@type\":\"ImageObject\",\"inLanguage\":\"es\",\"@id\":\"https:\\\/\\\/gimnasticdetarragona.cat\\\/es\\\/el-rcd-espanyol-jugara-al-nou-estadi-el-mes-dagost\\\/#primaryimage\",\"url\":\"https:\\\/\\\/gimnasticdetarragona.cat\\\/wp-content\\\/uploads\\\/2022\\\/06\\\/06001226135593.jpg\",\"contentUrl\":\"https:\\\/\\\/gimnasticdetarragona.cat\\\/wp-content\\\/uploads\\\/2022\\\/06\\\/06001226135593.jpg\",\"width\":1200,\"height\":630},{\"@type\":\"BreadcrumbList\",\"@id\":\"https:\\\/\\\/gimnasticdetarragona.cat\\\/es\\\/el-rcd-espanyol-jugara-al-nou-estadi-el-mes-dagost\\\/#breadcrumb\",\"itemListElement\":[{\"@type\":\"ListItem\",\"position\":1,\"name\":\"Inici\",\"item\":\"https:\\\/\\\/gimnasticdetarragona.cat\\\/es\\\/nastic\\\/\"},{\"@type\":\"ListItem\",\"position\":2,\"name\":\"El RCD Espanyol jugar\u00e1 en el Nou Estadi el mes de agosto\"}]},{\"@type\":\"WebSite\",\"@id\":\"https:\\\/\\\/gimnasticdetarragona.cat\\\/es\\\/#website\",\"url\":\"https:\\\/\\\/gimnasticdetarragona.cat\\\/es\\\/\",\"name\":\"Gimn\u00e0stic de Tarragona SAD\",\"description\":\"Gimn\u00e0stic de Tarragona\",\"publisher\":{\"@id\":\"https:\\\/\\\/gimnasticdetarragona.cat\\\/es\\\/#organization\"},\"potentialAction\":[{\"@type\":\"SearchAction\",\"target\":{\"@type\":\"EntryPoint\",\"urlTemplate\":\"https:\\\/\\\/gimnasticdetarragona.cat\\\/es\\\/?s={search_term_string}\"},\"query-input\":{\"@type\":\"PropertyValueSpecification\",\"valueRequired\":true,\"valueName\":\"search_term_string\"}}],\"inLanguage\":\"es\"},{\"@type\":\"Organization\",\"@id\":\"https:\\\/\\\/gimnasticdetarragona.cat\\\/es\\\/#organization\",\"name\":\"GIMN\u00c0STIC DE TARRAGONA\",\"alternateName\":\"N\u00c0STIC\",\"url\":\"https:\\\/\\\/gimnasticdetarragona.cat\\\/es\\\/\",\"logo\":{\"@type\":\"ImageObject\",\"inLanguage\":\"es\",\"@id\":\"https:\\\/\\\/gimnasticdetarragona.cat\\\/es\\\/#\\\/schema\\\/logo\\\/image\\\/\",\"url\":\"https:\\\/\\\/gimnasticdetarragona.cat\\\/wp-content\\\/uploads\\\/2022\\\/06\\\/cropped-logo-gimnastic.png\",\"contentUrl\":\"https:\\\/\\\/gimnasticdetarragona.cat\\\/wp-content\\\/uploads\\\/2022\\\/06\\\/cropped-logo-gimnastic.png\",\"width\":224,\"height\":83,\"caption\":\"GIMN\u00c0STIC DE TARRAGONA\"},\"image\":{\"@id\":\"https:\\\/\\\/gimnasticdetarragona.cat\\\/es\\\/#\\\/schema\\\/logo\\\/image\\\/\"},\"sameAs\":[\"https:\\\/\\\/x.com\\\/NASTICTARRAGONA\",\"https:\\\/\\\/www.instagram.com\\\/nastictarragona\\\/\"]},{\"@type\":\"Person\",\"@id\":\"https:\\\/\\\/gimnasticdetarragona.cat\\\/es\\\/#\\\/schema\\\/person\\\/47b6a637abf88f9bd835540f20ea069e\",\"name\":\"desarrollo\",\"sameAs\":[\"https:\\\/\\\/clone.gimnasticdetarragona.cat\"]}]}<\/script>\n<!-- \/ Yoast SEO plugin. -->","yoast_head_json":{"title":"El RCD Espanyol jugar\u00e1 en el Nou Estadi el mes de agosto - Gimn\u00e0stic de Tarragona SAD","robots":{"index":"index","follow":"follow","max-snippet":"max-snippet:-1","max-image-preview":"max-image-preview:large","max-video-preview":"max-video-preview:-1"},"canonical":"https:\/\/gimnasticdetarragona.cat\/es\/el-rcd-espanyol-jugara-al-nou-estadi-el-mes-dagost\/","og_locale":"es_ES","og_type":"article","og_title":"El RCD Espanyol jugar\u00e1 en el Nou Estadi el mes de agosto - Gimn\u00e0stic de Tarragona SAD","og_description":"N\u00e0stic y RCD Espanyol jugar\u00e1n un partido amistoso en el Nou Estadi el mi\u00e9rcoles 8 de agosto a partir de las 20.30 horas.","og_url":"https:\/\/gimnasticdetarragona.cat\/es\/el-rcd-espanyol-jugara-al-nou-estadi-el-mes-dagost\/","og_site_name":"Gimn\u00e0stic de Tarragona SAD","article_published_time":"2018-06-26T17:40:02+00:00","og_image":[{"width":1200,"height":630,"url":"https:\/\/gimnasticdetarragona.cat\/wp-content\/uploads\/2022\/06\/06001226135593.jpg","type":"image\/jpeg"}],"author":"desarrollo","twitter_card":"summary_large_image","twitter_creator":"@NASTICTARRAGONA","twitter_site":"@NASTICTARRAGONA","twitter_misc":{"Escrito por":"desarrollo","Tiempo de lectura":"1 minuto"},"schema":{"@context":"https:\/\/schema.org","@graph":[{"@type":"Article","@id":"https:\/\/gimnasticdetarragona.cat\/es\/el-rcd-espanyol-jugara-al-nou-estadi-el-mes-dagost\/#article","isPartOf":{"@id":"https:\/\/gimnasticdetarragona.cat\/es\/el-rcd-espanyol-jugara-al-nou-estadi-el-mes-dagost\/"},"author":{"name":"desarrollo","@id":"https:\/\/gimnasticdetarragona.cat\/es\/#\/schema\/person\/47b6a637abf88f9bd835540f20ea069e"},"headline":"El RCD Espanyol jugar\u00e1 en el Nou Estadi el mes de agosto","datePublished":"2018-06-26T17:40:02+00:00","mainEntityOfPage":{"@id":"https:\/\/gimnasticdetarragona.cat\/es\/el-rcd-espanyol-jugara-al-nou-estadi-el-mes-dagost\/"},"wordCount":206,"commentCount":0,"publisher":{"@id":"https:\/\/gimnasticdetarragona.cat\/es\/#organization"},"image":{"@id":"https:\/\/gimnasticdetarragona.cat\/es\/el-rcd-espanyol-jugara-al-nou-estadi-el-mes-dagost\/#primaryimage"},"thumbnailUrl":"https:\/\/gimnasticdetarragona.cat\/wp-content\/uploads\/2022\/06\/06001226135593.jpg","articleSection":["Actualidad"],"inLanguage":"es"},{"@type":"WebPage","@id":"https:\/\/gimnasticdetarragona.cat\/es\/el-rcd-espanyol-jugara-al-nou-estadi-el-mes-dagost\/","url":"https:\/\/gimnasticdetarragona.cat\/es\/el-rcd-espanyol-jugara-al-nou-estadi-el-mes-dagost\/","name":"El RCD Espanyol jugar\u00e1 en el Nou Estadi el mes de agosto - Gimn\u00e0stic de Tarragona SAD","isPartOf":{"@id":"https:\/\/gimnasticdetarragona.cat\/es\/#website"},"primaryImageOfPage":{"@id":"https:\/\/gimnasticdetarragona.cat\/es\/el-rcd-espanyol-jugara-al-nou-estadi-el-mes-dagost\/#primaryimage"},"image":{"@id":"https:\/\/gimnasticdetarragona.cat\/es\/el-rcd-espanyol-jugara-al-nou-estadi-el-mes-dagost\/#primaryimage"},"thumbnailUrl":"https:\/\/gimnasticdetarragona.cat\/wp-content\/uploads\/2022\/06\/06001226135593.jpg","datePublished":"2018-06-26T17:40:02+00:00","breadcrumb":{"@id":"https:\/\/gimnasticdetarragona.cat\/es\/el-rcd-espanyol-jugara-al-nou-estadi-el-mes-dagost\/#breadcrumb"},"inLanguage":"es","potentialAction":[{"@type":"ReadAction","target":["https:\/\/gimnasticdetarragona.cat\/es\/el-rcd-espanyol-jugara-al-nou-estadi-el-mes-dagost\/"]}]},{"@type":"ImageObject","inLanguage":"es","@id":"https:\/\/gimnasticdetarragona.cat\/es\/el-rcd-espanyol-jugara-al-nou-estadi-el-mes-dagost\/#primaryimage","url":"https:\/\/gimnasticdetarragona.cat\/wp-content\/uploads\/2022\/06\/06001226135593.jpg","contentUrl":"https:\/\/gimnasticdetarragona.cat\/wp-content\/uploads\/2022\/06\/06001226135593.jpg","width":1200,"height":630},{"@type":"BreadcrumbList","@id":"https:\/\/gimnasticdetarragona.cat\/es\/el-rcd-espanyol-jugara-al-nou-estadi-el-mes-dagost\/#breadcrumb","itemListElement":[{"@type":"ListItem","position":1,"name":"Inici","item":"https:\/\/gimnasticdetarragona.cat\/es\/nastic\/"},{"@type":"ListItem","position":2,"name":"El RCD Espanyol jugar\u00e1 en el Nou Estadi el mes de agosto"}]},{"@type":"WebSite","@id":"https:\/\/gimnasticdetarragona.cat\/es\/#website","url":"https:\/\/gimnasticdetarragona.cat\/es\/","name":"Gimn\u00e0stic de Tarragona SAD","description":"Gimn\u00e0stic de Tarragona","publisher":{"@id":"https:\/\/gimnasticdetarragona.cat\/es\/#organization"},"potentialAction":[{"@type":"SearchAction","target":{"@type":"EntryPoint","urlTemplate":"https:\/\/gimnasticdetarragona.cat\/es\/?s={search_term_string}"},"query-input":{"@type":"PropertyValueSpecification","valueRequired":true,"valueName":"search_term_string"}}],"inLanguage":"es"},{"@type":"Organization","@id":"https:\/\/gimnasticdetarragona.cat\/es\/#organization","name":"GIMN\u00c0STIC DE TARRAGONA","alternateName":"N\u00c0STIC","url":"https:\/\/gimnasticdetarragona.cat\/es\/","logo":{"@type":"ImageObject","inLanguage":"es","@id":"https:\/\/gimnasticdetarragona.cat\/es\/#\/schema\/logo\/image\/","url":"https:\/\/gimnasticdetarragona.cat\/wp-content\/uploads\/2022\/06\/cropped-logo-gimnastic.png","contentUrl":"https:\/\/gimnasticdetarragona.cat\/wp-content\/uploads\/2022\/06\/cropped-logo-gimnastic.png","width":224,"height":83,"caption":"GIMN\u00c0STIC DE TARRAGONA"},"image":{"@id":"https:\/\/gimnasticdetarragona.cat\/es\/#\/schema\/logo\/image\/"},"sameAs":["https:\/\/x.com\/NASTICTARRAGONA","https:\/\/www.instagram.com\/nastictarragona\/"]},{"@type":"Person","@id":"https:\/\/gimnasticdetarragona.cat\/es\/#\/schema\/person\/47b6a637abf88f9bd835540f20ea069e","name":"desarrollo","sameAs":["https:\/\/clone.gimnasticdetarragona.cat"]}]}},"_links":{"self":[{"href":"https:\/\/gimnasticdetarragona.cat\/es\/wp-json\/wp\/v2\/posts\/55850","targetHints":{"allow":["GET"]}}],"collection":[{"href":"https:\/\/gimnasticdetarragona.cat\/es\/wp-json\/wp\/v2\/posts"}],"about":[{"href":"https:\/\/gimnasticdetarragona.cat\/es\/wp-json\/wp\/v2\/types\/post"}],"author":[{"embeddable":true,"href":"https:\/\/gimnasticdetarragona.cat\/es\/wp-json\/wp\/v2\/users\/1"}],"replies":[{"embeddable":true,"href":"https:\/\/gimnasticdetarragona.cat\/es\/wp-json\/wp\/v2\/comments?post=55850"}],"version-history":[{"count":0,"href":"https:\/\/gimnasticdetarragona.cat\/es\/wp-json\/wp\/v2\/posts\/55850\/revisions"}],"wp:featuredmedia":[{"embeddable":true,"href":"https:\/\/gimnasticdetarragona.cat\/es\/wp-json\/wp\/v2\/media\/55847"}],"wp:attachment":[{"href":"https:\/\/gimnasticdetarragona.cat\/es\/wp-json\/wp\/v2\/media?parent=55850"}],"wp:term":[{"taxonomy":"category","embeddable":true,"href":"https:\/\/gimnasticdetarragona.cat\/es\/wp-json\/wp\/v2\/categories?post=55850"},{"taxonomy":"post_tag","embeddable":true,"href":"https:\/\/gimnasticdetarragona.cat\/es\/wp-json\/wp\/v2\/tags?post=55850"}],"curies":[{"name":"wp","href":"https:\/\/api.w.org\/{rel}","templated":true}]}}