{"id":55942,"date":"2018-05-30T19:17:46","date_gmt":"2018-05-30T19:17:46","guid":{"rendered":"https:\/\/clone.gimnasticdetarragona.cat\/esgotades-tambe-les-entrades-de-preferent-per-al-nastic-rayo-vallecano\/"},"modified":"2018-05-30T19:17:46","modified_gmt":"2018-05-30T19:17:46","slug":"esgotades-tambe-les-entrades-de-preferent-per-al-nastic-rayo-vallecano","status":"publish","type":"post","link":"https:\/\/gimnasticdetarragona.cat\/es\/esgotades-tambe-les-entrades-de-preferent-per-al-nastic-rayo-vallecano\/","title":{"rendered":"Agotadas tambi\u00e9n las entradas de Preferente para el N\u00e0stic &#8211; Rayo Vallecano"},"content":{"rendered":"<p style=\"text-align: justify;\">El Gimn\u00e0stic de Tarragona informa a todos los socios y aficionados que s\u00f3lo quedan entradas de Gol Norte y Gol Sur para el partido que enfrentar\u00e1 el s\u00e1bado, a partir de las 20.30 horas, en el Nou Estadi, el N\u00e0stic ante el Rayo Vallecano.<\/p>\n<p style=\"text-align: justify;\">Este mi\u00e9rcoles ha continuado el alto ritmo de retirada de las entradas gratuitas para los socios y se han agotado las entradas disponibles en la zona de Preferente, como ya hab\u00eda pasado con las entradas de Tribuna.<\/p>\n<p style=\"text-align: justify;\">De esta forma, los socios de Tribuna y Preferente que todav\u00eda no hayan recogido las dos entradas que regala el club, tendr\u00e1n la opci\u00f3n de elegir entre Gol Norte o Gol Sur hasta agotar las entradas disponibles.<\/p>\n<p style=\"text-align: justify;\">Recordemos que el club ofrece a todos los socios la posibilidad de retirar gratuitamente dos entradas hasta completar el aforo disponible. Para ello pueden pasar por las oficinas de la SAE hasta el viernes en horario de 9 a 13:30 horas y de 16 a 19 horas.<\/p>\n","protected":false},"excerpt":{"rendered":"<p>El Gimn\u00e0stic de Tarragona informa a todos los socios y aficionados que s\u00f3lo quedan entradas de Gol Norte y Gol Sur para el partido que enfrentar\u00e1 el s\u00e1bado, a partir de las 20.30 horas, en el Nou Estadi, el N\u00e0stic ante el Rayo Vallecano.<\/p>\n","protected":false},"author":1,"featured_media":55939,"comment_status":"open","ping_status":"open","sticky":false,"template":"","format":"standard","meta":{"_acf_changed":false,"footnotes":""},"categories":[113],"tags":[],"class_list":["post-55942","post","type-post","status-publish","format-standard","has-post-thumbnail","hentry","category-actualidad"],"acf":[],"yoast_head":"<!-- This site is optimized with the Yoast SEO plugin v27.3 - https:\/\/yoast.com\/product\/yoast-seo-wordpress\/ -->\n<title>Agotadas tambi\u00e9n las entradas de Preferente para el N\u00e0stic - Rayo Vallecano - Gimn\u00e0stic de Tarragona SAD<\/title>\n<meta name=\"robots\" content=\"index, follow, max-snippet:-1, max-image-preview:large, max-video-preview:-1\" \/>\n<link rel=\"canonical\" href=\"https:\/\/gimnasticdetarragona.cat\/es\/esgotades-tambe-les-entrades-de-preferent-per-al-nastic-rayo-vallecano\/\" \/>\n<meta property=\"og:locale\" content=\"es_ES\" \/>\n<meta property=\"og:type\" content=\"article\" \/>\n<meta property=\"og:title\" content=\"Agotadas tambi\u00e9n las entradas de Preferente para el N\u00e0stic - Rayo Vallecano - Gimn\u00e0stic de Tarragona SAD\" \/>\n<meta property=\"og:description\" content=\"El Gimn\u00e0stic de Tarragona informa a todos los socios y aficionados que s\u00f3lo quedan entradas de Gol Norte y Gol Sur para el partido que enfrentar\u00e1 el s\u00e1bado, a partir de las 20.30 horas, en el Nou Estadi, el N\u00e0stic ante el Rayo Vallecano.\" \/>\n<meta property=\"og:url\" content=\"https:\/\/gimnasticdetarragona.cat\/es\/esgotades-tambe-les-entrades-de-preferent-per-al-nastic-rayo-vallecano\/\" \/>\n<meta property=\"og:site_name\" content=\"Gimn\u00e0stic de Tarragona SAD\" \/>\n<meta property=\"article:published_time\" content=\"2018-05-30T19:17:46+00:00\" \/>\n<meta property=\"og:image\" content=\"https:\/\/gimnasticdetarragona.cat\/wp-content\/uploads\/2022\/06\/06001157135145.jpg\" \/>\n\t<meta property=\"og:image:width\" content=\"1200\" \/>\n\t<meta property=\"og:image:height\" content=\"630\" \/>\n\t<meta property=\"og:image:type\" content=\"image\/jpeg\" \/>\n<meta name=\"author\" content=\"desarrollo\" \/>\n<meta name=\"twitter:card\" content=\"summary_large_image\" \/>\n<meta name=\"twitter:creator\" content=\"@NASTICTARRAGONA\" \/>\n<meta name=\"twitter:site\" content=\"@NASTICTARRAGONA\" \/>\n<meta name=\"twitter:label1\" content=\"Escrito por\" \/>\n\t<meta name=\"twitter:data1\" content=\"desarrollo\" \/>\n\t<meta name=\"twitter:label2\" content=\"Tiempo de lectura\" \/>\n\t<meta name=\"twitter:data2\" content=\"1 minuto\" \/>\n<script type=\"application\/ld+json\" class=\"yoast-schema-graph\">{\"@context\":\"https:\\\/\\\/schema.org\",\"@graph\":[{\"@type\":\"Article\",\"@id\":\"https:\\\/\\\/gimnasticdetarragona.cat\\\/es\\\/esgotades-tambe-les-entrades-de-preferent-per-al-nastic-rayo-vallecano\\\/#article\",\"isPartOf\":{\"@id\":\"https:\\\/\\\/gimnasticdetarragona.cat\\\/es\\\/esgotades-tambe-les-entrades-de-preferent-per-al-nastic-rayo-vallecano\\\/\"},\"author\":{\"name\":\"desarrollo\",\"@id\":\"https:\\\/\\\/gimnasticdetarragona.cat\\\/es\\\/#\\\/schema\\\/person\\\/47b6a637abf88f9bd835540f20ea069e\"},\"headline\":\"Agotadas tambi\u00e9n las entradas de Preferente para el N\u00e0stic &#8211; Rayo Vallecano\",\"datePublished\":\"2018-05-30T19:17:46+00:00\",\"mainEntityOfPage\":{\"@id\":\"https:\\\/\\\/gimnasticdetarragona.cat\\\/es\\\/esgotades-tambe-les-entrades-de-preferent-per-al-nastic-rayo-vallecano\\\/\"},\"wordCount\":183,\"commentCount\":0,\"publisher\":{\"@id\":\"https:\\\/\\\/gimnasticdetarragona.cat\\\/es\\\/#organization\"},\"image\":{\"@id\":\"https:\\\/\\\/gimnasticdetarragona.cat\\\/es\\\/esgotades-tambe-les-entrades-de-preferent-per-al-nastic-rayo-vallecano\\\/#primaryimage\"},\"thumbnailUrl\":\"https:\\\/\\\/gimnasticdetarragona.cat\\\/wp-content\\\/uploads\\\/2022\\\/06\\\/06001157135145.jpg\",\"articleSection\":[\"Actualidad\"],\"inLanguage\":\"es\"},{\"@type\":\"WebPage\",\"@id\":\"https:\\\/\\\/gimnasticdetarragona.cat\\\/es\\\/esgotades-tambe-les-entrades-de-preferent-per-al-nastic-rayo-vallecano\\\/\",\"url\":\"https:\\\/\\\/gimnasticdetarragona.cat\\\/es\\\/esgotades-tambe-les-entrades-de-preferent-per-al-nastic-rayo-vallecano\\\/\",\"name\":\"Agotadas tambi\u00e9n las entradas de Preferente para el N\u00e0stic - Rayo Vallecano - Gimn\u00e0stic de Tarragona SAD\",\"isPartOf\":{\"@id\":\"https:\\\/\\\/gimnasticdetarragona.cat\\\/es\\\/#website\"},\"primaryImageOfPage\":{\"@id\":\"https:\\\/\\\/gimnasticdetarragona.cat\\\/es\\\/esgotades-tambe-les-entrades-de-preferent-per-al-nastic-rayo-vallecano\\\/#primaryimage\"},\"image\":{\"@id\":\"https:\\\/\\\/gimnasticdetarragona.cat\\\/es\\\/esgotades-tambe-les-entrades-de-preferent-per-al-nastic-rayo-vallecano\\\/#primaryimage\"},\"thumbnailUrl\":\"https:\\\/\\\/gimnasticdetarragona.cat\\\/wp-content\\\/uploads\\\/2022\\\/06\\\/06001157135145.jpg\",\"datePublished\":\"2018-05-30T19:17:46+00:00\",\"breadcrumb\":{\"@id\":\"https:\\\/\\\/gimnasticdetarragona.cat\\\/es\\\/esgotades-tambe-les-entrades-de-preferent-per-al-nastic-rayo-vallecano\\\/#breadcrumb\"},\"inLanguage\":\"es\",\"potentialAction\":[{\"@type\":\"ReadAction\",\"target\":[\"https:\\\/\\\/gimnasticdetarragona.cat\\\/es\\\/esgotades-tambe-les-entrades-de-preferent-per-al-nastic-rayo-vallecano\\\/\"]}]},{\"@type\":\"ImageObject\",\"inLanguage\":\"es\",\"@id\":\"https:\\\/\\\/gimnasticdetarragona.cat\\\/es\\\/esgotades-tambe-les-entrades-de-preferent-per-al-nastic-rayo-vallecano\\\/#primaryimage\",\"url\":\"https:\\\/\\\/gimnasticdetarragona.cat\\\/wp-content\\\/uploads\\\/2022\\\/06\\\/06001157135145.jpg\",\"contentUrl\":\"https:\\\/\\\/gimnasticdetarragona.cat\\\/wp-content\\\/uploads\\\/2022\\\/06\\\/06001157135145.jpg\",\"width\":1200,\"height\":630},{\"@type\":\"BreadcrumbList\",\"@id\":\"https:\\\/\\\/gimnasticdetarragona.cat\\\/es\\\/esgotades-tambe-les-entrades-de-preferent-per-al-nastic-rayo-vallecano\\\/#breadcrumb\",\"itemListElement\":[{\"@type\":\"ListItem\",\"position\":1,\"name\":\"Inici\",\"item\":\"https:\\\/\\\/gimnasticdetarragona.cat\\\/es\\\/nastic\\\/\"},{\"@type\":\"ListItem\",\"position\":2,\"name\":\"Agotadas tambi\u00e9n las entradas de Preferente para el N\u00e0stic &#8211; Rayo Vallecano\"}]},{\"@type\":\"WebSite\",\"@id\":\"https:\\\/\\\/gimnasticdetarragona.cat\\\/es\\\/#website\",\"url\":\"https:\\\/\\\/gimnasticdetarragona.cat\\\/es\\\/\",\"name\":\"Gimn\u00e0stic de Tarragona SAD\",\"description\":\"Gimn\u00e0stic de Tarragona\",\"publisher\":{\"@id\":\"https:\\\/\\\/gimnasticdetarragona.cat\\\/es\\\/#organization\"},\"potentialAction\":[{\"@type\":\"SearchAction\",\"target\":{\"@type\":\"EntryPoint\",\"urlTemplate\":\"https:\\\/\\\/gimnasticdetarragona.cat\\\/es\\\/?s={search_term_string}\"},\"query-input\":{\"@type\":\"PropertyValueSpecification\",\"valueRequired\":true,\"valueName\":\"search_term_string\"}}],\"inLanguage\":\"es\"},{\"@type\":\"Organization\",\"@id\":\"https:\\\/\\\/gimnasticdetarragona.cat\\\/es\\\/#organization\",\"name\":\"GIMN\u00c0STIC DE TARRAGONA\",\"alternateName\":\"N\u00c0STIC\",\"url\":\"https:\\\/\\\/gimnasticdetarragona.cat\\\/es\\\/\",\"logo\":{\"@type\":\"ImageObject\",\"inLanguage\":\"es\",\"@id\":\"https:\\\/\\\/gimnasticdetarragona.cat\\\/es\\\/#\\\/schema\\\/logo\\\/image\\\/\",\"url\":\"https:\\\/\\\/gimnasticdetarragona.cat\\\/wp-content\\\/uploads\\\/2022\\\/06\\\/cropped-logo-gimnastic.png\",\"contentUrl\":\"https:\\\/\\\/gimnasticdetarragona.cat\\\/wp-content\\\/uploads\\\/2022\\\/06\\\/cropped-logo-gimnastic.png\",\"width\":224,\"height\":83,\"caption\":\"GIMN\u00c0STIC DE TARRAGONA\"},\"image\":{\"@id\":\"https:\\\/\\\/gimnasticdetarragona.cat\\\/es\\\/#\\\/schema\\\/logo\\\/image\\\/\"},\"sameAs\":[\"https:\\\/\\\/x.com\\\/NASTICTARRAGONA\",\"https:\\\/\\\/www.instagram.com\\\/nastictarragona\\\/\"]},{\"@type\":\"Person\",\"@id\":\"https:\\\/\\\/gimnasticdetarragona.cat\\\/es\\\/#\\\/schema\\\/person\\\/47b6a637abf88f9bd835540f20ea069e\",\"name\":\"desarrollo\",\"sameAs\":[\"https:\\\/\\\/clone.gimnasticdetarragona.cat\"]}]}<\/script>\n<!-- \/ Yoast SEO plugin. -->","yoast_head_json":{"title":"Agotadas tambi\u00e9n las entradas de Preferente para el N\u00e0stic - Rayo Vallecano - Gimn\u00e0stic de Tarragona SAD","robots":{"index":"index","follow":"follow","max-snippet":"max-snippet:-1","max-image-preview":"max-image-preview:large","max-video-preview":"max-video-preview:-1"},"canonical":"https:\/\/gimnasticdetarragona.cat\/es\/esgotades-tambe-les-entrades-de-preferent-per-al-nastic-rayo-vallecano\/","og_locale":"es_ES","og_type":"article","og_title":"Agotadas tambi\u00e9n las entradas de Preferente para el N\u00e0stic - Rayo Vallecano - Gimn\u00e0stic de Tarragona SAD","og_description":"El Gimn\u00e0stic de Tarragona informa a todos los socios y aficionados que s\u00f3lo quedan entradas de Gol Norte y Gol Sur para el partido que enfrentar\u00e1 el s\u00e1bado, a partir de las 20.30 horas, en el Nou Estadi, el N\u00e0stic ante el Rayo Vallecano.","og_url":"https:\/\/gimnasticdetarragona.cat\/es\/esgotades-tambe-les-entrades-de-preferent-per-al-nastic-rayo-vallecano\/","og_site_name":"Gimn\u00e0stic de Tarragona SAD","article_published_time":"2018-05-30T19:17:46+00:00","og_image":[{"width":1200,"height":630,"url":"https:\/\/gimnasticdetarragona.cat\/wp-content\/uploads\/2022\/06\/06001157135145.jpg","type":"image\/jpeg"}],"author":"desarrollo","twitter_card":"summary_large_image","twitter_creator":"@NASTICTARRAGONA","twitter_site":"@NASTICTARRAGONA","twitter_misc":{"Escrito por":"desarrollo","Tiempo de lectura":"1 minuto"},"schema":{"@context":"https:\/\/schema.org","@graph":[{"@type":"Article","@id":"https:\/\/gimnasticdetarragona.cat\/es\/esgotades-tambe-les-entrades-de-preferent-per-al-nastic-rayo-vallecano\/#article","isPartOf":{"@id":"https:\/\/gimnasticdetarragona.cat\/es\/esgotades-tambe-les-entrades-de-preferent-per-al-nastic-rayo-vallecano\/"},"author":{"name":"desarrollo","@id":"https:\/\/gimnasticdetarragona.cat\/es\/#\/schema\/person\/47b6a637abf88f9bd835540f20ea069e"},"headline":"Agotadas tambi\u00e9n las entradas de Preferente para el N\u00e0stic &#8211; Rayo Vallecano","datePublished":"2018-05-30T19:17:46+00:00","mainEntityOfPage":{"@id":"https:\/\/gimnasticdetarragona.cat\/es\/esgotades-tambe-les-entrades-de-preferent-per-al-nastic-rayo-vallecano\/"},"wordCount":183,"commentCount":0,"publisher":{"@id":"https:\/\/gimnasticdetarragona.cat\/es\/#organization"},"image":{"@id":"https:\/\/gimnasticdetarragona.cat\/es\/esgotades-tambe-les-entrades-de-preferent-per-al-nastic-rayo-vallecano\/#primaryimage"},"thumbnailUrl":"https:\/\/gimnasticdetarragona.cat\/wp-content\/uploads\/2022\/06\/06001157135145.jpg","articleSection":["Actualidad"],"inLanguage":"es"},{"@type":"WebPage","@id":"https:\/\/gimnasticdetarragona.cat\/es\/esgotades-tambe-les-entrades-de-preferent-per-al-nastic-rayo-vallecano\/","url":"https:\/\/gimnasticdetarragona.cat\/es\/esgotades-tambe-les-entrades-de-preferent-per-al-nastic-rayo-vallecano\/","name":"Agotadas tambi\u00e9n las entradas de Preferente para el N\u00e0stic - Rayo Vallecano - Gimn\u00e0stic de Tarragona SAD","isPartOf":{"@id":"https:\/\/gimnasticdetarragona.cat\/es\/#website"},"primaryImageOfPage":{"@id":"https:\/\/gimnasticdetarragona.cat\/es\/esgotades-tambe-les-entrades-de-preferent-per-al-nastic-rayo-vallecano\/#primaryimage"},"image":{"@id":"https:\/\/gimnasticdetarragona.cat\/es\/esgotades-tambe-les-entrades-de-preferent-per-al-nastic-rayo-vallecano\/#primaryimage"},"thumbnailUrl":"https:\/\/gimnasticdetarragona.cat\/wp-content\/uploads\/2022\/06\/06001157135145.jpg","datePublished":"2018-05-30T19:17:46+00:00","breadcrumb":{"@id":"https:\/\/gimnasticdetarragona.cat\/es\/esgotades-tambe-les-entrades-de-preferent-per-al-nastic-rayo-vallecano\/#breadcrumb"},"inLanguage":"es","potentialAction":[{"@type":"ReadAction","target":["https:\/\/gimnasticdetarragona.cat\/es\/esgotades-tambe-les-entrades-de-preferent-per-al-nastic-rayo-vallecano\/"]}]},{"@type":"ImageObject","inLanguage":"es","@id":"https:\/\/gimnasticdetarragona.cat\/es\/esgotades-tambe-les-entrades-de-preferent-per-al-nastic-rayo-vallecano\/#primaryimage","url":"https:\/\/gimnasticdetarragona.cat\/wp-content\/uploads\/2022\/06\/06001157135145.jpg","contentUrl":"https:\/\/gimnasticdetarragona.cat\/wp-content\/uploads\/2022\/06\/06001157135145.jpg","width":1200,"height":630},{"@type":"BreadcrumbList","@id":"https:\/\/gimnasticdetarragona.cat\/es\/esgotades-tambe-les-entrades-de-preferent-per-al-nastic-rayo-vallecano\/#breadcrumb","itemListElement":[{"@type":"ListItem","position":1,"name":"Inici","item":"https:\/\/gimnasticdetarragona.cat\/es\/nastic\/"},{"@type":"ListItem","position":2,"name":"Agotadas tambi\u00e9n las entradas de Preferente para el N\u00e0stic &#8211; Rayo Vallecano"}]},{"@type":"WebSite","@id":"https:\/\/gimnasticdetarragona.cat\/es\/#website","url":"https:\/\/gimnasticdetarragona.cat\/es\/","name":"Gimn\u00e0stic de Tarragona SAD","description":"Gimn\u00e0stic de Tarragona","publisher":{"@id":"https:\/\/gimnasticdetarragona.cat\/es\/#organization"},"potentialAction":[{"@type":"SearchAction","target":{"@type":"EntryPoint","urlTemplate":"https:\/\/gimnasticdetarragona.cat\/es\/?s={search_term_string}"},"query-input":{"@type":"PropertyValueSpecification","valueRequired":true,"valueName":"search_term_string"}}],"inLanguage":"es"},{"@type":"Organization","@id":"https:\/\/gimnasticdetarragona.cat\/es\/#organization","name":"GIMN\u00c0STIC DE TARRAGONA","alternateName":"N\u00c0STIC","url":"https:\/\/gimnasticdetarragona.cat\/es\/","logo":{"@type":"ImageObject","inLanguage":"es","@id":"https:\/\/gimnasticdetarragona.cat\/es\/#\/schema\/logo\/image\/","url":"https:\/\/gimnasticdetarragona.cat\/wp-content\/uploads\/2022\/06\/cropped-logo-gimnastic.png","contentUrl":"https:\/\/gimnasticdetarragona.cat\/wp-content\/uploads\/2022\/06\/cropped-logo-gimnastic.png","width":224,"height":83,"caption":"GIMN\u00c0STIC DE TARRAGONA"},"image":{"@id":"https:\/\/gimnasticdetarragona.cat\/es\/#\/schema\/logo\/image\/"},"sameAs":["https:\/\/x.com\/NASTICTARRAGONA","https:\/\/www.instagram.com\/nastictarragona\/"]},{"@type":"Person","@id":"https:\/\/gimnasticdetarragona.cat\/es\/#\/schema\/person\/47b6a637abf88f9bd835540f20ea069e","name":"desarrollo","sameAs":["https:\/\/clone.gimnasticdetarragona.cat"]}]}},"_links":{"self":[{"href":"https:\/\/gimnasticdetarragona.cat\/es\/wp-json\/wp\/v2\/posts\/55942","targetHints":{"allow":["GET"]}}],"collection":[{"href":"https:\/\/gimnasticdetarragona.cat\/es\/wp-json\/wp\/v2\/posts"}],"about":[{"href":"https:\/\/gimnasticdetarragona.cat\/es\/wp-json\/wp\/v2\/types\/post"}],"author":[{"embeddable":true,"href":"https:\/\/gimnasticdetarragona.cat\/es\/wp-json\/wp\/v2\/users\/1"}],"replies":[{"embeddable":true,"href":"https:\/\/gimnasticdetarragona.cat\/es\/wp-json\/wp\/v2\/comments?post=55942"}],"version-history":[{"count":0,"href":"https:\/\/gimnasticdetarragona.cat\/es\/wp-json\/wp\/v2\/posts\/55942\/revisions"}],"wp:featuredmedia":[{"embeddable":true,"href":"https:\/\/gimnasticdetarragona.cat\/es\/wp-json\/wp\/v2\/media\/55939"}],"wp:attachment":[{"href":"https:\/\/gimnasticdetarragona.cat\/es\/wp-json\/wp\/v2\/media?parent=55942"}],"wp:term":[{"taxonomy":"category","embeddable":true,"href":"https:\/\/gimnasticdetarragona.cat\/es\/wp-json\/wp\/v2\/categories?post=55942"},{"taxonomy":"post_tag","embeddable":true,"href":"https:\/\/gimnasticdetarragona.cat\/es\/wp-json\/wp\/v2\/tags?post=55942"}],"curies":[{"name":"wp","href":"https:\/\/api.w.org\/{rel}","templated":true}]}}