{"id":55970,"date":"2018-05-28T13:46:09","date_gmt":"2018-05-28T13:46:09","guid":{"rendered":"https:\/\/clone.gimnasticdetarragona.cat\/resultats-planter-grana-26-i-27-de-maig\/"},"modified":"2018-05-28T13:46:09","modified_gmt":"2018-05-28T13:46:09","slug":"resultats-planter-grana-26-i-27-de-maig","status":"publish","type":"post","link":"https:\/\/gimnasticdetarragona.cat\/es\/resultats-planter-grana-26-i-27-de-maig\/","title":{"rendered":"Resultados Planter Grana (26 y 27 de mayo)"},"content":{"rendered":"<p>Los equipos Benjam\u00edn A y Alev\u00edn A participaron en el Memorial Francesc Vila organizado por la Federaci\u00f3n Andorrana de F\u00fatbol. El <strong>Benjam\u00edn A<\/strong> lleg\u00f3 a la final, pero perdi\u00f3 ante el RCD Espanyol por 1 a 3. Con anterioridad en la primera fase gan\u00f3 al Toulouse CF (2-1) y empat\u00f3 ante el Valencia CF (1-1) y el RCD Espanyol (2-2). En los cuartos de final super\u00f3 al CA Osasuna por 1 a 0 y en semifinales se deshizo por penaltis del Real Madrid (1-1).<\/p>\n<p style=\"text-align: justify;\">Por su parte, el <strong>Alev\u00edn A<\/strong> termin\u00f3 tercero tras empatar en el partido por el tercer y cuarto puesto ante el CA Osasuna (1-1) al que super\u00f3 en una larga tanda de penaltis, que termin\u00f3 15-14 . En la primera fase del torneo hab\u00eda ganado en la Selecci\u00f3n de Andorra (3-0), la Real Sociedad (2-1) y el Sporting de Gij\u00f3n (3-1). En los cuartos de final gan\u00f3 al Valencia CF (3-1) y en semifinales cay\u00f3 contra el Villarreal CF (0-6).<\/p>\n<p><u>Prebenjamines<br \/>\n<\/u><strong>Prebenjam\u00edn D <\/strong>\u2013 EF El Pla de Santa Mar\u00eda A 3-4<br \/>\n<strong>Prebenjam\u00edn C<\/strong> \u2013 CD La Floresta A 4-1<br \/>\n<strong>Prebenjam\u00edn B <\/strong>\u2013 UD Salou B 9-0<br \/>\n<strong>Prebenjam\u00edn A <\/strong>\u2013 CE Santes Creus A 2-3<\/p>\n<p><u>Benjamines<br \/>\n<\/u><strong>Benjam\u00edn H<\/strong> \u2013 CF Base Marc Bartra C 0-7<br \/>\nCE Cambrils Uni\u00f3 G &#8211;<strong> Benjam\u00edn F <\/strong>10-0<br \/>\nLa Salle Tarragona A &#8211;<strong> Benjam\u00edn E <\/strong>1-3<br \/>\nCE Alcover A &#8211;<strong> Benjam\u00edn C <\/strong>5-2<br \/>\nCD La Floresta B &#8211;<strong> Benjam\u00edn B <\/strong>0-7<\/p>\n<p><u>Alevines<br \/>\n<\/u><strong>Alev\u00edn E<\/strong> &#8211; CD Riudoms D 6-4<br \/>\n<strong>Alev\u00edn D <\/strong>\u2013 AE Pare Manyanet C 10-0<br \/>\nCE Santes Creus C &#8211;<strong> Alev\u00edn C <\/strong>2-4<br \/>\nCE Santes Creus B &#8211;<strong> Alev\u00edn B <\/strong>1-6<\/p>\n<p><u>Infantiles<br \/>\n<\/u>Base 2012 Pallaresos B &#8211; <strong>Infantil F <\/strong>1-2<br \/>\n<strong>Infantil C <\/strong>\u2013 Escola Futbol SPiSP B 2-0<br \/>\n<strong>Infantil B <\/strong>\u2013 CF Gav\u00e0 Mar A 8-0<\/p>\n<p><u>Cadetes<br \/>\n<\/u><strong>Cadete C<\/strong> \u2013 UD Salou A 6-0<br \/>\n<strong>Cadete B <\/strong>\u2013 UD Viladecans A 3-0<br \/>\nFC Barcelona A \u2013 <strong>Cadete A<\/strong> (Campionat de Catalunya, semifinal) 2-0<\/p>\n","protected":false},"excerpt":{"rendered":"<p>Estos son los resultats de los equipos de f\u00fatbol base del Planter Grana de este fin de semana (26 y 27 de mayo).<\/p>\n","protected":false},"author":1,"featured_media":55967,"comment_status":"open","ping_status":"open","sticky":false,"template":"","format":"standard","meta":{"_acf_changed":false,"footnotes":""},"categories":[113,117],"tags":[],"class_list":["post-55970","post","type-post","status-publish","format-standard","has-post-thumbnail","hentry","category-actualidad","category-futbol-base"],"acf":[],"yoast_head":"<!-- This site is optimized with the Yoast SEO plugin v27.3 - https:\/\/yoast.com\/product\/yoast-seo-wordpress\/ -->\n<title>Resultados Planter Grana (26 y 27 de mayo) - Gimn\u00e0stic de Tarragona SAD<\/title>\n<meta name=\"robots\" content=\"index, follow, max-snippet:-1, max-image-preview:large, max-video-preview:-1\" \/>\n<link rel=\"canonical\" href=\"https:\/\/gimnasticdetarragona.cat\/es\/resultats-planter-grana-26-i-27-de-maig\/\" \/>\n<meta property=\"og:locale\" content=\"es_ES\" \/>\n<meta property=\"og:type\" content=\"article\" \/>\n<meta property=\"og:title\" content=\"Resultados Planter Grana (26 y 27 de mayo) - Gimn\u00e0stic de Tarragona SAD\" \/>\n<meta property=\"og:description\" content=\"Estos son los resultats de los equipos de f\u00fatbol base del Planter Grana de este fin de semana (26 y 27 de mayo).\" \/>\n<meta property=\"og:url\" content=\"https:\/\/gimnasticdetarragona.cat\/es\/resultats-planter-grana-26-i-27-de-maig\/\" \/>\n<meta property=\"og:site_name\" content=\"Gimn\u00e0stic de Tarragona SAD\" \/>\n<meta property=\"article:published_time\" content=\"2018-05-28T13:46:09+00:00\" \/>\n<meta property=\"og:image\" content=\"https:\/\/gimnasticdetarragona.cat\/wp-content\/uploads\/2022\/06\/06001153135056.jpg\" \/>\n\t<meta property=\"og:image:width\" content=\"1600\" \/>\n\t<meta property=\"og:image:height\" content=\"1200\" \/>\n\t<meta property=\"og:image:type\" content=\"image\/jpeg\" \/>\n<meta name=\"author\" content=\"desarrollo\" \/>\n<meta name=\"twitter:card\" content=\"summary_large_image\" \/>\n<meta name=\"twitter:creator\" content=\"@NASTICTARRAGONA\" \/>\n<meta name=\"twitter:site\" content=\"@NASTICTARRAGONA\" \/>\n<meta name=\"twitter:label1\" content=\"Escrito por\" \/>\n\t<meta name=\"twitter:data1\" content=\"desarrollo\" \/>\n\t<meta name=\"twitter:label2\" content=\"Tiempo de lectura\" \/>\n\t<meta name=\"twitter:data2\" content=\"2 minutos\" \/>\n<script type=\"application\/ld+json\" class=\"yoast-schema-graph\">{\"@context\":\"https:\\\/\\\/schema.org\",\"@graph\":[{\"@type\":\"Article\",\"@id\":\"https:\\\/\\\/gimnasticdetarragona.cat\\\/es\\\/resultats-planter-grana-26-i-27-de-maig\\\/#article\",\"isPartOf\":{\"@id\":\"https:\\\/\\\/gimnasticdetarragona.cat\\\/es\\\/resultats-planter-grana-26-i-27-de-maig\\\/\"},\"author\":{\"name\":\"desarrollo\",\"@id\":\"https:\\\/\\\/gimnasticdetarragona.cat\\\/es\\\/#\\\/schema\\\/person\\\/47b6a637abf88f9bd835540f20ea069e\"},\"headline\":\"Resultados Planter Grana (26 y 27 de mayo)\",\"datePublished\":\"2018-05-28T13:46:09+00:00\",\"mainEntityOfPage\":{\"@id\":\"https:\\\/\\\/gimnasticdetarragona.cat\\\/es\\\/resultats-planter-grana-26-i-27-de-maig\\\/\"},\"wordCount\":335,\"commentCount\":0,\"publisher\":{\"@id\":\"https:\\\/\\\/gimnasticdetarragona.cat\\\/es\\\/#organization\"},\"image\":{\"@id\":\"https:\\\/\\\/gimnasticdetarragona.cat\\\/es\\\/resultats-planter-grana-26-i-27-de-maig\\\/#primaryimage\"},\"thumbnailUrl\":\"https:\\\/\\\/gimnasticdetarragona.cat\\\/wp-content\\\/uploads\\\/2022\\\/06\\\/06001153135056.jpg\",\"articleSection\":[\"Actualidad\",\"F\u00fatbol Base\"],\"inLanguage\":\"es\"},{\"@type\":\"WebPage\",\"@id\":\"https:\\\/\\\/gimnasticdetarragona.cat\\\/es\\\/resultats-planter-grana-26-i-27-de-maig\\\/\",\"url\":\"https:\\\/\\\/gimnasticdetarragona.cat\\\/es\\\/resultats-planter-grana-26-i-27-de-maig\\\/\",\"name\":\"Resultados Planter Grana (26 y 27 de mayo) - Gimn\u00e0stic de Tarragona SAD\",\"isPartOf\":{\"@id\":\"https:\\\/\\\/gimnasticdetarragona.cat\\\/es\\\/#website\"},\"primaryImageOfPage\":{\"@id\":\"https:\\\/\\\/gimnasticdetarragona.cat\\\/es\\\/resultats-planter-grana-26-i-27-de-maig\\\/#primaryimage\"},\"image\":{\"@id\":\"https:\\\/\\\/gimnasticdetarragona.cat\\\/es\\\/resultats-planter-grana-26-i-27-de-maig\\\/#primaryimage\"},\"thumbnailUrl\":\"https:\\\/\\\/gimnasticdetarragona.cat\\\/wp-content\\\/uploads\\\/2022\\\/06\\\/06001153135056.jpg\",\"datePublished\":\"2018-05-28T13:46:09+00:00\",\"breadcrumb\":{\"@id\":\"https:\\\/\\\/gimnasticdetarragona.cat\\\/es\\\/resultats-planter-grana-26-i-27-de-maig\\\/#breadcrumb\"},\"inLanguage\":\"es\",\"potentialAction\":[{\"@type\":\"ReadAction\",\"target\":[\"https:\\\/\\\/gimnasticdetarragona.cat\\\/es\\\/resultats-planter-grana-26-i-27-de-maig\\\/\"]}]},{\"@type\":\"ImageObject\",\"inLanguage\":\"es\",\"@id\":\"https:\\\/\\\/gimnasticdetarragona.cat\\\/es\\\/resultats-planter-grana-26-i-27-de-maig\\\/#primaryimage\",\"url\":\"https:\\\/\\\/gimnasticdetarragona.cat\\\/wp-content\\\/uploads\\\/2022\\\/06\\\/06001153135056.jpg\",\"contentUrl\":\"https:\\\/\\\/gimnasticdetarragona.cat\\\/wp-content\\\/uploads\\\/2022\\\/06\\\/06001153135056.jpg\",\"width\":1600,\"height\":1200},{\"@type\":\"BreadcrumbList\",\"@id\":\"https:\\\/\\\/gimnasticdetarragona.cat\\\/es\\\/resultats-planter-grana-26-i-27-de-maig\\\/#breadcrumb\",\"itemListElement\":[{\"@type\":\"ListItem\",\"position\":1,\"name\":\"Inici\",\"item\":\"https:\\\/\\\/gimnasticdetarragona.cat\\\/es\\\/nastic\\\/\"},{\"@type\":\"ListItem\",\"position\":2,\"name\":\"Resultados Planter Grana (26 y 27 de mayo)\"}]},{\"@type\":\"WebSite\",\"@id\":\"https:\\\/\\\/gimnasticdetarragona.cat\\\/es\\\/#website\",\"url\":\"https:\\\/\\\/gimnasticdetarragona.cat\\\/es\\\/\",\"name\":\"Gimn\u00e0stic de Tarragona SAD\",\"description\":\"Gimn\u00e0stic de Tarragona\",\"publisher\":{\"@id\":\"https:\\\/\\\/gimnasticdetarragona.cat\\\/es\\\/#organization\"},\"potentialAction\":[{\"@type\":\"SearchAction\",\"target\":{\"@type\":\"EntryPoint\",\"urlTemplate\":\"https:\\\/\\\/gimnasticdetarragona.cat\\\/es\\\/?s={search_term_string}\"},\"query-input\":{\"@type\":\"PropertyValueSpecification\",\"valueRequired\":true,\"valueName\":\"search_term_string\"}}],\"inLanguage\":\"es\"},{\"@type\":\"Organization\",\"@id\":\"https:\\\/\\\/gimnasticdetarragona.cat\\\/es\\\/#organization\",\"name\":\"GIMN\u00c0STIC DE TARRAGONA\",\"alternateName\":\"N\u00c0STIC\",\"url\":\"https:\\\/\\\/gimnasticdetarragona.cat\\\/es\\\/\",\"logo\":{\"@type\":\"ImageObject\",\"inLanguage\":\"es\",\"@id\":\"https:\\\/\\\/gimnasticdetarragona.cat\\\/es\\\/#\\\/schema\\\/logo\\\/image\\\/\",\"url\":\"https:\\\/\\\/gimnasticdetarragona.cat\\\/wp-content\\\/uploads\\\/2022\\\/06\\\/cropped-logo-gimnastic.png\",\"contentUrl\":\"https:\\\/\\\/gimnasticdetarragona.cat\\\/wp-content\\\/uploads\\\/2022\\\/06\\\/cropped-logo-gimnastic.png\",\"width\":224,\"height\":83,\"caption\":\"GIMN\u00c0STIC DE TARRAGONA\"},\"image\":{\"@id\":\"https:\\\/\\\/gimnasticdetarragona.cat\\\/es\\\/#\\\/schema\\\/logo\\\/image\\\/\"},\"sameAs\":[\"https:\\\/\\\/x.com\\\/NASTICTARRAGONA\",\"https:\\\/\\\/www.instagram.com\\\/nastictarragona\\\/\"]},{\"@type\":\"Person\",\"@id\":\"https:\\\/\\\/gimnasticdetarragona.cat\\\/es\\\/#\\\/schema\\\/person\\\/47b6a637abf88f9bd835540f20ea069e\",\"name\":\"desarrollo\",\"sameAs\":[\"https:\\\/\\\/clone.gimnasticdetarragona.cat\"]}]}<\/script>\n<!-- \/ Yoast SEO plugin. -->","yoast_head_json":{"title":"Resultados Planter Grana (26 y 27 de mayo) - Gimn\u00e0stic de Tarragona SAD","robots":{"index":"index","follow":"follow","max-snippet":"max-snippet:-1","max-image-preview":"max-image-preview:large","max-video-preview":"max-video-preview:-1"},"canonical":"https:\/\/gimnasticdetarragona.cat\/es\/resultats-planter-grana-26-i-27-de-maig\/","og_locale":"es_ES","og_type":"article","og_title":"Resultados Planter Grana (26 y 27 de mayo) - Gimn\u00e0stic de Tarragona SAD","og_description":"Estos son los resultats de los equipos de f\u00fatbol base del Planter Grana de este fin de semana (26 y 27 de mayo).","og_url":"https:\/\/gimnasticdetarragona.cat\/es\/resultats-planter-grana-26-i-27-de-maig\/","og_site_name":"Gimn\u00e0stic de Tarragona SAD","article_published_time":"2018-05-28T13:46:09+00:00","og_image":[{"width":1600,"height":1200,"url":"https:\/\/gimnasticdetarragona.cat\/wp-content\/uploads\/2022\/06\/06001153135056.jpg","type":"image\/jpeg"}],"author":"desarrollo","twitter_card":"summary_large_image","twitter_creator":"@NASTICTARRAGONA","twitter_site":"@NASTICTARRAGONA","twitter_misc":{"Escrito por":"desarrollo","Tiempo de lectura":"2 minutos"},"schema":{"@context":"https:\/\/schema.org","@graph":[{"@type":"Article","@id":"https:\/\/gimnasticdetarragona.cat\/es\/resultats-planter-grana-26-i-27-de-maig\/#article","isPartOf":{"@id":"https:\/\/gimnasticdetarragona.cat\/es\/resultats-planter-grana-26-i-27-de-maig\/"},"author":{"name":"desarrollo","@id":"https:\/\/gimnasticdetarragona.cat\/es\/#\/schema\/person\/47b6a637abf88f9bd835540f20ea069e"},"headline":"Resultados Planter Grana (26 y 27 de mayo)","datePublished":"2018-05-28T13:46:09+00:00","mainEntityOfPage":{"@id":"https:\/\/gimnasticdetarragona.cat\/es\/resultats-planter-grana-26-i-27-de-maig\/"},"wordCount":335,"commentCount":0,"publisher":{"@id":"https:\/\/gimnasticdetarragona.cat\/es\/#organization"},"image":{"@id":"https:\/\/gimnasticdetarragona.cat\/es\/resultats-planter-grana-26-i-27-de-maig\/#primaryimage"},"thumbnailUrl":"https:\/\/gimnasticdetarragona.cat\/wp-content\/uploads\/2022\/06\/06001153135056.jpg","articleSection":["Actualidad","F\u00fatbol Base"],"inLanguage":"es"},{"@type":"WebPage","@id":"https:\/\/gimnasticdetarragona.cat\/es\/resultats-planter-grana-26-i-27-de-maig\/","url":"https:\/\/gimnasticdetarragona.cat\/es\/resultats-planter-grana-26-i-27-de-maig\/","name":"Resultados Planter Grana (26 y 27 de mayo) - Gimn\u00e0stic de Tarragona SAD","isPartOf":{"@id":"https:\/\/gimnasticdetarragona.cat\/es\/#website"},"primaryImageOfPage":{"@id":"https:\/\/gimnasticdetarragona.cat\/es\/resultats-planter-grana-26-i-27-de-maig\/#primaryimage"},"image":{"@id":"https:\/\/gimnasticdetarragona.cat\/es\/resultats-planter-grana-26-i-27-de-maig\/#primaryimage"},"thumbnailUrl":"https:\/\/gimnasticdetarragona.cat\/wp-content\/uploads\/2022\/06\/06001153135056.jpg","datePublished":"2018-05-28T13:46:09+00:00","breadcrumb":{"@id":"https:\/\/gimnasticdetarragona.cat\/es\/resultats-planter-grana-26-i-27-de-maig\/#breadcrumb"},"inLanguage":"es","potentialAction":[{"@type":"ReadAction","target":["https:\/\/gimnasticdetarragona.cat\/es\/resultats-planter-grana-26-i-27-de-maig\/"]}]},{"@type":"ImageObject","inLanguage":"es","@id":"https:\/\/gimnasticdetarragona.cat\/es\/resultats-planter-grana-26-i-27-de-maig\/#primaryimage","url":"https:\/\/gimnasticdetarragona.cat\/wp-content\/uploads\/2022\/06\/06001153135056.jpg","contentUrl":"https:\/\/gimnasticdetarragona.cat\/wp-content\/uploads\/2022\/06\/06001153135056.jpg","width":1600,"height":1200},{"@type":"BreadcrumbList","@id":"https:\/\/gimnasticdetarragona.cat\/es\/resultats-planter-grana-26-i-27-de-maig\/#breadcrumb","itemListElement":[{"@type":"ListItem","position":1,"name":"Inici","item":"https:\/\/gimnasticdetarragona.cat\/es\/nastic\/"},{"@type":"ListItem","position":2,"name":"Resultados Planter Grana (26 y 27 de mayo)"}]},{"@type":"WebSite","@id":"https:\/\/gimnasticdetarragona.cat\/es\/#website","url":"https:\/\/gimnasticdetarragona.cat\/es\/","name":"Gimn\u00e0stic de Tarragona SAD","description":"Gimn\u00e0stic de Tarragona","publisher":{"@id":"https:\/\/gimnasticdetarragona.cat\/es\/#organization"},"potentialAction":[{"@type":"SearchAction","target":{"@type":"EntryPoint","urlTemplate":"https:\/\/gimnasticdetarragona.cat\/es\/?s={search_term_string}"},"query-input":{"@type":"PropertyValueSpecification","valueRequired":true,"valueName":"search_term_string"}}],"inLanguage":"es"},{"@type":"Organization","@id":"https:\/\/gimnasticdetarragona.cat\/es\/#organization","name":"GIMN\u00c0STIC DE TARRAGONA","alternateName":"N\u00c0STIC","url":"https:\/\/gimnasticdetarragona.cat\/es\/","logo":{"@type":"ImageObject","inLanguage":"es","@id":"https:\/\/gimnasticdetarragona.cat\/es\/#\/schema\/logo\/image\/","url":"https:\/\/gimnasticdetarragona.cat\/wp-content\/uploads\/2022\/06\/cropped-logo-gimnastic.png","contentUrl":"https:\/\/gimnasticdetarragona.cat\/wp-content\/uploads\/2022\/06\/cropped-logo-gimnastic.png","width":224,"height":83,"caption":"GIMN\u00c0STIC DE TARRAGONA"},"image":{"@id":"https:\/\/gimnasticdetarragona.cat\/es\/#\/schema\/logo\/image\/"},"sameAs":["https:\/\/x.com\/NASTICTARRAGONA","https:\/\/www.instagram.com\/nastictarragona\/"]},{"@type":"Person","@id":"https:\/\/gimnasticdetarragona.cat\/es\/#\/schema\/person\/47b6a637abf88f9bd835540f20ea069e","name":"desarrollo","sameAs":["https:\/\/clone.gimnasticdetarragona.cat"]}]}},"_links":{"self":[{"href":"https:\/\/gimnasticdetarragona.cat\/es\/wp-json\/wp\/v2\/posts\/55970","targetHints":{"allow":["GET"]}}],"collection":[{"href":"https:\/\/gimnasticdetarragona.cat\/es\/wp-json\/wp\/v2\/posts"}],"about":[{"href":"https:\/\/gimnasticdetarragona.cat\/es\/wp-json\/wp\/v2\/types\/post"}],"author":[{"embeddable":true,"href":"https:\/\/gimnasticdetarragona.cat\/es\/wp-json\/wp\/v2\/users\/1"}],"replies":[{"embeddable":true,"href":"https:\/\/gimnasticdetarragona.cat\/es\/wp-json\/wp\/v2\/comments?post=55970"}],"version-history":[{"count":0,"href":"https:\/\/gimnasticdetarragona.cat\/es\/wp-json\/wp\/v2\/posts\/55970\/revisions"}],"wp:featuredmedia":[{"embeddable":true,"href":"https:\/\/gimnasticdetarragona.cat\/es\/wp-json\/wp\/v2\/media\/55967"}],"wp:attachment":[{"href":"https:\/\/gimnasticdetarragona.cat\/es\/wp-json\/wp\/v2\/media?parent=55970"}],"wp:term":[{"taxonomy":"category","embeddable":true,"href":"https:\/\/gimnasticdetarragona.cat\/es\/wp-json\/wp\/v2\/categories?post=55970"},{"taxonomy":"post_tag","embeddable":true,"href":"https:\/\/gimnasticdetarragona.cat\/es\/wp-json\/wp\/v2\/tags?post=55970"}],"curies":[{"name":"wp","href":"https:\/\/api.w.org\/{rel}","templated":true}]}}