{"id":56022,"date":"2018-05-19T18:58:13","date_gmt":"2018-05-19T18:58:13","guid":{"rendered":"https:\/\/clone.gimnasticdetarragona.cat\/nastic-5-3-cyd-leonesa\/"},"modified":"2018-05-19T18:58:13","modified_gmt":"2018-05-19T18:58:13","slug":"nastic-5-3-cyd-leonesa","status":"publish","type":"post","link":"https:\/\/gimnasticdetarragona.cat\/es\/nastic-5-3-cyd-leonesa\/","title":{"rendered":"N\u00e0stic 5 &#8211; 3 CyD Leonesa"},"content":{"rendered":"<p style=\"text-align: justify;\">El N\u00e0stic ha conseguido una de las victorias m\u00e1s \u00e9picas que se recuerdan en el Nou Estadi ante un rival directo que a los 20 minutos se hab\u00eda puesto por delante en el marcador 0 a 2. En una segunda parte hist\u00f3rica, el equipo de Jos\u00e9 Antonio Gordillo ha marcado cinco goles que la acercan al objetivo de la permanencia.<\/p>\n<p style=\"text-align: justify;\">En el primer minuto de juego el N\u00e0stic ya ha tenido la primera ocasi\u00f3n clara de gol con un centro desde la banda derecha de Kakabadze, que Maikel Mesa ha cedido hacia Barreiro pero su remate lo ha enviado Palats\u00ed a corner. Cinco minutos despu\u00e9s, en el 6, la Cultural ha replicado en su primera acci\u00f3n que ha supuesto el 0 a 1 con una jugada personal de Mart\u00ednez, que ha rematado cruzado sobre la salida de Dimitrievski.<\/p>\n<p style=\"text-align: justify;\">Aunque el N\u00e0stic ha querido levantarse r\u00e1pidamente del gol recibido, en el minuto 17, en el segundo remate del conjunto castellano, ha llegado el 0 a 2 con un gol de Emi Buendia. A partir de ah\u00ed el partido ha sido totalmente para el conjunto tarraconense, que ha creado tres claras ocasiones para marcar. En el minuto 33, Sergio Tejera ha empalmado un remate desde la frontal del \u00e1rea que se ha ido rozando el poste izquierdo de la porter\u00eda de la Cultural despu\u00e9s de que la tocara un defensa. En el minuto 38, un centro de falta desde la banda izquierda lo ha rematado de cabeza Maikel Mesa, pero el bal\u00f3n se ido por encima del travesa\u00f1o. Y a tres minutos para llegar al descanso, el minuto 42, ha llegado una \u00faltima ocasi\u00f3n con una triangulaci\u00f3n entre Jean Luc, \u00c1lvaro y Barreiro que el delantero gallego ha culminado con un remate desde la frontal de la peque\u00f1a que ha marchado por encima el larguero. A pesar de las oportunidades para marcar, el partido ha ido 0-2 al descanso.<\/p>\n<p style=\"text-align: justify;\">La segunda parte ha sido una de las m\u00e1s \u00e9picas que se recuerdan en el Nou Estadiocon cinco goles que han servido para dar la vuelta al marcador. El gui\u00f3n ha sido el mismo que en la primera parte con el N\u00e0stic buscando con insistencia la porter\u00eda de la Cultural consciente de la importancia de la victoria ante un rival directo. En el minuto 4 un centro de Tejera desde la banda izquierda lo ha rematado de tijera Manu Barreiro fuera por encima de la porter\u00eda. En la segunda, \u00c1lvaro no ha perdonado. Era el minuto 8, cuando un pase en profundidad dentro del \u00e1rea, lo ha rematado el delantero cruzando el bal\u00f3n sobre la salida del portero Palatsi. Dos minutos despu\u00e9s, cuando los aficionados todav\u00eda celebraban el primer gol, el Nou Estadi\u00a0ha entrado en \u00e9xtasis gracias a Manu Barreiro, que ha logrado el empate con una pelota que ha quedado muerto en el \u00e1rea peque\u00f1a.<\/p>\n<p style=\"text-align: justify;\">Pero el recital de f\u00fatbol ofensivo ha continuado con el apoyo de los m\u00e1s de 9.000 aficionados que han asistido al partido. Tres minutos m\u00e1gicos han sentenciado el partido. En el minuto 72, un centro de corner ha sido peinado por \u00c1lvaro que ha dejado el bal\u00f3n para Uche que ha completado la remontada: 3-2, pero todav\u00eda faltaban dos goles m\u00e1s. En el 75, nuevamente Manu Barreiro ha recogido un bal\u00f3n en la frontal del \u00e1rea peque\u00f1a para establecer el 4 a 2 que daba cierta tranquilidad. El colof\u00f3n lo ha puesto Dumitru Cardoso con una jugada r\u00e1pida que ha acabado con un remate que ha superado sin problemas a Palats\u00ed. En los \u00faltimos instantes, Josep Sen\u00e9, ha hecho subir el definitivo 5 a 3 en el marcador con una jugada al contragolpe.<\/p>\n<p style=\"text-align: justify;\">El partido ha acabado con los jugadores del N\u00e0stic en el c\u00edrculo central agradeciendo el esfuerzo de la afici\u00f3n del N\u00e0stic que ha apoyado al equipo consciente de la importancia de los tres puntos. El pr\u00f3ximo domingo (20.30 horas) el N\u00e0stic visitar\u00e1 El Alcoraz para jugar contra la SD Huesca, en partido correspondiente a la jornada 41 de Laliga 1 | 2 | 3.<\/p>\n<p style=\"text-align: justify;\"><strong>Alineaciones<\/strong><br \/>\nN\u00e0stic: Dimitrievski, Kakabadze, Xavi Molina, J. M\u00e1rquez (Gazta\u00f1aga, 73\u2019), M. Barreiro, Assoubre (Dumitru Cardoso, 81\u2019), Maikel M. (Uche, 46\u2019), \u00c1lvaro, Pleguezuelo, Abraham, Tejera.<br \/>\nCyD Leonesa: Palatsi, Bastos, Sergio M. (Samu D., 76\u2019), Rodri, David Garc\u00eda, Iza C. (Guarrotxena, 76\u2019), E. Buendia, J. Se\u00f1\u00e9, Mart\u00ednez, Iv\u00e1n Gonz\u00e1lez, Moutinho (Mario Ortiz, 66\u2019).<\/p>\n<p style=\"text-align: justify;\"><strong>Goles<\/strong><br \/>\n0-1, Mart\u00ednez (6\u2019); 0-2, Emi Buendia (17\u2019); 1-2, \u00c1lvaro (53\u2019); 2-2, M. Barreiro (56\u2019); 3-2, Uche (72\u2019); 4-2, M. Barreiro (75\u2019); 5-2, Dumitru Cardoso (83\u2019); 5-3, J. Se\u00f1\u00e9 (89\u2019).<\/p>\n<p style=\"text-align: justify;\"><strong>\u00c1rbitro<\/strong><br \/>\nI\u00f1aki Vicandi Garrido (Col\u00b7legi basc).<\/p>\n<p style=\"text-align: justify;\"><strong>Tarjetas<\/strong><br \/>\nAmarillas a Assoubre (25\u2019), Maikel M. (35\u2019), Kakabadze (51\u2019), Emi Buendia (58\u2019), J. M\u00e1rquez (59\u2019), Gordillo (59\u2019), Mart\u00ednez (66\u2019), Javi Jim\u00e9nez (83\u2019), Uche (86\u2019) y Tejera (89\u2019).<br \/>\nExpulsados por doble amarilla Ivan Garrido (36\u2019 y 80\u2019) y por roja directa Manolo Oliva (59\u2019).<\/p>\n<p style=\"text-align: justify;\"><strong>Campo\u00a0 \u00a0 \u00a0 \u00a0 \u00a0 \u00a0 \u00a0 \u00a0 \u00a0 \u00a0 \u00a0 \u00a0 \u00a0 \u00a0 \u00a0 \u00a0 \u00a0 \u00a0 \u00a0 \u00a0 \u00a0 \u00a0 \u00a0 \u00a0 \u00a0 \u00a0 \u00a0 \u00a0 \u00a0 \u00a0 \u00a0 \u00a0 \u00a0 \u00a0 \u00a0 \u00a0\u00a0<\/strong><br \/>\nNou Estadi. 9.329 espectadores. Partido correspondiente a la jornada 40 de LaLiga 1|2|3.<br \/>\nLos jugadores del N\u00e0stic han lucido brazalete negro en se\u00f1al de luto por la perdida del padre del preparador f\u00edsico, Jordi Abella.<\/p>\n","protected":false},"excerpt":{"rendered":"<p>El N\u00e0stic ha conseguido una de las victorias m\u00e1s \u00e9picas que se recuerdan en el Nou Estadi ante un rival directo que a los 20 minutos se hab\u00eda puesto por delante en el marcador 0 a 2. En una segunda parte hist\u00f3rica, el equipo de Jos\u00e9 Antonio Gordillo ha marcado cinco goles que la acercan al objetivo de la permanencia.<\/p>\n","protected":false},"author":1,"featured_media":56019,"comment_status":"open","ping_status":"open","sticky":false,"template":"","format":"standard","meta":{"_acf_changed":false,"footnotes":""},"categories":[113,126],"tags":[],"class_list":["post-56022","post","type-post","status-publish","format-standard","has-post-thumbnail","hentry","category-actualidad","category-primer-equipo"],"acf":[],"yoast_head":"<!-- This site is optimized with the Yoast SEO plugin v27.3 - https:\/\/yoast.com\/product\/yoast-seo-wordpress\/ -->\n<title>N\u00e0stic 5 - 3 CyD Leonesa - Gimn\u00e0stic de Tarragona SAD<\/title>\n<meta name=\"robots\" content=\"index, follow, max-snippet:-1, max-image-preview:large, max-video-preview:-1\" \/>\n<link rel=\"canonical\" href=\"https:\/\/gimnasticdetarragona.cat\/es\/nastic-5-3-cyd-leonesa\/\" \/>\n<meta property=\"og:locale\" content=\"es_ES\" \/>\n<meta property=\"og:type\" content=\"article\" \/>\n<meta property=\"og:title\" content=\"N\u00e0stic 5 - 3 CyD Leonesa - Gimn\u00e0stic de Tarragona SAD\" \/>\n<meta property=\"og:description\" content=\"El N\u00e0stic ha conseguido una de las victorias m\u00e1s \u00e9picas que se recuerdan en el Nou Estadi ante un rival directo que a los 20 minutos se hab\u00eda puesto por delante en el marcador 0 a 2. En una segunda parte hist\u00f3rica, el equipo de Jos\u00e9 Antonio Gordillo ha marcado cinco goles que la acercan al objetivo de la permanencia.\" \/>\n<meta property=\"og:url\" content=\"https:\/\/gimnasticdetarragona.cat\/es\/nastic-5-3-cyd-leonesa\/\" \/>\n<meta property=\"og:site_name\" content=\"Gimn\u00e0stic de Tarragona SAD\" \/>\n<meta property=\"article:published_time\" content=\"2018-05-19T18:58:13+00:00\" \/>\n<meta property=\"og:image\" content=\"https:\/\/gimnasticdetarragona.cat\/wp-content\/uploads\/2022\/06\/06001148134842.jpg\" \/>\n\t<meta property=\"og:image:width\" content=\"640\" \/>\n\t<meta property=\"og:image:height\" content=\"427\" \/>\n\t<meta property=\"og:image:type\" content=\"image\/jpeg\" \/>\n<meta name=\"author\" content=\"desarrollo\" \/>\n<meta name=\"twitter:card\" content=\"summary_large_image\" \/>\n<meta name=\"twitter:creator\" content=\"@NASTICTARRAGONA\" \/>\n<meta name=\"twitter:site\" content=\"@NASTICTARRAGONA\" \/>\n<meta name=\"twitter:label1\" content=\"Escrito por\" \/>\n\t<meta name=\"twitter:data1\" content=\"desarrollo\" \/>\n\t<meta name=\"twitter:label2\" content=\"Tiempo de lectura\" \/>\n\t<meta name=\"twitter:data2\" content=\"4 minutos\" \/>\n<script type=\"application\/ld+json\" class=\"yoast-schema-graph\">{\"@context\":\"https:\\\/\\\/schema.org\",\"@graph\":[{\"@type\":\"Article\",\"@id\":\"https:\\\/\\\/gimnasticdetarragona.cat\\\/es\\\/nastic-5-3-cyd-leonesa\\\/#article\",\"isPartOf\":{\"@id\":\"https:\\\/\\\/gimnasticdetarragona.cat\\\/es\\\/nastic-5-3-cyd-leonesa\\\/\"},\"author\":{\"name\":\"desarrollo\",\"@id\":\"https:\\\/\\\/gimnasticdetarragona.cat\\\/es\\\/#\\\/schema\\\/person\\\/47b6a637abf88f9bd835540f20ea069e\"},\"headline\":\"N\u00e0stic 5 &#8211; 3 CyD Leonesa\",\"datePublished\":\"2018-05-19T18:58:13+00:00\",\"mainEntityOfPage\":{\"@id\":\"https:\\\/\\\/gimnasticdetarragona.cat\\\/es\\\/nastic-5-3-cyd-leonesa\\\/\"},\"wordCount\":844,\"commentCount\":0,\"publisher\":{\"@id\":\"https:\\\/\\\/gimnasticdetarragona.cat\\\/es\\\/#organization\"},\"image\":{\"@id\":\"https:\\\/\\\/gimnasticdetarragona.cat\\\/es\\\/nastic-5-3-cyd-leonesa\\\/#primaryimage\"},\"thumbnailUrl\":\"https:\\\/\\\/gimnasticdetarragona.cat\\\/wp-content\\\/uploads\\\/2022\\\/06\\\/06001148134842.jpg\",\"articleSection\":[\"Actualidad\",\"Primer Equipo\"],\"inLanguage\":\"es\"},{\"@type\":\"WebPage\",\"@id\":\"https:\\\/\\\/gimnasticdetarragona.cat\\\/es\\\/nastic-5-3-cyd-leonesa\\\/\",\"url\":\"https:\\\/\\\/gimnasticdetarragona.cat\\\/es\\\/nastic-5-3-cyd-leonesa\\\/\",\"name\":\"N\u00e0stic 5 - 3 CyD Leonesa - Gimn\u00e0stic de Tarragona SAD\",\"isPartOf\":{\"@id\":\"https:\\\/\\\/gimnasticdetarragona.cat\\\/es\\\/#website\"},\"primaryImageOfPage\":{\"@id\":\"https:\\\/\\\/gimnasticdetarragona.cat\\\/es\\\/nastic-5-3-cyd-leonesa\\\/#primaryimage\"},\"image\":{\"@id\":\"https:\\\/\\\/gimnasticdetarragona.cat\\\/es\\\/nastic-5-3-cyd-leonesa\\\/#primaryimage\"},\"thumbnailUrl\":\"https:\\\/\\\/gimnasticdetarragona.cat\\\/wp-content\\\/uploads\\\/2022\\\/06\\\/06001148134842.jpg\",\"datePublished\":\"2018-05-19T18:58:13+00:00\",\"breadcrumb\":{\"@id\":\"https:\\\/\\\/gimnasticdetarragona.cat\\\/es\\\/nastic-5-3-cyd-leonesa\\\/#breadcrumb\"},\"inLanguage\":\"es\",\"potentialAction\":[{\"@type\":\"ReadAction\",\"target\":[\"https:\\\/\\\/gimnasticdetarragona.cat\\\/es\\\/nastic-5-3-cyd-leonesa\\\/\"]}]},{\"@type\":\"ImageObject\",\"inLanguage\":\"es\",\"@id\":\"https:\\\/\\\/gimnasticdetarragona.cat\\\/es\\\/nastic-5-3-cyd-leonesa\\\/#primaryimage\",\"url\":\"https:\\\/\\\/gimnasticdetarragona.cat\\\/wp-content\\\/uploads\\\/2022\\\/06\\\/06001148134842.jpg\",\"contentUrl\":\"https:\\\/\\\/gimnasticdetarragona.cat\\\/wp-content\\\/uploads\\\/2022\\\/06\\\/06001148134842.jpg\",\"width\":640,\"height\":427},{\"@type\":\"BreadcrumbList\",\"@id\":\"https:\\\/\\\/gimnasticdetarragona.cat\\\/es\\\/nastic-5-3-cyd-leonesa\\\/#breadcrumb\",\"itemListElement\":[{\"@type\":\"ListItem\",\"position\":1,\"name\":\"Inici\",\"item\":\"https:\\\/\\\/gimnasticdetarragona.cat\\\/es\\\/nastic\\\/\"},{\"@type\":\"ListItem\",\"position\":2,\"name\":\"N\u00e0stic 5 &#8211; 3 CyD Leonesa\"}]},{\"@type\":\"WebSite\",\"@id\":\"https:\\\/\\\/gimnasticdetarragona.cat\\\/es\\\/#website\",\"url\":\"https:\\\/\\\/gimnasticdetarragona.cat\\\/es\\\/\",\"name\":\"Gimn\u00e0stic de Tarragona SAD\",\"description\":\"Gimn\u00e0stic de Tarragona\",\"publisher\":{\"@id\":\"https:\\\/\\\/gimnasticdetarragona.cat\\\/es\\\/#organization\"},\"potentialAction\":[{\"@type\":\"SearchAction\",\"target\":{\"@type\":\"EntryPoint\",\"urlTemplate\":\"https:\\\/\\\/gimnasticdetarragona.cat\\\/es\\\/?s={search_term_string}\"},\"query-input\":{\"@type\":\"PropertyValueSpecification\",\"valueRequired\":true,\"valueName\":\"search_term_string\"}}],\"inLanguage\":\"es\"},{\"@type\":\"Organization\",\"@id\":\"https:\\\/\\\/gimnasticdetarragona.cat\\\/es\\\/#organization\",\"name\":\"GIMN\u00c0STIC DE TARRAGONA\",\"alternateName\":\"N\u00c0STIC\",\"url\":\"https:\\\/\\\/gimnasticdetarragona.cat\\\/es\\\/\",\"logo\":{\"@type\":\"ImageObject\",\"inLanguage\":\"es\",\"@id\":\"https:\\\/\\\/gimnasticdetarragona.cat\\\/es\\\/#\\\/schema\\\/logo\\\/image\\\/\",\"url\":\"https:\\\/\\\/gimnasticdetarragona.cat\\\/wp-content\\\/uploads\\\/2022\\\/06\\\/cropped-logo-gimnastic.png\",\"contentUrl\":\"https:\\\/\\\/gimnasticdetarragona.cat\\\/wp-content\\\/uploads\\\/2022\\\/06\\\/cropped-logo-gimnastic.png\",\"width\":224,\"height\":83,\"caption\":\"GIMN\u00c0STIC DE TARRAGONA\"},\"image\":{\"@id\":\"https:\\\/\\\/gimnasticdetarragona.cat\\\/es\\\/#\\\/schema\\\/logo\\\/image\\\/\"},\"sameAs\":[\"https:\\\/\\\/x.com\\\/NASTICTARRAGONA\",\"https:\\\/\\\/www.instagram.com\\\/nastictarragona\\\/\"]},{\"@type\":\"Person\",\"@id\":\"https:\\\/\\\/gimnasticdetarragona.cat\\\/es\\\/#\\\/schema\\\/person\\\/47b6a637abf88f9bd835540f20ea069e\",\"name\":\"desarrollo\",\"sameAs\":[\"https:\\\/\\\/clone.gimnasticdetarragona.cat\"]}]}<\/script>\n<!-- \/ Yoast SEO plugin. -->","yoast_head_json":{"title":"N\u00e0stic 5 - 3 CyD Leonesa - Gimn\u00e0stic de Tarragona SAD","robots":{"index":"index","follow":"follow","max-snippet":"max-snippet:-1","max-image-preview":"max-image-preview:large","max-video-preview":"max-video-preview:-1"},"canonical":"https:\/\/gimnasticdetarragona.cat\/es\/nastic-5-3-cyd-leonesa\/","og_locale":"es_ES","og_type":"article","og_title":"N\u00e0stic 5 - 3 CyD Leonesa - Gimn\u00e0stic de Tarragona SAD","og_description":"El N\u00e0stic ha conseguido una de las victorias m\u00e1s \u00e9picas que se recuerdan en el Nou Estadi ante un rival directo que a los 20 minutos se hab\u00eda puesto por delante en el marcador 0 a 2. En una segunda parte hist\u00f3rica, el equipo de Jos\u00e9 Antonio Gordillo ha marcado cinco goles que la acercan al objetivo de la permanencia.","og_url":"https:\/\/gimnasticdetarragona.cat\/es\/nastic-5-3-cyd-leonesa\/","og_site_name":"Gimn\u00e0stic de Tarragona SAD","article_published_time":"2018-05-19T18:58:13+00:00","og_image":[{"width":640,"height":427,"url":"https:\/\/gimnasticdetarragona.cat\/wp-content\/uploads\/2022\/06\/06001148134842.jpg","type":"image\/jpeg"}],"author":"desarrollo","twitter_card":"summary_large_image","twitter_creator":"@NASTICTARRAGONA","twitter_site":"@NASTICTARRAGONA","twitter_misc":{"Escrito por":"desarrollo","Tiempo de lectura":"4 minutos"},"schema":{"@context":"https:\/\/schema.org","@graph":[{"@type":"Article","@id":"https:\/\/gimnasticdetarragona.cat\/es\/nastic-5-3-cyd-leonesa\/#article","isPartOf":{"@id":"https:\/\/gimnasticdetarragona.cat\/es\/nastic-5-3-cyd-leonesa\/"},"author":{"name":"desarrollo","@id":"https:\/\/gimnasticdetarragona.cat\/es\/#\/schema\/person\/47b6a637abf88f9bd835540f20ea069e"},"headline":"N\u00e0stic 5 &#8211; 3 CyD Leonesa","datePublished":"2018-05-19T18:58:13+00:00","mainEntityOfPage":{"@id":"https:\/\/gimnasticdetarragona.cat\/es\/nastic-5-3-cyd-leonesa\/"},"wordCount":844,"commentCount":0,"publisher":{"@id":"https:\/\/gimnasticdetarragona.cat\/es\/#organization"},"image":{"@id":"https:\/\/gimnasticdetarragona.cat\/es\/nastic-5-3-cyd-leonesa\/#primaryimage"},"thumbnailUrl":"https:\/\/gimnasticdetarragona.cat\/wp-content\/uploads\/2022\/06\/06001148134842.jpg","articleSection":["Actualidad","Primer Equipo"],"inLanguage":"es"},{"@type":"WebPage","@id":"https:\/\/gimnasticdetarragona.cat\/es\/nastic-5-3-cyd-leonesa\/","url":"https:\/\/gimnasticdetarragona.cat\/es\/nastic-5-3-cyd-leonesa\/","name":"N\u00e0stic 5 - 3 CyD Leonesa - Gimn\u00e0stic de Tarragona SAD","isPartOf":{"@id":"https:\/\/gimnasticdetarragona.cat\/es\/#website"},"primaryImageOfPage":{"@id":"https:\/\/gimnasticdetarragona.cat\/es\/nastic-5-3-cyd-leonesa\/#primaryimage"},"image":{"@id":"https:\/\/gimnasticdetarragona.cat\/es\/nastic-5-3-cyd-leonesa\/#primaryimage"},"thumbnailUrl":"https:\/\/gimnasticdetarragona.cat\/wp-content\/uploads\/2022\/06\/06001148134842.jpg","datePublished":"2018-05-19T18:58:13+00:00","breadcrumb":{"@id":"https:\/\/gimnasticdetarragona.cat\/es\/nastic-5-3-cyd-leonesa\/#breadcrumb"},"inLanguage":"es","potentialAction":[{"@type":"ReadAction","target":["https:\/\/gimnasticdetarragona.cat\/es\/nastic-5-3-cyd-leonesa\/"]}]},{"@type":"ImageObject","inLanguage":"es","@id":"https:\/\/gimnasticdetarragona.cat\/es\/nastic-5-3-cyd-leonesa\/#primaryimage","url":"https:\/\/gimnasticdetarragona.cat\/wp-content\/uploads\/2022\/06\/06001148134842.jpg","contentUrl":"https:\/\/gimnasticdetarragona.cat\/wp-content\/uploads\/2022\/06\/06001148134842.jpg","width":640,"height":427},{"@type":"BreadcrumbList","@id":"https:\/\/gimnasticdetarragona.cat\/es\/nastic-5-3-cyd-leonesa\/#breadcrumb","itemListElement":[{"@type":"ListItem","position":1,"name":"Inici","item":"https:\/\/gimnasticdetarragona.cat\/es\/nastic\/"},{"@type":"ListItem","position":2,"name":"N\u00e0stic 5 &#8211; 3 CyD Leonesa"}]},{"@type":"WebSite","@id":"https:\/\/gimnasticdetarragona.cat\/es\/#website","url":"https:\/\/gimnasticdetarragona.cat\/es\/","name":"Gimn\u00e0stic de Tarragona SAD","description":"Gimn\u00e0stic de Tarragona","publisher":{"@id":"https:\/\/gimnasticdetarragona.cat\/es\/#organization"},"potentialAction":[{"@type":"SearchAction","target":{"@type":"EntryPoint","urlTemplate":"https:\/\/gimnasticdetarragona.cat\/es\/?s={search_term_string}"},"query-input":{"@type":"PropertyValueSpecification","valueRequired":true,"valueName":"search_term_string"}}],"inLanguage":"es"},{"@type":"Organization","@id":"https:\/\/gimnasticdetarragona.cat\/es\/#organization","name":"GIMN\u00c0STIC DE TARRAGONA","alternateName":"N\u00c0STIC","url":"https:\/\/gimnasticdetarragona.cat\/es\/","logo":{"@type":"ImageObject","inLanguage":"es","@id":"https:\/\/gimnasticdetarragona.cat\/es\/#\/schema\/logo\/image\/","url":"https:\/\/gimnasticdetarragona.cat\/wp-content\/uploads\/2022\/06\/cropped-logo-gimnastic.png","contentUrl":"https:\/\/gimnasticdetarragona.cat\/wp-content\/uploads\/2022\/06\/cropped-logo-gimnastic.png","width":224,"height":83,"caption":"GIMN\u00c0STIC DE TARRAGONA"},"image":{"@id":"https:\/\/gimnasticdetarragona.cat\/es\/#\/schema\/logo\/image\/"},"sameAs":["https:\/\/x.com\/NASTICTARRAGONA","https:\/\/www.instagram.com\/nastictarragona\/"]},{"@type":"Person","@id":"https:\/\/gimnasticdetarragona.cat\/es\/#\/schema\/person\/47b6a637abf88f9bd835540f20ea069e","name":"desarrollo","sameAs":["https:\/\/clone.gimnasticdetarragona.cat"]}]}},"_links":{"self":[{"href":"https:\/\/gimnasticdetarragona.cat\/es\/wp-json\/wp\/v2\/posts\/56022","targetHints":{"allow":["GET"]}}],"collection":[{"href":"https:\/\/gimnasticdetarragona.cat\/es\/wp-json\/wp\/v2\/posts"}],"about":[{"href":"https:\/\/gimnasticdetarragona.cat\/es\/wp-json\/wp\/v2\/types\/post"}],"author":[{"embeddable":true,"href":"https:\/\/gimnasticdetarragona.cat\/es\/wp-json\/wp\/v2\/users\/1"}],"replies":[{"embeddable":true,"href":"https:\/\/gimnasticdetarragona.cat\/es\/wp-json\/wp\/v2\/comments?post=56022"}],"version-history":[{"count":0,"href":"https:\/\/gimnasticdetarragona.cat\/es\/wp-json\/wp\/v2\/posts\/56022\/revisions"}],"wp:featuredmedia":[{"embeddable":true,"href":"https:\/\/gimnasticdetarragona.cat\/es\/wp-json\/wp\/v2\/media\/56019"}],"wp:attachment":[{"href":"https:\/\/gimnasticdetarragona.cat\/es\/wp-json\/wp\/v2\/media?parent=56022"}],"wp:term":[{"taxonomy":"category","embeddable":true,"href":"https:\/\/gimnasticdetarragona.cat\/es\/wp-json\/wp\/v2\/categories?post=56022"},{"taxonomy":"post_tag","embeddable":true,"href":"https:\/\/gimnasticdetarragona.cat\/es\/wp-json\/wp\/v2\/tags?post=56022"}],"curies":[{"name":"wp","href":"https:\/\/api.w.org\/{rel}","templated":true}]}}