{"id":56102,"date":"2018-05-10T12:01:39","date_gmt":"2018-05-10T12:01:39","guid":{"rendered":"https:\/\/clone.gimnasticdetarragona.cat\/el-nastic-col%c2%b7labora-a-la-cursa-i-caminada-solidaria-dominiques-2018\/"},"modified":"2018-05-10T12:01:39","modified_gmt":"2018-05-10T12:01:39","slug":"el-nastic-col%c2%b7labora-a-la-cursa-i-caminada-solidaria-dominiques-2018","status":"publish","type":"post","link":"https:\/\/gimnasticdetarragona.cat\/es\/el-nastic-col%c2%b7labora-a-la-cursa-i-caminada-solidaria-dominiques-2018\/","title":{"rendered":"El N\u00e0stic colabora con la \u00abCursa i Caminada Solid\u00e0ria Dominiques 2018\u00bb"},"content":{"rendered":"<p style=\"text-align: justify;\">El N\u00e0stic premiar\u00e1 con entradas para el partido contra la Cultural Leonesa a los ganadores de la tercera edici\u00f3n de la \u00abCursa i Caminada\u00a0Solid\u00e0ria Dominiques 2018\u00bb, que se celebrar\u00e1 este domingo en el Port de Tarragona a partir de las 09.15 horas.<\/p>\n<p style=\"text-align: justify;\">El responsable del \u00e1rea social, Jordi Ruiz, y la directora de la oficina del BBVA en la Avinguda Catalunya, Anna Penalba, han hecho entrega de las entradas a Marcel Pallej\u00e0, director titular del Col\u00b7legi Dominiques. Esta colaboraci\u00f3n se enmarca dentro del proyecto \u00abBBVA CX Junts Creixem!\u00bb, que pretende acercar el N\u00e0stic a las entidades, instituciones y organismos del territorio.<\/p>\n<p style=\"text-align: justify;\">La tercera edici\u00f3n de la \u00abCursa i Caminada\u00a0Solid\u00e0ria Dominiques 2018\u00bb est\u00e1 organizada por los alumnos de 3\u00ba de ESO dentro del programa de la asignatura de Servicio Comunitario. Se har\u00e1n tres carreras infantiles, una de adultos, una de patines y una caminata. El dinero recaudado se destinar\u00e1 a la escuela hermanada de Nepal mediente la ONG Namlo y a la tarea educativa que las Dominiques llevan tambi\u00e9n a cabo en Loja (Ecuador).<\/p>\n","protected":false},"excerpt":{"rendered":"<p>El N\u00e0stic premiar\u00e1 con entradas para el partido contra la Cultural Leonesa a los ganadores de la tercera edici\u00f3n de la \u00abCursa i Caminada Solid\u00e0ria Dominiques 2018\u00bb, que se celebrar\u00e1 este domingo en el Port de Tarragona a partir de las 09.15 horas.<\/p>\n","protected":false},"author":1,"featured_media":56099,"comment_status":"open","ping_status":"open","sticky":false,"template":"","format":"standard","meta":{"_acf_changed":false,"footnotes":""},"categories":[113,139],"tags":[],"class_list":["post-56102","post","type-post","status-publish","format-standard","has-post-thumbnail","hentry","category-actualidad","category-social"],"acf":[],"yoast_head":"<!-- This site is optimized with the Yoast SEO plugin v27.3 - https:\/\/yoast.com\/product\/yoast-seo-wordpress\/ -->\n<title>El N\u00e0stic colabora con la &quot;Cursa i Caminada Solid\u00e0ria Dominiques 2018&quot; - Gimn\u00e0stic de Tarragona SAD<\/title>\n<meta name=\"robots\" content=\"index, follow, max-snippet:-1, max-image-preview:large, max-video-preview:-1\" \/>\n<link rel=\"canonical\" href=\"https:\/\/gimnasticdetarragona.cat\/es\/el-nastic-col\u00b7labora-a-la-cursa-i-caminada-solidaria-dominiques-2018\/\" \/>\n<meta property=\"og:locale\" content=\"es_ES\" \/>\n<meta property=\"og:type\" content=\"article\" \/>\n<meta property=\"og:title\" content=\"El N\u00e0stic colabora con la &quot;Cursa i Caminada Solid\u00e0ria Dominiques 2018&quot; - Gimn\u00e0stic de Tarragona SAD\" \/>\n<meta property=\"og:description\" content=\"El N\u00e0stic premiar\u00e1 con entradas para el partido contra la Cultural Leonesa a los ganadores de la tercera edici\u00f3n de la &quot;Cursa i Caminada Solid\u00e0ria Dominiques 2018&quot;, que se celebrar\u00e1 este domingo en el Port de Tarragona a partir de las 09.15 horas.\" \/>\n<meta property=\"og:url\" content=\"https:\/\/gimnasticdetarragona.cat\/es\/el-nastic-col\u00b7labora-a-la-cursa-i-caminada-solidaria-dominiques-2018\/\" \/>\n<meta property=\"og:site_name\" content=\"Gimn\u00e0stic de Tarragona SAD\" \/>\n<meta property=\"article:published_time\" content=\"2018-05-10T12:01:39+00:00\" \/>\n<meta property=\"og:image\" content=\"https:\/\/gimnasticdetarragona.cat\/wp-content\/uploads\/2022\/06\/06001133134526-scaled.jpg\" \/>\n\t<meta property=\"og:image:width\" content=\"2560\" \/>\n\t<meta property=\"og:image:height\" content=\"1478\" \/>\n\t<meta property=\"og:image:type\" content=\"image\/jpeg\" \/>\n<meta name=\"author\" content=\"desarrollo\" \/>\n<meta name=\"twitter:card\" content=\"summary_large_image\" \/>\n<meta name=\"twitter:creator\" content=\"@NASTICTARRAGONA\" \/>\n<meta name=\"twitter:site\" content=\"@NASTICTARRAGONA\" \/>\n<meta name=\"twitter:label1\" content=\"Escrito por\" \/>\n\t<meta name=\"twitter:data1\" content=\"desarrollo\" \/>\n\t<meta name=\"twitter:label2\" content=\"Tiempo de lectura\" \/>\n\t<meta name=\"twitter:data2\" content=\"1 minuto\" \/>\n<script type=\"application\/ld+json\" class=\"yoast-schema-graph\">{\"@context\":\"https:\\\/\\\/schema.org\",\"@graph\":[{\"@type\":\"Article\",\"@id\":\"https:\\\/\\\/gimnasticdetarragona.cat\\\/es\\\/el-nastic-col%c2%b7labora-a-la-cursa-i-caminada-solidaria-dominiques-2018\\\/#article\",\"isPartOf\":{\"@id\":\"https:\\\/\\\/gimnasticdetarragona.cat\\\/es\\\/el-nastic-col%c2%b7labora-a-la-cursa-i-caminada-solidaria-dominiques-2018\\\/\"},\"author\":{\"name\":\"desarrollo\",\"@id\":\"https:\\\/\\\/gimnasticdetarragona.cat\\\/es\\\/#\\\/schema\\\/person\\\/47b6a637abf88f9bd835540f20ea069e\"},\"headline\":\"El N\u00e0stic colabora con la \u00abCursa i Caminada Solid\u00e0ria Dominiques 2018\u00bb\",\"datePublished\":\"2018-05-10T12:01:39+00:00\",\"mainEntityOfPage\":{\"@id\":\"https:\\\/\\\/gimnasticdetarragona.cat\\\/es\\\/el-nastic-col%c2%b7labora-a-la-cursa-i-caminada-solidaria-dominiques-2018\\\/\"},\"wordCount\":193,\"commentCount\":0,\"publisher\":{\"@id\":\"https:\\\/\\\/gimnasticdetarragona.cat\\\/es\\\/#organization\"},\"image\":{\"@id\":\"https:\\\/\\\/gimnasticdetarragona.cat\\\/es\\\/el-nastic-col%c2%b7labora-a-la-cursa-i-caminada-solidaria-dominiques-2018\\\/#primaryimage\"},\"thumbnailUrl\":\"https:\\\/\\\/gimnasticdetarragona.cat\\\/wp-content\\\/uploads\\\/2022\\\/06\\\/06001133134526-scaled.jpg\",\"articleSection\":[\"Actualidad\",\"Social\"],\"inLanguage\":\"es\"},{\"@type\":\"WebPage\",\"@id\":\"https:\\\/\\\/gimnasticdetarragona.cat\\\/es\\\/el-nastic-col%c2%b7labora-a-la-cursa-i-caminada-solidaria-dominiques-2018\\\/\",\"url\":\"https:\\\/\\\/gimnasticdetarragona.cat\\\/es\\\/el-nastic-col%c2%b7labora-a-la-cursa-i-caminada-solidaria-dominiques-2018\\\/\",\"name\":\"El N\u00e0stic colabora con la \\\"Cursa i Caminada Solid\u00e0ria Dominiques 2018\\\" - Gimn\u00e0stic de Tarragona SAD\",\"isPartOf\":{\"@id\":\"https:\\\/\\\/gimnasticdetarragona.cat\\\/es\\\/#website\"},\"primaryImageOfPage\":{\"@id\":\"https:\\\/\\\/gimnasticdetarragona.cat\\\/es\\\/el-nastic-col%c2%b7labora-a-la-cursa-i-caminada-solidaria-dominiques-2018\\\/#primaryimage\"},\"image\":{\"@id\":\"https:\\\/\\\/gimnasticdetarragona.cat\\\/es\\\/el-nastic-col%c2%b7labora-a-la-cursa-i-caminada-solidaria-dominiques-2018\\\/#primaryimage\"},\"thumbnailUrl\":\"https:\\\/\\\/gimnasticdetarragona.cat\\\/wp-content\\\/uploads\\\/2022\\\/06\\\/06001133134526-scaled.jpg\",\"datePublished\":\"2018-05-10T12:01:39+00:00\",\"breadcrumb\":{\"@id\":\"https:\\\/\\\/gimnasticdetarragona.cat\\\/es\\\/el-nastic-col%c2%b7labora-a-la-cursa-i-caminada-solidaria-dominiques-2018\\\/#breadcrumb\"},\"inLanguage\":\"es\",\"potentialAction\":[{\"@type\":\"ReadAction\",\"target\":[\"https:\\\/\\\/gimnasticdetarragona.cat\\\/es\\\/el-nastic-col%c2%b7labora-a-la-cursa-i-caminada-solidaria-dominiques-2018\\\/\"]}]},{\"@type\":\"ImageObject\",\"inLanguage\":\"es\",\"@id\":\"https:\\\/\\\/gimnasticdetarragona.cat\\\/es\\\/el-nastic-col%c2%b7labora-a-la-cursa-i-caminada-solidaria-dominiques-2018\\\/#primaryimage\",\"url\":\"https:\\\/\\\/gimnasticdetarragona.cat\\\/wp-content\\\/uploads\\\/2022\\\/06\\\/06001133134526-scaled.jpg\",\"contentUrl\":\"https:\\\/\\\/gimnasticdetarragona.cat\\\/wp-content\\\/uploads\\\/2022\\\/06\\\/06001133134526-scaled.jpg\",\"width\":2560,\"height\":1478},{\"@type\":\"BreadcrumbList\",\"@id\":\"https:\\\/\\\/gimnasticdetarragona.cat\\\/es\\\/el-nastic-col%c2%b7labora-a-la-cursa-i-caminada-solidaria-dominiques-2018\\\/#breadcrumb\",\"itemListElement\":[{\"@type\":\"ListItem\",\"position\":1,\"name\":\"Inici\",\"item\":\"https:\\\/\\\/gimnasticdetarragona.cat\\\/es\\\/nastic\\\/\"},{\"@type\":\"ListItem\",\"position\":2,\"name\":\"El N\u00e0stic colabora con la \u00abCursa i Caminada Solid\u00e0ria Dominiques 2018\u00bb\"}]},{\"@type\":\"WebSite\",\"@id\":\"https:\\\/\\\/gimnasticdetarragona.cat\\\/es\\\/#website\",\"url\":\"https:\\\/\\\/gimnasticdetarragona.cat\\\/es\\\/\",\"name\":\"Gimn\u00e0stic de Tarragona SAD\",\"description\":\"Gimn\u00e0stic de Tarragona\",\"publisher\":{\"@id\":\"https:\\\/\\\/gimnasticdetarragona.cat\\\/es\\\/#organization\"},\"potentialAction\":[{\"@type\":\"SearchAction\",\"target\":{\"@type\":\"EntryPoint\",\"urlTemplate\":\"https:\\\/\\\/gimnasticdetarragona.cat\\\/es\\\/?s={search_term_string}\"},\"query-input\":{\"@type\":\"PropertyValueSpecification\",\"valueRequired\":true,\"valueName\":\"search_term_string\"}}],\"inLanguage\":\"es\"},{\"@type\":\"Organization\",\"@id\":\"https:\\\/\\\/gimnasticdetarragona.cat\\\/es\\\/#organization\",\"name\":\"GIMN\u00c0STIC DE TARRAGONA\",\"alternateName\":\"N\u00c0STIC\",\"url\":\"https:\\\/\\\/gimnasticdetarragona.cat\\\/es\\\/\",\"logo\":{\"@type\":\"ImageObject\",\"inLanguage\":\"es\",\"@id\":\"https:\\\/\\\/gimnasticdetarragona.cat\\\/es\\\/#\\\/schema\\\/logo\\\/image\\\/\",\"url\":\"https:\\\/\\\/gimnasticdetarragona.cat\\\/wp-content\\\/uploads\\\/2022\\\/06\\\/cropped-logo-gimnastic.png\",\"contentUrl\":\"https:\\\/\\\/gimnasticdetarragona.cat\\\/wp-content\\\/uploads\\\/2022\\\/06\\\/cropped-logo-gimnastic.png\",\"width\":224,\"height\":83,\"caption\":\"GIMN\u00c0STIC DE TARRAGONA\"},\"image\":{\"@id\":\"https:\\\/\\\/gimnasticdetarragona.cat\\\/es\\\/#\\\/schema\\\/logo\\\/image\\\/\"},\"sameAs\":[\"https:\\\/\\\/x.com\\\/NASTICTARRAGONA\",\"https:\\\/\\\/www.instagram.com\\\/nastictarragona\\\/\"]},{\"@type\":\"Person\",\"@id\":\"https:\\\/\\\/gimnasticdetarragona.cat\\\/es\\\/#\\\/schema\\\/person\\\/47b6a637abf88f9bd835540f20ea069e\",\"name\":\"desarrollo\",\"sameAs\":[\"https:\\\/\\\/clone.gimnasticdetarragona.cat\"]}]}<\/script>\n<!-- \/ Yoast SEO plugin. -->","yoast_head_json":{"title":"El N\u00e0stic colabora con la \"Cursa i Caminada Solid\u00e0ria Dominiques 2018\" - Gimn\u00e0stic de Tarragona SAD","robots":{"index":"index","follow":"follow","max-snippet":"max-snippet:-1","max-image-preview":"max-image-preview:large","max-video-preview":"max-video-preview:-1"},"canonical":"https:\/\/gimnasticdetarragona.cat\/es\/el-nastic-col\u00b7labora-a-la-cursa-i-caminada-solidaria-dominiques-2018\/","og_locale":"es_ES","og_type":"article","og_title":"El N\u00e0stic colabora con la \"Cursa i Caminada Solid\u00e0ria Dominiques 2018\" - Gimn\u00e0stic de Tarragona SAD","og_description":"El N\u00e0stic premiar\u00e1 con entradas para el partido contra la Cultural Leonesa a los ganadores de la tercera edici\u00f3n de la \"Cursa i Caminada Solid\u00e0ria Dominiques 2018\", que se celebrar\u00e1 este domingo en el Port de Tarragona a partir de las 09.15 horas.","og_url":"https:\/\/gimnasticdetarragona.cat\/es\/el-nastic-col\u00b7labora-a-la-cursa-i-caminada-solidaria-dominiques-2018\/","og_site_name":"Gimn\u00e0stic de Tarragona SAD","article_published_time":"2018-05-10T12:01:39+00:00","og_image":[{"width":2560,"height":1478,"url":"https:\/\/gimnasticdetarragona.cat\/wp-content\/uploads\/2022\/06\/06001133134526-scaled.jpg","type":"image\/jpeg"}],"author":"desarrollo","twitter_card":"summary_large_image","twitter_creator":"@NASTICTARRAGONA","twitter_site":"@NASTICTARRAGONA","twitter_misc":{"Escrito por":"desarrollo","Tiempo de lectura":"1 minuto"},"schema":{"@context":"https:\/\/schema.org","@graph":[{"@type":"Article","@id":"https:\/\/gimnasticdetarragona.cat\/es\/el-nastic-col%c2%b7labora-a-la-cursa-i-caminada-solidaria-dominiques-2018\/#article","isPartOf":{"@id":"https:\/\/gimnasticdetarragona.cat\/es\/el-nastic-col%c2%b7labora-a-la-cursa-i-caminada-solidaria-dominiques-2018\/"},"author":{"name":"desarrollo","@id":"https:\/\/gimnasticdetarragona.cat\/es\/#\/schema\/person\/47b6a637abf88f9bd835540f20ea069e"},"headline":"El N\u00e0stic colabora con la \u00abCursa i Caminada Solid\u00e0ria Dominiques 2018\u00bb","datePublished":"2018-05-10T12:01:39+00:00","mainEntityOfPage":{"@id":"https:\/\/gimnasticdetarragona.cat\/es\/el-nastic-col%c2%b7labora-a-la-cursa-i-caminada-solidaria-dominiques-2018\/"},"wordCount":193,"commentCount":0,"publisher":{"@id":"https:\/\/gimnasticdetarragona.cat\/es\/#organization"},"image":{"@id":"https:\/\/gimnasticdetarragona.cat\/es\/el-nastic-col%c2%b7labora-a-la-cursa-i-caminada-solidaria-dominiques-2018\/#primaryimage"},"thumbnailUrl":"https:\/\/gimnasticdetarragona.cat\/wp-content\/uploads\/2022\/06\/06001133134526-scaled.jpg","articleSection":["Actualidad","Social"],"inLanguage":"es"},{"@type":"WebPage","@id":"https:\/\/gimnasticdetarragona.cat\/es\/el-nastic-col%c2%b7labora-a-la-cursa-i-caminada-solidaria-dominiques-2018\/","url":"https:\/\/gimnasticdetarragona.cat\/es\/el-nastic-col%c2%b7labora-a-la-cursa-i-caminada-solidaria-dominiques-2018\/","name":"El N\u00e0stic colabora con la \"Cursa i Caminada Solid\u00e0ria Dominiques 2018\" - Gimn\u00e0stic de Tarragona SAD","isPartOf":{"@id":"https:\/\/gimnasticdetarragona.cat\/es\/#website"},"primaryImageOfPage":{"@id":"https:\/\/gimnasticdetarragona.cat\/es\/el-nastic-col%c2%b7labora-a-la-cursa-i-caminada-solidaria-dominiques-2018\/#primaryimage"},"image":{"@id":"https:\/\/gimnasticdetarragona.cat\/es\/el-nastic-col%c2%b7labora-a-la-cursa-i-caminada-solidaria-dominiques-2018\/#primaryimage"},"thumbnailUrl":"https:\/\/gimnasticdetarragona.cat\/wp-content\/uploads\/2022\/06\/06001133134526-scaled.jpg","datePublished":"2018-05-10T12:01:39+00:00","breadcrumb":{"@id":"https:\/\/gimnasticdetarragona.cat\/es\/el-nastic-col%c2%b7labora-a-la-cursa-i-caminada-solidaria-dominiques-2018\/#breadcrumb"},"inLanguage":"es","potentialAction":[{"@type":"ReadAction","target":["https:\/\/gimnasticdetarragona.cat\/es\/el-nastic-col%c2%b7labora-a-la-cursa-i-caminada-solidaria-dominiques-2018\/"]}]},{"@type":"ImageObject","inLanguage":"es","@id":"https:\/\/gimnasticdetarragona.cat\/es\/el-nastic-col%c2%b7labora-a-la-cursa-i-caminada-solidaria-dominiques-2018\/#primaryimage","url":"https:\/\/gimnasticdetarragona.cat\/wp-content\/uploads\/2022\/06\/06001133134526-scaled.jpg","contentUrl":"https:\/\/gimnasticdetarragona.cat\/wp-content\/uploads\/2022\/06\/06001133134526-scaled.jpg","width":2560,"height":1478},{"@type":"BreadcrumbList","@id":"https:\/\/gimnasticdetarragona.cat\/es\/el-nastic-col%c2%b7labora-a-la-cursa-i-caminada-solidaria-dominiques-2018\/#breadcrumb","itemListElement":[{"@type":"ListItem","position":1,"name":"Inici","item":"https:\/\/gimnasticdetarragona.cat\/es\/nastic\/"},{"@type":"ListItem","position":2,"name":"El N\u00e0stic colabora con la \u00abCursa i Caminada Solid\u00e0ria Dominiques 2018\u00bb"}]},{"@type":"WebSite","@id":"https:\/\/gimnasticdetarragona.cat\/es\/#website","url":"https:\/\/gimnasticdetarragona.cat\/es\/","name":"Gimn\u00e0stic de Tarragona SAD","description":"Gimn\u00e0stic de Tarragona","publisher":{"@id":"https:\/\/gimnasticdetarragona.cat\/es\/#organization"},"potentialAction":[{"@type":"SearchAction","target":{"@type":"EntryPoint","urlTemplate":"https:\/\/gimnasticdetarragona.cat\/es\/?s={search_term_string}"},"query-input":{"@type":"PropertyValueSpecification","valueRequired":true,"valueName":"search_term_string"}}],"inLanguage":"es"},{"@type":"Organization","@id":"https:\/\/gimnasticdetarragona.cat\/es\/#organization","name":"GIMN\u00c0STIC DE TARRAGONA","alternateName":"N\u00c0STIC","url":"https:\/\/gimnasticdetarragona.cat\/es\/","logo":{"@type":"ImageObject","inLanguage":"es","@id":"https:\/\/gimnasticdetarragona.cat\/es\/#\/schema\/logo\/image\/","url":"https:\/\/gimnasticdetarragona.cat\/wp-content\/uploads\/2022\/06\/cropped-logo-gimnastic.png","contentUrl":"https:\/\/gimnasticdetarragona.cat\/wp-content\/uploads\/2022\/06\/cropped-logo-gimnastic.png","width":224,"height":83,"caption":"GIMN\u00c0STIC DE TARRAGONA"},"image":{"@id":"https:\/\/gimnasticdetarragona.cat\/es\/#\/schema\/logo\/image\/"},"sameAs":["https:\/\/x.com\/NASTICTARRAGONA","https:\/\/www.instagram.com\/nastictarragona\/"]},{"@type":"Person","@id":"https:\/\/gimnasticdetarragona.cat\/es\/#\/schema\/person\/47b6a637abf88f9bd835540f20ea069e","name":"desarrollo","sameAs":["https:\/\/clone.gimnasticdetarragona.cat"]}]}},"_links":{"self":[{"href":"https:\/\/gimnasticdetarragona.cat\/es\/wp-json\/wp\/v2\/posts\/56102","targetHints":{"allow":["GET"]}}],"collection":[{"href":"https:\/\/gimnasticdetarragona.cat\/es\/wp-json\/wp\/v2\/posts"}],"about":[{"href":"https:\/\/gimnasticdetarragona.cat\/es\/wp-json\/wp\/v2\/types\/post"}],"author":[{"embeddable":true,"href":"https:\/\/gimnasticdetarragona.cat\/es\/wp-json\/wp\/v2\/users\/1"}],"replies":[{"embeddable":true,"href":"https:\/\/gimnasticdetarragona.cat\/es\/wp-json\/wp\/v2\/comments?post=56102"}],"version-history":[{"count":0,"href":"https:\/\/gimnasticdetarragona.cat\/es\/wp-json\/wp\/v2\/posts\/56102\/revisions"}],"wp:featuredmedia":[{"embeddable":true,"href":"https:\/\/gimnasticdetarragona.cat\/es\/wp-json\/wp\/v2\/media\/56099"}],"wp:attachment":[{"href":"https:\/\/gimnasticdetarragona.cat\/es\/wp-json\/wp\/v2\/media?parent=56102"}],"wp:term":[{"taxonomy":"category","embeddable":true,"href":"https:\/\/gimnasticdetarragona.cat\/es\/wp-json\/wp\/v2\/categories?post=56102"},{"taxonomy":"post_tag","embeddable":true,"href":"https:\/\/gimnasticdetarragona.cat\/es\/wp-json\/wp\/v2\/tags?post=56102"}],"curies":[{"name":"wp","href":"https:\/\/api.w.org\/{rel}","templated":true}]}}