{"id":56134,"date":"2018-05-05T16:31:58","date_gmt":"2018-05-05T16:31:58","guid":{"rendered":"https:\/\/clone.gimnasticdetarragona.cat\/la-porta-valero-serer-ja-llueix-al-nou-estadi\/"},"modified":"2018-05-05T16:31:58","modified_gmt":"2018-05-05T16:31:58","slug":"la-porta-valero-serer-ja-llueix-al-nou-estadi","status":"publish","type":"post","link":"https:\/\/gimnasticdetarragona.cat\/es\/la-porta-valero-serer-ja-llueix-al-nou-estadi\/","title":{"rendered":"La Porta Valero Serer ya luce en el Nou Estadi"},"content":{"rendered":"<div id=\"gt-src-c\" class=\"g-unit\"><span title=\"La imatge de Valero Serer Pascual ja est\u00e0 present a l\u2019acc\u00e9s de la porta principal de Tribuna del Nou Estadi.\">La imagen de Valero Serer Pascual ya est\u00e1 presente en el acceso de la puerta principal de Tribuna del\u00a0Nou\u00a0 Estadi.\u00a0<\/span><span title=\"Des d\u2019aquest dissabte 5 de maig, la porta n\u00famero 7 duu el nom de Porta Valero Serer, m\u00e0xim golejador de la hist\u00f2ria del N\u00e0stic i quart jugadors amb m\u00e9s partits jugats. \">Desde este s\u00e1bado 5 de mayo, la puerta n\u00famero 7 lleva el nombre de Puerta Valero Serer, m\u00e1ximo goleador de la historia del N\u00e0stic y cuarto jugador con m\u00e1s partidos disputados.<\/span><\/div>\n<div id=\"gt-res-c\" class=\"g-unit\">\n<div id=\"gt-res-p\">\n<div id=\"gt-res-data\">\n<div id=\"gt-res-wrap\">\n<div id=\"gt-res-content\">\n<div id=\"gt-res-dir-ctr\" class=\"trans-verified-button-small\" dir=\"ltr\" style=\"text-align: justify;\">\n<p><span title=\"En un acte especialment emotiu amb la pres\u00e8ncia de la seva fam\u00edlia, el consell d'administraci\u00f3 i molts companys de Valero en la seva etapa al N\u00e0stic, s'ha descobert un mural on destaca la seva imatge i la traject\u00f2ria com a jugador: 10 temporades\">En un acto especialmente emotivo con la presencia de su familia, el consejo de administraci\u00f3n y muchos compa\u00f1eros de Valero en su etapa en el N\u00e0stic, se ha descubierto un mural donde destaca su imagen y la trayectoria como jugador: 10 temporadas\u00a0<\/span><span title=\", 328 partits i 128 gols. \">, 328 partidos y 181 goles.<\/span><\/p>\n<p><span title=\"L\u2019acte d\u2019homenatge ha comen\u00e7at amb una glossa d\u2019Enric Pujol sobre la figura de Valero Serer.\">El acto de homenaje ha comenzado con una glosa de Enric Pujol sobre la figura de Valero Serer.\u00a0<\/span><span title=\"La seva arribada a Tarragona o les seves caracter\u00edstiques com a jugador han centrat el perfil fet pel periodista.\">Su llegada a Tarragona o sus caracter\u00edsticas como jugador han centrado el perfil hecho por el periodista.\u00a0<\/span><span title=\"Posteriorment el president del N\u00e0stic, Josep Maria Andreu, ha destacat \u201cque \u00e9s un honor i un deute que el club tenia pendent amb el millor jugador de la hist\u00f2ria de l\u2019entitat\u201d.\">Posteriormente el presidente del N\u00e0stic, Josep Maria Andreu, ha destacado \u00abque es un honor y una deuda que el club ten\u00eda pendiente con el mejor jugador de la historia de la entidad\u00bb.\u00a0<\/span><span title=\"Andreu ha recordat les tardes de gl\u00f2ria que va donar Valero Serer als seguidors del N\u00e0stic a l\u2019Avinguda Catalunya. \">Andreu\u00a0ha recordado las tardes de gloria que dio Valero Serer los seguidores del N\u00e0stic en el campo de l&#8217;Avinguda\u00a0Catalunya.<\/span><\/p>\n<p><span title=\"Finalment, el torn de paraula ha estat per l\u2019homenatjat que ha volgut agrair el reconeixement i, mostrant la seva senzillesa, ha reiterat que el N\u00e0stic ha fet molt m\u00e9s del que podia esperar.\">Finalmente, el turno de palabra ha sido para el homenajeado que ha querido agradecer el reconocimiento y, mostrando su sencillez, reiter\u00f3 que el N\u00e0stic ha hecho mucho m\u00e1s de lo que pod\u00eda esperar.\u00a0<\/span><span title=\"El seu fill, ha parlat tamb\u00e9 en nom de la fam\u00edlia i ha volgut agrair el reconeixement que mai oblidaran. \">Su hijo ha hablado tambi\u00e9n en nombre de la familia y ha querido agradecer el reconocimiento que nunca olvidar\u00e1n.<\/span><\/p>\n<p><span title=\"Un cop s\u2019ha descobert la imatge que ja llueix a l\u2019acc\u00e9s n\u00famero 7 del Nou Estadi, Josep Maria Andreu ha regalat a Valero Serer una r\u00e8plica del mural. \">Una vez se ha descubierto la imagen que ya luce en el acceso n\u00famero 7 del Nou Estadi, Josep Maria Andreu ha regalado a Valero Serer una r\u00e9plica del mural.<\/span><\/p>\n<p><span title=\"Els reconeixements a Valero Serer continuaran aquest diumenge a la pr\u00e8via del partit entre N\u00e0stic i CA Osasuna, ja que far\u00e0 tamb\u00e9 la sacada d\u2019honor.\">Los reconocimientos a Valero Serer continuar\u00e1n este domingo en la previa del partido entre N\u00e0stic y CA Osasuna, ya que har\u00e1 tambi\u00e9n el saque de honor.<\/span><\/p>\n<\/div>\n<\/div>\n<\/div>\n<\/div>\n<\/div>\n<\/div>\n","protected":false},"excerpt":{"rendered":"<p>La imagen de Valero Serer Pascual ya est\u00e1 presente en el acceso de la puerta principal de Tribuna del Nou  Estadi. Desde este s\u00e1bado 5 de mayo, la puerta n\u00famero 7 lleva el nombre de Puerta Valero Serer, m\u00e1ximo goleador de la historia del N\u00e0stic y cuarto jugador con m\u00e1s partidos disputados.<\/p>\n","protected":false},"author":1,"featured_media":56131,"comment_status":"open","ping_status":"open","sticky":false,"template":"","format":"standard","meta":{"_acf_changed":false,"footnotes":""},"categories":[113,121],"tags":[],"class_list":["post-56134","post","type-post","status-publish","format-standard","has-post-thumbnail","hentry","category-actualidad","category-home"],"acf":[],"yoast_head":"<!-- This site is optimized with the Yoast SEO plugin v27.3 - https:\/\/yoast.com\/product\/yoast-seo-wordpress\/ -->\n<title>La Porta Valero Serer ya luce en el Nou Estadi - Gimn\u00e0stic de Tarragona SAD<\/title>\n<meta name=\"robots\" content=\"index, follow, max-snippet:-1, max-image-preview:large, max-video-preview:-1\" \/>\n<link rel=\"canonical\" href=\"https:\/\/gimnasticdetarragona.cat\/la-porta-valero-serer-ja-llueix-al-nou-estadi\/\" \/>\n<meta property=\"og:locale\" content=\"es_ES\" \/>\n<meta property=\"og:type\" content=\"article\" \/>\n<meta property=\"og:title\" content=\"La Porta Valero Serer ya luce en el Nou Estadi - Gimn\u00e0stic de Tarragona SAD\" \/>\n<meta property=\"og:description\" content=\"La imagen de Valero Serer Pascual ya est\u00e1 presente en el acceso de la puerta principal de Tribuna del Nou Estadi. Desde este s\u00e1bado 5 de mayo, la puerta n\u00famero 7 lleva el nombre de Puerta Valero Serer, m\u00e1ximo goleador de la historia del N\u00e0stic y cuarto jugador con m\u00e1s partidos disputados.\" \/>\n<meta property=\"og:url\" content=\"https:\/\/gimnasticdetarragona.cat\/la-porta-valero-serer-ja-llueix-al-nou-estadi\/\" \/>\n<meta property=\"og:site_name\" content=\"Gimn\u00e0stic de Tarragona SAD\" \/>\n<meta property=\"article:published_time\" content=\"2018-05-05T16:31:58+00:00\" \/>\n<meta property=\"og:image\" content=\"https:\/\/gimnasticdetarragona.cat\/wp-content\/uploads\/2022\/06\/06001125134404.jpg\" \/>\n\t<meta property=\"og:image:width\" content=\"640\" \/>\n\t<meta property=\"og:image:height\" content=\"427\" \/>\n\t<meta property=\"og:image:type\" content=\"image\/jpeg\" \/>\n<meta name=\"author\" content=\"desarrollo\" \/>\n<meta name=\"twitter:card\" content=\"summary_large_image\" \/>\n<meta name=\"twitter:creator\" content=\"@NASTICTARRAGONA\" \/>\n<meta name=\"twitter:site\" content=\"@NASTICTARRAGONA\" \/>\n<meta name=\"twitter:label1\" content=\"Escrito por\" \/>\n\t<meta name=\"twitter:data1\" content=\"desarrollo\" \/>\n\t<meta name=\"twitter:label2\" content=\"Tiempo de lectura\" \/>\n\t<meta name=\"twitter:data2\" content=\"2 minutos\" \/>\n<script type=\"application\/ld+json\" class=\"yoast-schema-graph\">{\"@context\":\"https:\\\/\\\/schema.org\",\"@graph\":[{\"@type\":\"Article\",\"@id\":\"https:\\\/\\\/gimnasticdetarragona.cat\\\/la-porta-valero-serer-ja-llueix-al-nou-estadi\\\/#article\",\"isPartOf\":{\"@id\":\"https:\\\/\\\/gimnasticdetarragona.cat\\\/la-porta-valero-serer-ja-llueix-al-nou-estadi\\\/\"},\"author\":{\"name\":\"desarrollo\",\"@id\":\"https:\\\/\\\/gimnasticdetarragona.cat\\\/es\\\/#\\\/schema\\\/person\\\/47b6a637abf88f9bd835540f20ea069e\"},\"headline\":\"La Porta Valero Serer ya luce en el Nou Estadi\",\"datePublished\":\"2018-05-05T16:31:58+00:00\",\"mainEntityOfPage\":{\"@id\":\"https:\\\/\\\/gimnasticdetarragona.cat\\\/la-porta-valero-serer-ja-llueix-al-nou-estadi\\\/\"},\"wordCount\":322,\"commentCount\":0,\"publisher\":{\"@id\":\"https:\\\/\\\/gimnasticdetarragona.cat\\\/es\\\/#organization\"},\"image\":{\"@id\":\"https:\\\/\\\/gimnasticdetarragona.cat\\\/la-porta-valero-serer-ja-llueix-al-nou-estadi\\\/#primaryimage\"},\"thumbnailUrl\":\"https:\\\/\\\/gimnasticdetarragona.cat\\\/wp-content\\\/uploads\\\/2022\\\/06\\\/06001125134404.jpg\",\"articleSection\":[\"Actualidad\",\"Home\"],\"inLanguage\":\"es\"},{\"@type\":\"WebPage\",\"@id\":\"https:\\\/\\\/gimnasticdetarragona.cat\\\/la-porta-valero-serer-ja-llueix-al-nou-estadi\\\/\",\"url\":\"https:\\\/\\\/gimnasticdetarragona.cat\\\/la-porta-valero-serer-ja-llueix-al-nou-estadi\\\/\",\"name\":\"La Porta Valero Serer ya luce en el Nou Estadi - Gimn\u00e0stic de Tarragona SAD\",\"isPartOf\":{\"@id\":\"https:\\\/\\\/gimnasticdetarragona.cat\\\/es\\\/#website\"},\"primaryImageOfPage\":{\"@id\":\"https:\\\/\\\/gimnasticdetarragona.cat\\\/la-porta-valero-serer-ja-llueix-al-nou-estadi\\\/#primaryimage\"},\"image\":{\"@id\":\"https:\\\/\\\/gimnasticdetarragona.cat\\\/la-porta-valero-serer-ja-llueix-al-nou-estadi\\\/#primaryimage\"},\"thumbnailUrl\":\"https:\\\/\\\/gimnasticdetarragona.cat\\\/wp-content\\\/uploads\\\/2022\\\/06\\\/06001125134404.jpg\",\"datePublished\":\"2018-05-05T16:31:58+00:00\",\"breadcrumb\":{\"@id\":\"https:\\\/\\\/gimnasticdetarragona.cat\\\/la-porta-valero-serer-ja-llueix-al-nou-estadi\\\/#breadcrumb\"},\"inLanguage\":\"es\",\"potentialAction\":[{\"@type\":\"ReadAction\",\"target\":[\"https:\\\/\\\/gimnasticdetarragona.cat\\\/la-porta-valero-serer-ja-llueix-al-nou-estadi\\\/\"]}]},{\"@type\":\"ImageObject\",\"inLanguage\":\"es\",\"@id\":\"https:\\\/\\\/gimnasticdetarragona.cat\\\/la-porta-valero-serer-ja-llueix-al-nou-estadi\\\/#primaryimage\",\"url\":\"https:\\\/\\\/gimnasticdetarragona.cat\\\/wp-content\\\/uploads\\\/2022\\\/06\\\/06001125134404.jpg\",\"contentUrl\":\"https:\\\/\\\/gimnasticdetarragona.cat\\\/wp-content\\\/uploads\\\/2022\\\/06\\\/06001125134404.jpg\",\"width\":640,\"height\":427},{\"@type\":\"BreadcrumbList\",\"@id\":\"https:\\\/\\\/gimnasticdetarragona.cat\\\/la-porta-valero-serer-ja-llueix-al-nou-estadi\\\/#breadcrumb\",\"itemListElement\":[{\"@type\":\"ListItem\",\"position\":1,\"name\":\"Inici\",\"item\":\"https:\\\/\\\/gimnasticdetarragona.cat\\\/es\\\/nastic\\\/\"},{\"@type\":\"ListItem\",\"position\":2,\"name\":\"La Porta Valero Serer ya luce en el Nou Estadi\"}]},{\"@type\":\"WebSite\",\"@id\":\"https:\\\/\\\/gimnasticdetarragona.cat\\\/es\\\/#website\",\"url\":\"https:\\\/\\\/gimnasticdetarragona.cat\\\/es\\\/\",\"name\":\"Gimn\u00e0stic de Tarragona SAD\",\"description\":\"Gimn\u00e0stic de Tarragona\",\"publisher\":{\"@id\":\"https:\\\/\\\/gimnasticdetarragona.cat\\\/es\\\/#organization\"},\"potentialAction\":[{\"@type\":\"SearchAction\",\"target\":{\"@type\":\"EntryPoint\",\"urlTemplate\":\"https:\\\/\\\/gimnasticdetarragona.cat\\\/es\\\/?s={search_term_string}\"},\"query-input\":{\"@type\":\"PropertyValueSpecification\",\"valueRequired\":true,\"valueName\":\"search_term_string\"}}],\"inLanguage\":\"es\"},{\"@type\":\"Organization\",\"@id\":\"https:\\\/\\\/gimnasticdetarragona.cat\\\/es\\\/#organization\",\"name\":\"GIMN\u00c0STIC DE TARRAGONA\",\"alternateName\":\"N\u00c0STIC\",\"url\":\"https:\\\/\\\/gimnasticdetarragona.cat\\\/es\\\/\",\"logo\":{\"@type\":\"ImageObject\",\"inLanguage\":\"es\",\"@id\":\"https:\\\/\\\/gimnasticdetarragona.cat\\\/es\\\/#\\\/schema\\\/logo\\\/image\\\/\",\"url\":\"https:\\\/\\\/gimnasticdetarragona.cat\\\/wp-content\\\/uploads\\\/2022\\\/06\\\/cropped-logo-gimnastic.png\",\"contentUrl\":\"https:\\\/\\\/gimnasticdetarragona.cat\\\/wp-content\\\/uploads\\\/2022\\\/06\\\/cropped-logo-gimnastic.png\",\"width\":224,\"height\":83,\"caption\":\"GIMN\u00c0STIC DE TARRAGONA\"},\"image\":{\"@id\":\"https:\\\/\\\/gimnasticdetarragona.cat\\\/es\\\/#\\\/schema\\\/logo\\\/image\\\/\"},\"sameAs\":[\"https:\\\/\\\/x.com\\\/NASTICTARRAGONA\",\"https:\\\/\\\/www.instagram.com\\\/nastictarragona\\\/\"]},{\"@type\":\"Person\",\"@id\":\"https:\\\/\\\/gimnasticdetarragona.cat\\\/es\\\/#\\\/schema\\\/person\\\/47b6a637abf88f9bd835540f20ea069e\",\"name\":\"desarrollo\",\"sameAs\":[\"https:\\\/\\\/clone.gimnasticdetarragona.cat\"]}]}<\/script>\n<!-- \/ Yoast SEO plugin. -->","yoast_head_json":{"title":"La Porta Valero Serer ya luce en el Nou Estadi - Gimn\u00e0stic de Tarragona SAD","robots":{"index":"index","follow":"follow","max-snippet":"max-snippet:-1","max-image-preview":"max-image-preview:large","max-video-preview":"max-video-preview:-1"},"canonical":"https:\/\/gimnasticdetarragona.cat\/la-porta-valero-serer-ja-llueix-al-nou-estadi\/","og_locale":"es_ES","og_type":"article","og_title":"La Porta Valero Serer ya luce en el Nou Estadi - Gimn\u00e0stic de Tarragona SAD","og_description":"La imagen de Valero Serer Pascual ya est\u00e1 presente en el acceso de la puerta principal de Tribuna del Nou Estadi. Desde este s\u00e1bado 5 de mayo, la puerta n\u00famero 7 lleva el nombre de Puerta Valero Serer, m\u00e1ximo goleador de la historia del N\u00e0stic y cuarto jugador con m\u00e1s partidos disputados.","og_url":"https:\/\/gimnasticdetarragona.cat\/la-porta-valero-serer-ja-llueix-al-nou-estadi\/","og_site_name":"Gimn\u00e0stic de Tarragona SAD","article_published_time":"2018-05-05T16:31:58+00:00","og_image":[{"width":640,"height":427,"url":"https:\/\/gimnasticdetarragona.cat\/wp-content\/uploads\/2022\/06\/06001125134404.jpg","type":"image\/jpeg"}],"author":"desarrollo","twitter_card":"summary_large_image","twitter_creator":"@NASTICTARRAGONA","twitter_site":"@NASTICTARRAGONA","twitter_misc":{"Escrito por":"desarrollo","Tiempo de lectura":"2 minutos"},"schema":{"@context":"https:\/\/schema.org","@graph":[{"@type":"Article","@id":"https:\/\/gimnasticdetarragona.cat\/la-porta-valero-serer-ja-llueix-al-nou-estadi\/#article","isPartOf":{"@id":"https:\/\/gimnasticdetarragona.cat\/la-porta-valero-serer-ja-llueix-al-nou-estadi\/"},"author":{"name":"desarrollo","@id":"https:\/\/gimnasticdetarragona.cat\/es\/#\/schema\/person\/47b6a637abf88f9bd835540f20ea069e"},"headline":"La Porta Valero Serer ya luce en el Nou Estadi","datePublished":"2018-05-05T16:31:58+00:00","mainEntityOfPage":{"@id":"https:\/\/gimnasticdetarragona.cat\/la-porta-valero-serer-ja-llueix-al-nou-estadi\/"},"wordCount":322,"commentCount":0,"publisher":{"@id":"https:\/\/gimnasticdetarragona.cat\/es\/#organization"},"image":{"@id":"https:\/\/gimnasticdetarragona.cat\/la-porta-valero-serer-ja-llueix-al-nou-estadi\/#primaryimage"},"thumbnailUrl":"https:\/\/gimnasticdetarragona.cat\/wp-content\/uploads\/2022\/06\/06001125134404.jpg","articleSection":["Actualidad","Home"],"inLanguage":"es"},{"@type":"WebPage","@id":"https:\/\/gimnasticdetarragona.cat\/la-porta-valero-serer-ja-llueix-al-nou-estadi\/","url":"https:\/\/gimnasticdetarragona.cat\/la-porta-valero-serer-ja-llueix-al-nou-estadi\/","name":"La Porta Valero Serer ya luce en el Nou Estadi - Gimn\u00e0stic de Tarragona SAD","isPartOf":{"@id":"https:\/\/gimnasticdetarragona.cat\/es\/#website"},"primaryImageOfPage":{"@id":"https:\/\/gimnasticdetarragona.cat\/la-porta-valero-serer-ja-llueix-al-nou-estadi\/#primaryimage"},"image":{"@id":"https:\/\/gimnasticdetarragona.cat\/la-porta-valero-serer-ja-llueix-al-nou-estadi\/#primaryimage"},"thumbnailUrl":"https:\/\/gimnasticdetarragona.cat\/wp-content\/uploads\/2022\/06\/06001125134404.jpg","datePublished":"2018-05-05T16:31:58+00:00","breadcrumb":{"@id":"https:\/\/gimnasticdetarragona.cat\/la-porta-valero-serer-ja-llueix-al-nou-estadi\/#breadcrumb"},"inLanguage":"es","potentialAction":[{"@type":"ReadAction","target":["https:\/\/gimnasticdetarragona.cat\/la-porta-valero-serer-ja-llueix-al-nou-estadi\/"]}]},{"@type":"ImageObject","inLanguage":"es","@id":"https:\/\/gimnasticdetarragona.cat\/la-porta-valero-serer-ja-llueix-al-nou-estadi\/#primaryimage","url":"https:\/\/gimnasticdetarragona.cat\/wp-content\/uploads\/2022\/06\/06001125134404.jpg","contentUrl":"https:\/\/gimnasticdetarragona.cat\/wp-content\/uploads\/2022\/06\/06001125134404.jpg","width":640,"height":427},{"@type":"BreadcrumbList","@id":"https:\/\/gimnasticdetarragona.cat\/la-porta-valero-serer-ja-llueix-al-nou-estadi\/#breadcrumb","itemListElement":[{"@type":"ListItem","position":1,"name":"Inici","item":"https:\/\/gimnasticdetarragona.cat\/es\/nastic\/"},{"@type":"ListItem","position":2,"name":"La Porta Valero Serer ya luce en el Nou Estadi"}]},{"@type":"WebSite","@id":"https:\/\/gimnasticdetarragona.cat\/es\/#website","url":"https:\/\/gimnasticdetarragona.cat\/es\/","name":"Gimn\u00e0stic de Tarragona SAD","description":"Gimn\u00e0stic de Tarragona","publisher":{"@id":"https:\/\/gimnasticdetarragona.cat\/es\/#organization"},"potentialAction":[{"@type":"SearchAction","target":{"@type":"EntryPoint","urlTemplate":"https:\/\/gimnasticdetarragona.cat\/es\/?s={search_term_string}"},"query-input":{"@type":"PropertyValueSpecification","valueRequired":true,"valueName":"search_term_string"}}],"inLanguage":"es"},{"@type":"Organization","@id":"https:\/\/gimnasticdetarragona.cat\/es\/#organization","name":"GIMN\u00c0STIC DE TARRAGONA","alternateName":"N\u00c0STIC","url":"https:\/\/gimnasticdetarragona.cat\/es\/","logo":{"@type":"ImageObject","inLanguage":"es","@id":"https:\/\/gimnasticdetarragona.cat\/es\/#\/schema\/logo\/image\/","url":"https:\/\/gimnasticdetarragona.cat\/wp-content\/uploads\/2022\/06\/cropped-logo-gimnastic.png","contentUrl":"https:\/\/gimnasticdetarragona.cat\/wp-content\/uploads\/2022\/06\/cropped-logo-gimnastic.png","width":224,"height":83,"caption":"GIMN\u00c0STIC DE TARRAGONA"},"image":{"@id":"https:\/\/gimnasticdetarragona.cat\/es\/#\/schema\/logo\/image\/"},"sameAs":["https:\/\/x.com\/NASTICTARRAGONA","https:\/\/www.instagram.com\/nastictarragona\/"]},{"@type":"Person","@id":"https:\/\/gimnasticdetarragona.cat\/es\/#\/schema\/person\/47b6a637abf88f9bd835540f20ea069e","name":"desarrollo","sameAs":["https:\/\/clone.gimnasticdetarragona.cat"]}]}},"_links":{"self":[{"href":"https:\/\/gimnasticdetarragona.cat\/es\/wp-json\/wp\/v2\/posts\/56134","targetHints":{"allow":["GET"]}}],"collection":[{"href":"https:\/\/gimnasticdetarragona.cat\/es\/wp-json\/wp\/v2\/posts"}],"about":[{"href":"https:\/\/gimnasticdetarragona.cat\/es\/wp-json\/wp\/v2\/types\/post"}],"author":[{"embeddable":true,"href":"https:\/\/gimnasticdetarragona.cat\/es\/wp-json\/wp\/v2\/users\/1"}],"replies":[{"embeddable":true,"href":"https:\/\/gimnasticdetarragona.cat\/es\/wp-json\/wp\/v2\/comments?post=56134"}],"version-history":[{"count":0,"href":"https:\/\/gimnasticdetarragona.cat\/es\/wp-json\/wp\/v2\/posts\/56134\/revisions"}],"wp:featuredmedia":[{"embeddable":true,"href":"https:\/\/gimnasticdetarragona.cat\/es\/wp-json\/wp\/v2\/media\/56131"}],"wp:attachment":[{"href":"https:\/\/gimnasticdetarragona.cat\/es\/wp-json\/wp\/v2\/media?parent=56134"}],"wp:term":[{"taxonomy":"category","embeddable":true,"href":"https:\/\/gimnasticdetarragona.cat\/es\/wp-json\/wp\/v2\/categories?post=56134"},{"taxonomy":"post_tag","embeddable":true,"href":"https:\/\/gimnasticdetarragona.cat\/es\/wp-json\/wp\/v2\/tags?post=56134"}],"curies":[{"name":"wp","href":"https:\/\/api.w.org\/{rel}","templated":true}]}}