{"id":56206,"date":"2018-04-21T18:49:22","date_gmt":"2018-04-21T18:49:22","guid":{"rendered":"https:\/\/clone.gimnasticdetarragona.cat\/nastic-0-0-cd-numancia\/"},"modified":"2018-04-21T18:49:22","modified_gmt":"2018-04-21T18:49:22","slug":"nastic-0-0-cd-numancia","status":"publish","type":"post","link":"https:\/\/gimnasticdetarragona.cat\/es\/nastic-0-0-cd-numancia\/","title":{"rendered":"N\u00e0stic 0 &#8211; 0 CD Numancia"},"content":{"rendered":"<p style=\"text-align: justify;\">\n<p style=\"text-align: justify;\">El N\u00e0stic ha empatado a cero en el Nou Estadi ante el Numancia en un partido donde en la primera mitad el equipo de Nano Rivas ha tenido ocasiones para adelantarse en el marcador, mientras que en la segunda debido al desgaste se ha igualado. El equipo tarraconense suma un punto m\u00e1s y se coloca con 43 en la clasificaci\u00f3n, cuatro por encima de los descenso.<\/p>\n<p style=\"text-align: justify;\">El N\u00e0stic ha salido al c\u00e9sped decidido a buscar la tercera victoria consecutiva en el Nou Estadi. Control del bal\u00f3n, juego por bandas y ocasiones sobre la porter\u00eda rival en una primera parte donde s\u00f3lo ha faltado el gol. La primera aproximaci\u00f3n del N\u00e0stic ha llegado en el minuto 5 con una jugada al contragolpe, que ha acabado con un disparo de Maikel Mesa desde la frontal del \u00e1rea, atrapado por el portero del Numancia. El conjunto castellano ha probado un par de centros por banda que, entre la defensa y el portero Dimistrievski, han solucionado sin problemas.<\/p>\n<p style=\"text-align: justify;\">En el minuto 16 Juan Mu\u00f1iz lo ha intentado a bal\u00f3n parado con un lanzamiento de falta desde 25 metros, pero su disparo lo ha rechazado el portero Aitor Fern\u00e1ndez. El N\u00e0stic ha seguido insistiendo y en el minuto 22 ha llegado una de las acciones m\u00e1s claras: un centro por banda izquierda de Abraham lo cabece\u00f3 \u00c1lvaro, pero el portero del Numancia ha hecho una gran parada para evitar el gol. Tres minutos despu\u00e9s lo ha vuelto a probar el delantero. Su disparo se ha ido desviado a la izquierda de la porter\u00eda del Numancia. La \u00faltima acci\u00f3n de la primera mitad ha vuelto a ser una clara ocasi\u00f3n de gol para los tarraconenses. \u00c1lvaro V\u00e1zquez ha tenido un 1 contra 1 con el portero del Numancia, que ha acabado deteniendo el remate del delantero grana.<\/p>\n<p style=\"text-align: justify;\">La segunda parte no ha tenido el ritmo y la intensidad de la primera y ha comenzado con un remate de Valcarce dentro del \u00e1rea del N\u00e0stic que ha parado con seguridad el portero Stole Dimitrievski. La r\u00e9plica tarraconense ha sido un disparo de Tete Morente desde la frontal que se march\u00f3 desviado a la izquierda de la porter\u00eda del Numancia. Los siguientes minutos fueron para el conjunto castellano, que se ha hecho con el control del bal\u00f3n y ha tenido un par de ocasiones de peligro. En el minuto 59 un remate de cabeza de Grego tras un lanzamiento de corner ha salido a la izquierda de la porter\u00eda del N\u00e0stic y en el minuto 65 ha tenido la oportunidad m\u00e1s clara: un disparo cruzado dentro del \u00e1rea de Valcarce se ha estrellado en el palo derecho de la porter\u00eda tarraconense.<\/p>\n<p style=\"text-align: justify;\">En la recta final los dos equipos han acusado el calor y el desgaste del partido y casi no ha habido oportunidades. En el 80 el N\u00e0stic lo ha probado con una jugada a bal\u00f3n parado: un centro de falta de Mu\u00f1iz lo ha rematado desviado Xavi Molina, mientras que en el 88 Valcarce ha rematado desviado dentro del \u00e1rea tarraconense.<\/p>\n<p style=\"text-align: justify;\">El N\u00e0stic jugar\u00e1 el pr\u00f3ximo partido el domingo 29 de abril a partir de las 20 horas en el Francisco Art\u00e9s Carrasco contra el Lorca FC, correspondiente a la jornada 37 de LaLiga 1 | 2 | 3.<\/p>\n<p><strong>Alineaciones<\/strong><br \/>\nN\u00e0stic: Dimitrievski, Kakabadze, Xavi Molina, Fali (J. M\u00e1rquez, 75\u2019), Juan Mu\u00f1iz (M. Barreiro, 83\u2019), Maikel M. (Assoubre, 63\u2019), \u00c1lvaro, Tete, Abraham, Tejera, C. Arzo.<\/p>\n<p>CD Numancia: Aitor Fdez., Sa\u00fal, Escassi, Higinio (Guillermo, 61\u2019), Pere Milla (Nacho, 74\u2019), C. Guti\u00e9rrez, Medina, Grego S., P. Valcarce (D. Nieto, 88\u2019), M. Mateu, Larrea.<\/p>\n<p><strong>\u00c1rbitro<\/strong><br \/>\nGorka Sagu\u00e9s Oscoz (Colegio vasco).<\/p>\n<p><strong>Tarjetas<\/strong><br \/>\nAmarillas a Juan Mu\u00f1iz (3\u2019), Abraham (9\u2019), P. Valcarce (21\u2019), Grego S. (34\u2019), \u00c1lvaro (44\u2019) y Larrea (73\u2019).<\/p>\n<p><strong>Campo<\/strong><br \/>\nNou Estadi. 6.412 espectadores. Partido correspondiente a la jornada 36 de LaLiga 1|2|3.<\/p>\n","protected":false},"excerpt":{"rendered":"<p>El N\u00e0stic ha empatado a cero en el Nou Estadi ante el Numancia en un partido donde en la primera mitad el equipo de Nano Rivas ha tenido ocasiones para adelantarse en el marcador, mientras que en la segunda debido al desgaste se ha igualado.<\/p>\n","protected":false},"author":1,"featured_media":56203,"comment_status":"open","ping_status":"open","sticky":false,"template":"","format":"standard","meta":{"_acf_changed":false,"footnotes":""},"categories":[113,126],"tags":[],"class_list":["post-56206","post","type-post","status-publish","format-standard","has-post-thumbnail","hentry","category-actualidad","category-primer-equipo"],"acf":[],"yoast_head":"<!-- This site is optimized with the Yoast SEO plugin v27.3 - https:\/\/yoast.com\/product\/yoast-seo-wordpress\/ -->\n<title>N\u00e0stic 0 - 0 CD Numancia - Gimn\u00e0stic de Tarragona SAD<\/title>\n<meta name=\"robots\" content=\"index, follow, max-snippet:-1, max-image-preview:large, max-video-preview:-1\" \/>\n<link rel=\"canonical\" href=\"https:\/\/gimnasticdetarragona.cat\/es\/nastic-0-0-cd-numancia\/\" \/>\n<meta property=\"og:locale\" content=\"es_ES\" \/>\n<meta property=\"og:type\" content=\"article\" \/>\n<meta property=\"og:title\" content=\"N\u00e0stic 0 - 0 CD Numancia - Gimn\u00e0stic de Tarragona SAD\" \/>\n<meta property=\"og:description\" content=\"El N\u00e0stic ha empatado a cero en el Nou Estadi ante el Numancia en un partido donde en la primera mitad el equipo de Nano Rivas ha tenido ocasiones para adelantarse en el marcador, mientras que en la segunda debido al desgaste se ha igualado.\" \/>\n<meta property=\"og:url\" content=\"https:\/\/gimnasticdetarragona.cat\/es\/nastic-0-0-cd-numancia\/\" \/>\n<meta property=\"og:site_name\" content=\"Gimn\u00e0stic de Tarragona SAD\" \/>\n<meta property=\"article:published_time\" content=\"2018-04-21T18:49:22+00:00\" \/>\n<meta property=\"og:image\" content=\"https:\/\/gimnasticdetarragona.cat\/wp-content\/uploads\/2022\/06\/06001111134177.jpg\" \/>\n\t<meta property=\"og:image:width\" content=\"640\" \/>\n\t<meta property=\"og:image:height\" content=\"426\" \/>\n\t<meta property=\"og:image:type\" content=\"image\/jpeg\" \/>\n<meta name=\"author\" content=\"desarrollo\" \/>\n<meta name=\"twitter:card\" content=\"summary_large_image\" \/>\n<meta name=\"twitter:creator\" content=\"@NASTICTARRAGONA\" \/>\n<meta name=\"twitter:site\" content=\"@NASTICTARRAGONA\" \/>\n<meta name=\"twitter:label1\" content=\"Escrito por\" \/>\n\t<meta name=\"twitter:data1\" content=\"desarrollo\" \/>\n\t<meta name=\"twitter:label2\" content=\"Tiempo de lectura\" \/>\n\t<meta name=\"twitter:data2\" content=\"3 minutos\" \/>\n<script type=\"application\/ld+json\" class=\"yoast-schema-graph\">{\"@context\":\"https:\\\/\\\/schema.org\",\"@graph\":[{\"@type\":\"Article\",\"@id\":\"https:\\\/\\\/gimnasticdetarragona.cat\\\/es\\\/nastic-0-0-cd-numancia\\\/#article\",\"isPartOf\":{\"@id\":\"https:\\\/\\\/gimnasticdetarragona.cat\\\/es\\\/nastic-0-0-cd-numancia\\\/\"},\"author\":{\"name\":\"desarrollo\",\"@id\":\"https:\\\/\\\/gimnasticdetarragona.cat\\\/es\\\/#\\\/schema\\\/person\\\/47b6a637abf88f9bd835540f20ea069e\"},\"headline\":\"N\u00e0stic 0 &#8211; 0 CD Numancia\",\"datePublished\":\"2018-04-21T18:49:22+00:00\",\"mainEntityOfPage\":{\"@id\":\"https:\\\/\\\/gimnasticdetarragona.cat\\\/es\\\/nastic-0-0-cd-numancia\\\/\"},\"wordCount\":644,\"commentCount\":0,\"publisher\":{\"@id\":\"https:\\\/\\\/gimnasticdetarragona.cat\\\/es\\\/#organization\"},\"image\":{\"@id\":\"https:\\\/\\\/gimnasticdetarragona.cat\\\/es\\\/nastic-0-0-cd-numancia\\\/#primaryimage\"},\"thumbnailUrl\":\"https:\\\/\\\/gimnasticdetarragona.cat\\\/wp-content\\\/uploads\\\/2022\\\/06\\\/06001111134177.jpg\",\"articleSection\":[\"Actualidad\",\"Primer Equipo\"],\"inLanguage\":\"es\"},{\"@type\":\"WebPage\",\"@id\":\"https:\\\/\\\/gimnasticdetarragona.cat\\\/es\\\/nastic-0-0-cd-numancia\\\/\",\"url\":\"https:\\\/\\\/gimnasticdetarragona.cat\\\/es\\\/nastic-0-0-cd-numancia\\\/\",\"name\":\"N\u00e0stic 0 - 0 CD Numancia - Gimn\u00e0stic de Tarragona SAD\",\"isPartOf\":{\"@id\":\"https:\\\/\\\/gimnasticdetarragona.cat\\\/es\\\/#website\"},\"primaryImageOfPage\":{\"@id\":\"https:\\\/\\\/gimnasticdetarragona.cat\\\/es\\\/nastic-0-0-cd-numancia\\\/#primaryimage\"},\"image\":{\"@id\":\"https:\\\/\\\/gimnasticdetarragona.cat\\\/es\\\/nastic-0-0-cd-numancia\\\/#primaryimage\"},\"thumbnailUrl\":\"https:\\\/\\\/gimnasticdetarragona.cat\\\/wp-content\\\/uploads\\\/2022\\\/06\\\/06001111134177.jpg\",\"datePublished\":\"2018-04-21T18:49:22+00:00\",\"breadcrumb\":{\"@id\":\"https:\\\/\\\/gimnasticdetarragona.cat\\\/es\\\/nastic-0-0-cd-numancia\\\/#breadcrumb\"},\"inLanguage\":\"es\",\"potentialAction\":[{\"@type\":\"ReadAction\",\"target\":[\"https:\\\/\\\/gimnasticdetarragona.cat\\\/es\\\/nastic-0-0-cd-numancia\\\/\"]}]},{\"@type\":\"ImageObject\",\"inLanguage\":\"es\",\"@id\":\"https:\\\/\\\/gimnasticdetarragona.cat\\\/es\\\/nastic-0-0-cd-numancia\\\/#primaryimage\",\"url\":\"https:\\\/\\\/gimnasticdetarragona.cat\\\/wp-content\\\/uploads\\\/2022\\\/06\\\/06001111134177.jpg\",\"contentUrl\":\"https:\\\/\\\/gimnasticdetarragona.cat\\\/wp-content\\\/uploads\\\/2022\\\/06\\\/06001111134177.jpg\",\"width\":640,\"height\":426},{\"@type\":\"BreadcrumbList\",\"@id\":\"https:\\\/\\\/gimnasticdetarragona.cat\\\/es\\\/nastic-0-0-cd-numancia\\\/#breadcrumb\",\"itemListElement\":[{\"@type\":\"ListItem\",\"position\":1,\"name\":\"Inici\",\"item\":\"https:\\\/\\\/gimnasticdetarragona.cat\\\/es\\\/nastic\\\/\"},{\"@type\":\"ListItem\",\"position\":2,\"name\":\"N\u00e0stic 0 &#8211; 0 CD Numancia\"}]},{\"@type\":\"WebSite\",\"@id\":\"https:\\\/\\\/gimnasticdetarragona.cat\\\/es\\\/#website\",\"url\":\"https:\\\/\\\/gimnasticdetarragona.cat\\\/es\\\/\",\"name\":\"Gimn\u00e0stic de Tarragona SAD\",\"description\":\"Gimn\u00e0stic de Tarragona\",\"publisher\":{\"@id\":\"https:\\\/\\\/gimnasticdetarragona.cat\\\/es\\\/#organization\"},\"potentialAction\":[{\"@type\":\"SearchAction\",\"target\":{\"@type\":\"EntryPoint\",\"urlTemplate\":\"https:\\\/\\\/gimnasticdetarragona.cat\\\/es\\\/?s={search_term_string}\"},\"query-input\":{\"@type\":\"PropertyValueSpecification\",\"valueRequired\":true,\"valueName\":\"search_term_string\"}}],\"inLanguage\":\"es\"},{\"@type\":\"Organization\",\"@id\":\"https:\\\/\\\/gimnasticdetarragona.cat\\\/es\\\/#organization\",\"name\":\"GIMN\u00c0STIC DE TARRAGONA\",\"alternateName\":\"N\u00c0STIC\",\"url\":\"https:\\\/\\\/gimnasticdetarragona.cat\\\/es\\\/\",\"logo\":{\"@type\":\"ImageObject\",\"inLanguage\":\"es\",\"@id\":\"https:\\\/\\\/gimnasticdetarragona.cat\\\/es\\\/#\\\/schema\\\/logo\\\/image\\\/\",\"url\":\"https:\\\/\\\/gimnasticdetarragona.cat\\\/wp-content\\\/uploads\\\/2022\\\/06\\\/cropped-logo-gimnastic.png\",\"contentUrl\":\"https:\\\/\\\/gimnasticdetarragona.cat\\\/wp-content\\\/uploads\\\/2022\\\/06\\\/cropped-logo-gimnastic.png\",\"width\":224,\"height\":83,\"caption\":\"GIMN\u00c0STIC DE TARRAGONA\"},\"image\":{\"@id\":\"https:\\\/\\\/gimnasticdetarragona.cat\\\/es\\\/#\\\/schema\\\/logo\\\/image\\\/\"},\"sameAs\":[\"https:\\\/\\\/x.com\\\/NASTICTARRAGONA\",\"https:\\\/\\\/www.instagram.com\\\/nastictarragona\\\/\"]},{\"@type\":\"Person\",\"@id\":\"https:\\\/\\\/gimnasticdetarragona.cat\\\/es\\\/#\\\/schema\\\/person\\\/47b6a637abf88f9bd835540f20ea069e\",\"name\":\"desarrollo\",\"sameAs\":[\"https:\\\/\\\/clone.gimnasticdetarragona.cat\"]}]}<\/script>\n<!-- \/ Yoast SEO plugin. -->","yoast_head_json":{"title":"N\u00e0stic 0 - 0 CD Numancia - Gimn\u00e0stic de Tarragona SAD","robots":{"index":"index","follow":"follow","max-snippet":"max-snippet:-1","max-image-preview":"max-image-preview:large","max-video-preview":"max-video-preview:-1"},"canonical":"https:\/\/gimnasticdetarragona.cat\/es\/nastic-0-0-cd-numancia\/","og_locale":"es_ES","og_type":"article","og_title":"N\u00e0stic 0 - 0 CD Numancia - Gimn\u00e0stic de Tarragona SAD","og_description":"El N\u00e0stic ha empatado a cero en el Nou Estadi ante el Numancia en un partido donde en la primera mitad el equipo de Nano Rivas ha tenido ocasiones para adelantarse en el marcador, mientras que en la segunda debido al desgaste se ha igualado.","og_url":"https:\/\/gimnasticdetarragona.cat\/es\/nastic-0-0-cd-numancia\/","og_site_name":"Gimn\u00e0stic de Tarragona SAD","article_published_time":"2018-04-21T18:49:22+00:00","og_image":[{"width":640,"height":426,"url":"https:\/\/gimnasticdetarragona.cat\/wp-content\/uploads\/2022\/06\/06001111134177.jpg","type":"image\/jpeg"}],"author":"desarrollo","twitter_card":"summary_large_image","twitter_creator":"@NASTICTARRAGONA","twitter_site":"@NASTICTARRAGONA","twitter_misc":{"Escrito por":"desarrollo","Tiempo de lectura":"3 minutos"},"schema":{"@context":"https:\/\/schema.org","@graph":[{"@type":"Article","@id":"https:\/\/gimnasticdetarragona.cat\/es\/nastic-0-0-cd-numancia\/#article","isPartOf":{"@id":"https:\/\/gimnasticdetarragona.cat\/es\/nastic-0-0-cd-numancia\/"},"author":{"name":"desarrollo","@id":"https:\/\/gimnasticdetarragona.cat\/es\/#\/schema\/person\/47b6a637abf88f9bd835540f20ea069e"},"headline":"N\u00e0stic 0 &#8211; 0 CD Numancia","datePublished":"2018-04-21T18:49:22+00:00","mainEntityOfPage":{"@id":"https:\/\/gimnasticdetarragona.cat\/es\/nastic-0-0-cd-numancia\/"},"wordCount":644,"commentCount":0,"publisher":{"@id":"https:\/\/gimnasticdetarragona.cat\/es\/#organization"},"image":{"@id":"https:\/\/gimnasticdetarragona.cat\/es\/nastic-0-0-cd-numancia\/#primaryimage"},"thumbnailUrl":"https:\/\/gimnasticdetarragona.cat\/wp-content\/uploads\/2022\/06\/06001111134177.jpg","articleSection":["Actualidad","Primer Equipo"],"inLanguage":"es"},{"@type":"WebPage","@id":"https:\/\/gimnasticdetarragona.cat\/es\/nastic-0-0-cd-numancia\/","url":"https:\/\/gimnasticdetarragona.cat\/es\/nastic-0-0-cd-numancia\/","name":"N\u00e0stic 0 - 0 CD Numancia - Gimn\u00e0stic de Tarragona SAD","isPartOf":{"@id":"https:\/\/gimnasticdetarragona.cat\/es\/#website"},"primaryImageOfPage":{"@id":"https:\/\/gimnasticdetarragona.cat\/es\/nastic-0-0-cd-numancia\/#primaryimage"},"image":{"@id":"https:\/\/gimnasticdetarragona.cat\/es\/nastic-0-0-cd-numancia\/#primaryimage"},"thumbnailUrl":"https:\/\/gimnasticdetarragona.cat\/wp-content\/uploads\/2022\/06\/06001111134177.jpg","datePublished":"2018-04-21T18:49:22+00:00","breadcrumb":{"@id":"https:\/\/gimnasticdetarragona.cat\/es\/nastic-0-0-cd-numancia\/#breadcrumb"},"inLanguage":"es","potentialAction":[{"@type":"ReadAction","target":["https:\/\/gimnasticdetarragona.cat\/es\/nastic-0-0-cd-numancia\/"]}]},{"@type":"ImageObject","inLanguage":"es","@id":"https:\/\/gimnasticdetarragona.cat\/es\/nastic-0-0-cd-numancia\/#primaryimage","url":"https:\/\/gimnasticdetarragona.cat\/wp-content\/uploads\/2022\/06\/06001111134177.jpg","contentUrl":"https:\/\/gimnasticdetarragona.cat\/wp-content\/uploads\/2022\/06\/06001111134177.jpg","width":640,"height":426},{"@type":"BreadcrumbList","@id":"https:\/\/gimnasticdetarragona.cat\/es\/nastic-0-0-cd-numancia\/#breadcrumb","itemListElement":[{"@type":"ListItem","position":1,"name":"Inici","item":"https:\/\/gimnasticdetarragona.cat\/es\/nastic\/"},{"@type":"ListItem","position":2,"name":"N\u00e0stic 0 &#8211; 0 CD Numancia"}]},{"@type":"WebSite","@id":"https:\/\/gimnasticdetarragona.cat\/es\/#website","url":"https:\/\/gimnasticdetarragona.cat\/es\/","name":"Gimn\u00e0stic de Tarragona SAD","description":"Gimn\u00e0stic de Tarragona","publisher":{"@id":"https:\/\/gimnasticdetarragona.cat\/es\/#organization"},"potentialAction":[{"@type":"SearchAction","target":{"@type":"EntryPoint","urlTemplate":"https:\/\/gimnasticdetarragona.cat\/es\/?s={search_term_string}"},"query-input":{"@type":"PropertyValueSpecification","valueRequired":true,"valueName":"search_term_string"}}],"inLanguage":"es"},{"@type":"Organization","@id":"https:\/\/gimnasticdetarragona.cat\/es\/#organization","name":"GIMN\u00c0STIC DE TARRAGONA","alternateName":"N\u00c0STIC","url":"https:\/\/gimnasticdetarragona.cat\/es\/","logo":{"@type":"ImageObject","inLanguage":"es","@id":"https:\/\/gimnasticdetarragona.cat\/es\/#\/schema\/logo\/image\/","url":"https:\/\/gimnasticdetarragona.cat\/wp-content\/uploads\/2022\/06\/cropped-logo-gimnastic.png","contentUrl":"https:\/\/gimnasticdetarragona.cat\/wp-content\/uploads\/2022\/06\/cropped-logo-gimnastic.png","width":224,"height":83,"caption":"GIMN\u00c0STIC DE TARRAGONA"},"image":{"@id":"https:\/\/gimnasticdetarragona.cat\/es\/#\/schema\/logo\/image\/"},"sameAs":["https:\/\/x.com\/NASTICTARRAGONA","https:\/\/www.instagram.com\/nastictarragona\/"]},{"@type":"Person","@id":"https:\/\/gimnasticdetarragona.cat\/es\/#\/schema\/person\/47b6a637abf88f9bd835540f20ea069e","name":"desarrollo","sameAs":["https:\/\/clone.gimnasticdetarragona.cat"]}]}},"_links":{"self":[{"href":"https:\/\/gimnasticdetarragona.cat\/es\/wp-json\/wp\/v2\/posts\/56206","targetHints":{"allow":["GET"]}}],"collection":[{"href":"https:\/\/gimnasticdetarragona.cat\/es\/wp-json\/wp\/v2\/posts"}],"about":[{"href":"https:\/\/gimnasticdetarragona.cat\/es\/wp-json\/wp\/v2\/types\/post"}],"author":[{"embeddable":true,"href":"https:\/\/gimnasticdetarragona.cat\/es\/wp-json\/wp\/v2\/users\/1"}],"replies":[{"embeddable":true,"href":"https:\/\/gimnasticdetarragona.cat\/es\/wp-json\/wp\/v2\/comments?post=56206"}],"version-history":[{"count":0,"href":"https:\/\/gimnasticdetarragona.cat\/es\/wp-json\/wp\/v2\/posts\/56206\/revisions"}],"wp:featuredmedia":[{"embeddable":true,"href":"https:\/\/gimnasticdetarragona.cat\/es\/wp-json\/wp\/v2\/media\/56203"}],"wp:attachment":[{"href":"https:\/\/gimnasticdetarragona.cat\/es\/wp-json\/wp\/v2\/media?parent=56206"}],"wp:term":[{"taxonomy":"category","embeddable":true,"href":"https:\/\/gimnasticdetarragona.cat\/es\/wp-json\/wp\/v2\/categories?post=56206"},{"taxonomy":"post_tag","embeddable":true,"href":"https:\/\/gimnasticdetarragona.cat\/es\/wp-json\/wp\/v2\/tags?post=56206"}],"curies":[{"name":"wp","href":"https:\/\/api.w.org\/{rel}","templated":true}]}}