{"id":56300,"date":"2018-04-09T17:03:39","date_gmt":"2018-04-09T17:03:39","guid":{"rendered":"https:\/\/clone.gimnasticdetarragona.cat\/el-nasticesports-empieza-la-cuarta-temporada-en-la-vfo\/"},"modified":"2018-04-09T17:03:39","modified_gmt":"2018-04-09T17:03:39","slug":"el-nasticesports-empieza-la-cuarta-temporada-en-la-vfo","status":"publish","type":"post","link":"https:\/\/gimnasticdetarragona.cat\/es\/el-nasticesports-empieza-la-cuarta-temporada-en-la-vfo\/","title":{"rendered":"El N\u00e0stic eSports empieza la cuarta temporada en la VFO"},"content":{"rendered":"<p style=\"text-align: justify;\">El N\u00e0stic seguir\u00e1, una temporada m\u00e1s, en la Liga Virtual Football Organization (VFO) con el formato 11 contra 11 de Clubes Pro de Fifa 18, donde es uno de los equipos reales pioneros en los deportes electr\u00f3nicos (eSports).<\/p>\n<p style=\"text-align: justify;\">En la competici\u00f3n participar\u00e1n clubes reales como Valencia CF, Villarreal CF, Real Sociedad, Real Betis, Sevilla CF, RCD Espanyol, Real Sporting de Gij\u00f3n o Deportivo Alav\u00e9s, entre otros. Pero tambi\u00e9n marcas como Philips o Lenovo, que han apostado por tener su equipo de deportes electr\u00f3nicos.<\/p>\n<p style=\"text-align: justify;\">En la plataforma de XBOX el N\u00e0stic jugar\u00e1 en Segunda Divisi\u00f3n; el equipo de PS4 jugar\u00e1 en Tercera Divisi\u00f3n B y el N\u00e0sticeSports en la plataforma de PC jugar\u00e1 en la Primera Divisi\u00f3n.<\/p>\n<p style=\"text-align: justify;\">La cuenta oficial de Twitter de la divisi\u00f3n de deportes electr\u00f3nicos del N\u00e0stic es @nasticeSports.<\/p>\n<p style=\"text-align: justify;\">Las plantillas de cada plataforma del N\u00e0sticeSports est\u00e1n compuestas por los siguientes jugadores:<\/p>\n<p style=\"text-align: justify;\"><span style=\"text-decoration: underline;\"><strong>N\u00c0STIC eSports PS4<\/strong><\/span><\/p>\n<p style=\"text-align: justify;\"><span style=\"text-decoration: underline;\"><strong><img fetchpriority=\"high\" decoding=\"async\" class=\"aligncenter size-full wp-image-133881\" src=\"http:\/\/www.gimnasticdetarragona.cat\/wp-content\/uploads\/2018\/04\/plantillaps4_temp4.png\" alt=\"plantillaps4_temp4\" width=\"1024\" height=\"512\" \/><\/strong><\/span>92 &#8211;\u00a0 Oscarcinho_ &#8211; POR<br \/>\n4 \u2013 xBddzz- DFC<br \/>\n98 &#8211;\u00a0 RenTeR_ &#8211; DFC<br \/>\n5 &#8211; blanco_f9 &#8211; DFC<br \/>\n46 &#8211;\u00a0 carricasco_1314 &#8211; DFC<br \/>\n52 &#8211;\u00a0 Beetoo869 &#8211; DFC<br \/>\n15 &#8211; CoMaNdAnTe-MaRkY &#8211; LTI<br \/>\n3 &#8211;\u00a0 javi_7romero &#8211; LTD<br \/>\n99 \u2013 Kokifali &#8211; MCD<br \/>\n13 &#8211;\u00a0 sergired &#8211; MCD<br \/>\n74 &#8211;\u00a0 WikiMbauer74 &#8211; MCD<br \/>\n69 &#8211; Elfenlied69 &#8211; MI<br \/>\n22 &#8211;\u00a0 RoDr1-14 &#8211; MCO<br \/>\n8 &#8211; JvRodenas87 &#8211; MCO<br \/>\n10 &#8211;\u00a0 Mr-GaRrYvO &#8211;\u00a0 MCO<br \/>\n9 &#8211; Crisrendal\u00a0 &#8211; DC<br \/>\n14 &#8211;\u00a0 Agoneypro &#8211; DD<br \/>\n7 &#8211;\u00a0 TYSON_013 \u2013 DI<\/p>\n<p style=\"text-align: justify;\"><strong>Capit\u00e1n:<br \/>\nRafael Jim\u00e9nez Jarque \u00abFali\u00bb<\/strong>, jugador del primer equipo, se suma como capit\u00e1n al equipo del N\u00e0sticeSports PS4 para esta nueva temporada VFO en la modalidad de FIFA 18. Fali se convierte en el primer futbolista profesional en defender el mismo escudo en las dos disciplinas: la real, LaLiga 1|2|3 y como capit\u00e1n, la electr\u00f3nica. Cabe mencionar que el jugador valenciano hace tres temporadas que juega en esta modalidad, mostrando unas grandes habilidades en los mandos de la PS4.<\/p>\n<p style=\"text-align: justify;\"><strong><span style=\"text-decoration: underline;\">N\u00c0STIC eSports XBOX<\/span><\/strong><\/p>\n<p style=\"text-align: justify;\"><strong><img decoding=\"async\" class=\"aligncenter size-full wp-image-133877\" src=\"http:\/\/www.gimnasticdetarragona.cat\/wp-content\/uploads\/2018\/04\/plantilla_xbox_tempora4.png\" alt=\"plantilla_xbox_tempora4\" width=\"1024\" height=\"512\" \/><\/strong>1 &#8211;\u00a0 MarkDarder1979 &#8211; POR<br \/>\n24 &#8211;\u00a0 danys90 &#8211; DFC<br \/>\n84 &#8211;\u00a0 Antzas &#8211; DFC<br \/>\n4 &#8211;\u00a0 blvckpxrcelvin &#8211; DFC<br \/>\n19 &#8211;\u00a0 l wakka88 l &#8211; LI<br \/>\n23 &#8211;\u00a0 PaasCuaaL &#8211; LD<br \/>\n12 &#8211; Fundead ESP &#8211; LD<br \/>\n94 &#8211;\u00a0 pedromoreno1994 &#8211; MDC<br \/>\n5 &#8211;\u00a0 tophis &#8211; MDC<br \/>\n29 &#8211;\u00a0 ZzZz JONA zZzZ &#8211; MDC<br \/>\n6 &#8211;\u00a0 POROPOPERO &#8211; MDC<br \/>\n7 &#8211;\u00a0 dani9210 &#8211; MC<br \/>\n20 &#8211;\u00a0 MrJuanitus -MCO<br \/>\n10 &#8211;\u00a0 Supergigio -MCO<br \/>\n11 &#8211;\u00a0 El Gran Mago11 &#8211; DC<br \/>\n9 &#8211;\u00a0 Ewiki \u2013 DC<\/p>\n<p style=\"text-align: justify;\"><strong>Capitanes:<br \/>\n<\/strong>En XBOX tenemos dos nuevos capitanes.\u00a0 Nuestro anterior capit\u00e1n, Ferran Chica, pasa a la plataforma de PS4 donde jugar\u00e1 en la posici\u00f3n de MCD acompa\u00f1ando a Fali. Se ponen al mando del equipo de la plataforma verde los dos medio centros ofensivos, <strong>Supergigio<\/strong> y <strong>MrJuanitus<\/strong>.<\/p>\n<p style=\"text-align: justify;\"><strong><span style=\"text-decoration: underline;\">N\u00c0STIC eSports PC<\/span><\/strong><\/p>\n<p style=\"text-align: justify;\"><strong><img decoding=\"async\" class=\"aligncenter size-full wp-image-133879\" src=\"http:\/\/www.gimnasticdetarragona.cat\/wp-content\/uploads\/2018\/04\/plantillapC_tempora4.png\" alt=\"plantillapC_tempora4\" width=\"1024\" height=\"512\" \/><\/strong>1 \u2013 \u00a0Ikerino98TF\u00a0 \u2013 POR<br \/>\n5 \u2013 Jordi_Malix \u2013 LI<br \/>\n4 \u2013 Bilbo_DFC \u2013 DFC<br \/>\n33 \u2013 bewareOrz\u2013 DFC<br \/>\n99 \u2013 NAS-Mamo \u2013 LD<br \/>\n6 \u2013 bananorz6 \u2013 MCD<br \/>\n17 \u2013 Vfalcon-81- MCD<br \/>\n3 \u2013 Belcepelos \u2013 MCD<br \/>\n23 \u2013 Hilera \u2013 MC<br \/>\n7 \u2013 Pippel_bcn \u2013 MC<br \/>\n22 \u2013 Moyano_n22 \u2013 MVI<br \/>\n10\u2013 jesulau \u2013 MCO<br \/>\n11 \u2013\u00a0 _Makyz_JR_ \u2013 DC<br \/>\n9 \u2013 Susumakusu \u2013 DC<br \/>\n19 \u2013 GuillemC9 \u2013 DC<\/p>\n<p style=\"text-align: justify;\"><strong>Capit\u00e1n:<br \/>\n<\/strong><strong>Jordi Valls Sol\u00e9 \u201cMalix\u201d <\/strong>es de Gandesa y<strong>\u00a0<\/strong>vuelve a ser el capit\u00e1n del N\u00e0sticeSports para PC. Capit\u00e1n y fundador de ZombiesParty, uno de los clubes m\u00e1s veteranos en la plataforma. Se ha mantenido en 1\u00aa Divisi\u00f3n muchos a\u00f1os, incluso se ha clasificado para competiciones europeas. Lleva 19 temporadas compitiendo, todas ellas de capit\u00e1n.<\/p>\n","protected":false},"excerpt":{"rendered":"<p>El N\u00e0stic seguir\u00e1, una temporada m\u00e1s, en la Liga Virtual Football Organization (VFO) con el formato 11 contra 11 de Clubes Pro de Fifa 18, donde es uno de los equipos reales pioneros en los deportes electr\u00f3nicos (eSports).<\/p>\n","protected":false},"author":1,"featured_media":56297,"comment_status":"open","ping_status":"open","sticky":false,"template":"","format":"standard","meta":{"_acf_changed":false,"footnotes":""},"categories":[113,142,121],"tags":[],"class_list":["post-56300","post","type-post","status-publish","format-standard","has-post-thumbnail","hentry","category-actualidad","category-esports-1","category-home"],"acf":[],"yoast_head":"<!-- This site is optimized with the Yoast SEO plugin v27.3 - https:\/\/yoast.com\/product\/yoast-seo-wordpress\/ -->\n<title>El N\u00e0stic eSports empieza la cuarta temporada en la VFO - Gimn\u00e0stic de Tarragona SAD<\/title>\n<meta name=\"robots\" content=\"index, follow, max-snippet:-1, max-image-preview:large, max-video-preview:-1\" \/>\n<link rel=\"canonical\" href=\"https:\/\/gimnasticdetarragona.cat\/es\/el-nasticesports-empieza-la-cuarta-temporada-en-la-vfo\/\" \/>\n<meta property=\"og:locale\" content=\"es_ES\" \/>\n<meta property=\"og:type\" content=\"article\" \/>\n<meta property=\"og:title\" content=\"El N\u00e0stic eSports empieza la cuarta temporada en la VFO - Gimn\u00e0stic de Tarragona SAD\" \/>\n<meta property=\"og:description\" content=\"El N\u00e0stic seguir\u00e1, una temporada m\u00e1s, en la Liga Virtual Football Organization (VFO) con el formato 11 contra 11 de Clubes Pro de Fifa 18, donde es uno de los equipos reales pioneros en los deportes electr\u00f3nicos (eSports).\" \/>\n<meta property=\"og:url\" content=\"https:\/\/gimnasticdetarragona.cat\/es\/el-nasticesports-empieza-la-cuarta-temporada-en-la-vfo\/\" \/>\n<meta property=\"og:site_name\" content=\"Gimn\u00e0stic de Tarragona SAD\" \/>\n<meta property=\"article:published_time\" content=\"2018-04-09T17:03:39+00:00\" \/>\n<meta property=\"og:image\" content=\"https:\/\/gimnasticdetarragona.cat\/wp-content\/uploads\/2022\/06\/06000833133876.jpg\" \/>\n\t<meta property=\"og:image:width\" content=\"660\" \/>\n\t<meta property=\"og:image:height\" content=\"323\" \/>\n\t<meta property=\"og:image:type\" content=\"image\/jpeg\" \/>\n<meta name=\"author\" content=\"desarrollo\" \/>\n<meta name=\"twitter:card\" content=\"summary_large_image\" \/>\n<meta name=\"twitter:creator\" content=\"@NASTICTARRAGONA\" \/>\n<meta name=\"twitter:site\" content=\"@NASTICTARRAGONA\" \/>\n<meta name=\"twitter:label1\" content=\"Escrito por\" \/>\n\t<meta name=\"twitter:data1\" content=\"desarrollo\" \/>\n\t<meta name=\"twitter:label2\" content=\"Tiempo de lectura\" \/>\n\t<meta name=\"twitter:data2\" content=\"3 minutos\" \/>\n<script type=\"application\/ld+json\" class=\"yoast-schema-graph\">{\"@context\":\"https:\\\/\\\/schema.org\",\"@graph\":[{\"@type\":\"Article\",\"@id\":\"https:\\\/\\\/gimnasticdetarragona.cat\\\/es\\\/el-nasticesports-empieza-la-cuarta-temporada-en-la-vfo\\\/#article\",\"isPartOf\":{\"@id\":\"https:\\\/\\\/gimnasticdetarragona.cat\\\/es\\\/el-nasticesports-empieza-la-cuarta-temporada-en-la-vfo\\\/\"},\"author\":{\"name\":\"desarrollo\",\"@id\":\"https:\\\/\\\/gimnasticdetarragona.cat\\\/es\\\/#\\\/schema\\\/person\\\/47b6a637abf88f9bd835540f20ea069e\"},\"headline\":\"El N\u00e0stic eSports empieza la cuarta temporada en la VFO\",\"datePublished\":\"2018-04-09T17:03:39+00:00\",\"mainEntityOfPage\":{\"@id\":\"https:\\\/\\\/gimnasticdetarragona.cat\\\/es\\\/el-nasticesports-empieza-la-cuarta-temporada-en-la-vfo\\\/\"},\"wordCount\":552,\"commentCount\":0,\"publisher\":{\"@id\":\"https:\\\/\\\/gimnasticdetarragona.cat\\\/es\\\/#organization\"},\"image\":{\"@id\":\"https:\\\/\\\/gimnasticdetarragona.cat\\\/es\\\/el-nasticesports-empieza-la-cuarta-temporada-en-la-vfo\\\/#primaryimage\"},\"thumbnailUrl\":\"https:\\\/\\\/gimnasticdetarragona.cat\\\/wp-content\\\/uploads\\\/2022\\\/06\\\/06000833133876.jpg\",\"articleSection\":[\"Actualidad\",\"eSports\",\"Home\"],\"inLanguage\":\"es\"},{\"@type\":\"WebPage\",\"@id\":\"https:\\\/\\\/gimnasticdetarragona.cat\\\/es\\\/el-nasticesports-empieza-la-cuarta-temporada-en-la-vfo\\\/\",\"url\":\"https:\\\/\\\/gimnasticdetarragona.cat\\\/es\\\/el-nasticesports-empieza-la-cuarta-temporada-en-la-vfo\\\/\",\"name\":\"El N\u00e0stic eSports empieza la cuarta temporada en la VFO - Gimn\u00e0stic de Tarragona SAD\",\"isPartOf\":{\"@id\":\"https:\\\/\\\/gimnasticdetarragona.cat\\\/es\\\/#website\"},\"primaryImageOfPage\":{\"@id\":\"https:\\\/\\\/gimnasticdetarragona.cat\\\/es\\\/el-nasticesports-empieza-la-cuarta-temporada-en-la-vfo\\\/#primaryimage\"},\"image\":{\"@id\":\"https:\\\/\\\/gimnasticdetarragona.cat\\\/es\\\/el-nasticesports-empieza-la-cuarta-temporada-en-la-vfo\\\/#primaryimage\"},\"thumbnailUrl\":\"https:\\\/\\\/gimnasticdetarragona.cat\\\/wp-content\\\/uploads\\\/2022\\\/06\\\/06000833133876.jpg\",\"datePublished\":\"2018-04-09T17:03:39+00:00\",\"breadcrumb\":{\"@id\":\"https:\\\/\\\/gimnasticdetarragona.cat\\\/es\\\/el-nasticesports-empieza-la-cuarta-temporada-en-la-vfo\\\/#breadcrumb\"},\"inLanguage\":\"es\",\"potentialAction\":[{\"@type\":\"ReadAction\",\"target\":[\"https:\\\/\\\/gimnasticdetarragona.cat\\\/es\\\/el-nasticesports-empieza-la-cuarta-temporada-en-la-vfo\\\/\"]}]},{\"@type\":\"ImageObject\",\"inLanguage\":\"es\",\"@id\":\"https:\\\/\\\/gimnasticdetarragona.cat\\\/es\\\/el-nasticesports-empieza-la-cuarta-temporada-en-la-vfo\\\/#primaryimage\",\"url\":\"https:\\\/\\\/gimnasticdetarragona.cat\\\/wp-content\\\/uploads\\\/2022\\\/06\\\/06000833133876.jpg\",\"contentUrl\":\"https:\\\/\\\/gimnasticdetarragona.cat\\\/wp-content\\\/uploads\\\/2022\\\/06\\\/06000833133876.jpg\",\"width\":660,\"height\":323},{\"@type\":\"BreadcrumbList\",\"@id\":\"https:\\\/\\\/gimnasticdetarragona.cat\\\/es\\\/el-nasticesports-empieza-la-cuarta-temporada-en-la-vfo\\\/#breadcrumb\",\"itemListElement\":[{\"@type\":\"ListItem\",\"position\":1,\"name\":\"Inici\",\"item\":\"https:\\\/\\\/gimnasticdetarragona.cat\\\/es\\\/nastic\\\/\"},{\"@type\":\"ListItem\",\"position\":2,\"name\":\"El N\u00e0stic eSports empieza la cuarta temporada en la VFO\"}]},{\"@type\":\"WebSite\",\"@id\":\"https:\\\/\\\/gimnasticdetarragona.cat\\\/es\\\/#website\",\"url\":\"https:\\\/\\\/gimnasticdetarragona.cat\\\/es\\\/\",\"name\":\"Gimn\u00e0stic de Tarragona SAD\",\"description\":\"Gimn\u00e0stic de Tarragona\",\"publisher\":{\"@id\":\"https:\\\/\\\/gimnasticdetarragona.cat\\\/es\\\/#organization\"},\"potentialAction\":[{\"@type\":\"SearchAction\",\"target\":{\"@type\":\"EntryPoint\",\"urlTemplate\":\"https:\\\/\\\/gimnasticdetarragona.cat\\\/es\\\/?s={search_term_string}\"},\"query-input\":{\"@type\":\"PropertyValueSpecification\",\"valueRequired\":true,\"valueName\":\"search_term_string\"}}],\"inLanguage\":\"es\"},{\"@type\":\"Organization\",\"@id\":\"https:\\\/\\\/gimnasticdetarragona.cat\\\/es\\\/#organization\",\"name\":\"GIMN\u00c0STIC DE TARRAGONA\",\"alternateName\":\"N\u00c0STIC\",\"url\":\"https:\\\/\\\/gimnasticdetarragona.cat\\\/es\\\/\",\"logo\":{\"@type\":\"ImageObject\",\"inLanguage\":\"es\",\"@id\":\"https:\\\/\\\/gimnasticdetarragona.cat\\\/es\\\/#\\\/schema\\\/logo\\\/image\\\/\",\"url\":\"https:\\\/\\\/gimnasticdetarragona.cat\\\/wp-content\\\/uploads\\\/2022\\\/06\\\/cropped-logo-gimnastic.png\",\"contentUrl\":\"https:\\\/\\\/gimnasticdetarragona.cat\\\/wp-content\\\/uploads\\\/2022\\\/06\\\/cropped-logo-gimnastic.png\",\"width\":224,\"height\":83,\"caption\":\"GIMN\u00c0STIC DE TARRAGONA\"},\"image\":{\"@id\":\"https:\\\/\\\/gimnasticdetarragona.cat\\\/es\\\/#\\\/schema\\\/logo\\\/image\\\/\"},\"sameAs\":[\"https:\\\/\\\/x.com\\\/NASTICTARRAGONA\",\"https:\\\/\\\/www.instagram.com\\\/nastictarragona\\\/\"]},{\"@type\":\"Person\",\"@id\":\"https:\\\/\\\/gimnasticdetarragona.cat\\\/es\\\/#\\\/schema\\\/person\\\/47b6a637abf88f9bd835540f20ea069e\",\"name\":\"desarrollo\",\"sameAs\":[\"https:\\\/\\\/clone.gimnasticdetarragona.cat\"]}]}<\/script>\n<!-- \/ Yoast SEO plugin. -->","yoast_head_json":{"title":"El N\u00e0stic eSports empieza la cuarta temporada en la VFO - Gimn\u00e0stic de Tarragona SAD","robots":{"index":"index","follow":"follow","max-snippet":"max-snippet:-1","max-image-preview":"max-image-preview:large","max-video-preview":"max-video-preview:-1"},"canonical":"https:\/\/gimnasticdetarragona.cat\/es\/el-nasticesports-empieza-la-cuarta-temporada-en-la-vfo\/","og_locale":"es_ES","og_type":"article","og_title":"El N\u00e0stic eSports empieza la cuarta temporada en la VFO - Gimn\u00e0stic de Tarragona SAD","og_description":"El N\u00e0stic seguir\u00e1, una temporada m\u00e1s, en la Liga Virtual Football Organization (VFO) con el formato 11 contra 11 de Clubes Pro de Fifa 18, donde es uno de los equipos reales pioneros en los deportes electr\u00f3nicos (eSports).","og_url":"https:\/\/gimnasticdetarragona.cat\/es\/el-nasticesports-empieza-la-cuarta-temporada-en-la-vfo\/","og_site_name":"Gimn\u00e0stic de Tarragona SAD","article_published_time":"2018-04-09T17:03:39+00:00","og_image":[{"width":660,"height":323,"url":"https:\/\/gimnasticdetarragona.cat\/wp-content\/uploads\/2022\/06\/06000833133876.jpg","type":"image\/jpeg"}],"author":"desarrollo","twitter_card":"summary_large_image","twitter_creator":"@NASTICTARRAGONA","twitter_site":"@NASTICTARRAGONA","twitter_misc":{"Escrito por":"desarrollo","Tiempo de lectura":"3 minutos"},"schema":{"@context":"https:\/\/schema.org","@graph":[{"@type":"Article","@id":"https:\/\/gimnasticdetarragona.cat\/es\/el-nasticesports-empieza-la-cuarta-temporada-en-la-vfo\/#article","isPartOf":{"@id":"https:\/\/gimnasticdetarragona.cat\/es\/el-nasticesports-empieza-la-cuarta-temporada-en-la-vfo\/"},"author":{"name":"desarrollo","@id":"https:\/\/gimnasticdetarragona.cat\/es\/#\/schema\/person\/47b6a637abf88f9bd835540f20ea069e"},"headline":"El N\u00e0stic eSports empieza la cuarta temporada en la VFO","datePublished":"2018-04-09T17:03:39+00:00","mainEntityOfPage":{"@id":"https:\/\/gimnasticdetarragona.cat\/es\/el-nasticesports-empieza-la-cuarta-temporada-en-la-vfo\/"},"wordCount":552,"commentCount":0,"publisher":{"@id":"https:\/\/gimnasticdetarragona.cat\/es\/#organization"},"image":{"@id":"https:\/\/gimnasticdetarragona.cat\/es\/el-nasticesports-empieza-la-cuarta-temporada-en-la-vfo\/#primaryimage"},"thumbnailUrl":"https:\/\/gimnasticdetarragona.cat\/wp-content\/uploads\/2022\/06\/06000833133876.jpg","articleSection":["Actualidad","eSports","Home"],"inLanguage":"es"},{"@type":"WebPage","@id":"https:\/\/gimnasticdetarragona.cat\/es\/el-nasticesports-empieza-la-cuarta-temporada-en-la-vfo\/","url":"https:\/\/gimnasticdetarragona.cat\/es\/el-nasticesports-empieza-la-cuarta-temporada-en-la-vfo\/","name":"El N\u00e0stic eSports empieza la cuarta temporada en la VFO - Gimn\u00e0stic de Tarragona SAD","isPartOf":{"@id":"https:\/\/gimnasticdetarragona.cat\/es\/#website"},"primaryImageOfPage":{"@id":"https:\/\/gimnasticdetarragona.cat\/es\/el-nasticesports-empieza-la-cuarta-temporada-en-la-vfo\/#primaryimage"},"image":{"@id":"https:\/\/gimnasticdetarragona.cat\/es\/el-nasticesports-empieza-la-cuarta-temporada-en-la-vfo\/#primaryimage"},"thumbnailUrl":"https:\/\/gimnasticdetarragona.cat\/wp-content\/uploads\/2022\/06\/06000833133876.jpg","datePublished":"2018-04-09T17:03:39+00:00","breadcrumb":{"@id":"https:\/\/gimnasticdetarragona.cat\/es\/el-nasticesports-empieza-la-cuarta-temporada-en-la-vfo\/#breadcrumb"},"inLanguage":"es","potentialAction":[{"@type":"ReadAction","target":["https:\/\/gimnasticdetarragona.cat\/es\/el-nasticesports-empieza-la-cuarta-temporada-en-la-vfo\/"]}]},{"@type":"ImageObject","inLanguage":"es","@id":"https:\/\/gimnasticdetarragona.cat\/es\/el-nasticesports-empieza-la-cuarta-temporada-en-la-vfo\/#primaryimage","url":"https:\/\/gimnasticdetarragona.cat\/wp-content\/uploads\/2022\/06\/06000833133876.jpg","contentUrl":"https:\/\/gimnasticdetarragona.cat\/wp-content\/uploads\/2022\/06\/06000833133876.jpg","width":660,"height":323},{"@type":"BreadcrumbList","@id":"https:\/\/gimnasticdetarragona.cat\/es\/el-nasticesports-empieza-la-cuarta-temporada-en-la-vfo\/#breadcrumb","itemListElement":[{"@type":"ListItem","position":1,"name":"Inici","item":"https:\/\/gimnasticdetarragona.cat\/es\/nastic\/"},{"@type":"ListItem","position":2,"name":"El N\u00e0stic eSports empieza la cuarta temporada en la VFO"}]},{"@type":"WebSite","@id":"https:\/\/gimnasticdetarragona.cat\/es\/#website","url":"https:\/\/gimnasticdetarragona.cat\/es\/","name":"Gimn\u00e0stic de Tarragona SAD","description":"Gimn\u00e0stic de Tarragona","publisher":{"@id":"https:\/\/gimnasticdetarragona.cat\/es\/#organization"},"potentialAction":[{"@type":"SearchAction","target":{"@type":"EntryPoint","urlTemplate":"https:\/\/gimnasticdetarragona.cat\/es\/?s={search_term_string}"},"query-input":{"@type":"PropertyValueSpecification","valueRequired":true,"valueName":"search_term_string"}}],"inLanguage":"es"},{"@type":"Organization","@id":"https:\/\/gimnasticdetarragona.cat\/es\/#organization","name":"GIMN\u00c0STIC DE TARRAGONA","alternateName":"N\u00c0STIC","url":"https:\/\/gimnasticdetarragona.cat\/es\/","logo":{"@type":"ImageObject","inLanguage":"es","@id":"https:\/\/gimnasticdetarragona.cat\/es\/#\/schema\/logo\/image\/","url":"https:\/\/gimnasticdetarragona.cat\/wp-content\/uploads\/2022\/06\/cropped-logo-gimnastic.png","contentUrl":"https:\/\/gimnasticdetarragona.cat\/wp-content\/uploads\/2022\/06\/cropped-logo-gimnastic.png","width":224,"height":83,"caption":"GIMN\u00c0STIC DE TARRAGONA"},"image":{"@id":"https:\/\/gimnasticdetarragona.cat\/es\/#\/schema\/logo\/image\/"},"sameAs":["https:\/\/x.com\/NASTICTARRAGONA","https:\/\/www.instagram.com\/nastictarragona\/"]},{"@type":"Person","@id":"https:\/\/gimnasticdetarragona.cat\/es\/#\/schema\/person\/47b6a637abf88f9bd835540f20ea069e","name":"desarrollo","sameAs":["https:\/\/clone.gimnasticdetarragona.cat"]}]}},"_links":{"self":[{"href":"https:\/\/gimnasticdetarragona.cat\/es\/wp-json\/wp\/v2\/posts\/56300","targetHints":{"allow":["GET"]}}],"collection":[{"href":"https:\/\/gimnasticdetarragona.cat\/es\/wp-json\/wp\/v2\/posts"}],"about":[{"href":"https:\/\/gimnasticdetarragona.cat\/es\/wp-json\/wp\/v2\/types\/post"}],"author":[{"embeddable":true,"href":"https:\/\/gimnasticdetarragona.cat\/es\/wp-json\/wp\/v2\/users\/1"}],"replies":[{"embeddable":true,"href":"https:\/\/gimnasticdetarragona.cat\/es\/wp-json\/wp\/v2\/comments?post=56300"}],"version-history":[{"count":0,"href":"https:\/\/gimnasticdetarragona.cat\/es\/wp-json\/wp\/v2\/posts\/56300\/revisions"}],"wp:featuredmedia":[{"embeddable":true,"href":"https:\/\/gimnasticdetarragona.cat\/es\/wp-json\/wp\/v2\/media\/56297"}],"wp:attachment":[{"href":"https:\/\/gimnasticdetarragona.cat\/es\/wp-json\/wp\/v2\/media?parent=56300"}],"wp:term":[{"taxonomy":"category","embeddable":true,"href":"https:\/\/gimnasticdetarragona.cat\/es\/wp-json\/wp\/v2\/categories?post=56300"},{"taxonomy":"post_tag","embeddable":true,"href":"https:\/\/gimnasticdetarragona.cat\/es\/wp-json\/wp\/v2\/tags?post=56300"}],"curies":[{"name":"wp","href":"https:\/\/api.w.org\/{rel}","templated":true}]}}