{"id":56428,"date":"2018-03-21T12:27:55","date_gmt":"2018-03-21T12:27:55","guid":{"rendered":"https:\/\/clone.gimnasticdetarragona.cat\/nastic-genuine-se-prepara-para-la-tercera-fase-de-laliga-genuine-de-mallorca\/"},"modified":"2018-03-21T12:27:55","modified_gmt":"2018-03-21T12:27:55","slug":"nastic-genuine-se-prepara-para-la-tercera-fase-de-laliga-genuine-de-mallorca","status":"publish","type":"post","link":"https:\/\/gimnasticdetarragona.cat\/es\/nastic-genuine-se-prepara-para-la-tercera-fase-de-laliga-genuine-de-mallorca\/","title":{"rendered":"N\u00e0stic Genuine se prepara para la tercera fase de LaLiga Genuine de Mallorca"},"content":{"rendered":"<p id=\"tw-target-text\" class=\"tw-data-text tw-ta tw-text-small\" dir=\"ltr\" style=\"text-align: justify;\" data-placeholder=\"Traducci&oacute;\"><span lang=\"es\">Los lunes por la tarde, a partir de las 17.30 horas, los jugadores del N&agrave;stic Genuine ocupan el anexo de c&eacute;sped artificial del Nou Estadi para hacer su sesi&oacute;n semanal de entrenamiento bajo las &oacute;rdenes del entrenador, Rafael Magriny&agrave;, y los sus colaboradores. <\/span><\/p>\n<p class=\"tw-data-text tw-ta tw-text-small\" dir=\"ltr\" style=\"text-align: justify;\" data-placeholder=\"Traducci&oacute;\"><span lang=\"es\">Ahora, el trabajo se centra preparar dos competiciones: el MIC Integra que se juega en Vidreres viernes 31 de marzo y la tercera fase de #LaLigaGenuine, que se juega en Mallorca del 13 al 15 de abril. Despu&eacute;s de las dos primeras fases de la competici&oacute;n jugadas en Villarreal y Tarragona, el N&agrave;stic Genuine est&aacute; entre los mejores en la clasificaci&oacute;n de fair-play y a media tabla en la clasificaci&oacute;n deportiva. <\/span><\/p>\n<p class=\"tw-data-text tw-ta tw-text-small\" dir=\"ltr\" style=\"text-align: justify;\" data-placeholder=\"Traducci&oacute;\"><span lang=\"es\">Son un ejemplo y un orgullo para nosotros! <\/span><\/p>\n<p class=\"tw-data-text tw-ta tw-text-small\" dir=\"ltr\" style=\"text-align: justify;\" data-placeholder=\"Traducci&oacute;\"><span lang=\"es\">#DiaMundialdelS&iacute;ndromedeDown.<\/span><\/p>\n","protected":false},"excerpt":{"rendered":"<p>Los lunes por la tarde, a partir de las 17.30 horas, los jugadores del N\u00e0stic Genuine ocupan el anexo de c\u00e9sped artificial del Nou Estadi para hacer su sesi\u00f3n semanal de entrenamiento bajo las \u00f3rdenes del entrenador, Rafael Magriny\u00e0, y los sus colaboradores. <\/p>\n","protected":false},"author":1,"featured_media":56425,"comment_status":"open","ping_status":"open","sticky":false,"template":"","format":"standard","meta":{"_acf_changed":false,"footnotes":""},"categories":[113,119,121],"tags":[],"class_list":["post-56428","post","type-post","status-publish","format-standard","has-post-thumbnail","hentry","category-actualidad","category-genuine-1","category-home"],"acf":[],"yoast_head":"<!-- This site is optimized with the Yoast SEO plugin v27.3 - https:\/\/yoast.com\/product\/yoast-seo-wordpress\/ -->\n<title>N\u00e0stic Genuine se prepara para la tercera fase de LaLiga Genuine de Mallorca - Gimn\u00e0stic de Tarragona SAD<\/title>\n<meta name=\"robots\" content=\"index, follow, max-snippet:-1, max-image-preview:large, max-video-preview:-1\" \/>\n<link rel=\"canonical\" href=\"https:\/\/gimnasticdetarragona.cat\/es\/nastic-genuine-se-prepara-para-la-tercera-fase-de-laliga-genuine-de-mallorca\/\" \/>\n<meta property=\"og:locale\" content=\"es_ES\" \/>\n<meta property=\"og:type\" content=\"article\" \/>\n<meta property=\"og:title\" content=\"N\u00e0stic Genuine se prepara para la tercera fase de LaLiga Genuine de Mallorca - Gimn\u00e0stic de Tarragona SAD\" \/>\n<meta property=\"og:description\" content=\"Los lunes por la tarde, a partir de las 17.30 horas, los jugadores del N\u00e0stic Genuine ocupan el anexo de c\u00e9sped artificial del Nou Estadi para hacer su sesi\u00f3n semanal de entrenamiento bajo las \u00f3rdenes del entrenador, Rafael Magriny\u00e0, y los sus colaboradores.\" \/>\n<meta property=\"og:url\" content=\"https:\/\/gimnasticdetarragona.cat\/es\/nastic-genuine-se-prepara-para-la-tercera-fase-de-laliga-genuine-de-mallorca\/\" \/>\n<meta property=\"og:site_name\" content=\"Gimn\u00e0stic de Tarragona SAD\" \/>\n<meta property=\"article:published_time\" content=\"2018-03-21T12:27:55+00:00\" \/>\n<meta property=\"og:image\" content=\"https:\/\/gimnasticdetarragona.cat\/wp-content\/uploads\/2022\/06\/06000756133496.png\" \/>\n\t<meta property=\"og:image:width\" content=\"835\" \/>\n\t<meta property=\"og:image:height\" content=\"429\" \/>\n\t<meta property=\"og:image:type\" content=\"image\/png\" \/>\n<meta name=\"author\" content=\"desarrollo\" \/>\n<meta name=\"twitter:card\" content=\"summary_large_image\" \/>\n<meta name=\"twitter:creator\" content=\"@NASTICTARRAGONA\" \/>\n<meta name=\"twitter:site\" content=\"@NASTICTARRAGONA\" \/>\n<meta name=\"twitter:label1\" content=\"Escrito por\" \/>\n\t<meta name=\"twitter:data1\" content=\"desarrollo\" \/>\n\t<meta name=\"twitter:label2\" content=\"Tiempo de lectura\" \/>\n\t<meta name=\"twitter:data2\" content=\"1 minuto\" \/>\n<script type=\"application\/ld+json\" class=\"yoast-schema-graph\">{\"@context\":\"https:\\\/\\\/schema.org\",\"@graph\":[{\"@type\":\"Article\",\"@id\":\"https:\\\/\\\/gimnasticdetarragona.cat\\\/es\\\/nastic-genuine-se-prepara-para-la-tercera-fase-de-laliga-genuine-de-mallorca\\\/#article\",\"isPartOf\":{\"@id\":\"https:\\\/\\\/gimnasticdetarragona.cat\\\/es\\\/nastic-genuine-se-prepara-para-la-tercera-fase-de-laliga-genuine-de-mallorca\\\/\"},\"author\":{\"name\":\"desarrollo\",\"@id\":\"https:\\\/\\\/gimnasticdetarragona.cat\\\/es\\\/#\\\/schema\\\/person\\\/47b6a637abf88f9bd835540f20ea069e\"},\"headline\":\"N\u00e0stic Genuine se prepara para la tercera fase de LaLiga Genuine de Mallorca\",\"datePublished\":\"2018-03-21T12:27:55+00:00\",\"mainEntityOfPage\":{\"@id\":\"https:\\\/\\\/gimnasticdetarragona.cat\\\/es\\\/nastic-genuine-se-prepara-para-la-tercera-fase-de-laliga-genuine-de-mallorca\\\/\"},\"wordCount\":154,\"commentCount\":0,\"publisher\":{\"@id\":\"https:\\\/\\\/gimnasticdetarragona.cat\\\/es\\\/#organization\"},\"image\":{\"@id\":\"https:\\\/\\\/gimnasticdetarragona.cat\\\/es\\\/nastic-genuine-se-prepara-para-la-tercera-fase-de-laliga-genuine-de-mallorca\\\/#primaryimage\"},\"thumbnailUrl\":\"https:\\\/\\\/gimnasticdetarragona.cat\\\/wp-content\\\/uploads\\\/2022\\\/06\\\/06000756133496.png\",\"articleSection\":[\"Actualidad\",\"Genuine\",\"Home\"],\"inLanguage\":\"es\"},{\"@type\":\"WebPage\",\"@id\":\"https:\\\/\\\/gimnasticdetarragona.cat\\\/es\\\/nastic-genuine-se-prepara-para-la-tercera-fase-de-laliga-genuine-de-mallorca\\\/\",\"url\":\"https:\\\/\\\/gimnasticdetarragona.cat\\\/es\\\/nastic-genuine-se-prepara-para-la-tercera-fase-de-laliga-genuine-de-mallorca\\\/\",\"name\":\"N\u00e0stic Genuine se prepara para la tercera fase de LaLiga Genuine de Mallorca - Gimn\u00e0stic de Tarragona SAD\",\"isPartOf\":{\"@id\":\"https:\\\/\\\/gimnasticdetarragona.cat\\\/es\\\/#website\"},\"primaryImageOfPage\":{\"@id\":\"https:\\\/\\\/gimnasticdetarragona.cat\\\/es\\\/nastic-genuine-se-prepara-para-la-tercera-fase-de-laliga-genuine-de-mallorca\\\/#primaryimage\"},\"image\":{\"@id\":\"https:\\\/\\\/gimnasticdetarragona.cat\\\/es\\\/nastic-genuine-se-prepara-para-la-tercera-fase-de-laliga-genuine-de-mallorca\\\/#primaryimage\"},\"thumbnailUrl\":\"https:\\\/\\\/gimnasticdetarragona.cat\\\/wp-content\\\/uploads\\\/2022\\\/06\\\/06000756133496.png\",\"datePublished\":\"2018-03-21T12:27:55+00:00\",\"breadcrumb\":{\"@id\":\"https:\\\/\\\/gimnasticdetarragona.cat\\\/es\\\/nastic-genuine-se-prepara-para-la-tercera-fase-de-laliga-genuine-de-mallorca\\\/#breadcrumb\"},\"inLanguage\":\"es\",\"potentialAction\":[{\"@type\":\"ReadAction\",\"target\":[\"https:\\\/\\\/gimnasticdetarragona.cat\\\/es\\\/nastic-genuine-se-prepara-para-la-tercera-fase-de-laliga-genuine-de-mallorca\\\/\"]}]},{\"@type\":\"ImageObject\",\"inLanguage\":\"es\",\"@id\":\"https:\\\/\\\/gimnasticdetarragona.cat\\\/es\\\/nastic-genuine-se-prepara-para-la-tercera-fase-de-laliga-genuine-de-mallorca\\\/#primaryimage\",\"url\":\"https:\\\/\\\/gimnasticdetarragona.cat\\\/wp-content\\\/uploads\\\/2022\\\/06\\\/06000756133496.png\",\"contentUrl\":\"https:\\\/\\\/gimnasticdetarragona.cat\\\/wp-content\\\/uploads\\\/2022\\\/06\\\/06000756133496.png\",\"width\":835,\"height\":429},{\"@type\":\"BreadcrumbList\",\"@id\":\"https:\\\/\\\/gimnasticdetarragona.cat\\\/es\\\/nastic-genuine-se-prepara-para-la-tercera-fase-de-laliga-genuine-de-mallorca\\\/#breadcrumb\",\"itemListElement\":[{\"@type\":\"ListItem\",\"position\":1,\"name\":\"Inici\",\"item\":\"https:\\\/\\\/gimnasticdetarragona.cat\\\/es\\\/nastic\\\/\"},{\"@type\":\"ListItem\",\"position\":2,\"name\":\"N\u00e0stic Genuine se prepara para la tercera fase de LaLiga Genuine de Mallorca\"}]},{\"@type\":\"WebSite\",\"@id\":\"https:\\\/\\\/gimnasticdetarragona.cat\\\/es\\\/#website\",\"url\":\"https:\\\/\\\/gimnasticdetarragona.cat\\\/es\\\/\",\"name\":\"Gimn\u00e0stic de Tarragona SAD\",\"description\":\"Gimn\u00e0stic de Tarragona\",\"publisher\":{\"@id\":\"https:\\\/\\\/gimnasticdetarragona.cat\\\/es\\\/#organization\"},\"potentialAction\":[{\"@type\":\"SearchAction\",\"target\":{\"@type\":\"EntryPoint\",\"urlTemplate\":\"https:\\\/\\\/gimnasticdetarragona.cat\\\/es\\\/?s={search_term_string}\"},\"query-input\":{\"@type\":\"PropertyValueSpecification\",\"valueRequired\":true,\"valueName\":\"search_term_string\"}}],\"inLanguage\":\"es\"},{\"@type\":\"Organization\",\"@id\":\"https:\\\/\\\/gimnasticdetarragona.cat\\\/es\\\/#organization\",\"name\":\"GIMN\u00c0STIC DE TARRAGONA\",\"alternateName\":\"N\u00c0STIC\",\"url\":\"https:\\\/\\\/gimnasticdetarragona.cat\\\/es\\\/\",\"logo\":{\"@type\":\"ImageObject\",\"inLanguage\":\"es\",\"@id\":\"https:\\\/\\\/gimnasticdetarragona.cat\\\/es\\\/#\\\/schema\\\/logo\\\/image\\\/\",\"url\":\"https:\\\/\\\/gimnasticdetarragona.cat\\\/wp-content\\\/uploads\\\/2022\\\/06\\\/cropped-logo-gimnastic.png\",\"contentUrl\":\"https:\\\/\\\/gimnasticdetarragona.cat\\\/wp-content\\\/uploads\\\/2022\\\/06\\\/cropped-logo-gimnastic.png\",\"width\":224,\"height\":83,\"caption\":\"GIMN\u00c0STIC DE TARRAGONA\"},\"image\":{\"@id\":\"https:\\\/\\\/gimnasticdetarragona.cat\\\/es\\\/#\\\/schema\\\/logo\\\/image\\\/\"},\"sameAs\":[\"https:\\\/\\\/x.com\\\/NASTICTARRAGONA\",\"https:\\\/\\\/www.instagram.com\\\/nastictarragona\\\/\"]},{\"@type\":\"Person\",\"@id\":\"https:\\\/\\\/gimnasticdetarragona.cat\\\/es\\\/#\\\/schema\\\/person\\\/47b6a637abf88f9bd835540f20ea069e\",\"name\":\"desarrollo\",\"sameAs\":[\"https:\\\/\\\/clone.gimnasticdetarragona.cat\"]}]}<\/script>\n<!-- \/ Yoast SEO plugin. -->","yoast_head_json":{"title":"N\u00e0stic Genuine se prepara para la tercera fase de LaLiga Genuine de Mallorca - Gimn\u00e0stic de Tarragona SAD","robots":{"index":"index","follow":"follow","max-snippet":"max-snippet:-1","max-image-preview":"max-image-preview:large","max-video-preview":"max-video-preview:-1"},"canonical":"https:\/\/gimnasticdetarragona.cat\/es\/nastic-genuine-se-prepara-para-la-tercera-fase-de-laliga-genuine-de-mallorca\/","og_locale":"es_ES","og_type":"article","og_title":"N\u00e0stic Genuine se prepara para la tercera fase de LaLiga Genuine de Mallorca - Gimn\u00e0stic de Tarragona SAD","og_description":"Los lunes por la tarde, a partir de las 17.30 horas, los jugadores del N\u00e0stic Genuine ocupan el anexo de c\u00e9sped artificial del Nou Estadi para hacer su sesi\u00f3n semanal de entrenamiento bajo las \u00f3rdenes del entrenador, Rafael Magriny\u00e0, y los sus colaboradores.","og_url":"https:\/\/gimnasticdetarragona.cat\/es\/nastic-genuine-se-prepara-para-la-tercera-fase-de-laliga-genuine-de-mallorca\/","og_site_name":"Gimn\u00e0stic de Tarragona SAD","article_published_time":"2018-03-21T12:27:55+00:00","og_image":[{"width":835,"height":429,"url":"https:\/\/gimnasticdetarragona.cat\/wp-content\/uploads\/2022\/06\/06000756133496.png","type":"image\/png"}],"author":"desarrollo","twitter_card":"summary_large_image","twitter_creator":"@NASTICTARRAGONA","twitter_site":"@NASTICTARRAGONA","twitter_misc":{"Escrito por":"desarrollo","Tiempo de lectura":"1 minuto"},"schema":{"@context":"https:\/\/schema.org","@graph":[{"@type":"Article","@id":"https:\/\/gimnasticdetarragona.cat\/es\/nastic-genuine-se-prepara-para-la-tercera-fase-de-laliga-genuine-de-mallorca\/#article","isPartOf":{"@id":"https:\/\/gimnasticdetarragona.cat\/es\/nastic-genuine-se-prepara-para-la-tercera-fase-de-laliga-genuine-de-mallorca\/"},"author":{"name":"desarrollo","@id":"https:\/\/gimnasticdetarragona.cat\/es\/#\/schema\/person\/47b6a637abf88f9bd835540f20ea069e"},"headline":"N\u00e0stic Genuine se prepara para la tercera fase de LaLiga Genuine de Mallorca","datePublished":"2018-03-21T12:27:55+00:00","mainEntityOfPage":{"@id":"https:\/\/gimnasticdetarragona.cat\/es\/nastic-genuine-se-prepara-para-la-tercera-fase-de-laliga-genuine-de-mallorca\/"},"wordCount":154,"commentCount":0,"publisher":{"@id":"https:\/\/gimnasticdetarragona.cat\/es\/#organization"},"image":{"@id":"https:\/\/gimnasticdetarragona.cat\/es\/nastic-genuine-se-prepara-para-la-tercera-fase-de-laliga-genuine-de-mallorca\/#primaryimage"},"thumbnailUrl":"https:\/\/gimnasticdetarragona.cat\/wp-content\/uploads\/2022\/06\/06000756133496.png","articleSection":["Actualidad","Genuine","Home"],"inLanguage":"es"},{"@type":"WebPage","@id":"https:\/\/gimnasticdetarragona.cat\/es\/nastic-genuine-se-prepara-para-la-tercera-fase-de-laliga-genuine-de-mallorca\/","url":"https:\/\/gimnasticdetarragona.cat\/es\/nastic-genuine-se-prepara-para-la-tercera-fase-de-laliga-genuine-de-mallorca\/","name":"N\u00e0stic Genuine se prepara para la tercera fase de LaLiga Genuine de Mallorca - Gimn\u00e0stic de Tarragona SAD","isPartOf":{"@id":"https:\/\/gimnasticdetarragona.cat\/es\/#website"},"primaryImageOfPage":{"@id":"https:\/\/gimnasticdetarragona.cat\/es\/nastic-genuine-se-prepara-para-la-tercera-fase-de-laliga-genuine-de-mallorca\/#primaryimage"},"image":{"@id":"https:\/\/gimnasticdetarragona.cat\/es\/nastic-genuine-se-prepara-para-la-tercera-fase-de-laliga-genuine-de-mallorca\/#primaryimage"},"thumbnailUrl":"https:\/\/gimnasticdetarragona.cat\/wp-content\/uploads\/2022\/06\/06000756133496.png","datePublished":"2018-03-21T12:27:55+00:00","breadcrumb":{"@id":"https:\/\/gimnasticdetarragona.cat\/es\/nastic-genuine-se-prepara-para-la-tercera-fase-de-laliga-genuine-de-mallorca\/#breadcrumb"},"inLanguage":"es","potentialAction":[{"@type":"ReadAction","target":["https:\/\/gimnasticdetarragona.cat\/es\/nastic-genuine-se-prepara-para-la-tercera-fase-de-laliga-genuine-de-mallorca\/"]}]},{"@type":"ImageObject","inLanguage":"es","@id":"https:\/\/gimnasticdetarragona.cat\/es\/nastic-genuine-se-prepara-para-la-tercera-fase-de-laliga-genuine-de-mallorca\/#primaryimage","url":"https:\/\/gimnasticdetarragona.cat\/wp-content\/uploads\/2022\/06\/06000756133496.png","contentUrl":"https:\/\/gimnasticdetarragona.cat\/wp-content\/uploads\/2022\/06\/06000756133496.png","width":835,"height":429},{"@type":"BreadcrumbList","@id":"https:\/\/gimnasticdetarragona.cat\/es\/nastic-genuine-se-prepara-para-la-tercera-fase-de-laliga-genuine-de-mallorca\/#breadcrumb","itemListElement":[{"@type":"ListItem","position":1,"name":"Inici","item":"https:\/\/gimnasticdetarragona.cat\/es\/nastic\/"},{"@type":"ListItem","position":2,"name":"N\u00e0stic Genuine se prepara para la tercera fase de LaLiga Genuine de Mallorca"}]},{"@type":"WebSite","@id":"https:\/\/gimnasticdetarragona.cat\/es\/#website","url":"https:\/\/gimnasticdetarragona.cat\/es\/","name":"Gimn\u00e0stic de Tarragona SAD","description":"Gimn\u00e0stic de Tarragona","publisher":{"@id":"https:\/\/gimnasticdetarragona.cat\/es\/#organization"},"potentialAction":[{"@type":"SearchAction","target":{"@type":"EntryPoint","urlTemplate":"https:\/\/gimnasticdetarragona.cat\/es\/?s={search_term_string}"},"query-input":{"@type":"PropertyValueSpecification","valueRequired":true,"valueName":"search_term_string"}}],"inLanguage":"es"},{"@type":"Organization","@id":"https:\/\/gimnasticdetarragona.cat\/es\/#organization","name":"GIMN\u00c0STIC DE TARRAGONA","alternateName":"N\u00c0STIC","url":"https:\/\/gimnasticdetarragona.cat\/es\/","logo":{"@type":"ImageObject","inLanguage":"es","@id":"https:\/\/gimnasticdetarragona.cat\/es\/#\/schema\/logo\/image\/","url":"https:\/\/gimnasticdetarragona.cat\/wp-content\/uploads\/2022\/06\/cropped-logo-gimnastic.png","contentUrl":"https:\/\/gimnasticdetarragona.cat\/wp-content\/uploads\/2022\/06\/cropped-logo-gimnastic.png","width":224,"height":83,"caption":"GIMN\u00c0STIC DE TARRAGONA"},"image":{"@id":"https:\/\/gimnasticdetarragona.cat\/es\/#\/schema\/logo\/image\/"},"sameAs":["https:\/\/x.com\/NASTICTARRAGONA","https:\/\/www.instagram.com\/nastictarragona\/"]},{"@type":"Person","@id":"https:\/\/gimnasticdetarragona.cat\/es\/#\/schema\/person\/47b6a637abf88f9bd835540f20ea069e","name":"desarrollo","sameAs":["https:\/\/clone.gimnasticdetarragona.cat"]}]}},"_links":{"self":[{"href":"https:\/\/gimnasticdetarragona.cat\/es\/wp-json\/wp\/v2\/posts\/56428","targetHints":{"allow":["GET"]}}],"collection":[{"href":"https:\/\/gimnasticdetarragona.cat\/es\/wp-json\/wp\/v2\/posts"}],"about":[{"href":"https:\/\/gimnasticdetarragona.cat\/es\/wp-json\/wp\/v2\/types\/post"}],"author":[{"embeddable":true,"href":"https:\/\/gimnasticdetarragona.cat\/es\/wp-json\/wp\/v2\/users\/1"}],"replies":[{"embeddable":true,"href":"https:\/\/gimnasticdetarragona.cat\/es\/wp-json\/wp\/v2\/comments?post=56428"}],"version-history":[{"count":0,"href":"https:\/\/gimnasticdetarragona.cat\/es\/wp-json\/wp\/v2\/posts\/56428\/revisions"}],"wp:featuredmedia":[{"embeddable":true,"href":"https:\/\/gimnasticdetarragona.cat\/es\/wp-json\/wp\/v2\/media\/56425"}],"wp:attachment":[{"href":"https:\/\/gimnasticdetarragona.cat\/es\/wp-json\/wp\/v2\/media?parent=56428"}],"wp:term":[{"taxonomy":"category","embeddable":true,"href":"https:\/\/gimnasticdetarragona.cat\/es\/wp-json\/wp\/v2\/categories?post=56428"},{"taxonomy":"post_tag","embeddable":true,"href":"https:\/\/gimnasticdetarragona.cat\/es\/wp-json\/wp\/v2\/tags?post=56428"}],"curies":[{"name":"wp","href":"https:\/\/api.w.org\/{rel}","templated":true}]}}