{"id":56504,"date":"2018-03-13T16:24:23","date_gmt":"2018-03-13T16:24:23","guid":{"rendered":"https:\/\/clone.gimnasticdetarragona.cat\/fali-nou-capita-e-sports-ps4\/"},"modified":"2018-03-13T16:24:23","modified_gmt":"2018-03-13T16:24:23","slug":"fali-nou-capita-e-sports-ps4","status":"publish","type":"post","link":"https:\/\/gimnasticdetarragona.cat\/es\/fali-nou-capita-e-sports-ps4\/","title":{"rendered":"Fali, nuevo capit\u00e1n del N\u00e0stic eSports PS4"},"content":{"rendered":"<p style=\"text-align: justify;\">El jugador del primer equipo se suma al equipo del N\u00e0stic para esta nueva temporada VFO en la modalidad de FIFA 18. El centrocampista grana ser\u00e1 el capit\u00e1n en la plataforma de PS4.<\/p>\n<p style=\"text-align: justify;\">Fali se muestra muy contento de poder representar al Gimn\u00e0stic de Tarragona, tanto en la faceta de futbolista profesional del primer equipo y, a partir de ahora, ejerciendo el cargo de jugador y capit\u00e1n en la modalidad de los deportes electr\u00f3nicos.<\/p>\n<p style=\"text-align: justify;\">Rafael Jim\u00e9nez Jarque \u00abFali\u00bb se convierte en el primer futbolista profesional en defender el mismo escudo en las dos disciplinas, la real, a LaLiga 1|2|3, y como capit\u00e1n en la electr\u00f3nica, militando entre los elegidos de la plantilla del N\u00e0stic deportivo. Cabe mencionar que el jugador valenciano hace tres temporadas que juega en esta modalidad, mostrando unas grandes habilidades en los mandos de la PS4.<\/p>\n<p style=\"text-align: justify;\">La nueva incorporaci\u00f3n grana para este mercado de fichajes, en la modalidad electr\u00f3nica, ha oficializado la capitan\u00eda con el responsable de marketing y marca de la entidad grana, Josep Maria Andreu Sol\u00e9, y el d\u00eda 9 de abril, fecha donde se iniciar\u00e1 la competici\u00f3n dom\u00e9stica, todos los seguidores podr\u00e1n ver el debut de Fali con la camiseta del N\u00e0stic en el mundo del f\u00fatbol interactivo.<\/p>\n","protected":false},"excerpt":{"rendered":"<p>El jugador del primer equipo se suma al equipo del N\u00e0stic para esta nueva temporada VFO en la modalidad de FIFA 18. El centrocampista grana ser\u00e1 el capit\u00e1n en la plataforma de PS4.<\/p>\n","protected":false},"author":1,"featured_media":56501,"comment_status":"open","ping_status":"open","sticky":false,"template":"","format":"standard","meta":{"_acf_changed":false,"footnotes":""},"categories":[113,142],"tags":[],"class_list":["post-56504","post","type-post","status-publish","format-standard","has-post-thumbnail","hentry","category-actualidad","category-esports-1"],"acf":[],"yoast_head":"<!-- This site is optimized with the Yoast SEO plugin v27.3 - https:\/\/yoast.com\/product\/yoast-seo-wordpress\/ -->\n<title>Fali, nuevo capit\u00e1n del N\u00e0stic eSports PS4 - Gimn\u00e0stic de Tarragona SAD<\/title>\n<meta name=\"robots\" content=\"index, follow, max-snippet:-1, max-image-preview:large, max-video-preview:-1\" \/>\n<link rel=\"canonical\" href=\"https:\/\/gimnasticdetarragona.cat\/es\/fali-nou-capita-e-sports-ps4\/\" \/>\n<meta property=\"og:locale\" content=\"es_ES\" \/>\n<meta property=\"og:type\" content=\"article\" \/>\n<meta property=\"og:title\" content=\"Fali, nuevo capit\u00e1n del N\u00e0stic eSports PS4 - Gimn\u00e0stic de Tarragona SAD\" \/>\n<meta property=\"og:description\" content=\"El jugador del primer equipo se suma al equipo del N\u00e0stic para esta nueva temporada VFO en la modalidad de FIFA 18. El centrocampista grana ser\u00e1 el capit\u00e1n en la plataforma de PS4.\" \/>\n<meta property=\"og:url\" content=\"https:\/\/gimnasticdetarragona.cat\/es\/fali-nou-capita-e-sports-ps4\/\" \/>\n<meta property=\"og:site_name\" content=\"Gimn\u00e0stic de Tarragona SAD\" \/>\n<meta property=\"article:published_time\" content=\"2018-03-13T16:24:23+00:00\" \/>\n<meta property=\"og:image\" content=\"https:\/\/gimnasticdetarragona.cat\/wp-content\/uploads\/2022\/06\/06000741133274.jpg\" \/>\n\t<meta property=\"og:image:width\" content=\"1200\" \/>\n\t<meta property=\"og:image:height\" content=\"627\" \/>\n\t<meta property=\"og:image:type\" content=\"image\/jpeg\" \/>\n<meta name=\"author\" content=\"desarrollo\" \/>\n<meta name=\"twitter:card\" content=\"summary_large_image\" \/>\n<meta name=\"twitter:creator\" content=\"@NASTICTARRAGONA\" \/>\n<meta name=\"twitter:site\" content=\"@NASTICTARRAGONA\" \/>\n<meta name=\"twitter:label1\" content=\"Escrito por\" \/>\n\t<meta name=\"twitter:data1\" content=\"desarrollo\" \/>\n\t<meta name=\"twitter:label2\" content=\"Tiempo de lectura\" \/>\n\t<meta name=\"twitter:data2\" content=\"1 minuto\" \/>\n<script type=\"application\/ld+json\" class=\"yoast-schema-graph\">{\"@context\":\"https:\\\/\\\/schema.org\",\"@graph\":[{\"@type\":\"Article\",\"@id\":\"https:\\\/\\\/gimnasticdetarragona.cat\\\/es\\\/fali-nou-capita-e-sports-ps4\\\/#article\",\"isPartOf\":{\"@id\":\"https:\\\/\\\/gimnasticdetarragona.cat\\\/es\\\/fali-nou-capita-e-sports-ps4\\\/\"},\"author\":{\"name\":\"desarrollo\",\"@id\":\"https:\\\/\\\/gimnasticdetarragona.cat\\\/es\\\/#\\\/schema\\\/person\\\/47b6a637abf88f9bd835540f20ea069e\"},\"headline\":\"Fali, nuevo capit\u00e1n del N\u00e0stic eSports PS4\",\"datePublished\":\"2018-03-13T16:24:23+00:00\",\"mainEntityOfPage\":{\"@id\":\"https:\\\/\\\/gimnasticdetarragona.cat\\\/es\\\/fali-nou-capita-e-sports-ps4\\\/\"},\"wordCount\":228,\"commentCount\":0,\"publisher\":{\"@id\":\"https:\\\/\\\/gimnasticdetarragona.cat\\\/es\\\/#organization\"},\"image\":{\"@id\":\"https:\\\/\\\/gimnasticdetarragona.cat\\\/es\\\/fali-nou-capita-e-sports-ps4\\\/#primaryimage\"},\"thumbnailUrl\":\"https:\\\/\\\/gimnasticdetarragona.cat\\\/wp-content\\\/uploads\\\/2022\\\/06\\\/06000741133274.jpg\",\"articleSection\":[\"Actualidad\",\"eSports\"],\"inLanguage\":\"es\"},{\"@type\":\"WebPage\",\"@id\":\"https:\\\/\\\/gimnasticdetarragona.cat\\\/es\\\/fali-nou-capita-e-sports-ps4\\\/\",\"url\":\"https:\\\/\\\/gimnasticdetarragona.cat\\\/es\\\/fali-nou-capita-e-sports-ps4\\\/\",\"name\":\"Fali, nuevo capit\u00e1n del N\u00e0stic eSports PS4 - Gimn\u00e0stic de Tarragona SAD\",\"isPartOf\":{\"@id\":\"https:\\\/\\\/gimnasticdetarragona.cat\\\/es\\\/#website\"},\"primaryImageOfPage\":{\"@id\":\"https:\\\/\\\/gimnasticdetarragona.cat\\\/es\\\/fali-nou-capita-e-sports-ps4\\\/#primaryimage\"},\"image\":{\"@id\":\"https:\\\/\\\/gimnasticdetarragona.cat\\\/es\\\/fali-nou-capita-e-sports-ps4\\\/#primaryimage\"},\"thumbnailUrl\":\"https:\\\/\\\/gimnasticdetarragona.cat\\\/wp-content\\\/uploads\\\/2022\\\/06\\\/06000741133274.jpg\",\"datePublished\":\"2018-03-13T16:24:23+00:00\",\"breadcrumb\":{\"@id\":\"https:\\\/\\\/gimnasticdetarragona.cat\\\/es\\\/fali-nou-capita-e-sports-ps4\\\/#breadcrumb\"},\"inLanguage\":\"es\",\"potentialAction\":[{\"@type\":\"ReadAction\",\"target\":[\"https:\\\/\\\/gimnasticdetarragona.cat\\\/es\\\/fali-nou-capita-e-sports-ps4\\\/\"]}]},{\"@type\":\"ImageObject\",\"inLanguage\":\"es\",\"@id\":\"https:\\\/\\\/gimnasticdetarragona.cat\\\/es\\\/fali-nou-capita-e-sports-ps4\\\/#primaryimage\",\"url\":\"https:\\\/\\\/gimnasticdetarragona.cat\\\/wp-content\\\/uploads\\\/2022\\\/06\\\/06000741133274.jpg\",\"contentUrl\":\"https:\\\/\\\/gimnasticdetarragona.cat\\\/wp-content\\\/uploads\\\/2022\\\/06\\\/06000741133274.jpg\",\"width\":1200,\"height\":627},{\"@type\":\"BreadcrumbList\",\"@id\":\"https:\\\/\\\/gimnasticdetarragona.cat\\\/es\\\/fali-nou-capita-e-sports-ps4\\\/#breadcrumb\",\"itemListElement\":[{\"@type\":\"ListItem\",\"position\":1,\"name\":\"Inici\",\"item\":\"https:\\\/\\\/gimnasticdetarragona.cat\\\/es\\\/nastic\\\/\"},{\"@type\":\"ListItem\",\"position\":2,\"name\":\"Fali, nuevo capit\u00e1n del N\u00e0stic eSports PS4\"}]},{\"@type\":\"WebSite\",\"@id\":\"https:\\\/\\\/gimnasticdetarragona.cat\\\/es\\\/#website\",\"url\":\"https:\\\/\\\/gimnasticdetarragona.cat\\\/es\\\/\",\"name\":\"Gimn\u00e0stic de Tarragona SAD\",\"description\":\"Gimn\u00e0stic de Tarragona\",\"publisher\":{\"@id\":\"https:\\\/\\\/gimnasticdetarragona.cat\\\/es\\\/#organization\"},\"potentialAction\":[{\"@type\":\"SearchAction\",\"target\":{\"@type\":\"EntryPoint\",\"urlTemplate\":\"https:\\\/\\\/gimnasticdetarragona.cat\\\/es\\\/?s={search_term_string}\"},\"query-input\":{\"@type\":\"PropertyValueSpecification\",\"valueRequired\":true,\"valueName\":\"search_term_string\"}}],\"inLanguage\":\"es\"},{\"@type\":\"Organization\",\"@id\":\"https:\\\/\\\/gimnasticdetarragona.cat\\\/es\\\/#organization\",\"name\":\"GIMN\u00c0STIC DE TARRAGONA\",\"alternateName\":\"N\u00c0STIC\",\"url\":\"https:\\\/\\\/gimnasticdetarragona.cat\\\/es\\\/\",\"logo\":{\"@type\":\"ImageObject\",\"inLanguage\":\"es\",\"@id\":\"https:\\\/\\\/gimnasticdetarragona.cat\\\/es\\\/#\\\/schema\\\/logo\\\/image\\\/\",\"url\":\"https:\\\/\\\/gimnasticdetarragona.cat\\\/wp-content\\\/uploads\\\/2022\\\/06\\\/cropped-logo-gimnastic.png\",\"contentUrl\":\"https:\\\/\\\/gimnasticdetarragona.cat\\\/wp-content\\\/uploads\\\/2022\\\/06\\\/cropped-logo-gimnastic.png\",\"width\":224,\"height\":83,\"caption\":\"GIMN\u00c0STIC DE TARRAGONA\"},\"image\":{\"@id\":\"https:\\\/\\\/gimnasticdetarragona.cat\\\/es\\\/#\\\/schema\\\/logo\\\/image\\\/\"},\"sameAs\":[\"https:\\\/\\\/x.com\\\/NASTICTARRAGONA\",\"https:\\\/\\\/www.instagram.com\\\/nastictarragona\\\/\"]},{\"@type\":\"Person\",\"@id\":\"https:\\\/\\\/gimnasticdetarragona.cat\\\/es\\\/#\\\/schema\\\/person\\\/47b6a637abf88f9bd835540f20ea069e\",\"name\":\"desarrollo\",\"sameAs\":[\"https:\\\/\\\/clone.gimnasticdetarragona.cat\"]}]}<\/script>\n<!-- \/ Yoast SEO plugin. -->","yoast_head_json":{"title":"Fali, nuevo capit\u00e1n del N\u00e0stic eSports PS4 - Gimn\u00e0stic de Tarragona SAD","robots":{"index":"index","follow":"follow","max-snippet":"max-snippet:-1","max-image-preview":"max-image-preview:large","max-video-preview":"max-video-preview:-1"},"canonical":"https:\/\/gimnasticdetarragona.cat\/es\/fali-nou-capita-e-sports-ps4\/","og_locale":"es_ES","og_type":"article","og_title":"Fali, nuevo capit\u00e1n del N\u00e0stic eSports PS4 - Gimn\u00e0stic de Tarragona SAD","og_description":"El jugador del primer equipo se suma al equipo del N\u00e0stic para esta nueva temporada VFO en la modalidad de FIFA 18. El centrocampista grana ser\u00e1 el capit\u00e1n en la plataforma de PS4.","og_url":"https:\/\/gimnasticdetarragona.cat\/es\/fali-nou-capita-e-sports-ps4\/","og_site_name":"Gimn\u00e0stic de Tarragona SAD","article_published_time":"2018-03-13T16:24:23+00:00","og_image":[{"width":1200,"height":627,"url":"https:\/\/gimnasticdetarragona.cat\/wp-content\/uploads\/2022\/06\/06000741133274.jpg","type":"image\/jpeg"}],"author":"desarrollo","twitter_card":"summary_large_image","twitter_creator":"@NASTICTARRAGONA","twitter_site":"@NASTICTARRAGONA","twitter_misc":{"Escrito por":"desarrollo","Tiempo de lectura":"1 minuto"},"schema":{"@context":"https:\/\/schema.org","@graph":[{"@type":"Article","@id":"https:\/\/gimnasticdetarragona.cat\/es\/fali-nou-capita-e-sports-ps4\/#article","isPartOf":{"@id":"https:\/\/gimnasticdetarragona.cat\/es\/fali-nou-capita-e-sports-ps4\/"},"author":{"name":"desarrollo","@id":"https:\/\/gimnasticdetarragona.cat\/es\/#\/schema\/person\/47b6a637abf88f9bd835540f20ea069e"},"headline":"Fali, nuevo capit\u00e1n del N\u00e0stic eSports PS4","datePublished":"2018-03-13T16:24:23+00:00","mainEntityOfPage":{"@id":"https:\/\/gimnasticdetarragona.cat\/es\/fali-nou-capita-e-sports-ps4\/"},"wordCount":228,"commentCount":0,"publisher":{"@id":"https:\/\/gimnasticdetarragona.cat\/es\/#organization"},"image":{"@id":"https:\/\/gimnasticdetarragona.cat\/es\/fali-nou-capita-e-sports-ps4\/#primaryimage"},"thumbnailUrl":"https:\/\/gimnasticdetarragona.cat\/wp-content\/uploads\/2022\/06\/06000741133274.jpg","articleSection":["Actualidad","eSports"],"inLanguage":"es"},{"@type":"WebPage","@id":"https:\/\/gimnasticdetarragona.cat\/es\/fali-nou-capita-e-sports-ps4\/","url":"https:\/\/gimnasticdetarragona.cat\/es\/fali-nou-capita-e-sports-ps4\/","name":"Fali, nuevo capit\u00e1n del N\u00e0stic eSports PS4 - Gimn\u00e0stic de Tarragona SAD","isPartOf":{"@id":"https:\/\/gimnasticdetarragona.cat\/es\/#website"},"primaryImageOfPage":{"@id":"https:\/\/gimnasticdetarragona.cat\/es\/fali-nou-capita-e-sports-ps4\/#primaryimage"},"image":{"@id":"https:\/\/gimnasticdetarragona.cat\/es\/fali-nou-capita-e-sports-ps4\/#primaryimage"},"thumbnailUrl":"https:\/\/gimnasticdetarragona.cat\/wp-content\/uploads\/2022\/06\/06000741133274.jpg","datePublished":"2018-03-13T16:24:23+00:00","breadcrumb":{"@id":"https:\/\/gimnasticdetarragona.cat\/es\/fali-nou-capita-e-sports-ps4\/#breadcrumb"},"inLanguage":"es","potentialAction":[{"@type":"ReadAction","target":["https:\/\/gimnasticdetarragona.cat\/es\/fali-nou-capita-e-sports-ps4\/"]}]},{"@type":"ImageObject","inLanguage":"es","@id":"https:\/\/gimnasticdetarragona.cat\/es\/fali-nou-capita-e-sports-ps4\/#primaryimage","url":"https:\/\/gimnasticdetarragona.cat\/wp-content\/uploads\/2022\/06\/06000741133274.jpg","contentUrl":"https:\/\/gimnasticdetarragona.cat\/wp-content\/uploads\/2022\/06\/06000741133274.jpg","width":1200,"height":627},{"@type":"BreadcrumbList","@id":"https:\/\/gimnasticdetarragona.cat\/es\/fali-nou-capita-e-sports-ps4\/#breadcrumb","itemListElement":[{"@type":"ListItem","position":1,"name":"Inici","item":"https:\/\/gimnasticdetarragona.cat\/es\/nastic\/"},{"@type":"ListItem","position":2,"name":"Fali, nuevo capit\u00e1n del N\u00e0stic eSports PS4"}]},{"@type":"WebSite","@id":"https:\/\/gimnasticdetarragona.cat\/es\/#website","url":"https:\/\/gimnasticdetarragona.cat\/es\/","name":"Gimn\u00e0stic de Tarragona SAD","description":"Gimn\u00e0stic de Tarragona","publisher":{"@id":"https:\/\/gimnasticdetarragona.cat\/es\/#organization"},"potentialAction":[{"@type":"SearchAction","target":{"@type":"EntryPoint","urlTemplate":"https:\/\/gimnasticdetarragona.cat\/es\/?s={search_term_string}"},"query-input":{"@type":"PropertyValueSpecification","valueRequired":true,"valueName":"search_term_string"}}],"inLanguage":"es"},{"@type":"Organization","@id":"https:\/\/gimnasticdetarragona.cat\/es\/#organization","name":"GIMN\u00c0STIC DE TARRAGONA","alternateName":"N\u00c0STIC","url":"https:\/\/gimnasticdetarragona.cat\/es\/","logo":{"@type":"ImageObject","inLanguage":"es","@id":"https:\/\/gimnasticdetarragona.cat\/es\/#\/schema\/logo\/image\/","url":"https:\/\/gimnasticdetarragona.cat\/wp-content\/uploads\/2022\/06\/cropped-logo-gimnastic.png","contentUrl":"https:\/\/gimnasticdetarragona.cat\/wp-content\/uploads\/2022\/06\/cropped-logo-gimnastic.png","width":224,"height":83,"caption":"GIMN\u00c0STIC DE TARRAGONA"},"image":{"@id":"https:\/\/gimnasticdetarragona.cat\/es\/#\/schema\/logo\/image\/"},"sameAs":["https:\/\/x.com\/NASTICTARRAGONA","https:\/\/www.instagram.com\/nastictarragona\/"]},{"@type":"Person","@id":"https:\/\/gimnasticdetarragona.cat\/es\/#\/schema\/person\/47b6a637abf88f9bd835540f20ea069e","name":"desarrollo","sameAs":["https:\/\/clone.gimnasticdetarragona.cat"]}]}},"_links":{"self":[{"href":"https:\/\/gimnasticdetarragona.cat\/es\/wp-json\/wp\/v2\/posts\/56504","targetHints":{"allow":["GET"]}}],"collection":[{"href":"https:\/\/gimnasticdetarragona.cat\/es\/wp-json\/wp\/v2\/posts"}],"about":[{"href":"https:\/\/gimnasticdetarragona.cat\/es\/wp-json\/wp\/v2\/types\/post"}],"author":[{"embeddable":true,"href":"https:\/\/gimnasticdetarragona.cat\/es\/wp-json\/wp\/v2\/users\/1"}],"replies":[{"embeddable":true,"href":"https:\/\/gimnasticdetarragona.cat\/es\/wp-json\/wp\/v2\/comments?post=56504"}],"version-history":[{"count":0,"href":"https:\/\/gimnasticdetarragona.cat\/es\/wp-json\/wp\/v2\/posts\/56504\/revisions"}],"wp:featuredmedia":[{"embeddable":true,"href":"https:\/\/gimnasticdetarragona.cat\/es\/wp-json\/wp\/v2\/media\/56501"}],"wp:attachment":[{"href":"https:\/\/gimnasticdetarragona.cat\/es\/wp-json\/wp\/v2\/media?parent=56504"}],"wp:term":[{"taxonomy":"category","embeddable":true,"href":"https:\/\/gimnasticdetarragona.cat\/es\/wp-json\/wp\/v2\/categories?post=56504"},{"taxonomy":"post_tag","embeddable":true,"href":"https:\/\/gimnasticdetarragona.cat\/es\/wp-json\/wp\/v2\/tags?post=56504"}],"curies":[{"name":"wp","href":"https:\/\/api.w.org\/{rel}","templated":true}]}}