{"id":56615,"date":"2018-02-23T18:05:38","date_gmt":"2018-02-23T18:05:38","guid":{"rendered":"https:\/\/clone.gimnasticdetarragona.cat\/la-marea-grana-mes-nombrosa-de-la-temporada-estara-al-mini\/"},"modified":"2018-02-23T18:05:38","modified_gmt":"2018-02-23T18:05:38","slug":"la-marea-grana-mes-nombrosa-de-la-temporada-estara-al-mini","status":"publish","type":"post","link":"https:\/\/gimnasticdetarragona.cat\/es\/la-marea-grana-mes-nombrosa-de-la-temporada-estara-al-mini\/","title":{"rendered":"La Marea Grana m\u00e1s numerosa de la temporada estar\u00e1 en el Mini"},"content":{"rendered":"<p style=\"text-align: justify;\">El Gimn\u00e0stic de Tarragona, SAD ha vendido las 700 entradas que dispon\u00eda para todos los socios y aficionados grana que apoyar\u00e1n al equipo en el derbi de ma\u00f1ana a las 16 h.<\/p>\n<p style=\"text-align: justify;\">Todos aquellos socios y aficionados que no tengan a\u00fan la entrada y quieran presenciar el duelo de la jornada 28 de LaLiga 1|2|3 en el Miniestadi todav\u00eda disponen de la opci\u00f3n de adquirirla en las instalaciones del Camp Nou, concretamente, en las taquillas del Gol Norte que dan a la Avenida Joan XXIII donde est\u00e1 en el acceso 5 del mismo estadio azulgrana. Estas taquillas se encuentran a dos minutos del Miniestadi.<\/p>\n<p style=\"text-align: justify;\">De estos 700 nastiquers que se desplazar\u00e1n a Barcelona, un total de 500 lo har\u00e1n en los 10 buses que la entidad grana y la Federaci\u00f3n de Pe\u00f1as del N\u00e0stic han montado. Mientras que los 200 restantes lo har\u00e1n en veh\u00edculos propios.<\/p>\n<p style=\"text-align: justify;\">Esta Marea Grana es la m\u00e1s importante de la temporada y\u00a0el anterior precedente\u00a0se remonta a la temporada 2013-2014, cuando unos 700 aficionados aproximadamente,\u00a0llenaron 14 buses hasta Llagostera, en el partido correspondiente al play-off de ascenso a la categor\u00eda de plata.<\/p>\n","protected":false},"excerpt":{"rendered":"<p>El Gimn\u00e0stic de Tarragona, SAD ha vendido las 700 entradas que dispon\u00eda para todos los socios y aficionados grana que apoyar\u00e1n al equipo en el derbi de ma\u00f1ana a las 16 h.<\/p>\n","protected":false},"author":1,"featured_media":56612,"comment_status":"open","ping_status":"open","sticky":false,"template":"","format":"standard","meta":{"_acf_changed":false,"footnotes":""},"categories":[113,125],"tags":[],"class_list":["post-56615","post","type-post","status-publish","format-standard","has-post-thumbnail","hentry","category-actualidad","category-penas"],"acf":[],"yoast_head":"<!-- This site is optimized with the Yoast SEO plugin v27.3 - https:\/\/yoast.com\/product\/yoast-seo-wordpress\/ -->\n<title>La Marea Grana m\u00e1s numerosa de la temporada estar\u00e1 en el Mini - Gimn\u00e0stic de Tarragona SAD<\/title>\n<meta name=\"robots\" content=\"index, follow, max-snippet:-1, max-image-preview:large, max-video-preview:-1\" \/>\n<link rel=\"canonical\" href=\"https:\/\/gimnasticdetarragona.cat\/la-marea-grana-mes-nombrosa-de-la-temporada-estara-al-mini\/\" \/>\n<meta property=\"og:locale\" content=\"es_ES\" \/>\n<meta property=\"og:type\" content=\"article\" \/>\n<meta property=\"og:title\" content=\"La Marea Grana m\u00e1s numerosa de la temporada estar\u00e1 en el Mini - Gimn\u00e0stic de Tarragona SAD\" \/>\n<meta property=\"og:description\" content=\"El Gimn\u00e0stic de Tarragona, SAD ha vendido las 700 entradas que dispon\u00eda para todos los socios y aficionados grana que apoyar\u00e1n al equipo en el derbi de ma\u00f1ana a las 16 h.\" \/>\n<meta property=\"og:url\" content=\"https:\/\/gimnasticdetarragona.cat\/la-marea-grana-mes-nombrosa-de-la-temporada-estara-al-mini\/\" \/>\n<meta property=\"og:site_name\" content=\"Gimn\u00e0stic de Tarragona SAD\" \/>\n<meta property=\"article:published_time\" content=\"2018-02-23T18:05:38+00:00\" \/>\n<meta property=\"og:image\" content=\"https:\/\/gimnasticdetarragona.cat\/wp-content\/uploads\/2022\/06\/06000712132921.jpg\" \/>\n\t<meta property=\"og:image:width\" content=\"1200\" \/>\n\t<meta property=\"og:image:height\" content=\"800\" \/>\n\t<meta property=\"og:image:type\" content=\"image\/jpeg\" \/>\n<meta name=\"author\" content=\"desarrollo\" \/>\n<meta name=\"twitter:card\" content=\"summary_large_image\" \/>\n<meta name=\"twitter:creator\" content=\"@NASTICTARRAGONA\" \/>\n<meta name=\"twitter:site\" content=\"@NASTICTARRAGONA\" \/>\n<meta name=\"twitter:label1\" content=\"Escrito por\" \/>\n\t<meta name=\"twitter:data1\" content=\"desarrollo\" \/>\n\t<meta name=\"twitter:label2\" content=\"Tiempo de lectura\" \/>\n\t<meta name=\"twitter:data2\" content=\"1 minuto\" \/>\n<script type=\"application\/ld+json\" class=\"yoast-schema-graph\">{\"@context\":\"https:\\\/\\\/schema.org\",\"@graph\":[{\"@type\":\"Article\",\"@id\":\"https:\\\/\\\/gimnasticdetarragona.cat\\\/la-marea-grana-mes-nombrosa-de-la-temporada-estara-al-mini\\\/#article\",\"isPartOf\":{\"@id\":\"https:\\\/\\\/gimnasticdetarragona.cat\\\/la-marea-grana-mes-nombrosa-de-la-temporada-estara-al-mini\\\/\"},\"author\":{\"name\":\"desarrollo\",\"@id\":\"https:\\\/\\\/gimnasticdetarragona.cat\\\/es\\\/#\\\/schema\\\/person\\\/47b6a637abf88f9bd835540f20ea069e\"},\"headline\":\"La Marea Grana m\u00e1s numerosa de la temporada estar\u00e1 en el Mini\",\"datePublished\":\"2018-02-23T18:05:38+00:00\",\"mainEntityOfPage\":{\"@id\":\"https:\\\/\\\/gimnasticdetarragona.cat\\\/la-marea-grana-mes-nombrosa-de-la-temporada-estara-al-mini\\\/\"},\"wordCount\":207,\"commentCount\":0,\"publisher\":{\"@id\":\"https:\\\/\\\/gimnasticdetarragona.cat\\\/es\\\/#organization\"},\"image\":{\"@id\":\"https:\\\/\\\/gimnasticdetarragona.cat\\\/la-marea-grana-mes-nombrosa-de-la-temporada-estara-al-mini\\\/#primaryimage\"},\"thumbnailUrl\":\"https:\\\/\\\/gimnasticdetarragona.cat\\\/wp-content\\\/uploads\\\/2022\\\/06\\\/06000712132921.jpg\",\"articleSection\":[\"Actualidad\",\"Pe\u00f1as\"],\"inLanguage\":\"es\"},{\"@type\":\"WebPage\",\"@id\":\"https:\\\/\\\/gimnasticdetarragona.cat\\\/la-marea-grana-mes-nombrosa-de-la-temporada-estara-al-mini\\\/\",\"url\":\"https:\\\/\\\/gimnasticdetarragona.cat\\\/la-marea-grana-mes-nombrosa-de-la-temporada-estara-al-mini\\\/\",\"name\":\"La Marea Grana m\u00e1s numerosa de la temporada estar\u00e1 en el Mini - Gimn\u00e0stic de Tarragona SAD\",\"isPartOf\":{\"@id\":\"https:\\\/\\\/gimnasticdetarragona.cat\\\/es\\\/#website\"},\"primaryImageOfPage\":{\"@id\":\"https:\\\/\\\/gimnasticdetarragona.cat\\\/la-marea-grana-mes-nombrosa-de-la-temporada-estara-al-mini\\\/#primaryimage\"},\"image\":{\"@id\":\"https:\\\/\\\/gimnasticdetarragona.cat\\\/la-marea-grana-mes-nombrosa-de-la-temporada-estara-al-mini\\\/#primaryimage\"},\"thumbnailUrl\":\"https:\\\/\\\/gimnasticdetarragona.cat\\\/wp-content\\\/uploads\\\/2022\\\/06\\\/06000712132921.jpg\",\"datePublished\":\"2018-02-23T18:05:38+00:00\",\"breadcrumb\":{\"@id\":\"https:\\\/\\\/gimnasticdetarragona.cat\\\/la-marea-grana-mes-nombrosa-de-la-temporada-estara-al-mini\\\/#breadcrumb\"},\"inLanguage\":\"es\",\"potentialAction\":[{\"@type\":\"ReadAction\",\"target\":[\"https:\\\/\\\/gimnasticdetarragona.cat\\\/la-marea-grana-mes-nombrosa-de-la-temporada-estara-al-mini\\\/\"]}]},{\"@type\":\"ImageObject\",\"inLanguage\":\"es\",\"@id\":\"https:\\\/\\\/gimnasticdetarragona.cat\\\/la-marea-grana-mes-nombrosa-de-la-temporada-estara-al-mini\\\/#primaryimage\",\"url\":\"https:\\\/\\\/gimnasticdetarragona.cat\\\/wp-content\\\/uploads\\\/2022\\\/06\\\/06000712132921.jpg\",\"contentUrl\":\"https:\\\/\\\/gimnasticdetarragona.cat\\\/wp-content\\\/uploads\\\/2022\\\/06\\\/06000712132921.jpg\",\"width\":1200,\"height\":800},{\"@type\":\"BreadcrumbList\",\"@id\":\"https:\\\/\\\/gimnasticdetarragona.cat\\\/la-marea-grana-mes-nombrosa-de-la-temporada-estara-al-mini\\\/#breadcrumb\",\"itemListElement\":[{\"@type\":\"ListItem\",\"position\":1,\"name\":\"Inici\",\"item\":\"https:\\\/\\\/gimnasticdetarragona.cat\\\/es\\\/nastic\\\/\"},{\"@type\":\"ListItem\",\"position\":2,\"name\":\"La Marea Grana m\u00e1s numerosa de la temporada estar\u00e1 en el Mini\"}]},{\"@type\":\"WebSite\",\"@id\":\"https:\\\/\\\/gimnasticdetarragona.cat\\\/es\\\/#website\",\"url\":\"https:\\\/\\\/gimnasticdetarragona.cat\\\/es\\\/\",\"name\":\"Gimn\u00e0stic de Tarragona SAD\",\"description\":\"Gimn\u00e0stic de Tarragona\",\"publisher\":{\"@id\":\"https:\\\/\\\/gimnasticdetarragona.cat\\\/es\\\/#organization\"},\"potentialAction\":[{\"@type\":\"SearchAction\",\"target\":{\"@type\":\"EntryPoint\",\"urlTemplate\":\"https:\\\/\\\/gimnasticdetarragona.cat\\\/es\\\/?s={search_term_string}\"},\"query-input\":{\"@type\":\"PropertyValueSpecification\",\"valueRequired\":true,\"valueName\":\"search_term_string\"}}],\"inLanguage\":\"es\"},{\"@type\":\"Organization\",\"@id\":\"https:\\\/\\\/gimnasticdetarragona.cat\\\/es\\\/#organization\",\"name\":\"GIMN\u00c0STIC DE TARRAGONA\",\"alternateName\":\"N\u00c0STIC\",\"url\":\"https:\\\/\\\/gimnasticdetarragona.cat\\\/es\\\/\",\"logo\":{\"@type\":\"ImageObject\",\"inLanguage\":\"es\",\"@id\":\"https:\\\/\\\/gimnasticdetarragona.cat\\\/es\\\/#\\\/schema\\\/logo\\\/image\\\/\",\"url\":\"https:\\\/\\\/gimnasticdetarragona.cat\\\/wp-content\\\/uploads\\\/2022\\\/06\\\/cropped-logo-gimnastic.png\",\"contentUrl\":\"https:\\\/\\\/gimnasticdetarragona.cat\\\/wp-content\\\/uploads\\\/2022\\\/06\\\/cropped-logo-gimnastic.png\",\"width\":224,\"height\":83,\"caption\":\"GIMN\u00c0STIC DE TARRAGONA\"},\"image\":{\"@id\":\"https:\\\/\\\/gimnasticdetarragona.cat\\\/es\\\/#\\\/schema\\\/logo\\\/image\\\/\"},\"sameAs\":[\"https:\\\/\\\/x.com\\\/NASTICTARRAGONA\",\"https:\\\/\\\/www.instagram.com\\\/nastictarragona\\\/\"]},{\"@type\":\"Person\",\"@id\":\"https:\\\/\\\/gimnasticdetarragona.cat\\\/es\\\/#\\\/schema\\\/person\\\/47b6a637abf88f9bd835540f20ea069e\",\"name\":\"desarrollo\",\"sameAs\":[\"https:\\\/\\\/clone.gimnasticdetarragona.cat\"]}]}<\/script>\n<!-- \/ Yoast SEO plugin. -->","yoast_head_json":{"title":"La Marea Grana m\u00e1s numerosa de la temporada estar\u00e1 en el Mini - Gimn\u00e0stic de Tarragona SAD","robots":{"index":"index","follow":"follow","max-snippet":"max-snippet:-1","max-image-preview":"max-image-preview:large","max-video-preview":"max-video-preview:-1"},"canonical":"https:\/\/gimnasticdetarragona.cat\/la-marea-grana-mes-nombrosa-de-la-temporada-estara-al-mini\/","og_locale":"es_ES","og_type":"article","og_title":"La Marea Grana m\u00e1s numerosa de la temporada estar\u00e1 en el Mini - Gimn\u00e0stic de Tarragona SAD","og_description":"El Gimn\u00e0stic de Tarragona, SAD ha vendido las 700 entradas que dispon\u00eda para todos los socios y aficionados grana que apoyar\u00e1n al equipo en el derbi de ma\u00f1ana a las 16 h.","og_url":"https:\/\/gimnasticdetarragona.cat\/la-marea-grana-mes-nombrosa-de-la-temporada-estara-al-mini\/","og_site_name":"Gimn\u00e0stic de Tarragona SAD","article_published_time":"2018-02-23T18:05:38+00:00","og_image":[{"width":1200,"height":800,"url":"https:\/\/gimnasticdetarragona.cat\/wp-content\/uploads\/2022\/06\/06000712132921.jpg","type":"image\/jpeg"}],"author":"desarrollo","twitter_card":"summary_large_image","twitter_creator":"@NASTICTARRAGONA","twitter_site":"@NASTICTARRAGONA","twitter_misc":{"Escrito por":"desarrollo","Tiempo de lectura":"1 minuto"},"schema":{"@context":"https:\/\/schema.org","@graph":[{"@type":"Article","@id":"https:\/\/gimnasticdetarragona.cat\/la-marea-grana-mes-nombrosa-de-la-temporada-estara-al-mini\/#article","isPartOf":{"@id":"https:\/\/gimnasticdetarragona.cat\/la-marea-grana-mes-nombrosa-de-la-temporada-estara-al-mini\/"},"author":{"name":"desarrollo","@id":"https:\/\/gimnasticdetarragona.cat\/es\/#\/schema\/person\/47b6a637abf88f9bd835540f20ea069e"},"headline":"La Marea Grana m\u00e1s numerosa de la temporada estar\u00e1 en el Mini","datePublished":"2018-02-23T18:05:38+00:00","mainEntityOfPage":{"@id":"https:\/\/gimnasticdetarragona.cat\/la-marea-grana-mes-nombrosa-de-la-temporada-estara-al-mini\/"},"wordCount":207,"commentCount":0,"publisher":{"@id":"https:\/\/gimnasticdetarragona.cat\/es\/#organization"},"image":{"@id":"https:\/\/gimnasticdetarragona.cat\/la-marea-grana-mes-nombrosa-de-la-temporada-estara-al-mini\/#primaryimage"},"thumbnailUrl":"https:\/\/gimnasticdetarragona.cat\/wp-content\/uploads\/2022\/06\/06000712132921.jpg","articleSection":["Actualidad","Pe\u00f1as"],"inLanguage":"es"},{"@type":"WebPage","@id":"https:\/\/gimnasticdetarragona.cat\/la-marea-grana-mes-nombrosa-de-la-temporada-estara-al-mini\/","url":"https:\/\/gimnasticdetarragona.cat\/la-marea-grana-mes-nombrosa-de-la-temporada-estara-al-mini\/","name":"La Marea Grana m\u00e1s numerosa de la temporada estar\u00e1 en el Mini - Gimn\u00e0stic de Tarragona SAD","isPartOf":{"@id":"https:\/\/gimnasticdetarragona.cat\/es\/#website"},"primaryImageOfPage":{"@id":"https:\/\/gimnasticdetarragona.cat\/la-marea-grana-mes-nombrosa-de-la-temporada-estara-al-mini\/#primaryimage"},"image":{"@id":"https:\/\/gimnasticdetarragona.cat\/la-marea-grana-mes-nombrosa-de-la-temporada-estara-al-mini\/#primaryimage"},"thumbnailUrl":"https:\/\/gimnasticdetarragona.cat\/wp-content\/uploads\/2022\/06\/06000712132921.jpg","datePublished":"2018-02-23T18:05:38+00:00","breadcrumb":{"@id":"https:\/\/gimnasticdetarragona.cat\/la-marea-grana-mes-nombrosa-de-la-temporada-estara-al-mini\/#breadcrumb"},"inLanguage":"es","potentialAction":[{"@type":"ReadAction","target":["https:\/\/gimnasticdetarragona.cat\/la-marea-grana-mes-nombrosa-de-la-temporada-estara-al-mini\/"]}]},{"@type":"ImageObject","inLanguage":"es","@id":"https:\/\/gimnasticdetarragona.cat\/la-marea-grana-mes-nombrosa-de-la-temporada-estara-al-mini\/#primaryimage","url":"https:\/\/gimnasticdetarragona.cat\/wp-content\/uploads\/2022\/06\/06000712132921.jpg","contentUrl":"https:\/\/gimnasticdetarragona.cat\/wp-content\/uploads\/2022\/06\/06000712132921.jpg","width":1200,"height":800},{"@type":"BreadcrumbList","@id":"https:\/\/gimnasticdetarragona.cat\/la-marea-grana-mes-nombrosa-de-la-temporada-estara-al-mini\/#breadcrumb","itemListElement":[{"@type":"ListItem","position":1,"name":"Inici","item":"https:\/\/gimnasticdetarragona.cat\/es\/nastic\/"},{"@type":"ListItem","position":2,"name":"La Marea Grana m\u00e1s numerosa de la temporada estar\u00e1 en el Mini"}]},{"@type":"WebSite","@id":"https:\/\/gimnasticdetarragona.cat\/es\/#website","url":"https:\/\/gimnasticdetarragona.cat\/es\/","name":"Gimn\u00e0stic de Tarragona SAD","description":"Gimn\u00e0stic de Tarragona","publisher":{"@id":"https:\/\/gimnasticdetarragona.cat\/es\/#organization"},"potentialAction":[{"@type":"SearchAction","target":{"@type":"EntryPoint","urlTemplate":"https:\/\/gimnasticdetarragona.cat\/es\/?s={search_term_string}"},"query-input":{"@type":"PropertyValueSpecification","valueRequired":true,"valueName":"search_term_string"}}],"inLanguage":"es"},{"@type":"Organization","@id":"https:\/\/gimnasticdetarragona.cat\/es\/#organization","name":"GIMN\u00c0STIC DE TARRAGONA","alternateName":"N\u00c0STIC","url":"https:\/\/gimnasticdetarragona.cat\/es\/","logo":{"@type":"ImageObject","inLanguage":"es","@id":"https:\/\/gimnasticdetarragona.cat\/es\/#\/schema\/logo\/image\/","url":"https:\/\/gimnasticdetarragona.cat\/wp-content\/uploads\/2022\/06\/cropped-logo-gimnastic.png","contentUrl":"https:\/\/gimnasticdetarragona.cat\/wp-content\/uploads\/2022\/06\/cropped-logo-gimnastic.png","width":224,"height":83,"caption":"GIMN\u00c0STIC DE TARRAGONA"},"image":{"@id":"https:\/\/gimnasticdetarragona.cat\/es\/#\/schema\/logo\/image\/"},"sameAs":["https:\/\/x.com\/NASTICTARRAGONA","https:\/\/www.instagram.com\/nastictarragona\/"]},{"@type":"Person","@id":"https:\/\/gimnasticdetarragona.cat\/es\/#\/schema\/person\/47b6a637abf88f9bd835540f20ea069e","name":"desarrollo","sameAs":["https:\/\/clone.gimnasticdetarragona.cat"]}]}},"_links":{"self":[{"href":"https:\/\/gimnasticdetarragona.cat\/es\/wp-json\/wp\/v2\/posts\/56615","targetHints":{"allow":["GET"]}}],"collection":[{"href":"https:\/\/gimnasticdetarragona.cat\/es\/wp-json\/wp\/v2\/posts"}],"about":[{"href":"https:\/\/gimnasticdetarragona.cat\/es\/wp-json\/wp\/v2\/types\/post"}],"author":[{"embeddable":true,"href":"https:\/\/gimnasticdetarragona.cat\/es\/wp-json\/wp\/v2\/users\/1"}],"replies":[{"embeddable":true,"href":"https:\/\/gimnasticdetarragona.cat\/es\/wp-json\/wp\/v2\/comments?post=56615"}],"version-history":[{"count":0,"href":"https:\/\/gimnasticdetarragona.cat\/es\/wp-json\/wp\/v2\/posts\/56615\/revisions"}],"wp:featuredmedia":[{"embeddable":true,"href":"https:\/\/gimnasticdetarragona.cat\/es\/wp-json\/wp\/v2\/media\/56612"}],"wp:attachment":[{"href":"https:\/\/gimnasticdetarragona.cat\/es\/wp-json\/wp\/v2\/media?parent=56615"}],"wp:term":[{"taxonomy":"category","embeddable":true,"href":"https:\/\/gimnasticdetarragona.cat\/es\/wp-json\/wp\/v2\/categories?post=56615"},{"taxonomy":"post_tag","embeddable":true,"href":"https:\/\/gimnasticdetarragona.cat\/es\/wp-json\/wp\/v2\/tags?post=56615"}],"curies":[{"name":"wp","href":"https:\/\/api.w.org\/{rel}","templated":true}]}}