{"id":56691,"date":"2018-02-15T12:50:55","date_gmt":"2018-02-15T12:50:55","guid":{"rendered":"https:\/\/clone.gimnasticdetarragona.cat\/una-desena-dusuaris-de-la-residencia-mar-i-cel-veuran-el-nastic-real-zaragoza-al-nou-estadi\/"},"modified":"2018-02-15T12:50:55","modified_gmt":"2018-02-15T12:50:55","slug":"una-desena-dusuaris-de-la-residencia-mar-i-cel-veuran-el-nastic-real-zaragoza-al-nou-estadi","status":"publish","type":"post","link":"https:\/\/gimnasticdetarragona.cat\/es\/una-desena-dusuaris-de-la-residencia-mar-i-cel-veuran-el-nastic-real-zaragoza-al-nou-estadi\/","title":{"rendered":"Una decena de usuarios de la Resid\u00e8ncia Mar i Cel veran el N\u00e0stic-Real Zaragoza en el Nou Estadi"},"content":{"rendered":"<p style=\"text-align: justify;\">El Gimn\u00e0stic de Tarragona, SAD ha hecho la entrega de una decena de entradas\u00a0a\u00a0Villablanca Serveis Assistencials para que algunos de los residentes en sus centros puedan ver en directo en el Nou Estadi el partido de la jornada 27 de Laliga 1 | 2 | 3 entre el N\u00e0stic y Real Zaragoza.<\/p>\n<p style=\"text-align: justify;\">El responsable del \u00e1rea social del club, Jordi Ruiz, ha hecho la entrega de las entradas a Ramon Herv\u00e1s, responsable de atenci\u00f3n directa de la Fundaci\u00f3n Villablanca, que ha estado acompa\u00f1ado en el Nou Estadi por una decena de usuarios de la Resid\u00e8ncia Mar i Cel.<\/p>\n<p style=\"text-align: justify;\">Esta entrega de entradas se enmarca dentro del proyecto BBVA CX, Junts Creixem!, que tiene como objetivo acercarse a las entidades y organismos del territorio.<\/p>\n<p style=\"text-align: justify;\">Villablanca Serveis Assistencials pertenece al Grupo Pere Mata y ofrece diferentes servicios en la atenci\u00f3n a personas con discapacidad intelectual que cubre todas las necesidades de tratamiento.<\/p>\n","protected":false},"excerpt":{"rendered":"<p>El Gimn\u00e0stic de Tarragona, SAD ha hecho la entrega de una decena de entradas a Villablanca Serveis Assistencials para que algunos de los residentes en sus centros puedan ver en directo en el Nou Estadi el partido de la jornada 27 de Laliga 1 | 2 | 3 entre el N\u00e0stic y Real Zaragoza.<\/p>\n","protected":false},"author":1,"featured_media":56688,"comment_status":"open","ping_status":"open","sticky":false,"template":"","format":"standard","meta":{"_acf_changed":false,"footnotes":""},"categories":[113,139],"tags":[],"class_list":["post-56691","post","type-post","status-publish","format-standard","has-post-thumbnail","hentry","category-actualidad","category-social"],"acf":[],"yoast_head":"<!-- This site is optimized with the Yoast SEO plugin v27.3 - https:\/\/yoast.com\/product\/yoast-seo-wordpress\/ -->\n<title>Una decena de usuarios de la Resid\u00e8ncia Mar i Cel veran el N\u00e0stic-Real Zaragoza en el Nou Estadi - Gimn\u00e0stic de Tarragona SAD<\/title>\n<meta name=\"robots\" content=\"index, follow, max-snippet:-1, max-image-preview:large, max-video-preview:-1\" \/>\n<link rel=\"canonical\" href=\"https:\/\/gimnasticdetarragona.cat\/es\/una-desena-dusuaris-de-la-residencia-mar-i-cel-veuran-el-nastic-real-zaragoza-al-nou-estadi\/\" \/>\n<meta property=\"og:locale\" content=\"es_ES\" \/>\n<meta property=\"og:type\" content=\"article\" \/>\n<meta property=\"og:title\" content=\"Una decena de usuarios de la Resid\u00e8ncia Mar i Cel veran el N\u00e0stic-Real Zaragoza en el Nou Estadi - Gimn\u00e0stic de Tarragona SAD\" \/>\n<meta property=\"og:description\" content=\"El Gimn\u00e0stic de Tarragona, SAD ha hecho la entrega de una decena de entradas a Villablanca Serveis Assistencials para que algunos de los residentes en sus centros puedan ver en directo en el Nou Estadi el partido de la jornada 27 de Laliga 1 | 2 | 3 entre el N\u00e0stic y Real Zaragoza.\" \/>\n<meta property=\"og:url\" content=\"https:\/\/gimnasticdetarragona.cat\/es\/una-desena-dusuaris-de-la-residencia-mar-i-cel-veuran-el-nastic-real-zaragoza-al-nou-estadi\/\" \/>\n<meta property=\"og:site_name\" content=\"Gimn\u00e0stic de Tarragona SAD\" \/>\n<meta property=\"article:published_time\" content=\"2018-02-15T12:50:55+00:00\" \/>\n<meta property=\"og:image\" content=\"https:\/\/gimnasticdetarragona.cat\/wp-content\/uploads\/2022\/06\/06000703132294.jpg\" \/>\n\t<meta property=\"og:image:width\" content=\"640\" \/>\n\t<meta property=\"og:image:height\" content=\"427\" \/>\n\t<meta property=\"og:image:type\" content=\"image\/jpeg\" \/>\n<meta name=\"author\" content=\"desarrollo\" \/>\n<meta name=\"twitter:card\" content=\"summary_large_image\" \/>\n<meta name=\"twitter:creator\" content=\"@NASTICTARRAGONA\" \/>\n<meta name=\"twitter:site\" content=\"@NASTICTARRAGONA\" \/>\n<meta name=\"twitter:label1\" content=\"Escrito por\" \/>\n\t<meta name=\"twitter:data1\" content=\"desarrollo\" \/>\n\t<meta name=\"twitter:label2\" content=\"Tiempo de lectura\" \/>\n\t<meta name=\"twitter:data2\" content=\"1 minuto\" \/>\n<script type=\"application\/ld+json\" class=\"yoast-schema-graph\">{\"@context\":\"https:\\\/\\\/schema.org\",\"@graph\":[{\"@type\":\"Article\",\"@id\":\"https:\\\/\\\/gimnasticdetarragona.cat\\\/es\\\/una-desena-dusuaris-de-la-residencia-mar-i-cel-veuran-el-nastic-real-zaragoza-al-nou-estadi\\\/#article\",\"isPartOf\":{\"@id\":\"https:\\\/\\\/gimnasticdetarragona.cat\\\/es\\\/una-desena-dusuaris-de-la-residencia-mar-i-cel-veuran-el-nastic-real-zaragoza-al-nou-estadi\\\/\"},\"author\":{\"name\":\"desarrollo\",\"@id\":\"https:\\\/\\\/gimnasticdetarragona.cat\\\/es\\\/#\\\/schema\\\/person\\\/47b6a637abf88f9bd835540f20ea069e\"},\"headline\":\"Una decena de usuarios de la Resid\u00e8ncia Mar i Cel veran el N\u00e0stic-Real Zaragoza en el Nou Estadi\",\"datePublished\":\"2018-02-15T12:50:55+00:00\",\"mainEntityOfPage\":{\"@id\":\"https:\\\/\\\/gimnasticdetarragona.cat\\\/es\\\/una-desena-dusuaris-de-la-residencia-mar-i-cel-veuran-el-nastic-real-zaragoza-al-nou-estadi\\\/\"},\"wordCount\":174,\"commentCount\":0,\"publisher\":{\"@id\":\"https:\\\/\\\/gimnasticdetarragona.cat\\\/es\\\/#organization\"},\"image\":{\"@id\":\"https:\\\/\\\/gimnasticdetarragona.cat\\\/es\\\/una-desena-dusuaris-de-la-residencia-mar-i-cel-veuran-el-nastic-real-zaragoza-al-nou-estadi\\\/#primaryimage\"},\"thumbnailUrl\":\"https:\\\/\\\/gimnasticdetarragona.cat\\\/wp-content\\\/uploads\\\/2022\\\/06\\\/06000703132294.jpg\",\"articleSection\":[\"Actualidad\",\"Social\"],\"inLanguage\":\"es\"},{\"@type\":\"WebPage\",\"@id\":\"https:\\\/\\\/gimnasticdetarragona.cat\\\/es\\\/una-desena-dusuaris-de-la-residencia-mar-i-cel-veuran-el-nastic-real-zaragoza-al-nou-estadi\\\/\",\"url\":\"https:\\\/\\\/gimnasticdetarragona.cat\\\/es\\\/una-desena-dusuaris-de-la-residencia-mar-i-cel-veuran-el-nastic-real-zaragoza-al-nou-estadi\\\/\",\"name\":\"Una decena de usuarios de la Resid\u00e8ncia Mar i Cel veran el N\u00e0stic-Real Zaragoza en el Nou Estadi - Gimn\u00e0stic de Tarragona SAD\",\"isPartOf\":{\"@id\":\"https:\\\/\\\/gimnasticdetarragona.cat\\\/es\\\/#website\"},\"primaryImageOfPage\":{\"@id\":\"https:\\\/\\\/gimnasticdetarragona.cat\\\/es\\\/una-desena-dusuaris-de-la-residencia-mar-i-cel-veuran-el-nastic-real-zaragoza-al-nou-estadi\\\/#primaryimage\"},\"image\":{\"@id\":\"https:\\\/\\\/gimnasticdetarragona.cat\\\/es\\\/una-desena-dusuaris-de-la-residencia-mar-i-cel-veuran-el-nastic-real-zaragoza-al-nou-estadi\\\/#primaryimage\"},\"thumbnailUrl\":\"https:\\\/\\\/gimnasticdetarragona.cat\\\/wp-content\\\/uploads\\\/2022\\\/06\\\/06000703132294.jpg\",\"datePublished\":\"2018-02-15T12:50:55+00:00\",\"breadcrumb\":{\"@id\":\"https:\\\/\\\/gimnasticdetarragona.cat\\\/es\\\/una-desena-dusuaris-de-la-residencia-mar-i-cel-veuran-el-nastic-real-zaragoza-al-nou-estadi\\\/#breadcrumb\"},\"inLanguage\":\"es\",\"potentialAction\":[{\"@type\":\"ReadAction\",\"target\":[\"https:\\\/\\\/gimnasticdetarragona.cat\\\/es\\\/una-desena-dusuaris-de-la-residencia-mar-i-cel-veuran-el-nastic-real-zaragoza-al-nou-estadi\\\/\"]}]},{\"@type\":\"ImageObject\",\"inLanguage\":\"es\",\"@id\":\"https:\\\/\\\/gimnasticdetarragona.cat\\\/es\\\/una-desena-dusuaris-de-la-residencia-mar-i-cel-veuran-el-nastic-real-zaragoza-al-nou-estadi\\\/#primaryimage\",\"url\":\"https:\\\/\\\/gimnasticdetarragona.cat\\\/wp-content\\\/uploads\\\/2022\\\/06\\\/06000703132294.jpg\",\"contentUrl\":\"https:\\\/\\\/gimnasticdetarragona.cat\\\/wp-content\\\/uploads\\\/2022\\\/06\\\/06000703132294.jpg\",\"width\":640,\"height\":427},{\"@type\":\"BreadcrumbList\",\"@id\":\"https:\\\/\\\/gimnasticdetarragona.cat\\\/es\\\/una-desena-dusuaris-de-la-residencia-mar-i-cel-veuran-el-nastic-real-zaragoza-al-nou-estadi\\\/#breadcrumb\",\"itemListElement\":[{\"@type\":\"ListItem\",\"position\":1,\"name\":\"Inici\",\"item\":\"https:\\\/\\\/gimnasticdetarragona.cat\\\/es\\\/nastic\\\/\"},{\"@type\":\"ListItem\",\"position\":2,\"name\":\"Una decena de usuarios de la Resid\u00e8ncia Mar i Cel veran el N\u00e0stic-Real Zaragoza en el Nou Estadi\"}]},{\"@type\":\"WebSite\",\"@id\":\"https:\\\/\\\/gimnasticdetarragona.cat\\\/es\\\/#website\",\"url\":\"https:\\\/\\\/gimnasticdetarragona.cat\\\/es\\\/\",\"name\":\"Gimn\u00e0stic de Tarragona SAD\",\"description\":\"Gimn\u00e0stic de Tarragona\",\"publisher\":{\"@id\":\"https:\\\/\\\/gimnasticdetarragona.cat\\\/es\\\/#organization\"},\"potentialAction\":[{\"@type\":\"SearchAction\",\"target\":{\"@type\":\"EntryPoint\",\"urlTemplate\":\"https:\\\/\\\/gimnasticdetarragona.cat\\\/es\\\/?s={search_term_string}\"},\"query-input\":{\"@type\":\"PropertyValueSpecification\",\"valueRequired\":true,\"valueName\":\"search_term_string\"}}],\"inLanguage\":\"es\"},{\"@type\":\"Organization\",\"@id\":\"https:\\\/\\\/gimnasticdetarragona.cat\\\/es\\\/#organization\",\"name\":\"GIMN\u00c0STIC DE TARRAGONA\",\"alternateName\":\"N\u00c0STIC\",\"url\":\"https:\\\/\\\/gimnasticdetarragona.cat\\\/es\\\/\",\"logo\":{\"@type\":\"ImageObject\",\"inLanguage\":\"es\",\"@id\":\"https:\\\/\\\/gimnasticdetarragona.cat\\\/es\\\/#\\\/schema\\\/logo\\\/image\\\/\",\"url\":\"https:\\\/\\\/gimnasticdetarragona.cat\\\/wp-content\\\/uploads\\\/2022\\\/06\\\/cropped-logo-gimnastic.png\",\"contentUrl\":\"https:\\\/\\\/gimnasticdetarragona.cat\\\/wp-content\\\/uploads\\\/2022\\\/06\\\/cropped-logo-gimnastic.png\",\"width\":224,\"height\":83,\"caption\":\"GIMN\u00c0STIC DE TARRAGONA\"},\"image\":{\"@id\":\"https:\\\/\\\/gimnasticdetarragona.cat\\\/es\\\/#\\\/schema\\\/logo\\\/image\\\/\"},\"sameAs\":[\"https:\\\/\\\/x.com\\\/NASTICTARRAGONA\",\"https:\\\/\\\/www.instagram.com\\\/nastictarragona\\\/\"]},{\"@type\":\"Person\",\"@id\":\"https:\\\/\\\/gimnasticdetarragona.cat\\\/es\\\/#\\\/schema\\\/person\\\/47b6a637abf88f9bd835540f20ea069e\",\"name\":\"desarrollo\",\"sameAs\":[\"https:\\\/\\\/clone.gimnasticdetarragona.cat\"]}]}<\/script>\n<!-- \/ Yoast SEO plugin. -->","yoast_head_json":{"title":"Una decena de usuarios de la Resid\u00e8ncia Mar i Cel veran el N\u00e0stic-Real Zaragoza en el Nou Estadi - Gimn\u00e0stic de Tarragona SAD","robots":{"index":"index","follow":"follow","max-snippet":"max-snippet:-1","max-image-preview":"max-image-preview:large","max-video-preview":"max-video-preview:-1"},"canonical":"https:\/\/gimnasticdetarragona.cat\/es\/una-desena-dusuaris-de-la-residencia-mar-i-cel-veuran-el-nastic-real-zaragoza-al-nou-estadi\/","og_locale":"es_ES","og_type":"article","og_title":"Una decena de usuarios de la Resid\u00e8ncia Mar i Cel veran el N\u00e0stic-Real Zaragoza en el Nou Estadi - Gimn\u00e0stic de Tarragona SAD","og_description":"El Gimn\u00e0stic de Tarragona, SAD ha hecho la entrega de una decena de entradas a Villablanca Serveis Assistencials para que algunos de los residentes en sus centros puedan ver en directo en el Nou Estadi el partido de la jornada 27 de Laliga 1 | 2 | 3 entre el N\u00e0stic y Real Zaragoza.","og_url":"https:\/\/gimnasticdetarragona.cat\/es\/una-desena-dusuaris-de-la-residencia-mar-i-cel-veuran-el-nastic-real-zaragoza-al-nou-estadi\/","og_site_name":"Gimn\u00e0stic de Tarragona SAD","article_published_time":"2018-02-15T12:50:55+00:00","og_image":[{"width":640,"height":427,"url":"https:\/\/gimnasticdetarragona.cat\/wp-content\/uploads\/2022\/06\/06000703132294.jpg","type":"image\/jpeg"}],"author":"desarrollo","twitter_card":"summary_large_image","twitter_creator":"@NASTICTARRAGONA","twitter_site":"@NASTICTARRAGONA","twitter_misc":{"Escrito por":"desarrollo","Tiempo de lectura":"1 minuto"},"schema":{"@context":"https:\/\/schema.org","@graph":[{"@type":"Article","@id":"https:\/\/gimnasticdetarragona.cat\/es\/una-desena-dusuaris-de-la-residencia-mar-i-cel-veuran-el-nastic-real-zaragoza-al-nou-estadi\/#article","isPartOf":{"@id":"https:\/\/gimnasticdetarragona.cat\/es\/una-desena-dusuaris-de-la-residencia-mar-i-cel-veuran-el-nastic-real-zaragoza-al-nou-estadi\/"},"author":{"name":"desarrollo","@id":"https:\/\/gimnasticdetarragona.cat\/es\/#\/schema\/person\/47b6a637abf88f9bd835540f20ea069e"},"headline":"Una decena de usuarios de la Resid\u00e8ncia Mar i Cel veran el N\u00e0stic-Real Zaragoza en el Nou Estadi","datePublished":"2018-02-15T12:50:55+00:00","mainEntityOfPage":{"@id":"https:\/\/gimnasticdetarragona.cat\/es\/una-desena-dusuaris-de-la-residencia-mar-i-cel-veuran-el-nastic-real-zaragoza-al-nou-estadi\/"},"wordCount":174,"commentCount":0,"publisher":{"@id":"https:\/\/gimnasticdetarragona.cat\/es\/#organization"},"image":{"@id":"https:\/\/gimnasticdetarragona.cat\/es\/una-desena-dusuaris-de-la-residencia-mar-i-cel-veuran-el-nastic-real-zaragoza-al-nou-estadi\/#primaryimage"},"thumbnailUrl":"https:\/\/gimnasticdetarragona.cat\/wp-content\/uploads\/2022\/06\/06000703132294.jpg","articleSection":["Actualidad","Social"],"inLanguage":"es"},{"@type":"WebPage","@id":"https:\/\/gimnasticdetarragona.cat\/es\/una-desena-dusuaris-de-la-residencia-mar-i-cel-veuran-el-nastic-real-zaragoza-al-nou-estadi\/","url":"https:\/\/gimnasticdetarragona.cat\/es\/una-desena-dusuaris-de-la-residencia-mar-i-cel-veuran-el-nastic-real-zaragoza-al-nou-estadi\/","name":"Una decena de usuarios de la Resid\u00e8ncia Mar i Cel veran el N\u00e0stic-Real Zaragoza en el Nou Estadi - Gimn\u00e0stic de Tarragona SAD","isPartOf":{"@id":"https:\/\/gimnasticdetarragona.cat\/es\/#website"},"primaryImageOfPage":{"@id":"https:\/\/gimnasticdetarragona.cat\/es\/una-desena-dusuaris-de-la-residencia-mar-i-cel-veuran-el-nastic-real-zaragoza-al-nou-estadi\/#primaryimage"},"image":{"@id":"https:\/\/gimnasticdetarragona.cat\/es\/una-desena-dusuaris-de-la-residencia-mar-i-cel-veuran-el-nastic-real-zaragoza-al-nou-estadi\/#primaryimage"},"thumbnailUrl":"https:\/\/gimnasticdetarragona.cat\/wp-content\/uploads\/2022\/06\/06000703132294.jpg","datePublished":"2018-02-15T12:50:55+00:00","breadcrumb":{"@id":"https:\/\/gimnasticdetarragona.cat\/es\/una-desena-dusuaris-de-la-residencia-mar-i-cel-veuran-el-nastic-real-zaragoza-al-nou-estadi\/#breadcrumb"},"inLanguage":"es","potentialAction":[{"@type":"ReadAction","target":["https:\/\/gimnasticdetarragona.cat\/es\/una-desena-dusuaris-de-la-residencia-mar-i-cel-veuran-el-nastic-real-zaragoza-al-nou-estadi\/"]}]},{"@type":"ImageObject","inLanguage":"es","@id":"https:\/\/gimnasticdetarragona.cat\/es\/una-desena-dusuaris-de-la-residencia-mar-i-cel-veuran-el-nastic-real-zaragoza-al-nou-estadi\/#primaryimage","url":"https:\/\/gimnasticdetarragona.cat\/wp-content\/uploads\/2022\/06\/06000703132294.jpg","contentUrl":"https:\/\/gimnasticdetarragona.cat\/wp-content\/uploads\/2022\/06\/06000703132294.jpg","width":640,"height":427},{"@type":"BreadcrumbList","@id":"https:\/\/gimnasticdetarragona.cat\/es\/una-desena-dusuaris-de-la-residencia-mar-i-cel-veuran-el-nastic-real-zaragoza-al-nou-estadi\/#breadcrumb","itemListElement":[{"@type":"ListItem","position":1,"name":"Inici","item":"https:\/\/gimnasticdetarragona.cat\/es\/nastic\/"},{"@type":"ListItem","position":2,"name":"Una decena de usuarios de la Resid\u00e8ncia Mar i Cel veran el N\u00e0stic-Real Zaragoza en el Nou Estadi"}]},{"@type":"WebSite","@id":"https:\/\/gimnasticdetarragona.cat\/es\/#website","url":"https:\/\/gimnasticdetarragona.cat\/es\/","name":"Gimn\u00e0stic de Tarragona SAD","description":"Gimn\u00e0stic de Tarragona","publisher":{"@id":"https:\/\/gimnasticdetarragona.cat\/es\/#organization"},"potentialAction":[{"@type":"SearchAction","target":{"@type":"EntryPoint","urlTemplate":"https:\/\/gimnasticdetarragona.cat\/es\/?s={search_term_string}"},"query-input":{"@type":"PropertyValueSpecification","valueRequired":true,"valueName":"search_term_string"}}],"inLanguage":"es"},{"@type":"Organization","@id":"https:\/\/gimnasticdetarragona.cat\/es\/#organization","name":"GIMN\u00c0STIC DE TARRAGONA","alternateName":"N\u00c0STIC","url":"https:\/\/gimnasticdetarragona.cat\/es\/","logo":{"@type":"ImageObject","inLanguage":"es","@id":"https:\/\/gimnasticdetarragona.cat\/es\/#\/schema\/logo\/image\/","url":"https:\/\/gimnasticdetarragona.cat\/wp-content\/uploads\/2022\/06\/cropped-logo-gimnastic.png","contentUrl":"https:\/\/gimnasticdetarragona.cat\/wp-content\/uploads\/2022\/06\/cropped-logo-gimnastic.png","width":224,"height":83,"caption":"GIMN\u00c0STIC DE TARRAGONA"},"image":{"@id":"https:\/\/gimnasticdetarragona.cat\/es\/#\/schema\/logo\/image\/"},"sameAs":["https:\/\/x.com\/NASTICTARRAGONA","https:\/\/www.instagram.com\/nastictarragona\/"]},{"@type":"Person","@id":"https:\/\/gimnasticdetarragona.cat\/es\/#\/schema\/person\/47b6a637abf88f9bd835540f20ea069e","name":"desarrollo","sameAs":["https:\/\/clone.gimnasticdetarragona.cat"]}]}},"_links":{"self":[{"href":"https:\/\/gimnasticdetarragona.cat\/es\/wp-json\/wp\/v2\/posts\/56691","targetHints":{"allow":["GET"]}}],"collection":[{"href":"https:\/\/gimnasticdetarragona.cat\/es\/wp-json\/wp\/v2\/posts"}],"about":[{"href":"https:\/\/gimnasticdetarragona.cat\/es\/wp-json\/wp\/v2\/types\/post"}],"author":[{"embeddable":true,"href":"https:\/\/gimnasticdetarragona.cat\/es\/wp-json\/wp\/v2\/users\/1"}],"replies":[{"embeddable":true,"href":"https:\/\/gimnasticdetarragona.cat\/es\/wp-json\/wp\/v2\/comments?post=56691"}],"version-history":[{"count":0,"href":"https:\/\/gimnasticdetarragona.cat\/es\/wp-json\/wp\/v2\/posts\/56691\/revisions"}],"wp:featuredmedia":[{"embeddable":true,"href":"https:\/\/gimnasticdetarragona.cat\/es\/wp-json\/wp\/v2\/media\/56688"}],"wp:attachment":[{"href":"https:\/\/gimnasticdetarragona.cat\/es\/wp-json\/wp\/v2\/media?parent=56691"}],"wp:term":[{"taxonomy":"category","embeddable":true,"href":"https:\/\/gimnasticdetarragona.cat\/es\/wp-json\/wp\/v2\/categories?post=56691"},{"taxonomy":"post_tag","embeddable":true,"href":"https:\/\/gimnasticdetarragona.cat\/es\/wp-json\/wp\/v2\/tags?post=56691"}],"curies":[{"name":"wp","href":"https:\/\/api.w.org\/{rel}","templated":true}]}}