{"id":56703,"date":"2018-02-12T11:34:19","date_gmt":"2018-02-12T11:34:19","guid":{"rendered":"https:\/\/clone.gimnasticdetarragona.cat\/resultats-planter-grana-10-i-11-de-febrer\/"},"modified":"2018-02-12T11:34:19","modified_gmt":"2018-02-12T11:34:19","slug":"resultats-planter-grana-10-i-11-de-febrer","status":"publish","type":"post","link":"https:\/\/gimnasticdetarragona.cat\/es\/resultats-planter-grana-10-i-11-de-febrer\/","title":{"rendered":"Resultados Planter Grana (10 y 11 de febrero)"},"content":{"rendered":"<div id=\"gt-src-c\" class=\"g-unit\">\n<div id=\"gt-src-p\">\n<div id=\"gt-src-wrap\" class=\"\" style=\"text-align: justify;\"><span title=\"El Carnaval ha aturat la majoria de les competicions de lliga del futbol base, excepte el Juvenil A que ha rebut a les instal\u00b7lacions del club el Manacor.\">El Carnaval ha parado la mayor\u00eda de las competiciones de liga del f\u00fatbol base, excepto el <strong>Juvenil A<\/strong> que ha recibido en las instalaciones del club al Manacor.\u00a0<\/span><span title=\"L\u2019equip de Manel Cazorla s\u2019avan\u00e7ava al marcador gr\u00e0cies a un gol de Tom\u00e0s Teruel, per\u00f2 deu minuts despr\u00e9s els balears empataven. \">El equipo de Manel Cazorla se adelantaba en el marcador gracias a un gol de Tom\u00e1s Teruel, pero diez minutos despu\u00e9s los baleares empataban.<\/span><\/div>\n<\/div>\n<\/div>\n<div id=\"gt-res-c\" class=\"g-unit\">\n<div id=\"gt-res-p\">\n<div id=\"gt-res-data\">\n<div id=\"gt-res-wrap\">\n<div id=\"gt-res-content\">\n<div id=\"gt-res-dir-ctr\" class=\"trans-verified-button-small\" dir=\"ltr\">\n<p style=\"text-align: justify;\"><span id=\"result_box\" class=\"\" lang=\"es\"><span title=\"L\u2019empat a un final deixa el N\u00e0stic amb 30 punts a la classificaci\u00f3, sis per damunt de la zona de descens.\">El\u00a01-1\u00a0final deja el N\u00e0stic con 30 puntos en la clasificaci\u00f3n, seis por encima de la zona de descenso.\u00a0<\/span><span title=\"La pr\u00f2xima jornada visita el camp del Gimn\u00e0stic Manresa. \">La pr\u00f3xima jornada visita el campo del Gimn\u00e0stic Manresa.<\/span><\/span><\/p>\n<p style=\"text-align: justify;\"><span title=\"L\u2019Alev\u00ed A, ha jugat la Fase Catalana de la Danone Nations Cup a la Ciutat Esportiva Dani Jarque del RCD Espanyol, i s\u2019ha quedat a les portes de jugar una de les finals.\">El<strong> Alev\u00edn A<\/strong>\u00a0ha jugado la Fase Catalana de la Danone Nations Cup en la Ciudad Deportiva Dani Jarque del RCD Espanyol y se ha quedado a las puertas de jugar una de las finales.\u00a0<\/span><span title=\"Els seus resultats han estat: \">Sus resultados han sido:<br \/>\n<\/span><span title=\"Gimn\u00e0stic - Palam\u00f3s CF 1-1 \">Gimn\u00e0stic &#8211; Palam\u00f3s CF 1-1<br \/>\n<\/span><span title=\"CE Sabadell - Gimn\u00e0stic 3-3 \">CE Sabadell &#8211; Gimn\u00e0stic 3-3<br \/>\n<\/span><span title=\"Gimn\u00e0stic - CF Balaguer 3-0 \">Gimn\u00e0stic &#8211; CF Balaguer 3-0<\/span><\/p>\n<p style=\"text-align: justify;\"><span title=\"L\u2019Alev\u00ed C ha estat a La Floresta jugant la Copa Atlas Energia, on ha arribat a una de les semifinals que ha perdut per penals. \">El <strong>Alev\u00edn C<\/strong> ha\u00a0disputado la Copa Atlas Energia\u00a0en La Floresta, donde ha llegado a una de las semifinales que ha perdido por penaltis.<\/span><\/p>\n<p style=\"text-align: justify;\"><span title=\"L\u2019Infantil B no ha pogut revalidar la vict\u00f2ria al VII Torneig infantil President Ramon Farr\u00fas, organitzat per l\u2019Atl\u00e8tic Segre.\">El <strong>Infantil B<\/strong> no ha podido revalidar la victoria en el VII Torneo infantil Presidente Ramon Farr\u00fas, organizado por el Atl\u00e8tic Segre.\u00a0<\/span><span title=\"A la primera fase, el N\u00e0stic ha quedat per darrere del J\u00e0bac Terrassa i el CD Castell\u00f3, que han estat campi\u00f3 i tercer classificat finalment. \">En la primera fase, el N\u00e0stic ha quedado por detr\u00e1s del J\u00e0bac Terrassa y el CD Castell\u00f3n, que han sido campe\u00f3n y tercer clasificado finalmente.<\/span><\/p>\n<p style=\"text-align: justify;\"><span title=\"A banda d\u2019aquests tornejos, el prebenjam\u00ed A ha estat present a la Trobada organitzada pel CDC Torreforta, on va acabar nov\u00e8;\">Aparte de estos torneos, el <strong>prebenjam\u00edn A<\/strong> ha estado en la Troabada organizada por CDC Torreforta, donde termin\u00f3 noveno;\u00a0<\/span><span title=\"el Benjam\u00ed A i Benjam\u00ed D han disputat el torneig solidari Fundaci\u00f3 Vicente Ferrer, organitzat pel Sant Cugat FC amb l\u2019objectiu de recaptar fons per al Campus Sant Cugat-\u00cdndia;\">el <strong>Benjam\u00edn A<\/strong> y <strong>Benjam\u00edn D<\/strong> han disputado el torneo solidario Fundaci\u00f3n Vicente Ferrer, organizado por Sant Cugat FC con el objetivo de recaudar fondos para el Campus Sant Cugat-India; en Els<\/span><span title=\"als Pallarresos han jugat l'Alev\u00ed D i l'Infantil C ia les instal\u00b7lacions del club s'ha fet una trobada d'equips de l'escola amb el Jes\u00fas i Maria, amb la pres\u00e8ncia de 2 equips prebenjamins, 2 benjamins i\">\u00a0Pallaresos han jugado el <strong>Alev\u00edn D<\/strong> y el <strong>Infantil C<\/strong> y en las instalaciones del club se ha hecho una <strong>Trobada de equipos de la escuela<\/strong> con el Jes\u00fas y Mar\u00eda, con la presencia de 2 equipos prebenjamines, 2 benjamines y\u00a0<\/span><span title=\"2 alevins.\">2 alevines.<\/span><\/p>\n<\/div>\n<p style=\"text-align: justify;\"><img fetchpriority=\"high\" decoding=\"async\" class=\"aligncenter size-full wp-image-132237\" src=\"http:\/\/www.gimnasticdetarragona.cat\/wp-content\/uploads\/2018\/02\/FutbolBase2_web.jpg\" alt=\"FutbolBase2_web\" width=\"1050\" height=\"525\" \/><\/p>\n<\/div>\n<\/div>\n<\/div>\n<\/div>\n<\/div>\n","protected":false},"excerpt":{"rendered":"<p>El Juvenil A con un empate contra el Manacor en partido de liga o los torneos del Atl\u00e8tic Segre, la Danone Nations Cup o la Copa Atlas Energia han sido protagonistas de algunos de los partidos del futbol base del N\u00e0stic del fin de semana.<\/p>\n","protected":false},"author":1,"featured_media":56700,"comment_status":"open","ping_status":"open","sticky":false,"template":"","format":"standard","meta":{"_acf_changed":false,"footnotes":""},"categories":[113,117],"tags":[],"class_list":["post-56703","post","type-post","status-publish","format-standard","has-post-thumbnail","hentry","category-actualidad","category-futbol-base"],"acf":[],"yoast_head":"<!-- This site is optimized with the Yoast SEO plugin v27.3 - https:\/\/yoast.com\/product\/yoast-seo-wordpress\/ -->\n<title>Resultados Planter Grana (10 y 11 de febrero) - Gimn\u00e0stic de Tarragona SAD<\/title>\n<meta name=\"robots\" content=\"index, follow, max-snippet:-1, max-image-preview:large, max-video-preview:-1\" \/>\n<link rel=\"canonical\" href=\"https:\/\/gimnasticdetarragona.cat\/es\/resultats-planter-grana-10-i-11-de-febrer\/\" \/>\n<meta property=\"og:locale\" content=\"es_ES\" \/>\n<meta property=\"og:type\" content=\"article\" \/>\n<meta property=\"og:title\" content=\"Resultados Planter Grana (10 y 11 de febrero) - Gimn\u00e0stic de Tarragona SAD\" \/>\n<meta property=\"og:description\" content=\"El Juvenil A con un empate contra el Manacor en partido de liga o los torneos del Atl\u00e8tic Segre, la Danone Nations Cup o la Copa Atlas Energia han sido protagonistas de algunos de los partidos del futbol base del N\u00e0stic del fin de semana.\" \/>\n<meta property=\"og:url\" content=\"https:\/\/gimnasticdetarragona.cat\/es\/resultats-planter-grana-10-i-11-de-febrer\/\" \/>\n<meta property=\"og:site_name\" content=\"Gimn\u00e0stic de Tarragona SAD\" \/>\n<meta property=\"article:published_time\" content=\"2018-02-12T11:34:19+00:00\" \/>\n<meta property=\"og:image\" content=\"https:\/\/gimnasticdetarragona.cat\/wp-content\/uploads\/2022\/06\/06000654132232.jpg\" \/>\n\t<meta property=\"og:image:width\" content=\"1050\" \/>\n\t<meta property=\"og:image:height\" content=\"525\" \/>\n\t<meta property=\"og:image:type\" content=\"image\/jpeg\" \/>\n<meta name=\"author\" content=\"desarrollo\" \/>\n<meta name=\"twitter:card\" content=\"summary_large_image\" \/>\n<meta name=\"twitter:creator\" content=\"@NASTICTARRAGONA\" \/>\n<meta name=\"twitter:site\" content=\"@NASTICTARRAGONA\" \/>\n<meta name=\"twitter:label1\" content=\"Escrito por\" \/>\n\t<meta name=\"twitter:data1\" content=\"desarrollo\" \/>\n\t<meta name=\"twitter:label2\" content=\"Tiempo de lectura\" \/>\n\t<meta name=\"twitter:data2\" content=\"2 minutos\" \/>\n<script type=\"application\/ld+json\" class=\"yoast-schema-graph\">{\"@context\":\"https:\\\/\\\/schema.org\",\"@graph\":[{\"@type\":\"Article\",\"@id\":\"https:\\\/\\\/gimnasticdetarragona.cat\\\/es\\\/resultats-planter-grana-10-i-11-de-febrer\\\/#article\",\"isPartOf\":{\"@id\":\"https:\\\/\\\/gimnasticdetarragona.cat\\\/es\\\/resultats-planter-grana-10-i-11-de-febrer\\\/\"},\"author\":{\"name\":\"desarrollo\",\"@id\":\"https:\\\/\\\/gimnasticdetarragona.cat\\\/es\\\/#\\\/schema\\\/person\\\/47b6a637abf88f9bd835540f20ea069e\"},\"headline\":\"Resultados Planter Grana (10 y 11 de febrero)\",\"datePublished\":\"2018-02-12T11:34:19+00:00\",\"mainEntityOfPage\":{\"@id\":\"https:\\\/\\\/gimnasticdetarragona.cat\\\/es\\\/resultats-planter-grana-10-i-11-de-febrer\\\/\"},\"wordCount\":331,\"commentCount\":0,\"publisher\":{\"@id\":\"https:\\\/\\\/gimnasticdetarragona.cat\\\/es\\\/#organization\"},\"image\":{\"@id\":\"https:\\\/\\\/gimnasticdetarragona.cat\\\/es\\\/resultats-planter-grana-10-i-11-de-febrer\\\/#primaryimage\"},\"thumbnailUrl\":\"https:\\\/\\\/gimnasticdetarragona.cat\\\/wp-content\\\/uploads\\\/2022\\\/06\\\/06000654132232.jpg\",\"articleSection\":[\"Actualidad\",\"F\u00fatbol Base\"],\"inLanguage\":\"es\"},{\"@type\":\"WebPage\",\"@id\":\"https:\\\/\\\/gimnasticdetarragona.cat\\\/es\\\/resultats-planter-grana-10-i-11-de-febrer\\\/\",\"url\":\"https:\\\/\\\/gimnasticdetarragona.cat\\\/es\\\/resultats-planter-grana-10-i-11-de-febrer\\\/\",\"name\":\"Resultados Planter Grana (10 y 11 de febrero) - Gimn\u00e0stic de Tarragona SAD\",\"isPartOf\":{\"@id\":\"https:\\\/\\\/gimnasticdetarragona.cat\\\/es\\\/#website\"},\"primaryImageOfPage\":{\"@id\":\"https:\\\/\\\/gimnasticdetarragona.cat\\\/es\\\/resultats-planter-grana-10-i-11-de-febrer\\\/#primaryimage\"},\"image\":{\"@id\":\"https:\\\/\\\/gimnasticdetarragona.cat\\\/es\\\/resultats-planter-grana-10-i-11-de-febrer\\\/#primaryimage\"},\"thumbnailUrl\":\"https:\\\/\\\/gimnasticdetarragona.cat\\\/wp-content\\\/uploads\\\/2022\\\/06\\\/06000654132232.jpg\",\"datePublished\":\"2018-02-12T11:34:19+00:00\",\"breadcrumb\":{\"@id\":\"https:\\\/\\\/gimnasticdetarragona.cat\\\/es\\\/resultats-planter-grana-10-i-11-de-febrer\\\/#breadcrumb\"},\"inLanguage\":\"es\",\"potentialAction\":[{\"@type\":\"ReadAction\",\"target\":[\"https:\\\/\\\/gimnasticdetarragona.cat\\\/es\\\/resultats-planter-grana-10-i-11-de-febrer\\\/\"]}]},{\"@type\":\"ImageObject\",\"inLanguage\":\"es\",\"@id\":\"https:\\\/\\\/gimnasticdetarragona.cat\\\/es\\\/resultats-planter-grana-10-i-11-de-febrer\\\/#primaryimage\",\"url\":\"https:\\\/\\\/gimnasticdetarragona.cat\\\/wp-content\\\/uploads\\\/2022\\\/06\\\/06000654132232.jpg\",\"contentUrl\":\"https:\\\/\\\/gimnasticdetarragona.cat\\\/wp-content\\\/uploads\\\/2022\\\/06\\\/06000654132232.jpg\",\"width\":1050,\"height\":525},{\"@type\":\"BreadcrumbList\",\"@id\":\"https:\\\/\\\/gimnasticdetarragona.cat\\\/es\\\/resultats-planter-grana-10-i-11-de-febrer\\\/#breadcrumb\",\"itemListElement\":[{\"@type\":\"ListItem\",\"position\":1,\"name\":\"Inici\",\"item\":\"https:\\\/\\\/gimnasticdetarragona.cat\\\/es\\\/nastic\\\/\"},{\"@type\":\"ListItem\",\"position\":2,\"name\":\"Resultados Planter Grana (10 y 11 de febrero)\"}]},{\"@type\":\"WebSite\",\"@id\":\"https:\\\/\\\/gimnasticdetarragona.cat\\\/es\\\/#website\",\"url\":\"https:\\\/\\\/gimnasticdetarragona.cat\\\/es\\\/\",\"name\":\"Gimn\u00e0stic de Tarragona SAD\",\"description\":\"Gimn\u00e0stic de Tarragona\",\"publisher\":{\"@id\":\"https:\\\/\\\/gimnasticdetarragona.cat\\\/es\\\/#organization\"},\"potentialAction\":[{\"@type\":\"SearchAction\",\"target\":{\"@type\":\"EntryPoint\",\"urlTemplate\":\"https:\\\/\\\/gimnasticdetarragona.cat\\\/es\\\/?s={search_term_string}\"},\"query-input\":{\"@type\":\"PropertyValueSpecification\",\"valueRequired\":true,\"valueName\":\"search_term_string\"}}],\"inLanguage\":\"es\"},{\"@type\":\"Organization\",\"@id\":\"https:\\\/\\\/gimnasticdetarragona.cat\\\/es\\\/#organization\",\"name\":\"GIMN\u00c0STIC DE TARRAGONA\",\"alternateName\":\"N\u00c0STIC\",\"url\":\"https:\\\/\\\/gimnasticdetarragona.cat\\\/es\\\/\",\"logo\":{\"@type\":\"ImageObject\",\"inLanguage\":\"es\",\"@id\":\"https:\\\/\\\/gimnasticdetarragona.cat\\\/es\\\/#\\\/schema\\\/logo\\\/image\\\/\",\"url\":\"https:\\\/\\\/gimnasticdetarragona.cat\\\/wp-content\\\/uploads\\\/2022\\\/06\\\/cropped-logo-gimnastic.png\",\"contentUrl\":\"https:\\\/\\\/gimnasticdetarragona.cat\\\/wp-content\\\/uploads\\\/2022\\\/06\\\/cropped-logo-gimnastic.png\",\"width\":224,\"height\":83,\"caption\":\"GIMN\u00c0STIC DE TARRAGONA\"},\"image\":{\"@id\":\"https:\\\/\\\/gimnasticdetarragona.cat\\\/es\\\/#\\\/schema\\\/logo\\\/image\\\/\"},\"sameAs\":[\"https:\\\/\\\/x.com\\\/NASTICTARRAGONA\",\"https:\\\/\\\/www.instagram.com\\\/nastictarragona\\\/\"]},{\"@type\":\"Person\",\"@id\":\"https:\\\/\\\/gimnasticdetarragona.cat\\\/es\\\/#\\\/schema\\\/person\\\/47b6a637abf88f9bd835540f20ea069e\",\"name\":\"desarrollo\",\"sameAs\":[\"https:\\\/\\\/clone.gimnasticdetarragona.cat\"]}]}<\/script>\n<!-- \/ Yoast SEO plugin. -->","yoast_head_json":{"title":"Resultados Planter Grana (10 y 11 de febrero) - Gimn\u00e0stic de Tarragona SAD","robots":{"index":"index","follow":"follow","max-snippet":"max-snippet:-1","max-image-preview":"max-image-preview:large","max-video-preview":"max-video-preview:-1"},"canonical":"https:\/\/gimnasticdetarragona.cat\/es\/resultats-planter-grana-10-i-11-de-febrer\/","og_locale":"es_ES","og_type":"article","og_title":"Resultados Planter Grana (10 y 11 de febrero) - Gimn\u00e0stic de Tarragona SAD","og_description":"El Juvenil A con un empate contra el Manacor en partido de liga o los torneos del Atl\u00e8tic Segre, la Danone Nations Cup o la Copa Atlas Energia han sido protagonistas de algunos de los partidos del futbol base del N\u00e0stic del fin de semana.","og_url":"https:\/\/gimnasticdetarragona.cat\/es\/resultats-planter-grana-10-i-11-de-febrer\/","og_site_name":"Gimn\u00e0stic de Tarragona SAD","article_published_time":"2018-02-12T11:34:19+00:00","og_image":[{"width":1050,"height":525,"url":"https:\/\/gimnasticdetarragona.cat\/wp-content\/uploads\/2022\/06\/06000654132232.jpg","type":"image\/jpeg"}],"author":"desarrollo","twitter_card":"summary_large_image","twitter_creator":"@NASTICTARRAGONA","twitter_site":"@NASTICTARRAGONA","twitter_misc":{"Escrito por":"desarrollo","Tiempo de lectura":"2 minutos"},"schema":{"@context":"https:\/\/schema.org","@graph":[{"@type":"Article","@id":"https:\/\/gimnasticdetarragona.cat\/es\/resultats-planter-grana-10-i-11-de-febrer\/#article","isPartOf":{"@id":"https:\/\/gimnasticdetarragona.cat\/es\/resultats-planter-grana-10-i-11-de-febrer\/"},"author":{"name":"desarrollo","@id":"https:\/\/gimnasticdetarragona.cat\/es\/#\/schema\/person\/47b6a637abf88f9bd835540f20ea069e"},"headline":"Resultados Planter Grana (10 y 11 de febrero)","datePublished":"2018-02-12T11:34:19+00:00","mainEntityOfPage":{"@id":"https:\/\/gimnasticdetarragona.cat\/es\/resultats-planter-grana-10-i-11-de-febrer\/"},"wordCount":331,"commentCount":0,"publisher":{"@id":"https:\/\/gimnasticdetarragona.cat\/es\/#organization"},"image":{"@id":"https:\/\/gimnasticdetarragona.cat\/es\/resultats-planter-grana-10-i-11-de-febrer\/#primaryimage"},"thumbnailUrl":"https:\/\/gimnasticdetarragona.cat\/wp-content\/uploads\/2022\/06\/06000654132232.jpg","articleSection":["Actualidad","F\u00fatbol Base"],"inLanguage":"es"},{"@type":"WebPage","@id":"https:\/\/gimnasticdetarragona.cat\/es\/resultats-planter-grana-10-i-11-de-febrer\/","url":"https:\/\/gimnasticdetarragona.cat\/es\/resultats-planter-grana-10-i-11-de-febrer\/","name":"Resultados Planter Grana (10 y 11 de febrero) - Gimn\u00e0stic de Tarragona SAD","isPartOf":{"@id":"https:\/\/gimnasticdetarragona.cat\/es\/#website"},"primaryImageOfPage":{"@id":"https:\/\/gimnasticdetarragona.cat\/es\/resultats-planter-grana-10-i-11-de-febrer\/#primaryimage"},"image":{"@id":"https:\/\/gimnasticdetarragona.cat\/es\/resultats-planter-grana-10-i-11-de-febrer\/#primaryimage"},"thumbnailUrl":"https:\/\/gimnasticdetarragona.cat\/wp-content\/uploads\/2022\/06\/06000654132232.jpg","datePublished":"2018-02-12T11:34:19+00:00","breadcrumb":{"@id":"https:\/\/gimnasticdetarragona.cat\/es\/resultats-planter-grana-10-i-11-de-febrer\/#breadcrumb"},"inLanguage":"es","potentialAction":[{"@type":"ReadAction","target":["https:\/\/gimnasticdetarragona.cat\/es\/resultats-planter-grana-10-i-11-de-febrer\/"]}]},{"@type":"ImageObject","inLanguage":"es","@id":"https:\/\/gimnasticdetarragona.cat\/es\/resultats-planter-grana-10-i-11-de-febrer\/#primaryimage","url":"https:\/\/gimnasticdetarragona.cat\/wp-content\/uploads\/2022\/06\/06000654132232.jpg","contentUrl":"https:\/\/gimnasticdetarragona.cat\/wp-content\/uploads\/2022\/06\/06000654132232.jpg","width":1050,"height":525},{"@type":"BreadcrumbList","@id":"https:\/\/gimnasticdetarragona.cat\/es\/resultats-planter-grana-10-i-11-de-febrer\/#breadcrumb","itemListElement":[{"@type":"ListItem","position":1,"name":"Inici","item":"https:\/\/gimnasticdetarragona.cat\/es\/nastic\/"},{"@type":"ListItem","position":2,"name":"Resultados Planter Grana (10 y 11 de febrero)"}]},{"@type":"WebSite","@id":"https:\/\/gimnasticdetarragona.cat\/es\/#website","url":"https:\/\/gimnasticdetarragona.cat\/es\/","name":"Gimn\u00e0stic de Tarragona SAD","description":"Gimn\u00e0stic de Tarragona","publisher":{"@id":"https:\/\/gimnasticdetarragona.cat\/es\/#organization"},"potentialAction":[{"@type":"SearchAction","target":{"@type":"EntryPoint","urlTemplate":"https:\/\/gimnasticdetarragona.cat\/es\/?s={search_term_string}"},"query-input":{"@type":"PropertyValueSpecification","valueRequired":true,"valueName":"search_term_string"}}],"inLanguage":"es"},{"@type":"Organization","@id":"https:\/\/gimnasticdetarragona.cat\/es\/#organization","name":"GIMN\u00c0STIC DE TARRAGONA","alternateName":"N\u00c0STIC","url":"https:\/\/gimnasticdetarragona.cat\/es\/","logo":{"@type":"ImageObject","inLanguage":"es","@id":"https:\/\/gimnasticdetarragona.cat\/es\/#\/schema\/logo\/image\/","url":"https:\/\/gimnasticdetarragona.cat\/wp-content\/uploads\/2022\/06\/cropped-logo-gimnastic.png","contentUrl":"https:\/\/gimnasticdetarragona.cat\/wp-content\/uploads\/2022\/06\/cropped-logo-gimnastic.png","width":224,"height":83,"caption":"GIMN\u00c0STIC DE TARRAGONA"},"image":{"@id":"https:\/\/gimnasticdetarragona.cat\/es\/#\/schema\/logo\/image\/"},"sameAs":["https:\/\/x.com\/NASTICTARRAGONA","https:\/\/www.instagram.com\/nastictarragona\/"]},{"@type":"Person","@id":"https:\/\/gimnasticdetarragona.cat\/es\/#\/schema\/person\/47b6a637abf88f9bd835540f20ea069e","name":"desarrollo","sameAs":["https:\/\/clone.gimnasticdetarragona.cat"]}]}},"_links":{"self":[{"href":"https:\/\/gimnasticdetarragona.cat\/es\/wp-json\/wp\/v2\/posts\/56703","targetHints":{"allow":["GET"]}}],"collection":[{"href":"https:\/\/gimnasticdetarragona.cat\/es\/wp-json\/wp\/v2\/posts"}],"about":[{"href":"https:\/\/gimnasticdetarragona.cat\/es\/wp-json\/wp\/v2\/types\/post"}],"author":[{"embeddable":true,"href":"https:\/\/gimnasticdetarragona.cat\/es\/wp-json\/wp\/v2\/users\/1"}],"replies":[{"embeddable":true,"href":"https:\/\/gimnasticdetarragona.cat\/es\/wp-json\/wp\/v2\/comments?post=56703"}],"version-history":[{"count":0,"href":"https:\/\/gimnasticdetarragona.cat\/es\/wp-json\/wp\/v2\/posts\/56703\/revisions"}],"wp:featuredmedia":[{"embeddable":true,"href":"https:\/\/gimnasticdetarragona.cat\/es\/wp-json\/wp\/v2\/media\/56700"}],"wp:attachment":[{"href":"https:\/\/gimnasticdetarragona.cat\/es\/wp-json\/wp\/v2\/media?parent=56703"}],"wp:term":[{"taxonomy":"category","embeddable":true,"href":"https:\/\/gimnasticdetarragona.cat\/es\/wp-json\/wp\/v2\/categories?post=56703"},{"taxonomy":"post_tag","embeddable":true,"href":"https:\/\/gimnasticdetarragona.cat\/es\/wp-json\/wp\/v2\/tags?post=56703"}],"curies":[{"name":"wp","href":"https:\/\/api.w.org\/{rel}","templated":true}]}}