{"id":56731,"date":"2018-02-06T16:35:14","date_gmt":"2018-02-06T16:35:14","guid":{"rendered":"https:\/\/clone.gimnasticdetarragona.cat\/el-nastic-visita-la-fundacio-onada-amb-el-bbva-cx-junts-creixem\/"},"modified":"2018-02-06T16:35:14","modified_gmt":"2018-02-06T16:35:14","slug":"el-nastic-visita-la-fundacio-onada-amb-el-bbva-cx-junts-creixem","status":"publish","type":"post","link":"https:\/\/gimnasticdetarragona.cat\/es\/el-nastic-visita-la-fundacio-onada-amb-el-bbva-cx-junts-creixem\/","title":{"rendered":"El N\u00e0stic visita la Fundaci\u00f3 Onada con el BBVA CX Junts Creixem!"},"content":{"rendered":"<p style=\"text-align: justify;\">El presidente, Josep Maria Andreu, y los jugadores Maikel Mesa, Fali, Dumitru Cardoso y Perales se han acercado hasta la Fundaci\u00f3n Onada para compartir un rato de alegr\u00eda con todos los usuarios nastiquers del centro centro social situado en el barrio tarraconense de Camp-Clar .<\/p>\n<p style=\"text-align: justify;\">Aparte de las tradicionales fotograf\u00edas y firmas de aut\u00f3grafos, el N\u00e0stic Genuine tambi\u00e9n ha sumado un nuevo jugador a su equipo. Uno de los usuarios del centro, H\u00e9ctor, le ha manifestado al presidente grana sus ganas de sumarse al \u00abmejor equipo de la historia del N\u00e0stic\u00bb y pr\u00f3ximamente se unir\u00e1 a los entrenamientos del Genuine. Durante la visita, el jugador Fali ha sido protagonista para bailar flamenco con Silvia, una de las chicas que forma parte de Fundaci\u00f3n Onada.<\/p>\n<p style=\"text-align: justify;\">Entre la comitiva grana, tambi\u00e9n ha estado presente el consejero, Antoni Vallverd\u00fa; el responsable del \u00c1rea Social, Jordi Ruiz; y el miembro del cuerpo t\u00e9cnico, Manolo Martinez. Adem\u00e1s, tambi\u00e9n cabe destacar la asistencia del director de la oficina de BBVA en la Rambla Nova, Albert Pu\u00f1et.<\/p>\n<p style=\"text-align: justify;\">Este visita se enmarca dentro del nuevo proyecto social grana para esta temporada 2017-2018, el BBVA CX Junts Creixem! En las pr\u00f3ximas fechas se realizar\u00e1n nuevas acciones sociales con entidades y fundaciones que colaboran anualmente con el Gimn\u00e0stic de Tarragona, SAD.<\/p>\n","protected":false},"excerpt":{"rendered":"<p>El presidente, Josep Maria Andreu, y los jugadores Maikel Mesa, Fali, Dumitru Cardoso y Perales se han acercado hasta la Fundaci\u00f3n Onada para compartir un rato de alegr\u00eda con todos los usuarios nastiquers del centro centro social situado en el barrio tarraconense de Camp-Clar .<\/p>\n","protected":false},"author":1,"featured_media":56728,"comment_status":"open","ping_status":"open","sticky":false,"template":"","format":"standard","meta":{"_acf_changed":false,"footnotes":""},"categories":[113,139],"tags":[],"class_list":["post-56731","post","type-post","status-publish","format-standard","has-post-thumbnail","hentry","category-actualidad","category-social"],"acf":[],"yoast_head":"<!-- This site is optimized with the Yoast SEO plugin v27.3 - https:\/\/yoast.com\/product\/yoast-seo-wordpress\/ -->\n<title>El N\u00e0stic visita la Fundaci\u00f3 Onada con el BBVA CX Junts Creixem! - Gimn\u00e0stic de Tarragona SAD<\/title>\n<meta name=\"robots\" content=\"index, follow, max-snippet:-1, max-image-preview:large, max-video-preview:-1\" \/>\n<link rel=\"canonical\" href=\"https:\/\/gimnasticdetarragona.cat\/es\/el-nastic-visita-la-fundacio-onada-amb-el-bbva-cx-junts-creixem\/\" \/>\n<meta property=\"og:locale\" content=\"es_ES\" \/>\n<meta property=\"og:type\" content=\"article\" \/>\n<meta property=\"og:title\" content=\"El N\u00e0stic visita la Fundaci\u00f3 Onada con el BBVA CX Junts Creixem! - Gimn\u00e0stic de Tarragona SAD\" \/>\n<meta property=\"og:description\" content=\"El presidente, Josep Maria Andreu, y los jugadores Maikel Mesa, Fali, Dumitru Cardoso y Perales se han acercado hasta la Fundaci\u00f3n Onada para compartir un rato de alegr\u00eda con todos los usuarios nastiquers del centro centro social situado en el barrio tarraconense de Camp-Clar .\" \/>\n<meta property=\"og:url\" content=\"https:\/\/gimnasticdetarragona.cat\/es\/el-nastic-visita-la-fundacio-onada-amb-el-bbva-cx-junts-creixem\/\" \/>\n<meta property=\"og:site_name\" content=\"Gimn\u00e0stic de Tarragona SAD\" \/>\n<meta property=\"article:published_time\" content=\"2018-02-06T16:35:14+00:00\" \/>\n<meta property=\"og:image\" content=\"https:\/\/gimnasticdetarragona.cat\/wp-content\/uploads\/2022\/06\/06000644132059.jpg\" \/>\n\t<meta property=\"og:image:width\" content=\"640\" \/>\n\t<meta property=\"og:image:height\" content=\"427\" \/>\n\t<meta property=\"og:image:type\" content=\"image\/jpeg\" \/>\n<meta name=\"author\" content=\"desarrollo\" \/>\n<meta name=\"twitter:card\" content=\"summary_large_image\" \/>\n<meta name=\"twitter:creator\" content=\"@NASTICTARRAGONA\" \/>\n<meta name=\"twitter:site\" content=\"@NASTICTARRAGONA\" \/>\n<meta name=\"twitter:label1\" content=\"Escrito por\" \/>\n\t<meta name=\"twitter:data1\" content=\"desarrollo\" \/>\n\t<meta name=\"twitter:label2\" content=\"Tiempo de lectura\" \/>\n\t<meta name=\"twitter:data2\" content=\"1 minuto\" \/>\n<script type=\"application\/ld+json\" class=\"yoast-schema-graph\">{\"@context\":\"https:\\\/\\\/schema.org\",\"@graph\":[{\"@type\":\"Article\",\"@id\":\"https:\\\/\\\/gimnasticdetarragona.cat\\\/es\\\/el-nastic-visita-la-fundacio-onada-amb-el-bbva-cx-junts-creixem\\\/#article\",\"isPartOf\":{\"@id\":\"https:\\\/\\\/gimnasticdetarragona.cat\\\/es\\\/el-nastic-visita-la-fundacio-onada-amb-el-bbva-cx-junts-creixem\\\/\"},\"author\":{\"name\":\"desarrollo\",\"@id\":\"https:\\\/\\\/gimnasticdetarragona.cat\\\/es\\\/#\\\/schema\\\/person\\\/47b6a637abf88f9bd835540f20ea069e\"},\"headline\":\"El N\u00e0stic visita la Fundaci\u00f3 Onada con el BBVA CX Junts Creixem!\",\"datePublished\":\"2018-02-06T16:35:14+00:00\",\"mainEntityOfPage\":{\"@id\":\"https:\\\/\\\/gimnasticdetarragona.cat\\\/es\\\/el-nastic-visita-la-fundacio-onada-amb-el-bbva-cx-junts-creixem\\\/\"},\"wordCount\":241,\"commentCount\":0,\"publisher\":{\"@id\":\"https:\\\/\\\/gimnasticdetarragona.cat\\\/es\\\/#organization\"},\"image\":{\"@id\":\"https:\\\/\\\/gimnasticdetarragona.cat\\\/es\\\/el-nastic-visita-la-fundacio-onada-amb-el-bbva-cx-junts-creixem\\\/#primaryimage\"},\"thumbnailUrl\":\"https:\\\/\\\/gimnasticdetarragona.cat\\\/wp-content\\\/uploads\\\/2022\\\/06\\\/06000644132059.jpg\",\"articleSection\":[\"Actualidad\",\"Social\"],\"inLanguage\":\"es\"},{\"@type\":\"WebPage\",\"@id\":\"https:\\\/\\\/gimnasticdetarragona.cat\\\/es\\\/el-nastic-visita-la-fundacio-onada-amb-el-bbva-cx-junts-creixem\\\/\",\"url\":\"https:\\\/\\\/gimnasticdetarragona.cat\\\/es\\\/el-nastic-visita-la-fundacio-onada-amb-el-bbva-cx-junts-creixem\\\/\",\"name\":\"El N\u00e0stic visita la Fundaci\u00f3 Onada con el BBVA CX Junts Creixem! - Gimn\u00e0stic de Tarragona SAD\",\"isPartOf\":{\"@id\":\"https:\\\/\\\/gimnasticdetarragona.cat\\\/es\\\/#website\"},\"primaryImageOfPage\":{\"@id\":\"https:\\\/\\\/gimnasticdetarragona.cat\\\/es\\\/el-nastic-visita-la-fundacio-onada-amb-el-bbva-cx-junts-creixem\\\/#primaryimage\"},\"image\":{\"@id\":\"https:\\\/\\\/gimnasticdetarragona.cat\\\/es\\\/el-nastic-visita-la-fundacio-onada-amb-el-bbva-cx-junts-creixem\\\/#primaryimage\"},\"thumbnailUrl\":\"https:\\\/\\\/gimnasticdetarragona.cat\\\/wp-content\\\/uploads\\\/2022\\\/06\\\/06000644132059.jpg\",\"datePublished\":\"2018-02-06T16:35:14+00:00\",\"breadcrumb\":{\"@id\":\"https:\\\/\\\/gimnasticdetarragona.cat\\\/es\\\/el-nastic-visita-la-fundacio-onada-amb-el-bbva-cx-junts-creixem\\\/#breadcrumb\"},\"inLanguage\":\"es\",\"potentialAction\":[{\"@type\":\"ReadAction\",\"target\":[\"https:\\\/\\\/gimnasticdetarragona.cat\\\/es\\\/el-nastic-visita-la-fundacio-onada-amb-el-bbva-cx-junts-creixem\\\/\"]}]},{\"@type\":\"ImageObject\",\"inLanguage\":\"es\",\"@id\":\"https:\\\/\\\/gimnasticdetarragona.cat\\\/es\\\/el-nastic-visita-la-fundacio-onada-amb-el-bbva-cx-junts-creixem\\\/#primaryimage\",\"url\":\"https:\\\/\\\/gimnasticdetarragona.cat\\\/wp-content\\\/uploads\\\/2022\\\/06\\\/06000644132059.jpg\",\"contentUrl\":\"https:\\\/\\\/gimnasticdetarragona.cat\\\/wp-content\\\/uploads\\\/2022\\\/06\\\/06000644132059.jpg\",\"width\":640,\"height\":427},{\"@type\":\"BreadcrumbList\",\"@id\":\"https:\\\/\\\/gimnasticdetarragona.cat\\\/es\\\/el-nastic-visita-la-fundacio-onada-amb-el-bbva-cx-junts-creixem\\\/#breadcrumb\",\"itemListElement\":[{\"@type\":\"ListItem\",\"position\":1,\"name\":\"Inici\",\"item\":\"https:\\\/\\\/gimnasticdetarragona.cat\\\/es\\\/nastic\\\/\"},{\"@type\":\"ListItem\",\"position\":2,\"name\":\"El N\u00e0stic visita la Fundaci\u00f3 Onada con el BBVA CX Junts Creixem!\"}]},{\"@type\":\"WebSite\",\"@id\":\"https:\\\/\\\/gimnasticdetarragona.cat\\\/es\\\/#website\",\"url\":\"https:\\\/\\\/gimnasticdetarragona.cat\\\/es\\\/\",\"name\":\"Gimn\u00e0stic de Tarragona SAD\",\"description\":\"Gimn\u00e0stic de Tarragona\",\"publisher\":{\"@id\":\"https:\\\/\\\/gimnasticdetarragona.cat\\\/es\\\/#organization\"},\"potentialAction\":[{\"@type\":\"SearchAction\",\"target\":{\"@type\":\"EntryPoint\",\"urlTemplate\":\"https:\\\/\\\/gimnasticdetarragona.cat\\\/es\\\/?s={search_term_string}\"},\"query-input\":{\"@type\":\"PropertyValueSpecification\",\"valueRequired\":true,\"valueName\":\"search_term_string\"}}],\"inLanguage\":\"es\"},{\"@type\":\"Organization\",\"@id\":\"https:\\\/\\\/gimnasticdetarragona.cat\\\/es\\\/#organization\",\"name\":\"GIMN\u00c0STIC DE TARRAGONA\",\"alternateName\":\"N\u00c0STIC\",\"url\":\"https:\\\/\\\/gimnasticdetarragona.cat\\\/es\\\/\",\"logo\":{\"@type\":\"ImageObject\",\"inLanguage\":\"es\",\"@id\":\"https:\\\/\\\/gimnasticdetarragona.cat\\\/es\\\/#\\\/schema\\\/logo\\\/image\\\/\",\"url\":\"https:\\\/\\\/gimnasticdetarragona.cat\\\/wp-content\\\/uploads\\\/2022\\\/06\\\/cropped-logo-gimnastic.png\",\"contentUrl\":\"https:\\\/\\\/gimnasticdetarragona.cat\\\/wp-content\\\/uploads\\\/2022\\\/06\\\/cropped-logo-gimnastic.png\",\"width\":224,\"height\":83,\"caption\":\"GIMN\u00c0STIC DE TARRAGONA\"},\"image\":{\"@id\":\"https:\\\/\\\/gimnasticdetarragona.cat\\\/es\\\/#\\\/schema\\\/logo\\\/image\\\/\"},\"sameAs\":[\"https:\\\/\\\/x.com\\\/NASTICTARRAGONA\",\"https:\\\/\\\/www.instagram.com\\\/nastictarragona\\\/\"]},{\"@type\":\"Person\",\"@id\":\"https:\\\/\\\/gimnasticdetarragona.cat\\\/es\\\/#\\\/schema\\\/person\\\/47b6a637abf88f9bd835540f20ea069e\",\"name\":\"desarrollo\",\"sameAs\":[\"https:\\\/\\\/clone.gimnasticdetarragona.cat\"]}]}<\/script>\n<!-- \/ Yoast SEO plugin. -->","yoast_head_json":{"title":"El N\u00e0stic visita la Fundaci\u00f3 Onada con el BBVA CX Junts Creixem! - Gimn\u00e0stic de Tarragona SAD","robots":{"index":"index","follow":"follow","max-snippet":"max-snippet:-1","max-image-preview":"max-image-preview:large","max-video-preview":"max-video-preview:-1"},"canonical":"https:\/\/gimnasticdetarragona.cat\/es\/el-nastic-visita-la-fundacio-onada-amb-el-bbva-cx-junts-creixem\/","og_locale":"es_ES","og_type":"article","og_title":"El N\u00e0stic visita la Fundaci\u00f3 Onada con el BBVA CX Junts Creixem! - Gimn\u00e0stic de Tarragona SAD","og_description":"El presidente, Josep Maria Andreu, y los jugadores Maikel Mesa, Fali, Dumitru Cardoso y Perales se han acercado hasta la Fundaci\u00f3n Onada para compartir un rato de alegr\u00eda con todos los usuarios nastiquers del centro centro social situado en el barrio tarraconense de Camp-Clar .","og_url":"https:\/\/gimnasticdetarragona.cat\/es\/el-nastic-visita-la-fundacio-onada-amb-el-bbva-cx-junts-creixem\/","og_site_name":"Gimn\u00e0stic de Tarragona SAD","article_published_time":"2018-02-06T16:35:14+00:00","og_image":[{"width":640,"height":427,"url":"https:\/\/gimnasticdetarragona.cat\/wp-content\/uploads\/2022\/06\/06000644132059.jpg","type":"image\/jpeg"}],"author":"desarrollo","twitter_card":"summary_large_image","twitter_creator":"@NASTICTARRAGONA","twitter_site":"@NASTICTARRAGONA","twitter_misc":{"Escrito por":"desarrollo","Tiempo de lectura":"1 minuto"},"schema":{"@context":"https:\/\/schema.org","@graph":[{"@type":"Article","@id":"https:\/\/gimnasticdetarragona.cat\/es\/el-nastic-visita-la-fundacio-onada-amb-el-bbva-cx-junts-creixem\/#article","isPartOf":{"@id":"https:\/\/gimnasticdetarragona.cat\/es\/el-nastic-visita-la-fundacio-onada-amb-el-bbva-cx-junts-creixem\/"},"author":{"name":"desarrollo","@id":"https:\/\/gimnasticdetarragona.cat\/es\/#\/schema\/person\/47b6a637abf88f9bd835540f20ea069e"},"headline":"El N\u00e0stic visita la Fundaci\u00f3 Onada con el BBVA CX Junts Creixem!","datePublished":"2018-02-06T16:35:14+00:00","mainEntityOfPage":{"@id":"https:\/\/gimnasticdetarragona.cat\/es\/el-nastic-visita-la-fundacio-onada-amb-el-bbva-cx-junts-creixem\/"},"wordCount":241,"commentCount":0,"publisher":{"@id":"https:\/\/gimnasticdetarragona.cat\/es\/#organization"},"image":{"@id":"https:\/\/gimnasticdetarragona.cat\/es\/el-nastic-visita-la-fundacio-onada-amb-el-bbva-cx-junts-creixem\/#primaryimage"},"thumbnailUrl":"https:\/\/gimnasticdetarragona.cat\/wp-content\/uploads\/2022\/06\/06000644132059.jpg","articleSection":["Actualidad","Social"],"inLanguage":"es"},{"@type":"WebPage","@id":"https:\/\/gimnasticdetarragona.cat\/es\/el-nastic-visita-la-fundacio-onada-amb-el-bbva-cx-junts-creixem\/","url":"https:\/\/gimnasticdetarragona.cat\/es\/el-nastic-visita-la-fundacio-onada-amb-el-bbva-cx-junts-creixem\/","name":"El N\u00e0stic visita la Fundaci\u00f3 Onada con el BBVA CX Junts Creixem! - Gimn\u00e0stic de Tarragona SAD","isPartOf":{"@id":"https:\/\/gimnasticdetarragona.cat\/es\/#website"},"primaryImageOfPage":{"@id":"https:\/\/gimnasticdetarragona.cat\/es\/el-nastic-visita-la-fundacio-onada-amb-el-bbva-cx-junts-creixem\/#primaryimage"},"image":{"@id":"https:\/\/gimnasticdetarragona.cat\/es\/el-nastic-visita-la-fundacio-onada-amb-el-bbva-cx-junts-creixem\/#primaryimage"},"thumbnailUrl":"https:\/\/gimnasticdetarragona.cat\/wp-content\/uploads\/2022\/06\/06000644132059.jpg","datePublished":"2018-02-06T16:35:14+00:00","breadcrumb":{"@id":"https:\/\/gimnasticdetarragona.cat\/es\/el-nastic-visita-la-fundacio-onada-amb-el-bbva-cx-junts-creixem\/#breadcrumb"},"inLanguage":"es","potentialAction":[{"@type":"ReadAction","target":["https:\/\/gimnasticdetarragona.cat\/es\/el-nastic-visita-la-fundacio-onada-amb-el-bbva-cx-junts-creixem\/"]}]},{"@type":"ImageObject","inLanguage":"es","@id":"https:\/\/gimnasticdetarragona.cat\/es\/el-nastic-visita-la-fundacio-onada-amb-el-bbva-cx-junts-creixem\/#primaryimage","url":"https:\/\/gimnasticdetarragona.cat\/wp-content\/uploads\/2022\/06\/06000644132059.jpg","contentUrl":"https:\/\/gimnasticdetarragona.cat\/wp-content\/uploads\/2022\/06\/06000644132059.jpg","width":640,"height":427},{"@type":"BreadcrumbList","@id":"https:\/\/gimnasticdetarragona.cat\/es\/el-nastic-visita-la-fundacio-onada-amb-el-bbva-cx-junts-creixem\/#breadcrumb","itemListElement":[{"@type":"ListItem","position":1,"name":"Inici","item":"https:\/\/gimnasticdetarragona.cat\/es\/nastic\/"},{"@type":"ListItem","position":2,"name":"El N\u00e0stic visita la Fundaci\u00f3 Onada con el BBVA CX Junts Creixem!"}]},{"@type":"WebSite","@id":"https:\/\/gimnasticdetarragona.cat\/es\/#website","url":"https:\/\/gimnasticdetarragona.cat\/es\/","name":"Gimn\u00e0stic de Tarragona SAD","description":"Gimn\u00e0stic de Tarragona","publisher":{"@id":"https:\/\/gimnasticdetarragona.cat\/es\/#organization"},"potentialAction":[{"@type":"SearchAction","target":{"@type":"EntryPoint","urlTemplate":"https:\/\/gimnasticdetarragona.cat\/es\/?s={search_term_string}"},"query-input":{"@type":"PropertyValueSpecification","valueRequired":true,"valueName":"search_term_string"}}],"inLanguage":"es"},{"@type":"Organization","@id":"https:\/\/gimnasticdetarragona.cat\/es\/#organization","name":"GIMN\u00c0STIC DE TARRAGONA","alternateName":"N\u00c0STIC","url":"https:\/\/gimnasticdetarragona.cat\/es\/","logo":{"@type":"ImageObject","inLanguage":"es","@id":"https:\/\/gimnasticdetarragona.cat\/es\/#\/schema\/logo\/image\/","url":"https:\/\/gimnasticdetarragona.cat\/wp-content\/uploads\/2022\/06\/cropped-logo-gimnastic.png","contentUrl":"https:\/\/gimnasticdetarragona.cat\/wp-content\/uploads\/2022\/06\/cropped-logo-gimnastic.png","width":224,"height":83,"caption":"GIMN\u00c0STIC DE TARRAGONA"},"image":{"@id":"https:\/\/gimnasticdetarragona.cat\/es\/#\/schema\/logo\/image\/"},"sameAs":["https:\/\/x.com\/NASTICTARRAGONA","https:\/\/www.instagram.com\/nastictarragona\/"]},{"@type":"Person","@id":"https:\/\/gimnasticdetarragona.cat\/es\/#\/schema\/person\/47b6a637abf88f9bd835540f20ea069e","name":"desarrollo","sameAs":["https:\/\/clone.gimnasticdetarragona.cat"]}]}},"_links":{"self":[{"href":"https:\/\/gimnasticdetarragona.cat\/es\/wp-json\/wp\/v2\/posts\/56731","targetHints":{"allow":["GET"]}}],"collection":[{"href":"https:\/\/gimnasticdetarragona.cat\/es\/wp-json\/wp\/v2\/posts"}],"about":[{"href":"https:\/\/gimnasticdetarragona.cat\/es\/wp-json\/wp\/v2\/types\/post"}],"author":[{"embeddable":true,"href":"https:\/\/gimnasticdetarragona.cat\/es\/wp-json\/wp\/v2\/users\/1"}],"replies":[{"embeddable":true,"href":"https:\/\/gimnasticdetarragona.cat\/es\/wp-json\/wp\/v2\/comments?post=56731"}],"version-history":[{"count":0,"href":"https:\/\/gimnasticdetarragona.cat\/es\/wp-json\/wp\/v2\/posts\/56731\/revisions"}],"wp:featuredmedia":[{"embeddable":true,"href":"https:\/\/gimnasticdetarragona.cat\/es\/wp-json\/wp\/v2\/media\/56728"}],"wp:attachment":[{"href":"https:\/\/gimnasticdetarragona.cat\/es\/wp-json\/wp\/v2\/media?parent=56731"}],"wp:term":[{"taxonomy":"category","embeddable":true,"href":"https:\/\/gimnasticdetarragona.cat\/es\/wp-json\/wp\/v2\/categories?post=56731"},{"taxonomy":"post_tag","embeddable":true,"href":"https:\/\/gimnasticdetarragona.cat\/es\/wp-json\/wp\/v2\/tags?post=56731"}],"curies":[{"name":"wp","href":"https:\/\/api.w.org\/{rel}","templated":true}]}}