{"id":57216,"date":"2017-12-10T21:34:32","date_gmt":"2017-12-10T21:34:32","guid":{"rendered":"https:\/\/clone.gimnasticdetarragona.cat\/nastic-2-1-sevilla-atletico\/"},"modified":"2017-12-10T21:34:32","modified_gmt":"2017-12-10T21:34:32","slug":"nastic-2-1-sevilla-atletico","status":"publish","type":"post","link":"https:\/\/gimnasticdetarragona.cat\/es\/nastic-2-1-sevilla-atletico\/","title":{"rendered":"N\u00e0stic 2 \u2013 1 Sevilla Atl\u00e9tico"},"content":{"rendered":"<p style=\"text-align: justify;\">El N\u00e0stic se ha reencontrado con la victoria en el Nou Estadi gracias a dos goles de Maikel Mesa y Xavi Molina en la primera parte del partido contra el Sevilla Atl\u00e9tico. La victoria sirve al equipo de Rodri para situarse decimoquinto en la clasificaci\u00f3n con 21 puntos.<\/p>\n<p style=\"text-align: justify;\">Aunque el filial andaluz ten\u00eda la primera ocasi\u00f3n de gol con un remate de Carlos Fern\u00e1ndez que Xavi Molina sacaba encima de la l\u00ednea de gol, ha sido el N\u00e0stic quien ha adelantado en el marcador. En el minuto 10, Maikel Mesa aprovechaba un rebote dentro del \u00e1rea para empalmar un remate que se colaba en la porter\u00eda rival. Esta resultado provisional daba tranquilidad al N\u00e0stic que se convert\u00eda en el dominador del juego, mientras el Sevilla Atl\u00e9tico sal\u00eda con contragolpes buscar la porter\u00eda de Dimitrievski.<\/p>\n<p style=\"text-align: justify;\">En el minuto 22 el N\u00e0stic podr\u00eda haber ampliado el marcador cuando Uche remataba de cabeza un centro desde la banda izquierda de Javi Jim\u00e9nez y superaba al portero Soriano. El \u00e1rbitro, sin embargo, se\u00f1alaba falta del delantero nigeriano en la acci\u00f3n del remate.<\/p>\n<p style=\"text-align: justify;\">A partir de ah\u00ed llegaban los mejores minutos del equipo de Rodri con ataques constantes sobre la porter\u00eda rival y con ocasiones para ampliar el marcador. En el minuto 33 una gran jugada entre Mesa, Javi Jim\u00e9nez y Eman\u00e1 acababa con un remate de Uche que marchaba fuera a la izquierda de la porter\u00eda por muy poco. Dos minutos despu\u00e9s, en el 35, la ocasi\u00f3n ha sido por el capit\u00e1n Xavi Molina pero su remate lo ha sacado el portero Soriano a c\u00f3rner. Justo en la siguiente jugada, tras el lanzamiento de esquina, el mismo Molina recog\u00eda el bal\u00f3n muerto en el \u00e1rea peque\u00f1a para establecer el 2 a 0, que serv\u00eda para irse a los vestuarios.<\/p>\n<p style=\"text-align: justify;\">La segunda parte ha comenzado como la primera, con una ocasi\u00f3n del filial andaluz, concretamente de Pozo, que hac\u00eda lucir al portero Dimitrievski. El N\u00e0stic quer\u00eda jugar con el tiempo y el marcador durante la segunda parte. Quer\u00eda tener el bal\u00f3n, pero la presi\u00f3n del Sevilla Atl\u00e9tico que pretend\u00eda recortar distancias imped\u00eda tener un juego fluido. Eman\u00e1, en el minuto 50, no pod\u00eda rematar un buen pase de Uche y en el minuto 56 una conexi\u00f3n entre Javi Jim\u00e9nez y Uche acababa con el remate del nigeriano demasiado cruzado a la derecha de la porter\u00eda del Sevilla Atl\u00e9tico.<\/p>\n<p style=\"text-align: justify;\">El filial andaluz poco a poco ha ido recuperando el bal\u00f3n y busc\u00f3 con insistencia la porter\u00eda del N\u00e0stic con acciones individuales de jugadores como Pozo o Carlos Fern\u00e1ndez. Precisamente ha sido este \u00faltimo quien con un remate desde fuera del \u00e1rea establec\u00eda en el minuto 31 de la segunda parte el 2 a 1, que finalmente ha sido definitivo. En los \u00faltimos minutos el N\u00e0stic ha intensificado su trabajo defensivo para poder mantener un resultado que le acerca a la zona media de la clasificaci\u00f3n.<\/p>\n<p style=\"text-align: justify;\">La pr\u00f3xima jornada el N\u00e0stic se desplaza a Le\u00f3n para jugar contra la Cultural Leonesa. El partido se jugar\u00e1 el domingo 17 de diciembre, a las 18 horas, en el Municipal Reino de Le\u00f3n.<\/p>\n<p style=\"text-align: justify;\"><strong>Alineaciones<\/strong><br \/>\nN\u00e0stic: Dimitrievski, Kakabadze, J. Jim\u00e9nez, Xavi Molina, Gazta\u00f1aga, Uche (Abraham, 71\u2019), Eman\u00e1. S (E. Silvestre, 79\u2019), Assoubre, Maikel M, (Barreiro, 71\u2019), Perone, Suzuki.<br \/>\nSevilla Atl\u00e9tico: Juan Soriano, D. Carmona (Miguel Mart\u00edn, 75\u2019), Amo, Carlos Fern\u00e1ndez, Pozo, Fede S., Curro, Borja S, Boutobba (Lara, 46\u2019), Carballo (Olavide, 46\u2019), J. Berrocal.<\/p>\n<p style=\"text-align: justify;\"><strong>Goles<br \/>\n<\/strong>1-0, Maikel M. (10\u2019); 2-0, Xavi Molina (36\u2019); 2-1, Carlos Fern\u00e1ndez (76\u2019).<\/p>\n<p style=\"text-align: justify;\"><strong>\u00c1rbitro<br \/>\n<\/strong>Eduardo Prieto Iglesias (Colegio\u00a0navarro).<\/p>\n<p style=\"text-align: justify;\"><strong>Tarjetas<br \/>\n<\/strong>Perone (21\u2019), Amo (44\u2019)\u00a0y Carlos Fern\u00e1ndez (55\u2019).<\/p>\n<p style=\"text-align: justify;\"><strong>Campo<br \/>\n<\/strong>Nou Estadi. 4.941 espectadores. Partido correspondiente a la jornada 18 de LaLiga 1|2|3.<\/p>\n","protected":false},"excerpt":{"rendered":"<p>El N\u00e0stic s\u2019ha retrobat amb la vict\u00f2ria al Nou Estadi gr\u00e0cies a dos gols de Maikel Mesa i Xavi Molina a la primera part del partit contra el Sevilla Atl\u00e9tico. La vict\u00f2ria serveix a l\u2019equip de Rodri per situar-se quinz\u00e8 a la classificaci\u00f3 amb 21 punts.<\/p>\n","protected":false},"author":1,"featured_media":57213,"comment_status":"open","ping_status":"open","sticky":false,"template":"","format":"standard","meta":{"_acf_changed":false,"footnotes":""},"categories":[113,126],"tags":[],"class_list":["post-57216","post","type-post","status-publish","format-standard","has-post-thumbnail","hentry","category-actualidad","category-primer-equipo"],"acf":[],"yoast_head":"<!-- This site is optimized with the Yoast SEO plugin v27.3 - https:\/\/yoast.com\/product\/yoast-seo-wordpress\/ -->\n<title>N\u00e0stic 2 \u2013 1 Sevilla Atl\u00e9tico - Gimn\u00e0stic de Tarragona SAD<\/title>\n<meta name=\"robots\" content=\"index, follow, max-snippet:-1, max-image-preview:large, max-video-preview:-1\" \/>\n<link rel=\"canonical\" href=\"https:\/\/gimnasticdetarragona.cat\/es\/nastic-2-1-sevilla-atletico\/\" \/>\n<meta property=\"og:locale\" content=\"es_ES\" \/>\n<meta property=\"og:type\" content=\"article\" \/>\n<meta property=\"og:title\" content=\"N\u00e0stic 2 \u2013 1 Sevilla Atl\u00e9tico - Gimn\u00e0stic de Tarragona SAD\" \/>\n<meta property=\"og:description\" content=\"El N\u00e0stic s\u2019ha retrobat amb la vict\u00f2ria al Nou Estadi gr\u00e0cies a dos gols de Maikel Mesa i Xavi Molina a la primera part del partit contra el Sevilla Atl\u00e9tico. La vict\u00f2ria serveix a l\u2019equip de Rodri per situar-se quinz\u00e8 a la classificaci\u00f3 amb 21 punts.\" \/>\n<meta property=\"og:url\" content=\"https:\/\/gimnasticdetarragona.cat\/es\/nastic-2-1-sevilla-atletico\/\" \/>\n<meta property=\"og:site_name\" content=\"Gimn\u00e0stic de Tarragona SAD\" \/>\n<meta property=\"article:published_time\" content=\"2017-12-10T21:34:32+00:00\" \/>\n<meta property=\"og:image\" content=\"https:\/\/gimnasticdetarragona.cat\/wp-content\/uploads\/2022\/06\/06000207129705.jpg\" \/>\n\t<meta property=\"og:image:width\" content=\"640\" \/>\n\t<meta property=\"og:image:height\" content=\"427\" \/>\n\t<meta property=\"og:image:type\" content=\"image\/jpeg\" \/>\n<meta name=\"author\" content=\"desarrollo\" \/>\n<meta name=\"twitter:card\" content=\"summary_large_image\" \/>\n<meta name=\"twitter:creator\" content=\"@NASTICTARRAGONA\" \/>\n<meta name=\"twitter:site\" content=\"@NASTICTARRAGONA\" \/>\n<meta name=\"twitter:label1\" content=\"Escrito por\" \/>\n\t<meta name=\"twitter:data1\" content=\"desarrollo\" \/>\n\t<meta name=\"twitter:label2\" content=\"Tiempo de lectura\" \/>\n\t<meta name=\"twitter:data2\" content=\"3 minutos\" \/>\n<script type=\"application\/ld+json\" class=\"yoast-schema-graph\">{\"@context\":\"https:\\\/\\\/schema.org\",\"@graph\":[{\"@type\":\"Article\",\"@id\":\"https:\\\/\\\/gimnasticdetarragona.cat\\\/es\\\/nastic-2-1-sevilla-atletico\\\/#article\",\"isPartOf\":{\"@id\":\"https:\\\/\\\/gimnasticdetarragona.cat\\\/es\\\/nastic-2-1-sevilla-atletico\\\/\"},\"author\":{\"name\":\"desarrollo\",\"@id\":\"https:\\\/\\\/gimnasticdetarragona.cat\\\/es\\\/#\\\/schema\\\/person\\\/47b6a637abf88f9bd835540f20ea069e\"},\"headline\":\"N\u00e0stic 2 \u2013 1 Sevilla Atl\u00e9tico\",\"datePublished\":\"2017-12-10T21:34:32+00:00\",\"mainEntityOfPage\":{\"@id\":\"https:\\\/\\\/gimnasticdetarragona.cat\\\/es\\\/nastic-2-1-sevilla-atletico\\\/\"},\"wordCount\":645,\"commentCount\":0,\"publisher\":{\"@id\":\"https:\\\/\\\/gimnasticdetarragona.cat\\\/es\\\/#organization\"},\"image\":{\"@id\":\"https:\\\/\\\/gimnasticdetarragona.cat\\\/es\\\/nastic-2-1-sevilla-atletico\\\/#primaryimage\"},\"thumbnailUrl\":\"https:\\\/\\\/gimnasticdetarragona.cat\\\/wp-content\\\/uploads\\\/2022\\\/06\\\/06000207129705.jpg\",\"articleSection\":[\"Actualidad\",\"Primer Equipo\"],\"inLanguage\":\"es\"},{\"@type\":\"WebPage\",\"@id\":\"https:\\\/\\\/gimnasticdetarragona.cat\\\/es\\\/nastic-2-1-sevilla-atletico\\\/\",\"url\":\"https:\\\/\\\/gimnasticdetarragona.cat\\\/es\\\/nastic-2-1-sevilla-atletico\\\/\",\"name\":\"N\u00e0stic 2 \u2013 1 Sevilla Atl\u00e9tico - Gimn\u00e0stic de Tarragona SAD\",\"isPartOf\":{\"@id\":\"https:\\\/\\\/gimnasticdetarragona.cat\\\/es\\\/#website\"},\"primaryImageOfPage\":{\"@id\":\"https:\\\/\\\/gimnasticdetarragona.cat\\\/es\\\/nastic-2-1-sevilla-atletico\\\/#primaryimage\"},\"image\":{\"@id\":\"https:\\\/\\\/gimnasticdetarragona.cat\\\/es\\\/nastic-2-1-sevilla-atletico\\\/#primaryimage\"},\"thumbnailUrl\":\"https:\\\/\\\/gimnasticdetarragona.cat\\\/wp-content\\\/uploads\\\/2022\\\/06\\\/06000207129705.jpg\",\"datePublished\":\"2017-12-10T21:34:32+00:00\",\"breadcrumb\":{\"@id\":\"https:\\\/\\\/gimnasticdetarragona.cat\\\/es\\\/nastic-2-1-sevilla-atletico\\\/#breadcrumb\"},\"inLanguage\":\"es\",\"potentialAction\":[{\"@type\":\"ReadAction\",\"target\":[\"https:\\\/\\\/gimnasticdetarragona.cat\\\/es\\\/nastic-2-1-sevilla-atletico\\\/\"]}]},{\"@type\":\"ImageObject\",\"inLanguage\":\"es\",\"@id\":\"https:\\\/\\\/gimnasticdetarragona.cat\\\/es\\\/nastic-2-1-sevilla-atletico\\\/#primaryimage\",\"url\":\"https:\\\/\\\/gimnasticdetarragona.cat\\\/wp-content\\\/uploads\\\/2022\\\/06\\\/06000207129705.jpg\",\"contentUrl\":\"https:\\\/\\\/gimnasticdetarragona.cat\\\/wp-content\\\/uploads\\\/2022\\\/06\\\/06000207129705.jpg\",\"width\":640,\"height\":427},{\"@type\":\"BreadcrumbList\",\"@id\":\"https:\\\/\\\/gimnasticdetarragona.cat\\\/es\\\/nastic-2-1-sevilla-atletico\\\/#breadcrumb\",\"itemListElement\":[{\"@type\":\"ListItem\",\"position\":1,\"name\":\"Inici\",\"item\":\"https:\\\/\\\/gimnasticdetarragona.cat\\\/es\\\/nastic\\\/\"},{\"@type\":\"ListItem\",\"position\":2,\"name\":\"N\u00e0stic 2 \u2013 1 Sevilla Atl\u00e9tico\"}]},{\"@type\":\"WebSite\",\"@id\":\"https:\\\/\\\/gimnasticdetarragona.cat\\\/es\\\/#website\",\"url\":\"https:\\\/\\\/gimnasticdetarragona.cat\\\/es\\\/\",\"name\":\"Gimn\u00e0stic de Tarragona SAD\",\"description\":\"Gimn\u00e0stic de Tarragona\",\"publisher\":{\"@id\":\"https:\\\/\\\/gimnasticdetarragona.cat\\\/es\\\/#organization\"},\"potentialAction\":[{\"@type\":\"SearchAction\",\"target\":{\"@type\":\"EntryPoint\",\"urlTemplate\":\"https:\\\/\\\/gimnasticdetarragona.cat\\\/es\\\/?s={search_term_string}\"},\"query-input\":{\"@type\":\"PropertyValueSpecification\",\"valueRequired\":true,\"valueName\":\"search_term_string\"}}],\"inLanguage\":\"es\"},{\"@type\":\"Organization\",\"@id\":\"https:\\\/\\\/gimnasticdetarragona.cat\\\/es\\\/#organization\",\"name\":\"GIMN\u00c0STIC DE TARRAGONA\",\"alternateName\":\"N\u00c0STIC\",\"url\":\"https:\\\/\\\/gimnasticdetarragona.cat\\\/es\\\/\",\"logo\":{\"@type\":\"ImageObject\",\"inLanguage\":\"es\",\"@id\":\"https:\\\/\\\/gimnasticdetarragona.cat\\\/es\\\/#\\\/schema\\\/logo\\\/image\\\/\",\"url\":\"https:\\\/\\\/gimnasticdetarragona.cat\\\/wp-content\\\/uploads\\\/2022\\\/06\\\/cropped-logo-gimnastic.png\",\"contentUrl\":\"https:\\\/\\\/gimnasticdetarragona.cat\\\/wp-content\\\/uploads\\\/2022\\\/06\\\/cropped-logo-gimnastic.png\",\"width\":224,\"height\":83,\"caption\":\"GIMN\u00c0STIC DE TARRAGONA\"},\"image\":{\"@id\":\"https:\\\/\\\/gimnasticdetarragona.cat\\\/es\\\/#\\\/schema\\\/logo\\\/image\\\/\"},\"sameAs\":[\"https:\\\/\\\/x.com\\\/NASTICTARRAGONA\",\"https:\\\/\\\/www.instagram.com\\\/nastictarragona\\\/\"]},{\"@type\":\"Person\",\"@id\":\"https:\\\/\\\/gimnasticdetarragona.cat\\\/es\\\/#\\\/schema\\\/person\\\/47b6a637abf88f9bd835540f20ea069e\",\"name\":\"desarrollo\",\"sameAs\":[\"https:\\\/\\\/clone.gimnasticdetarragona.cat\"]}]}<\/script>\n<!-- \/ Yoast SEO plugin. -->","yoast_head_json":{"title":"N\u00e0stic 2 \u2013 1 Sevilla Atl\u00e9tico - Gimn\u00e0stic de Tarragona SAD","robots":{"index":"index","follow":"follow","max-snippet":"max-snippet:-1","max-image-preview":"max-image-preview:large","max-video-preview":"max-video-preview:-1"},"canonical":"https:\/\/gimnasticdetarragona.cat\/es\/nastic-2-1-sevilla-atletico\/","og_locale":"es_ES","og_type":"article","og_title":"N\u00e0stic 2 \u2013 1 Sevilla Atl\u00e9tico - Gimn\u00e0stic de Tarragona SAD","og_description":"El N\u00e0stic s\u2019ha retrobat amb la vict\u00f2ria al Nou Estadi gr\u00e0cies a dos gols de Maikel Mesa i Xavi Molina a la primera part del partit contra el Sevilla Atl\u00e9tico. La vict\u00f2ria serveix a l\u2019equip de Rodri per situar-se quinz\u00e8 a la classificaci\u00f3 amb 21 punts.","og_url":"https:\/\/gimnasticdetarragona.cat\/es\/nastic-2-1-sevilla-atletico\/","og_site_name":"Gimn\u00e0stic de Tarragona SAD","article_published_time":"2017-12-10T21:34:32+00:00","og_image":[{"width":640,"height":427,"url":"https:\/\/gimnasticdetarragona.cat\/wp-content\/uploads\/2022\/06\/06000207129705.jpg","type":"image\/jpeg"}],"author":"desarrollo","twitter_card":"summary_large_image","twitter_creator":"@NASTICTARRAGONA","twitter_site":"@NASTICTARRAGONA","twitter_misc":{"Escrito por":"desarrollo","Tiempo de lectura":"3 minutos"},"schema":{"@context":"https:\/\/schema.org","@graph":[{"@type":"Article","@id":"https:\/\/gimnasticdetarragona.cat\/es\/nastic-2-1-sevilla-atletico\/#article","isPartOf":{"@id":"https:\/\/gimnasticdetarragona.cat\/es\/nastic-2-1-sevilla-atletico\/"},"author":{"name":"desarrollo","@id":"https:\/\/gimnasticdetarragona.cat\/es\/#\/schema\/person\/47b6a637abf88f9bd835540f20ea069e"},"headline":"N\u00e0stic 2 \u2013 1 Sevilla Atl\u00e9tico","datePublished":"2017-12-10T21:34:32+00:00","mainEntityOfPage":{"@id":"https:\/\/gimnasticdetarragona.cat\/es\/nastic-2-1-sevilla-atletico\/"},"wordCount":645,"commentCount":0,"publisher":{"@id":"https:\/\/gimnasticdetarragona.cat\/es\/#organization"},"image":{"@id":"https:\/\/gimnasticdetarragona.cat\/es\/nastic-2-1-sevilla-atletico\/#primaryimage"},"thumbnailUrl":"https:\/\/gimnasticdetarragona.cat\/wp-content\/uploads\/2022\/06\/06000207129705.jpg","articleSection":["Actualidad","Primer Equipo"],"inLanguage":"es"},{"@type":"WebPage","@id":"https:\/\/gimnasticdetarragona.cat\/es\/nastic-2-1-sevilla-atletico\/","url":"https:\/\/gimnasticdetarragona.cat\/es\/nastic-2-1-sevilla-atletico\/","name":"N\u00e0stic 2 \u2013 1 Sevilla Atl\u00e9tico - Gimn\u00e0stic de Tarragona SAD","isPartOf":{"@id":"https:\/\/gimnasticdetarragona.cat\/es\/#website"},"primaryImageOfPage":{"@id":"https:\/\/gimnasticdetarragona.cat\/es\/nastic-2-1-sevilla-atletico\/#primaryimage"},"image":{"@id":"https:\/\/gimnasticdetarragona.cat\/es\/nastic-2-1-sevilla-atletico\/#primaryimage"},"thumbnailUrl":"https:\/\/gimnasticdetarragona.cat\/wp-content\/uploads\/2022\/06\/06000207129705.jpg","datePublished":"2017-12-10T21:34:32+00:00","breadcrumb":{"@id":"https:\/\/gimnasticdetarragona.cat\/es\/nastic-2-1-sevilla-atletico\/#breadcrumb"},"inLanguage":"es","potentialAction":[{"@type":"ReadAction","target":["https:\/\/gimnasticdetarragona.cat\/es\/nastic-2-1-sevilla-atletico\/"]}]},{"@type":"ImageObject","inLanguage":"es","@id":"https:\/\/gimnasticdetarragona.cat\/es\/nastic-2-1-sevilla-atletico\/#primaryimage","url":"https:\/\/gimnasticdetarragona.cat\/wp-content\/uploads\/2022\/06\/06000207129705.jpg","contentUrl":"https:\/\/gimnasticdetarragona.cat\/wp-content\/uploads\/2022\/06\/06000207129705.jpg","width":640,"height":427},{"@type":"BreadcrumbList","@id":"https:\/\/gimnasticdetarragona.cat\/es\/nastic-2-1-sevilla-atletico\/#breadcrumb","itemListElement":[{"@type":"ListItem","position":1,"name":"Inici","item":"https:\/\/gimnasticdetarragona.cat\/es\/nastic\/"},{"@type":"ListItem","position":2,"name":"N\u00e0stic 2 \u2013 1 Sevilla Atl\u00e9tico"}]},{"@type":"WebSite","@id":"https:\/\/gimnasticdetarragona.cat\/es\/#website","url":"https:\/\/gimnasticdetarragona.cat\/es\/","name":"Gimn\u00e0stic de Tarragona SAD","description":"Gimn\u00e0stic de Tarragona","publisher":{"@id":"https:\/\/gimnasticdetarragona.cat\/es\/#organization"},"potentialAction":[{"@type":"SearchAction","target":{"@type":"EntryPoint","urlTemplate":"https:\/\/gimnasticdetarragona.cat\/es\/?s={search_term_string}"},"query-input":{"@type":"PropertyValueSpecification","valueRequired":true,"valueName":"search_term_string"}}],"inLanguage":"es"},{"@type":"Organization","@id":"https:\/\/gimnasticdetarragona.cat\/es\/#organization","name":"GIMN\u00c0STIC DE TARRAGONA","alternateName":"N\u00c0STIC","url":"https:\/\/gimnasticdetarragona.cat\/es\/","logo":{"@type":"ImageObject","inLanguage":"es","@id":"https:\/\/gimnasticdetarragona.cat\/es\/#\/schema\/logo\/image\/","url":"https:\/\/gimnasticdetarragona.cat\/wp-content\/uploads\/2022\/06\/cropped-logo-gimnastic.png","contentUrl":"https:\/\/gimnasticdetarragona.cat\/wp-content\/uploads\/2022\/06\/cropped-logo-gimnastic.png","width":224,"height":83,"caption":"GIMN\u00c0STIC DE TARRAGONA"},"image":{"@id":"https:\/\/gimnasticdetarragona.cat\/es\/#\/schema\/logo\/image\/"},"sameAs":["https:\/\/x.com\/NASTICTARRAGONA","https:\/\/www.instagram.com\/nastictarragona\/"]},{"@type":"Person","@id":"https:\/\/gimnasticdetarragona.cat\/es\/#\/schema\/person\/47b6a637abf88f9bd835540f20ea069e","name":"desarrollo","sameAs":["https:\/\/clone.gimnasticdetarragona.cat"]}]}},"_links":{"self":[{"href":"https:\/\/gimnasticdetarragona.cat\/es\/wp-json\/wp\/v2\/posts\/57216","targetHints":{"allow":["GET"]}}],"collection":[{"href":"https:\/\/gimnasticdetarragona.cat\/es\/wp-json\/wp\/v2\/posts"}],"about":[{"href":"https:\/\/gimnasticdetarragona.cat\/es\/wp-json\/wp\/v2\/types\/post"}],"author":[{"embeddable":true,"href":"https:\/\/gimnasticdetarragona.cat\/es\/wp-json\/wp\/v2\/users\/1"}],"replies":[{"embeddable":true,"href":"https:\/\/gimnasticdetarragona.cat\/es\/wp-json\/wp\/v2\/comments?post=57216"}],"version-history":[{"count":0,"href":"https:\/\/gimnasticdetarragona.cat\/es\/wp-json\/wp\/v2\/posts\/57216\/revisions"}],"wp:featuredmedia":[{"embeddable":true,"href":"https:\/\/gimnasticdetarragona.cat\/es\/wp-json\/wp\/v2\/media\/57213"}],"wp:attachment":[{"href":"https:\/\/gimnasticdetarragona.cat\/es\/wp-json\/wp\/v2\/media?parent=57216"}],"wp:term":[{"taxonomy":"category","embeddable":true,"href":"https:\/\/gimnasticdetarragona.cat\/es\/wp-json\/wp\/v2\/categories?post=57216"},{"taxonomy":"post_tag","embeddable":true,"href":"https:\/\/gimnasticdetarragona.cat\/es\/wp-json\/wp\/v2\/tags?post=57216"}],"curies":[{"name":"wp","href":"https:\/\/api.w.org\/{rel}","templated":true}]}}