{"id":57636,"date":"2017-10-07T23:21:24","date_gmt":"2017-10-07T23:21:24","guid":{"rendered":"https:\/\/clone.gimnasticdetarragona.cat\/cd-tenerife-2-0-nastic\/"},"modified":"2017-10-07T23:21:24","modified_gmt":"2017-10-07T23:21:24","slug":"cd-tenerife-2-0-nastic","status":"publish","type":"post","link":"https:\/\/gimnasticdetarragona.cat\/es\/cd-tenerife-2-0-nastic\/","title":{"rendered":"CD Tenerife 2 &#8211; 0 N\u00e0stic"},"content":{"rendered":"<p style=\"text-align: justify;\">El equipo grana vuelve a Tarragona sin puntuar en la dif\u00edcil visita al Heliodoro Rodr\u00edguez L\u00f3pez. Los jugadores entrenados por Rodri sevhan mostrado seguros defensivamente y han resuelto bien las acciones de peligro local en el primer tiempo. En la reanudaci\u00f3n, el conjunto tinerfe\u00f1o ha sido capaz de superar la meta del N\u00e0stic en dos ocasiones. Las pocas ocasiones de los tarraconenses han sido desaprovechadas, impidiendo llegar al tramo final de partido con opciones de sumar.<\/p>\n<p style=\"text-align: justify;\">El enfrentamiento se ha iniciado con un Tenerife volcado al ataque. Delante, el N\u00e0stic, con las l\u00edneas bien definidas y ordenado t\u00e1cticamente en defensa, evitando aproximaciones claras y s\u00f3lo dejando chutar a los locales desde lejos. Bernab\u00e9 ha intervenido por primera vez en el minuto 14, con un disparo desde fuera que ha desvanecido r\u00e1pidamente. La primera llegada grana se ha producido en el 21, mediante Abraham. El disparo escorado del catal\u00e1n ha salido por encima del travesa\u00f1o. Pasada la media hora de juego, Xavi Molina evitaba una ocasi\u00f3n de gol desde el \u00e1rea peque\u00f1a. Y en las postrimer\u00edas del primer tiempo, Bernab\u00e9 pon\u00eda las manos hasta en tres ocasiones para evitar el\u00a0gol de los isle\u00f1os. Con un N\u00e0stic inseguro en la salida de bal\u00f3n, pero controlando la parcela defensiva y defendiendo el empate, se lleg\u00f3 al tiempo de descanso.<\/p>\n<p style=\"text-align: justify;\">En la reanudaci\u00f3n, las primeras jugadas bien trenzadas han sido de los hombres de Rodri. Delgado lo intentaba desde lejos y por pocos cent\u00edmetros no encontr\u00f3 la porter\u00eda defendida por Dani Hern\u00e1ndez. Mientras que en el minuto 63, un bal\u00f3n dividido entre Malbasic y el meta Bernab\u00e9 ha supuesto penalti favorable al conjunto entrenado por Pep Llu\u00eds Mart\u00ed. El mismo delantero local ha transformado la pena m\u00e1xima y ha situado el 1-0 en el marcador. El portero grana se ha retirado por una lesi\u00f3n producida en una acci\u00f3n de juego anterior y ha dado entrada a Perales. Rodri ha realizado los dos cambios restantes en los minutos 68 y 70. Con una proyecci\u00f3n m\u00e1s ofensiva, Uche y Tete han ocupado el lugar de Maikel Mesa y Delgado. Y tres minutos despu\u00e9s, el mismo delantero Malbasic remat\u00f3 desde el interior de la peque\u00f1a un pase de la muerte de un compa\u00f1ero. El 2-0 ha sido un duro golpe para los grana y complicaba el hecho de puntuar en este desplazamiento. Sin embargo, Tete y Uche lo han intentado en dos acciones casi consecutivas, que desgraciadamente para los intereses del N\u00e0stic ha rechazado el meta local. En el minuto 86, el N\u00e0stic se ha quedado con inferioridad num\u00e9rica por la expulsi\u00f3n con doble cartulina amarilla a Suzuki. Finalmente, y despu\u00e9s de seis minutos de a\u00f1adido, el \u00e1rbitro decret\u00f3 el final del encuentro.<\/p>\n<p style=\"text-align: justify;\">El N\u00e0stic jugar\u00e1 el pr\u00f3ximo partido este mi\u00e9rcoles, 11 de octubre, ante el Granada CF. El enfrentamiento correspondiente a la jornada 9 se disputar\u00e1 a partir de las 20 horas en el Nou Estadi.<\/p>\n<p style=\"text-align: justify;\"><strong>Alineaciones:<\/strong><\/p>\n<p style=\"text-align: justify;\">CD Tenerife: Dani H, I\u00f1aki, Vitolo, Malbasic (Brian M, 87\u2019), Tayron (Monta\u00f1\u00e9s, 59\u2019), Aitor Sanz, Juan Carlos, V. Casades\u00fas (J. Villar, 70\u2019), Avelda\u00f1o, Jorge S\u00e1enz i Ra\u00fal C\u00e1mara.<\/p>\n<p style=\"text-align: justify;\">N\u00e0stic: Bernab\u00e9 (Perales, 65\u2019), Suzuki, Xavi Molina, Carlos Blanco, Javi Jim\u00e9nez; Gazta\u00f1aga, Maikel M. (Uche, 68\u2019), Tejera, Abraham; Delgado (Tete, 70\u2019) i M. Barreiro.<\/p>\n<p style=\"text-align: justify;\"><strong>Goles<\/strong><\/p>\n<p style=\"text-align: justify;\">1-0, Malbasic (64\u2019); 2-0, Malbasic (73\u2019).<\/p>\n<p style=\"text-align: justify;\"><strong>Tarjetas<\/strong><br \/>\nTayron (18\u2019), Suzuki (33\u2019, expulsat amb dobre groga al 86\u2019), Bernab\u00e9 (63\u2019), Avelda\u00f1o (68\u2019), Xavi Molina (73\u2019), Javi Jim\u00e9nez (84\u2019), Ra\u00fal C\u00e1mara (88\u2019), Tete (90+3\u2019)<\/p>\n<p style=\"text-align: justify;\"><strong>\u00c1rbitro<\/strong><\/p>\n<p style=\"text-align: justify;\">Sr. Isidro D\u00edaz De Mera Escuderos (Colegio de Castilla la Mancha).<\/p>\n<p style=\"text-align: justify;\">Partido correspondiente a la jornada 8 de LaLiga 1|2|3. Estadio Heliodoro Rodr\u00edguez L\u00f3pez, Tenerife. 12557 espectadores.<\/p>\n","protected":false},"excerpt":{"rendered":"<p>El equipo grana vuelve a Tarragona sin puntuar en la dif\u00edcil visita al Heliodoro Rodr\u00edguez L\u00f3pez.<\/p>\n","protected":false},"author":1,"featured_media":57633,"comment_status":"open","ping_status":"open","sticky":false,"template":"","format":"standard","meta":{"_acf_changed":false,"footnotes":""},"categories":[113,126],"tags":[],"class_list":["post-57636","post","type-post","status-publish","format-standard","has-post-thumbnail","hentry","category-actualidad","category-primer-equipo"],"acf":[],"yoast_head":"<!-- This site is optimized with the Yoast SEO plugin v27.3 - https:\/\/yoast.com\/product\/yoast-seo-wordpress\/ -->\n<title>CD Tenerife 2 - 0 N\u00e0stic - Gimn\u00e0stic de Tarragona SAD<\/title>\n<meta name=\"robots\" content=\"index, follow, max-snippet:-1, max-image-preview:large, max-video-preview:-1\" \/>\n<link rel=\"canonical\" href=\"https:\/\/gimnasticdetarragona.cat\/es\/cd-tenerife-2-0-nastic\/\" \/>\n<meta property=\"og:locale\" content=\"es_ES\" \/>\n<meta property=\"og:type\" content=\"article\" \/>\n<meta property=\"og:title\" content=\"CD Tenerife 2 - 0 N\u00e0stic - Gimn\u00e0stic de Tarragona SAD\" \/>\n<meta property=\"og:description\" content=\"El equipo grana vuelve a Tarragona sin puntuar en la dif\u00edcil visita al Heliodoro Rodr\u00edguez L\u00f3pez.\" \/>\n<meta property=\"og:url\" content=\"https:\/\/gimnasticdetarragona.cat\/es\/cd-tenerife-2-0-nastic\/\" \/>\n<meta property=\"og:site_name\" content=\"Gimn\u00e0stic de Tarragona SAD\" \/>\n<meta property=\"article:published_time\" content=\"2017-10-07T23:21:24+00:00\" \/>\n<meta property=\"og:image\" content=\"https:\/\/gimnasticdetarragona.cat\/wp-content\/uploads\/2022\/06\/06000045127639-scaled.jpg\" \/>\n\t<meta property=\"og:image:width\" content=\"2560\" \/>\n\t<meta property=\"og:image:height\" content=\"1639\" \/>\n\t<meta property=\"og:image:type\" content=\"image\/jpeg\" \/>\n<meta name=\"author\" content=\"desarrollo\" \/>\n<meta name=\"twitter:card\" content=\"summary_large_image\" \/>\n<meta name=\"twitter:creator\" content=\"@NASTICTARRAGONA\" \/>\n<meta name=\"twitter:site\" content=\"@NASTICTARRAGONA\" \/>\n<meta name=\"twitter:label1\" content=\"Escrito por\" \/>\n\t<meta name=\"twitter:data1\" content=\"desarrollo\" \/>\n\t<meta name=\"twitter:label2\" content=\"Tiempo de lectura\" \/>\n\t<meta name=\"twitter:data2\" content=\"3 minutos\" \/>\n<script type=\"application\/ld+json\" class=\"yoast-schema-graph\">{\"@context\":\"https:\\\/\\\/schema.org\",\"@graph\":[{\"@type\":\"Article\",\"@id\":\"https:\\\/\\\/gimnasticdetarragona.cat\\\/es\\\/cd-tenerife-2-0-nastic\\\/#article\",\"isPartOf\":{\"@id\":\"https:\\\/\\\/gimnasticdetarragona.cat\\\/es\\\/cd-tenerife-2-0-nastic\\\/\"},\"author\":{\"name\":\"desarrollo\",\"@id\":\"https:\\\/\\\/gimnasticdetarragona.cat\\\/es\\\/#\\\/schema\\\/person\\\/47b6a637abf88f9bd835540f20ea069e\"},\"headline\":\"CD Tenerife 2 &#8211; 0 N\u00e0stic\",\"datePublished\":\"2017-10-07T23:21:24+00:00\",\"mainEntityOfPage\":{\"@id\":\"https:\\\/\\\/gimnasticdetarragona.cat\\\/es\\\/cd-tenerife-2-0-nastic\\\/\"},\"wordCount\":631,\"commentCount\":0,\"publisher\":{\"@id\":\"https:\\\/\\\/gimnasticdetarragona.cat\\\/es\\\/#organization\"},\"image\":{\"@id\":\"https:\\\/\\\/gimnasticdetarragona.cat\\\/es\\\/cd-tenerife-2-0-nastic\\\/#primaryimage\"},\"thumbnailUrl\":\"https:\\\/\\\/gimnasticdetarragona.cat\\\/wp-content\\\/uploads\\\/2022\\\/06\\\/06000045127639-scaled.jpg\",\"articleSection\":[\"Actualidad\",\"Primer Equipo\"],\"inLanguage\":\"es\"},{\"@type\":\"WebPage\",\"@id\":\"https:\\\/\\\/gimnasticdetarragona.cat\\\/es\\\/cd-tenerife-2-0-nastic\\\/\",\"url\":\"https:\\\/\\\/gimnasticdetarragona.cat\\\/es\\\/cd-tenerife-2-0-nastic\\\/\",\"name\":\"CD Tenerife 2 - 0 N\u00e0stic - Gimn\u00e0stic de Tarragona SAD\",\"isPartOf\":{\"@id\":\"https:\\\/\\\/gimnasticdetarragona.cat\\\/es\\\/#website\"},\"primaryImageOfPage\":{\"@id\":\"https:\\\/\\\/gimnasticdetarragona.cat\\\/es\\\/cd-tenerife-2-0-nastic\\\/#primaryimage\"},\"image\":{\"@id\":\"https:\\\/\\\/gimnasticdetarragona.cat\\\/es\\\/cd-tenerife-2-0-nastic\\\/#primaryimage\"},\"thumbnailUrl\":\"https:\\\/\\\/gimnasticdetarragona.cat\\\/wp-content\\\/uploads\\\/2022\\\/06\\\/06000045127639-scaled.jpg\",\"datePublished\":\"2017-10-07T23:21:24+00:00\",\"breadcrumb\":{\"@id\":\"https:\\\/\\\/gimnasticdetarragona.cat\\\/es\\\/cd-tenerife-2-0-nastic\\\/#breadcrumb\"},\"inLanguage\":\"es\",\"potentialAction\":[{\"@type\":\"ReadAction\",\"target\":[\"https:\\\/\\\/gimnasticdetarragona.cat\\\/es\\\/cd-tenerife-2-0-nastic\\\/\"]}]},{\"@type\":\"ImageObject\",\"inLanguage\":\"es\",\"@id\":\"https:\\\/\\\/gimnasticdetarragona.cat\\\/es\\\/cd-tenerife-2-0-nastic\\\/#primaryimage\",\"url\":\"https:\\\/\\\/gimnasticdetarragona.cat\\\/wp-content\\\/uploads\\\/2022\\\/06\\\/06000045127639-scaled.jpg\",\"contentUrl\":\"https:\\\/\\\/gimnasticdetarragona.cat\\\/wp-content\\\/uploads\\\/2022\\\/06\\\/06000045127639-scaled.jpg\",\"width\":2560,\"height\":1639},{\"@type\":\"BreadcrumbList\",\"@id\":\"https:\\\/\\\/gimnasticdetarragona.cat\\\/es\\\/cd-tenerife-2-0-nastic\\\/#breadcrumb\",\"itemListElement\":[{\"@type\":\"ListItem\",\"position\":1,\"name\":\"Inici\",\"item\":\"https:\\\/\\\/gimnasticdetarragona.cat\\\/es\\\/nastic\\\/\"},{\"@type\":\"ListItem\",\"position\":2,\"name\":\"CD Tenerife 2 &#8211; 0 N\u00e0stic\"}]},{\"@type\":\"WebSite\",\"@id\":\"https:\\\/\\\/gimnasticdetarragona.cat\\\/es\\\/#website\",\"url\":\"https:\\\/\\\/gimnasticdetarragona.cat\\\/es\\\/\",\"name\":\"Gimn\u00e0stic de Tarragona SAD\",\"description\":\"Gimn\u00e0stic de Tarragona\",\"publisher\":{\"@id\":\"https:\\\/\\\/gimnasticdetarragona.cat\\\/es\\\/#organization\"},\"potentialAction\":[{\"@type\":\"SearchAction\",\"target\":{\"@type\":\"EntryPoint\",\"urlTemplate\":\"https:\\\/\\\/gimnasticdetarragona.cat\\\/es\\\/?s={search_term_string}\"},\"query-input\":{\"@type\":\"PropertyValueSpecification\",\"valueRequired\":true,\"valueName\":\"search_term_string\"}}],\"inLanguage\":\"es\"},{\"@type\":\"Organization\",\"@id\":\"https:\\\/\\\/gimnasticdetarragona.cat\\\/es\\\/#organization\",\"name\":\"GIMN\u00c0STIC DE TARRAGONA\",\"alternateName\":\"N\u00c0STIC\",\"url\":\"https:\\\/\\\/gimnasticdetarragona.cat\\\/es\\\/\",\"logo\":{\"@type\":\"ImageObject\",\"inLanguage\":\"es\",\"@id\":\"https:\\\/\\\/gimnasticdetarragona.cat\\\/es\\\/#\\\/schema\\\/logo\\\/image\\\/\",\"url\":\"https:\\\/\\\/gimnasticdetarragona.cat\\\/wp-content\\\/uploads\\\/2022\\\/06\\\/cropped-logo-gimnastic.png\",\"contentUrl\":\"https:\\\/\\\/gimnasticdetarragona.cat\\\/wp-content\\\/uploads\\\/2022\\\/06\\\/cropped-logo-gimnastic.png\",\"width\":224,\"height\":83,\"caption\":\"GIMN\u00c0STIC DE TARRAGONA\"},\"image\":{\"@id\":\"https:\\\/\\\/gimnasticdetarragona.cat\\\/es\\\/#\\\/schema\\\/logo\\\/image\\\/\"},\"sameAs\":[\"https:\\\/\\\/x.com\\\/NASTICTARRAGONA\",\"https:\\\/\\\/www.instagram.com\\\/nastictarragona\\\/\"]},{\"@type\":\"Person\",\"@id\":\"https:\\\/\\\/gimnasticdetarragona.cat\\\/es\\\/#\\\/schema\\\/person\\\/47b6a637abf88f9bd835540f20ea069e\",\"name\":\"desarrollo\",\"sameAs\":[\"https:\\\/\\\/clone.gimnasticdetarragona.cat\"]}]}<\/script>\n<!-- \/ Yoast SEO plugin. -->","yoast_head_json":{"title":"CD Tenerife 2 - 0 N\u00e0stic - Gimn\u00e0stic de Tarragona SAD","robots":{"index":"index","follow":"follow","max-snippet":"max-snippet:-1","max-image-preview":"max-image-preview:large","max-video-preview":"max-video-preview:-1"},"canonical":"https:\/\/gimnasticdetarragona.cat\/es\/cd-tenerife-2-0-nastic\/","og_locale":"es_ES","og_type":"article","og_title":"CD Tenerife 2 - 0 N\u00e0stic - Gimn\u00e0stic de Tarragona SAD","og_description":"El equipo grana vuelve a Tarragona sin puntuar en la dif\u00edcil visita al Heliodoro Rodr\u00edguez L\u00f3pez.","og_url":"https:\/\/gimnasticdetarragona.cat\/es\/cd-tenerife-2-0-nastic\/","og_site_name":"Gimn\u00e0stic de Tarragona SAD","article_published_time":"2017-10-07T23:21:24+00:00","og_image":[{"width":2560,"height":1639,"url":"https:\/\/gimnasticdetarragona.cat\/wp-content\/uploads\/2022\/06\/06000045127639-scaled.jpg","type":"image\/jpeg"}],"author":"desarrollo","twitter_card":"summary_large_image","twitter_creator":"@NASTICTARRAGONA","twitter_site":"@NASTICTARRAGONA","twitter_misc":{"Escrito por":"desarrollo","Tiempo de lectura":"3 minutos"},"schema":{"@context":"https:\/\/schema.org","@graph":[{"@type":"Article","@id":"https:\/\/gimnasticdetarragona.cat\/es\/cd-tenerife-2-0-nastic\/#article","isPartOf":{"@id":"https:\/\/gimnasticdetarragona.cat\/es\/cd-tenerife-2-0-nastic\/"},"author":{"name":"desarrollo","@id":"https:\/\/gimnasticdetarragona.cat\/es\/#\/schema\/person\/47b6a637abf88f9bd835540f20ea069e"},"headline":"CD Tenerife 2 &#8211; 0 N\u00e0stic","datePublished":"2017-10-07T23:21:24+00:00","mainEntityOfPage":{"@id":"https:\/\/gimnasticdetarragona.cat\/es\/cd-tenerife-2-0-nastic\/"},"wordCount":631,"commentCount":0,"publisher":{"@id":"https:\/\/gimnasticdetarragona.cat\/es\/#organization"},"image":{"@id":"https:\/\/gimnasticdetarragona.cat\/es\/cd-tenerife-2-0-nastic\/#primaryimage"},"thumbnailUrl":"https:\/\/gimnasticdetarragona.cat\/wp-content\/uploads\/2022\/06\/06000045127639-scaled.jpg","articleSection":["Actualidad","Primer Equipo"],"inLanguage":"es"},{"@type":"WebPage","@id":"https:\/\/gimnasticdetarragona.cat\/es\/cd-tenerife-2-0-nastic\/","url":"https:\/\/gimnasticdetarragona.cat\/es\/cd-tenerife-2-0-nastic\/","name":"CD Tenerife 2 - 0 N\u00e0stic - Gimn\u00e0stic de Tarragona SAD","isPartOf":{"@id":"https:\/\/gimnasticdetarragona.cat\/es\/#website"},"primaryImageOfPage":{"@id":"https:\/\/gimnasticdetarragona.cat\/es\/cd-tenerife-2-0-nastic\/#primaryimage"},"image":{"@id":"https:\/\/gimnasticdetarragona.cat\/es\/cd-tenerife-2-0-nastic\/#primaryimage"},"thumbnailUrl":"https:\/\/gimnasticdetarragona.cat\/wp-content\/uploads\/2022\/06\/06000045127639-scaled.jpg","datePublished":"2017-10-07T23:21:24+00:00","breadcrumb":{"@id":"https:\/\/gimnasticdetarragona.cat\/es\/cd-tenerife-2-0-nastic\/#breadcrumb"},"inLanguage":"es","potentialAction":[{"@type":"ReadAction","target":["https:\/\/gimnasticdetarragona.cat\/es\/cd-tenerife-2-0-nastic\/"]}]},{"@type":"ImageObject","inLanguage":"es","@id":"https:\/\/gimnasticdetarragona.cat\/es\/cd-tenerife-2-0-nastic\/#primaryimage","url":"https:\/\/gimnasticdetarragona.cat\/wp-content\/uploads\/2022\/06\/06000045127639-scaled.jpg","contentUrl":"https:\/\/gimnasticdetarragona.cat\/wp-content\/uploads\/2022\/06\/06000045127639-scaled.jpg","width":2560,"height":1639},{"@type":"BreadcrumbList","@id":"https:\/\/gimnasticdetarragona.cat\/es\/cd-tenerife-2-0-nastic\/#breadcrumb","itemListElement":[{"@type":"ListItem","position":1,"name":"Inici","item":"https:\/\/gimnasticdetarragona.cat\/es\/nastic\/"},{"@type":"ListItem","position":2,"name":"CD Tenerife 2 &#8211; 0 N\u00e0stic"}]},{"@type":"WebSite","@id":"https:\/\/gimnasticdetarragona.cat\/es\/#website","url":"https:\/\/gimnasticdetarragona.cat\/es\/","name":"Gimn\u00e0stic de Tarragona SAD","description":"Gimn\u00e0stic de Tarragona","publisher":{"@id":"https:\/\/gimnasticdetarragona.cat\/es\/#organization"},"potentialAction":[{"@type":"SearchAction","target":{"@type":"EntryPoint","urlTemplate":"https:\/\/gimnasticdetarragona.cat\/es\/?s={search_term_string}"},"query-input":{"@type":"PropertyValueSpecification","valueRequired":true,"valueName":"search_term_string"}}],"inLanguage":"es"},{"@type":"Organization","@id":"https:\/\/gimnasticdetarragona.cat\/es\/#organization","name":"GIMN\u00c0STIC DE TARRAGONA","alternateName":"N\u00c0STIC","url":"https:\/\/gimnasticdetarragona.cat\/es\/","logo":{"@type":"ImageObject","inLanguage":"es","@id":"https:\/\/gimnasticdetarragona.cat\/es\/#\/schema\/logo\/image\/","url":"https:\/\/gimnasticdetarragona.cat\/wp-content\/uploads\/2022\/06\/cropped-logo-gimnastic.png","contentUrl":"https:\/\/gimnasticdetarragona.cat\/wp-content\/uploads\/2022\/06\/cropped-logo-gimnastic.png","width":224,"height":83,"caption":"GIMN\u00c0STIC DE TARRAGONA"},"image":{"@id":"https:\/\/gimnasticdetarragona.cat\/es\/#\/schema\/logo\/image\/"},"sameAs":["https:\/\/x.com\/NASTICTARRAGONA","https:\/\/www.instagram.com\/nastictarragona\/"]},{"@type":"Person","@id":"https:\/\/gimnasticdetarragona.cat\/es\/#\/schema\/person\/47b6a637abf88f9bd835540f20ea069e","name":"desarrollo","sameAs":["https:\/\/clone.gimnasticdetarragona.cat"]}]}},"_links":{"self":[{"href":"https:\/\/gimnasticdetarragona.cat\/es\/wp-json\/wp\/v2\/posts\/57636","targetHints":{"allow":["GET"]}}],"collection":[{"href":"https:\/\/gimnasticdetarragona.cat\/es\/wp-json\/wp\/v2\/posts"}],"about":[{"href":"https:\/\/gimnasticdetarragona.cat\/es\/wp-json\/wp\/v2\/types\/post"}],"author":[{"embeddable":true,"href":"https:\/\/gimnasticdetarragona.cat\/es\/wp-json\/wp\/v2\/users\/1"}],"replies":[{"embeddable":true,"href":"https:\/\/gimnasticdetarragona.cat\/es\/wp-json\/wp\/v2\/comments?post=57636"}],"version-history":[{"count":0,"href":"https:\/\/gimnasticdetarragona.cat\/es\/wp-json\/wp\/v2\/posts\/57636\/revisions"}],"wp:featuredmedia":[{"embeddable":true,"href":"https:\/\/gimnasticdetarragona.cat\/es\/wp-json\/wp\/v2\/media\/57633"}],"wp:attachment":[{"href":"https:\/\/gimnasticdetarragona.cat\/es\/wp-json\/wp\/v2\/media?parent=57636"}],"wp:term":[{"taxonomy":"category","embeddable":true,"href":"https:\/\/gimnasticdetarragona.cat\/es\/wp-json\/wp\/v2\/categories?post=57636"},{"taxonomy":"post_tag","embeddable":true,"href":"https:\/\/gimnasticdetarragona.cat\/es\/wp-json\/wp\/v2\/tags?post=57636"}],"curies":[{"name":"wp","href":"https:\/\/api.w.org\/{rel}","templated":true}]}}