{"id":57952,"date":"2017-08-06T21:20:13","date_gmt":"2017-08-06T21:20:13","guid":{"rendered":"https:\/\/clone.gimnasticdetarragona.cat\/ultim-stage-abans-diniciar-la-temporada\/"},"modified":"2017-08-06T21:20:13","modified_gmt":"2017-08-06T21:20:13","slug":"ultim-stage-abans-diniciar-la-temporada","status":"publish","type":"post","link":"https:\/\/gimnasticdetarragona.cat\/es\/ultim-stage-abans-diniciar-la-temporada\/","title":{"rendered":"\u00daltimo stage antes de iniciar la temporada"},"content":{"rendered":"<p style=\"text-align: justify;\">La expedici\u00f3n grana se ha desplazado esta tarde hasta Santa Coloma de Farners. Los jugadores realizar\u00e1n cuatro sesiones de trabajo en el Municipal de Sant Juli\u00e0 de Llor y Bonmat\u00ed.<\/p>\n<p style=\"text-align: justify;\">En esta nueva y breve estancia en tierras gerundenses, el t\u00e9cnico Llu\u00eds Carreras ha llevado un total de 24 futbolistas, entre el primer equipo y La Puebla. La expedici\u00f3n desplazada se encuentra alojada en el hotel Mas Sol\u00e0 y ma\u00f1ana, lunes, el equipo entrenar\u00e1 en doble sesi\u00f3n, a las 10 horas y 18.30 horas. La jornada del martes est\u00e1 programada para iniciar el trabajo a las 10 horas y a las 18 h, antes de volver en autocar hasta Tarragona y disputar el IX Trofeo Ciudad de Tarragona ante el Real Zaragoza. El encuentro se jugar\u00e1 el mi\u00e9rcoles en el Nou Estadi. A las 20 horas se realizar\u00e1 la presentaci\u00f3n oficial de la plantilla y media horas despu\u00e9s arrancar\u00e1 el partido.<\/p>\n<p style=\"text-align: justify;\">Los socios 2017-2018 podr\u00e1n acceder con su carn\u00e9 para presenciar el encuentro desde su asiento. Mientras que todos los aficionados que quieran adquirir una entrada, podr\u00e1n hacerlo en las oficinas del N\u00e0stic a partir de ma\u00f1ana, lunes, en horario de 9 a 13.30 y de 16 a 19 horas. El precio de las entradas es de 15\u20ac en Gol, 20\u20ac el acceso a Preferente y 30\u20ac la zona de Tribuna.<\/p>\n<p style=\"text-align: justify;\">Los jugadores que completar\u00e1n el stage en tierras gerundenses son:<\/p>\n<p style=\"text-align: justify;\">&#8211; Porteros: Dimitrievski, Barrag\u00e1n y Jos\u00e9 Perales.<\/p>\n<p style=\"text-align: justify;\">&#8211; Defensas: Oto Kakabadze, Daisuke Suzuki, Xavi Molina, Mohammed Djetei, Abraham Minero, Carlos Blanco, Bruno Perone, Javi Jim\u00e9nez y Roger Figueras.<\/p>\n<p style=\"text-align: justify;\">&#8211; Centrocampistas: Sergio Tejera, Juan Mu\u00f1iz, Maikel Mesa, Carlos Garcia, Sandro Toscano, Tete Morente y \u00c1lvaro Bustos.<\/p>\n<p style=\"text-align: justify;\">&#8211; Delanteros: Omar Perdomo, Juan Delgado, Rayco, Manu Barreiro y S.Eman\u00e1.<\/p>\n<p style=\"text-align: justify;\">Jean Luc, Pol Valent\u00edn y Wilfried Zahibo no han viajado con el resto de compa\u00f1eros. Los tres jugadores grana se han quedado en Tarragona siguiendo los respectivos tratamientos de fisioterapia.<\/p>\n","protected":false},"excerpt":{"rendered":"<p>La expedici\u00f3n grana se ha desplazado esta tarde hasta Santa Coloma de Farners. Los jugadores realizar\u00e1n cuatro sesiones de trabajo en el Municipal de Sant Juli\u00e0 de Llor y Bonmat\u00ed.<\/p>\n","protected":false},"author":1,"featured_media":57949,"comment_status":"open","ping_status":"open","sticky":false,"template":"","format":"standard","meta":{"_acf_changed":false,"footnotes":""},"categories":[113,126],"tags":[],"class_list":["post-57952","post","type-post","status-publish","format-standard","has-post-thumbnail","hentry","category-actualidad","category-primer-equipo"],"acf":[],"yoast_head":"<!-- This site is optimized with the Yoast SEO plugin v27.3 - https:\/\/yoast.com\/product\/yoast-seo-wordpress\/ -->\n<title>\u00daltimo stage antes de iniciar la temporada - Gimn\u00e0stic de Tarragona SAD<\/title>\n<meta name=\"robots\" content=\"index, follow, max-snippet:-1, max-image-preview:large, max-video-preview:-1\" \/>\n<link rel=\"canonical\" href=\"https:\/\/gimnasticdetarragona.cat\/es\/ultim-stage-abans-diniciar-la-temporada\/\" \/>\n<meta property=\"og:locale\" content=\"es_ES\" \/>\n<meta property=\"og:type\" content=\"article\" \/>\n<meta property=\"og:title\" content=\"\u00daltimo stage antes de iniciar la temporada - Gimn\u00e0stic de Tarragona SAD\" \/>\n<meta property=\"og:description\" content=\"La expedici\u00f3n grana se ha desplazado esta tarde hasta Santa Coloma de Farners. Los jugadores realizar\u00e1n cuatro sesiones de trabajo en el Municipal de Sant Juli\u00e0 de Llor y Bonmat\u00ed.\" \/>\n<meta property=\"og:url\" content=\"https:\/\/gimnasticdetarragona.cat\/es\/ultim-stage-abans-diniciar-la-temporada\/\" \/>\n<meta property=\"og:site_name\" content=\"Gimn\u00e0stic de Tarragona SAD\" \/>\n<meta property=\"article:published_time\" content=\"2017-08-06T21:20:13+00:00\" \/>\n<meta property=\"og:image\" content=\"https:\/\/gimnasticdetarragona.cat\/wp-content\/uploads\/2022\/06\/05235916125025.jpg\" \/>\n\t<meta property=\"og:image:width\" content=\"1024\" \/>\n\t<meta property=\"og:image:height\" content=\"768\" \/>\n\t<meta property=\"og:image:type\" content=\"image\/jpeg\" \/>\n<meta name=\"author\" content=\"desarrollo\" \/>\n<meta name=\"twitter:card\" content=\"summary_large_image\" \/>\n<meta name=\"twitter:creator\" content=\"@NASTICTARRAGONA\" \/>\n<meta name=\"twitter:site\" content=\"@NASTICTARRAGONA\" \/>\n<meta name=\"twitter:label1\" content=\"Escrito por\" \/>\n\t<meta name=\"twitter:data1\" content=\"desarrollo\" \/>\n\t<meta name=\"twitter:label2\" content=\"Tiempo de lectura\" \/>\n\t<meta name=\"twitter:data2\" content=\"2 minutos\" \/>\n<script type=\"application\/ld+json\" class=\"yoast-schema-graph\">{\"@context\":\"https:\\\/\\\/schema.org\",\"@graph\":[{\"@type\":\"Article\",\"@id\":\"https:\\\/\\\/gimnasticdetarragona.cat\\\/es\\\/ultim-stage-abans-diniciar-la-temporada\\\/#article\",\"isPartOf\":{\"@id\":\"https:\\\/\\\/gimnasticdetarragona.cat\\\/es\\\/ultim-stage-abans-diniciar-la-temporada\\\/\"},\"author\":{\"name\":\"desarrollo\",\"@id\":\"https:\\\/\\\/gimnasticdetarragona.cat\\\/es\\\/#\\\/schema\\\/person\\\/47b6a637abf88f9bd835540f20ea069e\"},\"headline\":\"\u00daltimo stage antes de iniciar la temporada\",\"datePublished\":\"2017-08-06T21:20:13+00:00\",\"mainEntityOfPage\":{\"@id\":\"https:\\\/\\\/gimnasticdetarragona.cat\\\/es\\\/ultim-stage-abans-diniciar-la-temporada\\\/\"},\"wordCount\":332,\"commentCount\":0,\"publisher\":{\"@id\":\"https:\\\/\\\/gimnasticdetarragona.cat\\\/es\\\/#organization\"},\"image\":{\"@id\":\"https:\\\/\\\/gimnasticdetarragona.cat\\\/es\\\/ultim-stage-abans-diniciar-la-temporada\\\/#primaryimage\"},\"thumbnailUrl\":\"https:\\\/\\\/gimnasticdetarragona.cat\\\/wp-content\\\/uploads\\\/2022\\\/06\\\/05235916125025.jpg\",\"articleSection\":[\"Actualidad\",\"Primer Equipo\"],\"inLanguage\":\"es\"},{\"@type\":\"WebPage\",\"@id\":\"https:\\\/\\\/gimnasticdetarragona.cat\\\/es\\\/ultim-stage-abans-diniciar-la-temporada\\\/\",\"url\":\"https:\\\/\\\/gimnasticdetarragona.cat\\\/es\\\/ultim-stage-abans-diniciar-la-temporada\\\/\",\"name\":\"\u00daltimo stage antes de iniciar la temporada - Gimn\u00e0stic de Tarragona SAD\",\"isPartOf\":{\"@id\":\"https:\\\/\\\/gimnasticdetarragona.cat\\\/es\\\/#website\"},\"primaryImageOfPage\":{\"@id\":\"https:\\\/\\\/gimnasticdetarragona.cat\\\/es\\\/ultim-stage-abans-diniciar-la-temporada\\\/#primaryimage\"},\"image\":{\"@id\":\"https:\\\/\\\/gimnasticdetarragona.cat\\\/es\\\/ultim-stage-abans-diniciar-la-temporada\\\/#primaryimage\"},\"thumbnailUrl\":\"https:\\\/\\\/gimnasticdetarragona.cat\\\/wp-content\\\/uploads\\\/2022\\\/06\\\/05235916125025.jpg\",\"datePublished\":\"2017-08-06T21:20:13+00:00\",\"breadcrumb\":{\"@id\":\"https:\\\/\\\/gimnasticdetarragona.cat\\\/es\\\/ultim-stage-abans-diniciar-la-temporada\\\/#breadcrumb\"},\"inLanguage\":\"es\",\"potentialAction\":[{\"@type\":\"ReadAction\",\"target\":[\"https:\\\/\\\/gimnasticdetarragona.cat\\\/es\\\/ultim-stage-abans-diniciar-la-temporada\\\/\"]}]},{\"@type\":\"ImageObject\",\"inLanguage\":\"es\",\"@id\":\"https:\\\/\\\/gimnasticdetarragona.cat\\\/es\\\/ultim-stage-abans-diniciar-la-temporada\\\/#primaryimage\",\"url\":\"https:\\\/\\\/gimnasticdetarragona.cat\\\/wp-content\\\/uploads\\\/2022\\\/06\\\/05235916125025.jpg\",\"contentUrl\":\"https:\\\/\\\/gimnasticdetarragona.cat\\\/wp-content\\\/uploads\\\/2022\\\/06\\\/05235916125025.jpg\",\"width\":1024,\"height\":768},{\"@type\":\"BreadcrumbList\",\"@id\":\"https:\\\/\\\/gimnasticdetarragona.cat\\\/es\\\/ultim-stage-abans-diniciar-la-temporada\\\/#breadcrumb\",\"itemListElement\":[{\"@type\":\"ListItem\",\"position\":1,\"name\":\"Inici\",\"item\":\"https:\\\/\\\/gimnasticdetarragona.cat\\\/es\\\/nastic\\\/\"},{\"@type\":\"ListItem\",\"position\":2,\"name\":\"\u00daltimo stage antes de iniciar la temporada\"}]},{\"@type\":\"WebSite\",\"@id\":\"https:\\\/\\\/gimnasticdetarragona.cat\\\/es\\\/#website\",\"url\":\"https:\\\/\\\/gimnasticdetarragona.cat\\\/es\\\/\",\"name\":\"Gimn\u00e0stic de Tarragona SAD\",\"description\":\"Gimn\u00e0stic de Tarragona\",\"publisher\":{\"@id\":\"https:\\\/\\\/gimnasticdetarragona.cat\\\/es\\\/#organization\"},\"potentialAction\":[{\"@type\":\"SearchAction\",\"target\":{\"@type\":\"EntryPoint\",\"urlTemplate\":\"https:\\\/\\\/gimnasticdetarragona.cat\\\/es\\\/?s={search_term_string}\"},\"query-input\":{\"@type\":\"PropertyValueSpecification\",\"valueRequired\":true,\"valueName\":\"search_term_string\"}}],\"inLanguage\":\"es\"},{\"@type\":\"Organization\",\"@id\":\"https:\\\/\\\/gimnasticdetarragona.cat\\\/es\\\/#organization\",\"name\":\"GIMN\u00c0STIC DE TARRAGONA\",\"alternateName\":\"N\u00c0STIC\",\"url\":\"https:\\\/\\\/gimnasticdetarragona.cat\\\/es\\\/\",\"logo\":{\"@type\":\"ImageObject\",\"inLanguage\":\"es\",\"@id\":\"https:\\\/\\\/gimnasticdetarragona.cat\\\/es\\\/#\\\/schema\\\/logo\\\/image\\\/\",\"url\":\"https:\\\/\\\/gimnasticdetarragona.cat\\\/wp-content\\\/uploads\\\/2022\\\/06\\\/cropped-logo-gimnastic.png\",\"contentUrl\":\"https:\\\/\\\/gimnasticdetarragona.cat\\\/wp-content\\\/uploads\\\/2022\\\/06\\\/cropped-logo-gimnastic.png\",\"width\":224,\"height\":83,\"caption\":\"GIMN\u00c0STIC DE TARRAGONA\"},\"image\":{\"@id\":\"https:\\\/\\\/gimnasticdetarragona.cat\\\/es\\\/#\\\/schema\\\/logo\\\/image\\\/\"},\"sameAs\":[\"https:\\\/\\\/x.com\\\/NASTICTARRAGONA\",\"https:\\\/\\\/www.instagram.com\\\/nastictarragona\\\/\"]},{\"@type\":\"Person\",\"@id\":\"https:\\\/\\\/gimnasticdetarragona.cat\\\/es\\\/#\\\/schema\\\/person\\\/47b6a637abf88f9bd835540f20ea069e\",\"name\":\"desarrollo\",\"sameAs\":[\"https:\\\/\\\/clone.gimnasticdetarragona.cat\"]}]}<\/script>\n<!-- \/ Yoast SEO plugin. -->","yoast_head_json":{"title":"\u00daltimo stage antes de iniciar la temporada - Gimn\u00e0stic de Tarragona SAD","robots":{"index":"index","follow":"follow","max-snippet":"max-snippet:-1","max-image-preview":"max-image-preview:large","max-video-preview":"max-video-preview:-1"},"canonical":"https:\/\/gimnasticdetarragona.cat\/es\/ultim-stage-abans-diniciar-la-temporada\/","og_locale":"es_ES","og_type":"article","og_title":"\u00daltimo stage antes de iniciar la temporada - Gimn\u00e0stic de Tarragona SAD","og_description":"La expedici\u00f3n grana se ha desplazado esta tarde hasta Santa Coloma de Farners. Los jugadores realizar\u00e1n cuatro sesiones de trabajo en el Municipal de Sant Juli\u00e0 de Llor y Bonmat\u00ed.","og_url":"https:\/\/gimnasticdetarragona.cat\/es\/ultim-stage-abans-diniciar-la-temporada\/","og_site_name":"Gimn\u00e0stic de Tarragona SAD","article_published_time":"2017-08-06T21:20:13+00:00","og_image":[{"width":1024,"height":768,"url":"https:\/\/gimnasticdetarragona.cat\/wp-content\/uploads\/2022\/06\/05235916125025.jpg","type":"image\/jpeg"}],"author":"desarrollo","twitter_card":"summary_large_image","twitter_creator":"@NASTICTARRAGONA","twitter_site":"@NASTICTARRAGONA","twitter_misc":{"Escrito por":"desarrollo","Tiempo de lectura":"2 minutos"},"schema":{"@context":"https:\/\/schema.org","@graph":[{"@type":"Article","@id":"https:\/\/gimnasticdetarragona.cat\/es\/ultim-stage-abans-diniciar-la-temporada\/#article","isPartOf":{"@id":"https:\/\/gimnasticdetarragona.cat\/es\/ultim-stage-abans-diniciar-la-temporada\/"},"author":{"name":"desarrollo","@id":"https:\/\/gimnasticdetarragona.cat\/es\/#\/schema\/person\/47b6a637abf88f9bd835540f20ea069e"},"headline":"\u00daltimo stage antes de iniciar la temporada","datePublished":"2017-08-06T21:20:13+00:00","mainEntityOfPage":{"@id":"https:\/\/gimnasticdetarragona.cat\/es\/ultim-stage-abans-diniciar-la-temporada\/"},"wordCount":332,"commentCount":0,"publisher":{"@id":"https:\/\/gimnasticdetarragona.cat\/es\/#organization"},"image":{"@id":"https:\/\/gimnasticdetarragona.cat\/es\/ultim-stage-abans-diniciar-la-temporada\/#primaryimage"},"thumbnailUrl":"https:\/\/gimnasticdetarragona.cat\/wp-content\/uploads\/2022\/06\/05235916125025.jpg","articleSection":["Actualidad","Primer Equipo"],"inLanguage":"es"},{"@type":"WebPage","@id":"https:\/\/gimnasticdetarragona.cat\/es\/ultim-stage-abans-diniciar-la-temporada\/","url":"https:\/\/gimnasticdetarragona.cat\/es\/ultim-stage-abans-diniciar-la-temporada\/","name":"\u00daltimo stage antes de iniciar la temporada - Gimn\u00e0stic de Tarragona SAD","isPartOf":{"@id":"https:\/\/gimnasticdetarragona.cat\/es\/#website"},"primaryImageOfPage":{"@id":"https:\/\/gimnasticdetarragona.cat\/es\/ultim-stage-abans-diniciar-la-temporada\/#primaryimage"},"image":{"@id":"https:\/\/gimnasticdetarragona.cat\/es\/ultim-stage-abans-diniciar-la-temporada\/#primaryimage"},"thumbnailUrl":"https:\/\/gimnasticdetarragona.cat\/wp-content\/uploads\/2022\/06\/05235916125025.jpg","datePublished":"2017-08-06T21:20:13+00:00","breadcrumb":{"@id":"https:\/\/gimnasticdetarragona.cat\/es\/ultim-stage-abans-diniciar-la-temporada\/#breadcrumb"},"inLanguage":"es","potentialAction":[{"@type":"ReadAction","target":["https:\/\/gimnasticdetarragona.cat\/es\/ultim-stage-abans-diniciar-la-temporada\/"]}]},{"@type":"ImageObject","inLanguage":"es","@id":"https:\/\/gimnasticdetarragona.cat\/es\/ultim-stage-abans-diniciar-la-temporada\/#primaryimage","url":"https:\/\/gimnasticdetarragona.cat\/wp-content\/uploads\/2022\/06\/05235916125025.jpg","contentUrl":"https:\/\/gimnasticdetarragona.cat\/wp-content\/uploads\/2022\/06\/05235916125025.jpg","width":1024,"height":768},{"@type":"BreadcrumbList","@id":"https:\/\/gimnasticdetarragona.cat\/es\/ultim-stage-abans-diniciar-la-temporada\/#breadcrumb","itemListElement":[{"@type":"ListItem","position":1,"name":"Inici","item":"https:\/\/gimnasticdetarragona.cat\/es\/nastic\/"},{"@type":"ListItem","position":2,"name":"\u00daltimo stage antes de iniciar la temporada"}]},{"@type":"WebSite","@id":"https:\/\/gimnasticdetarragona.cat\/es\/#website","url":"https:\/\/gimnasticdetarragona.cat\/es\/","name":"Gimn\u00e0stic de Tarragona SAD","description":"Gimn\u00e0stic de Tarragona","publisher":{"@id":"https:\/\/gimnasticdetarragona.cat\/es\/#organization"},"potentialAction":[{"@type":"SearchAction","target":{"@type":"EntryPoint","urlTemplate":"https:\/\/gimnasticdetarragona.cat\/es\/?s={search_term_string}"},"query-input":{"@type":"PropertyValueSpecification","valueRequired":true,"valueName":"search_term_string"}}],"inLanguage":"es"},{"@type":"Organization","@id":"https:\/\/gimnasticdetarragona.cat\/es\/#organization","name":"GIMN\u00c0STIC DE TARRAGONA","alternateName":"N\u00c0STIC","url":"https:\/\/gimnasticdetarragona.cat\/es\/","logo":{"@type":"ImageObject","inLanguage":"es","@id":"https:\/\/gimnasticdetarragona.cat\/es\/#\/schema\/logo\/image\/","url":"https:\/\/gimnasticdetarragona.cat\/wp-content\/uploads\/2022\/06\/cropped-logo-gimnastic.png","contentUrl":"https:\/\/gimnasticdetarragona.cat\/wp-content\/uploads\/2022\/06\/cropped-logo-gimnastic.png","width":224,"height":83,"caption":"GIMN\u00c0STIC DE TARRAGONA"},"image":{"@id":"https:\/\/gimnasticdetarragona.cat\/es\/#\/schema\/logo\/image\/"},"sameAs":["https:\/\/x.com\/NASTICTARRAGONA","https:\/\/www.instagram.com\/nastictarragona\/"]},{"@type":"Person","@id":"https:\/\/gimnasticdetarragona.cat\/es\/#\/schema\/person\/47b6a637abf88f9bd835540f20ea069e","name":"desarrollo","sameAs":["https:\/\/clone.gimnasticdetarragona.cat"]}]}},"_links":{"self":[{"href":"https:\/\/gimnasticdetarragona.cat\/es\/wp-json\/wp\/v2\/posts\/57952","targetHints":{"allow":["GET"]}}],"collection":[{"href":"https:\/\/gimnasticdetarragona.cat\/es\/wp-json\/wp\/v2\/posts"}],"about":[{"href":"https:\/\/gimnasticdetarragona.cat\/es\/wp-json\/wp\/v2\/types\/post"}],"author":[{"embeddable":true,"href":"https:\/\/gimnasticdetarragona.cat\/es\/wp-json\/wp\/v2\/users\/1"}],"replies":[{"embeddable":true,"href":"https:\/\/gimnasticdetarragona.cat\/es\/wp-json\/wp\/v2\/comments?post=57952"}],"version-history":[{"count":0,"href":"https:\/\/gimnasticdetarragona.cat\/es\/wp-json\/wp\/v2\/posts\/57952\/revisions"}],"wp:featuredmedia":[{"embeddable":true,"href":"https:\/\/gimnasticdetarragona.cat\/es\/wp-json\/wp\/v2\/media\/57949"}],"wp:attachment":[{"href":"https:\/\/gimnasticdetarragona.cat\/es\/wp-json\/wp\/v2\/media?parent=57952"}],"wp:term":[{"taxonomy":"category","embeddable":true,"href":"https:\/\/gimnasticdetarragona.cat\/es\/wp-json\/wp\/v2\/categories?post=57952"},{"taxonomy":"post_tag","embeddable":true,"href":"https:\/\/gimnasticdetarragona.cat\/es\/wp-json\/wp\/v2\/tags?post=57952"}],"curies":[{"name":"wp","href":"https:\/\/api.w.org\/{rel}","templated":true}]}}