{"id":58070,"date":"2017-07-22T23:16:31","date_gmt":"2017-07-22T23:16:31","guid":{"rendered":"https:\/\/clone.gimnasticdetarragona.cat\/nastic-2-0-villarreal-cf-amistos\/"},"modified":"2017-07-22T23:16:31","modified_gmt":"2017-07-22T23:16:31","slug":"nastic-2-0-villarreal-cf-amistos","status":"publish","type":"post","link":"https:\/\/gimnasticdetarragona.cat\/es\/nastic-2-0-villarreal-cf-amistos\/","title":{"rendered":"N\u00e0stic 2 &#8211; 0 Villarreal CF (amistoso)"},"content":{"rendered":"<p style=\"text-align: justify;\">D\u00eda de debuts en el primer amistoso de la pretemporada grana. Numerosas incorporaciones y tambi\u00e9n Llu\u00eds Carreras como primer entrenador del N\u00e0stic. El Nou Estadi, escenario a\u00fan en obras, ha acogido el primer amistoso de la puesta en marcha de este 2017-2018.<\/p>\n<p style=\"text-align: justify;\">Desde el inicio del encuentro se ha visto un N\u00e0stic llevando el control del partido, muy ordenado t\u00e1cticamente y bien disciplinado defensivamente, desvaneciendo cualquier aproximaci\u00f3n del Villarreal CF, equipo de LaLiga Santander y que jugar\u00e1 la pr\u00f3xima edici\u00f3n de la Europa League. De hecho, el Nou\u00a0Estadi no tard\u00f3 en cantar el primer gol de la tarde. En el minuto 16, el debutante y reciente fichaje Omar Perdomo recuperando\u00a0un bal\u00f3n en zona defensiva rival se ha plantado solo ante el portero Andr\u00e9s Fern\u00e1ndez. El tinerfe\u00f1o ha cruzado el bal\u00f3n y ha inaugurado el marcador del Estadi. En los siguientes instantes, el equipo de la Plana se ha acercado t\u00edmidamente a la porter\u00eda defendida por Dimitrievski, sin inquietar al macedonio. En el 24&#8242;, Tejera lo ha probado sin suerte a bal\u00f3n parado desde la frontal del \u00e1rea. Mientras que en el 34&#8242;, el submarino amarillo ha estrellado un bal\u00f3n en el poste, mediante el delantero Sansone. Y cuatro minutos despu\u00e9s, los de Llu\u00eds Carreras han disfrutado de una doble ocasi\u00f3n de gol; primero, Brugui remat\u00f3 cruzado y el meta rival ha rechazado; posteriormente, Manu Barreiro lo ha vuelto a intentar en un disparo tambi\u00e9n cruzado, que ha atrapado Andr\u00e9s Fern\u00e1ndez sin complicaciones. La primera mitad ha finalizado tras una ocasi\u00f3n de gol del lateral Mario Gaspar. El bal\u00f3n ha salido por encima del travesa\u00f1o.<\/p>\n<p style=\"text-align: justify;\">En la reanudaci\u00f3n, los dos equipos han cambiado completamente los efectivos. 22 jugadores nuevos sobre el terreno de juego del Nou Estadi pero con las mismas predisposiciones t\u00e1cticas. El conjunto grana ha cogido r\u00e1pidamente la batuta y S. Eman\u00e1 ha sido el primero en probarlo en el minuto 52. El disparo potente lo ha atrapado el portero Barbosa. Dos minutos despu\u00e9s, Juan Mu\u00f1iz a bal\u00f3n parado ha puesto una fant\u00e1stica pelota\u00a0en el interior del \u00e1rea que remat\u00f3 alta Carlos Blanco. Mientras que en el 69&#8242;, el portero grana Perales ha mostrado unos grandes reflejos evitando el gol de Samu Castillejo. Y en el 75&#8242; lleg\u00f3 el segundo gol grana, mediante Stephane Eman\u00e1. El camerun\u00e9s se ha sacado un potente disparo con pierna derecha, desde la frontal, que ha sido imposible para el meta rival. En el 78&#8242;, Carlos Garc\u00eda ha podido materializar el tercer gol, pero el portero Barbosa ha respondido con una gran mano. En los \u00faltimos minutos, los 2.983 espectadores presentes en el Nou Estadi han podido ver tres caras nuevas sobre el c\u00e9sped. El fichaje Toscano y los canteranos Alex Campos y Roger. Con el marcador de 2-0 se ha llegado a la conclusi\u00f3n del encuentro, el primero de la pretemporada.<\/p>\n<p style=\"text-align: justify;\">El conjunto grana descansar\u00e1 ma\u00f1ana, domingo, y el lunes se desplazar\u00e1 hasta Olot para realizar el stage de pretemporada. El viernes 28, a partir de las 19 horas, los de Llu\u00eds Carreras se enfrentar\u00e1n a la UE Olot.<\/p>\n<p style=\"text-align: justify;\"><strong>Alineaciones<\/strong><\/p>\n<p style=\"text-align: justify;\">N\u00e0stic:<\/p>\n<p style=\"text-align: justify;\">11 inicial: Dimitrievski, Kakabadze, Zahibo, M. Barreiro, Maikel Mesa, Perone, Omar, Abraham, Tejera, Djetei y Brugui.<\/p>\n<p style=\"text-align: justify;\">2\u00aa mitad: Perales (Alex Campos, 83&#8242;), Pol, Suzuki, Carlos Blanco, De Nova, Xavi Molina, Carlos Garc\u00eda (Toscano, 83&#8242;), Juan Mu\u00f1iz, Rayco (Roger, 83&#8242;), Delgado y S. Eman\u00e1.<\/p>\n<p style=\"text-align: justify;\">Villarreal CF:<\/p>\n<p style=\"text-align: justify;\">11 inicial: Andr\u00e9s Fern\u00e1ndez, Mario, Jaume Costa, Rodrigo, Sansone, Leo Su\u00e1rez, Soriano, Bonera, Mario Gonz\u00e1lez, Pau y Chuca.<\/p>\n<p style=\"text-align: justify;\">2\u00aa mitad: Barbosa, Rukavina, Semedo, V\u00edctor Ruiz, Mar\u00edn, Raba, Ramiro, Imanol, Samu Castillejo, Bakambu y Soldado.<\/p>\n<p style=\"text-align: justify;\"><strong>Goles<\/strong><\/p>\n<p style=\"text-align: justify;\">1-0, Omar (16&#8242;); 2-0, S. Eman\u00e1 (75&#8242;).<\/p>\n<p style=\"text-align: justify;\"><strong>Tarjetas<\/strong><\/p>\n<p style=\"text-align: justify;\">Soriano (29&#8242;), V\u00edctor Ruiz (50&#8242;),<\/p>\n<p style=\"text-align: justify;\">Partido amistoso de la pretemporada 2017-2018. Nou Estadi, Tarragona. 2.983 espectadores.<\/p>\n","protected":false},"excerpt":{"rendered":"<p>D\u00eda de debuts en el primer amistoso de la pretemporada grana. Numerosas incorporaciones y tambi\u00e9n Llu\u00eds Carreras como primer entrenador del N\u00e0stic. El Nou Estadi, escenario a\u00fan en obras, ha acogido el primer amistoso de la puesta en marcha de este 2017-2018.<\/p>\n","protected":false},"author":1,"featured_media":58067,"comment_status":"open","ping_status":"open","sticky":false,"template":"","format":"standard","meta":{"_acf_changed":false,"footnotes":""},"categories":[113,121,126],"tags":[],"class_list":["post-58070","post","type-post","status-publish","format-standard","has-post-thumbnail","hentry","category-actualidad","category-home","category-primer-equipo"],"acf":[],"yoast_head":"<!-- This site is optimized with the Yoast SEO plugin v27.3 - https:\/\/yoast.com\/product\/yoast-seo-wordpress\/ -->\n<title>N\u00e0stic 2 - 0 Villarreal CF (amistoso) - Gimn\u00e0stic de Tarragona SAD<\/title>\n<meta name=\"robots\" content=\"index, follow, max-snippet:-1, max-image-preview:large, max-video-preview:-1\" \/>\n<link rel=\"canonical\" href=\"https:\/\/gimnasticdetarragona.cat\/nastic-2-0-villarreal-cf-amistos\/\" \/>\n<meta property=\"og:locale\" content=\"es_ES\" \/>\n<meta property=\"og:type\" content=\"article\" \/>\n<meta property=\"og:title\" content=\"N\u00e0stic 2 - 0 Villarreal CF (amistoso) - Gimn\u00e0stic de Tarragona SAD\" \/>\n<meta property=\"og:description\" content=\"D\u00eda de debuts en el primer amistoso de la pretemporada grana. Numerosas incorporaciones y tambi\u00e9n Llu\u00eds Carreras como primer entrenador del N\u00e0stic. El Nou Estadi, escenario a\u00fan en obras, ha acogido el primer amistoso de la puesta en marcha de este 2017-2018.\" \/>\n<meta property=\"og:url\" content=\"https:\/\/gimnasticdetarragona.cat\/nastic-2-0-villarreal-cf-amistos\/\" \/>\n<meta property=\"og:site_name\" content=\"Gimn\u00e0stic de Tarragona SAD\" \/>\n<meta property=\"article:published_time\" content=\"2017-07-22T23:16:31+00:00\" \/>\n<meta property=\"og:image\" content=\"https:\/\/gimnasticdetarragona.cat\/wp-content\/uploads\/2022\/06\/05235859124356.jpg\" \/>\n\t<meta property=\"og:image:width\" content=\"640\" \/>\n\t<meta property=\"og:image:height\" content=\"424\" \/>\n\t<meta property=\"og:image:type\" content=\"image\/jpeg\" \/>\n<meta name=\"author\" content=\"desarrollo\" \/>\n<meta name=\"twitter:card\" content=\"summary_large_image\" \/>\n<meta name=\"twitter:creator\" content=\"@NASTICTARRAGONA\" \/>\n<meta name=\"twitter:site\" content=\"@NASTICTARRAGONA\" \/>\n<meta name=\"twitter:label1\" content=\"Escrito por\" \/>\n\t<meta name=\"twitter:data1\" content=\"desarrollo\" \/>\n\t<meta name=\"twitter:label2\" content=\"Tiempo de lectura\" \/>\n\t<meta name=\"twitter:data2\" content=\"3 minutos\" \/>\n<script type=\"application\/ld+json\" class=\"yoast-schema-graph\">{\"@context\":\"https:\\\/\\\/schema.org\",\"@graph\":[{\"@type\":\"Article\",\"@id\":\"https:\\\/\\\/gimnasticdetarragona.cat\\\/nastic-2-0-villarreal-cf-amistos\\\/#article\",\"isPartOf\":{\"@id\":\"https:\\\/\\\/gimnasticdetarragona.cat\\\/nastic-2-0-villarreal-cf-amistos\\\/\"},\"author\":{\"name\":\"desarrollo\",\"@id\":\"https:\\\/\\\/gimnasticdetarragona.cat\\\/es\\\/#\\\/schema\\\/person\\\/47b6a637abf88f9bd835540f20ea069e\"},\"headline\":\"N\u00e0stic 2 &#8211; 0 Villarreal CF (amistoso)\",\"datePublished\":\"2017-07-22T23:16:31+00:00\",\"mainEntityOfPage\":{\"@id\":\"https:\\\/\\\/gimnasticdetarragona.cat\\\/nastic-2-0-villarreal-cf-amistos\\\/\"},\"wordCount\":650,\"commentCount\":0,\"publisher\":{\"@id\":\"https:\\\/\\\/gimnasticdetarragona.cat\\\/es\\\/#organization\"},\"image\":{\"@id\":\"https:\\\/\\\/gimnasticdetarragona.cat\\\/nastic-2-0-villarreal-cf-amistos\\\/#primaryimage\"},\"thumbnailUrl\":\"https:\\\/\\\/gimnasticdetarragona.cat\\\/wp-content\\\/uploads\\\/2022\\\/06\\\/05235859124356.jpg\",\"articleSection\":[\"Actualidad\",\"Home\",\"Primer Equipo\"],\"inLanguage\":\"es\"},{\"@type\":\"WebPage\",\"@id\":\"https:\\\/\\\/gimnasticdetarragona.cat\\\/nastic-2-0-villarreal-cf-amistos\\\/\",\"url\":\"https:\\\/\\\/gimnasticdetarragona.cat\\\/nastic-2-0-villarreal-cf-amistos\\\/\",\"name\":\"N\u00e0stic 2 - 0 Villarreal CF (amistoso) - Gimn\u00e0stic de Tarragona SAD\",\"isPartOf\":{\"@id\":\"https:\\\/\\\/gimnasticdetarragona.cat\\\/es\\\/#website\"},\"primaryImageOfPage\":{\"@id\":\"https:\\\/\\\/gimnasticdetarragona.cat\\\/nastic-2-0-villarreal-cf-amistos\\\/#primaryimage\"},\"image\":{\"@id\":\"https:\\\/\\\/gimnasticdetarragona.cat\\\/nastic-2-0-villarreal-cf-amistos\\\/#primaryimage\"},\"thumbnailUrl\":\"https:\\\/\\\/gimnasticdetarragona.cat\\\/wp-content\\\/uploads\\\/2022\\\/06\\\/05235859124356.jpg\",\"datePublished\":\"2017-07-22T23:16:31+00:00\",\"breadcrumb\":{\"@id\":\"https:\\\/\\\/gimnasticdetarragona.cat\\\/nastic-2-0-villarreal-cf-amistos\\\/#breadcrumb\"},\"inLanguage\":\"es\",\"potentialAction\":[{\"@type\":\"ReadAction\",\"target\":[\"https:\\\/\\\/gimnasticdetarragona.cat\\\/nastic-2-0-villarreal-cf-amistos\\\/\"]}]},{\"@type\":\"ImageObject\",\"inLanguage\":\"es\",\"@id\":\"https:\\\/\\\/gimnasticdetarragona.cat\\\/nastic-2-0-villarreal-cf-amistos\\\/#primaryimage\",\"url\":\"https:\\\/\\\/gimnasticdetarragona.cat\\\/wp-content\\\/uploads\\\/2022\\\/06\\\/05235859124356.jpg\",\"contentUrl\":\"https:\\\/\\\/gimnasticdetarragona.cat\\\/wp-content\\\/uploads\\\/2022\\\/06\\\/05235859124356.jpg\",\"width\":640,\"height\":424},{\"@type\":\"BreadcrumbList\",\"@id\":\"https:\\\/\\\/gimnasticdetarragona.cat\\\/nastic-2-0-villarreal-cf-amistos\\\/#breadcrumb\",\"itemListElement\":[{\"@type\":\"ListItem\",\"position\":1,\"name\":\"Inici\",\"item\":\"https:\\\/\\\/gimnasticdetarragona.cat\\\/es\\\/nastic\\\/\"},{\"@type\":\"ListItem\",\"position\":2,\"name\":\"N\u00e0stic 2 &#8211; 0 Villarreal CF (amistoso)\"}]},{\"@type\":\"WebSite\",\"@id\":\"https:\\\/\\\/gimnasticdetarragona.cat\\\/es\\\/#website\",\"url\":\"https:\\\/\\\/gimnasticdetarragona.cat\\\/es\\\/\",\"name\":\"Gimn\u00e0stic de Tarragona SAD\",\"description\":\"Gimn\u00e0stic de Tarragona\",\"publisher\":{\"@id\":\"https:\\\/\\\/gimnasticdetarragona.cat\\\/es\\\/#organization\"},\"potentialAction\":[{\"@type\":\"SearchAction\",\"target\":{\"@type\":\"EntryPoint\",\"urlTemplate\":\"https:\\\/\\\/gimnasticdetarragona.cat\\\/es\\\/?s={search_term_string}\"},\"query-input\":{\"@type\":\"PropertyValueSpecification\",\"valueRequired\":true,\"valueName\":\"search_term_string\"}}],\"inLanguage\":\"es\"},{\"@type\":\"Organization\",\"@id\":\"https:\\\/\\\/gimnasticdetarragona.cat\\\/es\\\/#organization\",\"name\":\"GIMN\u00c0STIC DE TARRAGONA\",\"alternateName\":\"N\u00c0STIC\",\"url\":\"https:\\\/\\\/gimnasticdetarragona.cat\\\/es\\\/\",\"logo\":{\"@type\":\"ImageObject\",\"inLanguage\":\"es\",\"@id\":\"https:\\\/\\\/gimnasticdetarragona.cat\\\/es\\\/#\\\/schema\\\/logo\\\/image\\\/\",\"url\":\"https:\\\/\\\/gimnasticdetarragona.cat\\\/wp-content\\\/uploads\\\/2022\\\/06\\\/cropped-logo-gimnastic.png\",\"contentUrl\":\"https:\\\/\\\/gimnasticdetarragona.cat\\\/wp-content\\\/uploads\\\/2022\\\/06\\\/cropped-logo-gimnastic.png\",\"width\":224,\"height\":83,\"caption\":\"GIMN\u00c0STIC DE TARRAGONA\"},\"image\":{\"@id\":\"https:\\\/\\\/gimnasticdetarragona.cat\\\/es\\\/#\\\/schema\\\/logo\\\/image\\\/\"},\"sameAs\":[\"https:\\\/\\\/x.com\\\/NASTICTARRAGONA\",\"https:\\\/\\\/www.instagram.com\\\/nastictarragona\\\/\"]},{\"@type\":\"Person\",\"@id\":\"https:\\\/\\\/gimnasticdetarragona.cat\\\/es\\\/#\\\/schema\\\/person\\\/47b6a637abf88f9bd835540f20ea069e\",\"name\":\"desarrollo\",\"sameAs\":[\"https:\\\/\\\/clone.gimnasticdetarragona.cat\"]}]}<\/script>\n<!-- \/ Yoast SEO plugin. -->","yoast_head_json":{"title":"N\u00e0stic 2 - 0 Villarreal CF (amistoso) - Gimn\u00e0stic de Tarragona SAD","robots":{"index":"index","follow":"follow","max-snippet":"max-snippet:-1","max-image-preview":"max-image-preview:large","max-video-preview":"max-video-preview:-1"},"canonical":"https:\/\/gimnasticdetarragona.cat\/nastic-2-0-villarreal-cf-amistos\/","og_locale":"es_ES","og_type":"article","og_title":"N\u00e0stic 2 - 0 Villarreal CF (amistoso) - Gimn\u00e0stic de Tarragona SAD","og_description":"D\u00eda de debuts en el primer amistoso de la pretemporada grana. Numerosas incorporaciones y tambi\u00e9n Llu\u00eds Carreras como primer entrenador del N\u00e0stic. El Nou Estadi, escenario a\u00fan en obras, ha acogido el primer amistoso de la puesta en marcha de este 2017-2018.","og_url":"https:\/\/gimnasticdetarragona.cat\/nastic-2-0-villarreal-cf-amistos\/","og_site_name":"Gimn\u00e0stic de Tarragona SAD","article_published_time":"2017-07-22T23:16:31+00:00","og_image":[{"width":640,"height":424,"url":"https:\/\/gimnasticdetarragona.cat\/wp-content\/uploads\/2022\/06\/05235859124356.jpg","type":"image\/jpeg"}],"author":"desarrollo","twitter_card":"summary_large_image","twitter_creator":"@NASTICTARRAGONA","twitter_site":"@NASTICTARRAGONA","twitter_misc":{"Escrito por":"desarrollo","Tiempo de lectura":"3 minutos"},"schema":{"@context":"https:\/\/schema.org","@graph":[{"@type":"Article","@id":"https:\/\/gimnasticdetarragona.cat\/nastic-2-0-villarreal-cf-amistos\/#article","isPartOf":{"@id":"https:\/\/gimnasticdetarragona.cat\/nastic-2-0-villarreal-cf-amistos\/"},"author":{"name":"desarrollo","@id":"https:\/\/gimnasticdetarragona.cat\/es\/#\/schema\/person\/47b6a637abf88f9bd835540f20ea069e"},"headline":"N\u00e0stic 2 &#8211; 0 Villarreal CF (amistoso)","datePublished":"2017-07-22T23:16:31+00:00","mainEntityOfPage":{"@id":"https:\/\/gimnasticdetarragona.cat\/nastic-2-0-villarreal-cf-amistos\/"},"wordCount":650,"commentCount":0,"publisher":{"@id":"https:\/\/gimnasticdetarragona.cat\/es\/#organization"},"image":{"@id":"https:\/\/gimnasticdetarragona.cat\/nastic-2-0-villarreal-cf-amistos\/#primaryimage"},"thumbnailUrl":"https:\/\/gimnasticdetarragona.cat\/wp-content\/uploads\/2022\/06\/05235859124356.jpg","articleSection":["Actualidad","Home","Primer Equipo"],"inLanguage":"es"},{"@type":"WebPage","@id":"https:\/\/gimnasticdetarragona.cat\/nastic-2-0-villarreal-cf-amistos\/","url":"https:\/\/gimnasticdetarragona.cat\/nastic-2-0-villarreal-cf-amistos\/","name":"N\u00e0stic 2 - 0 Villarreal CF (amistoso) - Gimn\u00e0stic de Tarragona SAD","isPartOf":{"@id":"https:\/\/gimnasticdetarragona.cat\/es\/#website"},"primaryImageOfPage":{"@id":"https:\/\/gimnasticdetarragona.cat\/nastic-2-0-villarreal-cf-amistos\/#primaryimage"},"image":{"@id":"https:\/\/gimnasticdetarragona.cat\/nastic-2-0-villarreal-cf-amistos\/#primaryimage"},"thumbnailUrl":"https:\/\/gimnasticdetarragona.cat\/wp-content\/uploads\/2022\/06\/05235859124356.jpg","datePublished":"2017-07-22T23:16:31+00:00","breadcrumb":{"@id":"https:\/\/gimnasticdetarragona.cat\/nastic-2-0-villarreal-cf-amistos\/#breadcrumb"},"inLanguage":"es","potentialAction":[{"@type":"ReadAction","target":["https:\/\/gimnasticdetarragona.cat\/nastic-2-0-villarreal-cf-amistos\/"]}]},{"@type":"ImageObject","inLanguage":"es","@id":"https:\/\/gimnasticdetarragona.cat\/nastic-2-0-villarreal-cf-amistos\/#primaryimage","url":"https:\/\/gimnasticdetarragona.cat\/wp-content\/uploads\/2022\/06\/05235859124356.jpg","contentUrl":"https:\/\/gimnasticdetarragona.cat\/wp-content\/uploads\/2022\/06\/05235859124356.jpg","width":640,"height":424},{"@type":"BreadcrumbList","@id":"https:\/\/gimnasticdetarragona.cat\/nastic-2-0-villarreal-cf-amistos\/#breadcrumb","itemListElement":[{"@type":"ListItem","position":1,"name":"Inici","item":"https:\/\/gimnasticdetarragona.cat\/es\/nastic\/"},{"@type":"ListItem","position":2,"name":"N\u00e0stic 2 &#8211; 0 Villarreal CF (amistoso)"}]},{"@type":"WebSite","@id":"https:\/\/gimnasticdetarragona.cat\/es\/#website","url":"https:\/\/gimnasticdetarragona.cat\/es\/","name":"Gimn\u00e0stic de Tarragona SAD","description":"Gimn\u00e0stic de Tarragona","publisher":{"@id":"https:\/\/gimnasticdetarragona.cat\/es\/#organization"},"potentialAction":[{"@type":"SearchAction","target":{"@type":"EntryPoint","urlTemplate":"https:\/\/gimnasticdetarragona.cat\/es\/?s={search_term_string}"},"query-input":{"@type":"PropertyValueSpecification","valueRequired":true,"valueName":"search_term_string"}}],"inLanguage":"es"},{"@type":"Organization","@id":"https:\/\/gimnasticdetarragona.cat\/es\/#organization","name":"GIMN\u00c0STIC DE TARRAGONA","alternateName":"N\u00c0STIC","url":"https:\/\/gimnasticdetarragona.cat\/es\/","logo":{"@type":"ImageObject","inLanguage":"es","@id":"https:\/\/gimnasticdetarragona.cat\/es\/#\/schema\/logo\/image\/","url":"https:\/\/gimnasticdetarragona.cat\/wp-content\/uploads\/2022\/06\/cropped-logo-gimnastic.png","contentUrl":"https:\/\/gimnasticdetarragona.cat\/wp-content\/uploads\/2022\/06\/cropped-logo-gimnastic.png","width":224,"height":83,"caption":"GIMN\u00c0STIC DE TARRAGONA"},"image":{"@id":"https:\/\/gimnasticdetarragona.cat\/es\/#\/schema\/logo\/image\/"},"sameAs":["https:\/\/x.com\/NASTICTARRAGONA","https:\/\/www.instagram.com\/nastictarragona\/"]},{"@type":"Person","@id":"https:\/\/gimnasticdetarragona.cat\/es\/#\/schema\/person\/47b6a637abf88f9bd835540f20ea069e","name":"desarrollo","sameAs":["https:\/\/clone.gimnasticdetarragona.cat"]}]}},"_links":{"self":[{"href":"https:\/\/gimnasticdetarragona.cat\/es\/wp-json\/wp\/v2\/posts\/58070","targetHints":{"allow":["GET"]}}],"collection":[{"href":"https:\/\/gimnasticdetarragona.cat\/es\/wp-json\/wp\/v2\/posts"}],"about":[{"href":"https:\/\/gimnasticdetarragona.cat\/es\/wp-json\/wp\/v2\/types\/post"}],"author":[{"embeddable":true,"href":"https:\/\/gimnasticdetarragona.cat\/es\/wp-json\/wp\/v2\/users\/1"}],"replies":[{"embeddable":true,"href":"https:\/\/gimnasticdetarragona.cat\/es\/wp-json\/wp\/v2\/comments?post=58070"}],"version-history":[{"count":0,"href":"https:\/\/gimnasticdetarragona.cat\/es\/wp-json\/wp\/v2\/posts\/58070\/revisions"}],"wp:featuredmedia":[{"embeddable":true,"href":"https:\/\/gimnasticdetarragona.cat\/es\/wp-json\/wp\/v2\/media\/58067"}],"wp:attachment":[{"href":"https:\/\/gimnasticdetarragona.cat\/es\/wp-json\/wp\/v2\/media?parent=58070"}],"wp:term":[{"taxonomy":"category","embeddable":true,"href":"https:\/\/gimnasticdetarragona.cat\/es\/wp-json\/wp\/v2\/categories?post=58070"},{"taxonomy":"post_tag","embeddable":true,"href":"https:\/\/gimnasticdetarragona.cat\/es\/wp-json\/wp\/v2\/tags?post=58070"}],"curies":[{"name":"wp","href":"https:\/\/api.w.org\/{rel}","templated":true}]}}