{"id":58198,"date":"2017-06-27T13:50:04","date_gmt":"2017-06-27T13:50:04","guid":{"rendered":"https:\/\/clone.gimnasticdetarragona.cat\/congelem-labonament-2017-2018\/"},"modified":"2017-06-27T13:50:04","modified_gmt":"2017-06-27T13:50:04","slug":"congelem-labonament-2017-2018","status":"publish","type":"post","link":"https:\/\/gimnasticdetarragona.cat\/es\/congelem-labonament-2017-2018\/","title":{"rendered":"Congelamos el abono 2017-2018"},"content":{"rendered":"<p style=\"text-align: justify;\">El Gimn\u00e0stic de Tarragona, SAD ha presentado este mediod\u00eda los precios y toda la informaci\u00f3n detallada sobre la nueva campa\u00f1a de socios &#8216;Congelem l&#8217;abonament&#8217; para este pr\u00f3ximo curso deportivo 2017-2018. El director general de la entidad, Llu\u00eds F\u00e0bregas, y Jose Maria Andreu Sol\u00e9, responsable de Marketing y Patrocinios del N\u00e0stic, han informado de las novedades de la campa\u00f1a que se iniciar\u00e1 el 5 de julio.<\/p>\n<p style=\"text-align: justify;\">La entidad grana mantiene los precios de la temporada pasada para que todos los abonados del \u00faltimo curso deportivo puedan formalizar su abono para presenciar en directo los 21 partidos oficiales de LaLiga 1|2|3 que el primer equipo del N\u00e0stic disputar\u00e1 el Nou Estadi. Adem\u00e1s, tal y como ha anunciado Llu\u00eds F\u00e0bregas, \u00abel carnet de socio tambi\u00e9n dar\u00e1 acceso a tres partidos amistosos de esta pretemporada\u00bb, que el conjunto entrenado por Llu\u00eds Carreras afrontar\u00e1 ante equipos de LaLiga Santander y la categor\u00eda de plata del f\u00fatbol nacional.<\/p>\n<p style=\"text-align: justify;\">Los precios de los carn\u00e9s de socio para esta temporada son los mismos de la anterior: 300\u20ac en Tribuna, 200\u20ac a Preferente y 150\u20ac en Gol. Mientras que todos los nastiquers que quieran ser part\u00edcipes de la grada de animaci\u00f3n obtendr\u00e1n su abono y una camiseta oficial al precio de 80\u20ac. Recordamos que para ser miembro de la grada de animaci\u00f3n se deber\u00e1 tener entre 15 y 30 a\u00f1os y el abono ser\u00e1 personal e intransferible.<\/p>\n<p style=\"text-align: justify;\">El Gimn\u00e0stic de Tarragona, SAD informa que los socios de la campa\u00f1a anterior, la 2016-2017, tendr\u00e1n reservado su asiento hasta el 31 de agosto; en caso de no efectuar la renovaci\u00f3n antes de la fecha indicada, el asiento se liberar\u00e1 a partir del 1 de septiembre.<\/p>\n<p style=\"text-align: justify;\"><strong>Descuentos<\/strong><\/p>\n<p style=\"text-align: justify;\">Los menores de 0 a 8 a\u00f1os (inclusive), seguir\u00e1n teniendo el acceso gratuito al estadio sin derecho a ocupar asiento. Podr\u00e1n solicitar el carnet de simpatizante de forma gratuita previa acreditaci\u00f3n de la edad del menor (presentando DNI o libro de familia).<\/p>\n<p style=\"text-align: justify;\">Tal como se realiz\u00f3 la pasada campa\u00f1a de socios, los ni\u00f1os entre 9 y 18 a\u00f1os que sean hijos o nietos de socios y que renueven el abono para esta temporada, podr\u00e1n darse de alta como nuevos abonados con un 50% de descuento en el abono. Por tanto, el precio de los menores de edad que cumplan los requisitos ser\u00e1 de 150\u20ac en la zona de Tribuna, 100\u20ac en la zona de Preferente y 75\u20ac en las zonas de Gol.<\/p>\n<p style=\"text-align: justify;\">La entidad grana tambi\u00e9n tiene presentes todos aquellos nastiquers que lleven al menos 50 a\u00f1os de socios del Gimn\u00e0stic de Tarragona, de esta manera se podr\u00e1n beneficiar tambi\u00e9n de un 50% de descuento en su abono nuevo.<\/p>\n<p style=\"text-align: justify;\">Mientras que los aficionados actualmente est\u00e9n parados laboralmente, durante un periodo superior a 3 meses, podr\u00e1n disfrutar de un descuento del 50% en la cuota de socio de esta temporada. En esta promoci\u00f3n queda excluida la grada de animaci\u00f3n y es necesario acreditar debidamente la situaci\u00f3n de parado con los documentos oficiales del INEM.<\/p>\n<p style=\"text-align: justify;\"><strong>Precios entradas<\/strong><\/p>\n<p style=\"text-align: justify;\">Los precios de las entradas para cada uno de los partidos tambi\u00e9n se mantienen &#8216;congelados&#8217; y no var\u00edan respecto a la temporada anterior. El acceso a Tribuna tendr\u00e1 un precio de 30\u20ac, Preferente costar\u00e1 20\u20ac, 15\u20ac en Gol y el precio de la zona visitante ser\u00e1 de 20\u20ac.<\/p>\n<p style=\"text-align: justify;\"><strong>Modalidades de pago<\/strong><\/p>\n<p style=\"text-align: justify;\">Se acepta realizar el pago en efectivo o tarjeta de cr\u00e9dito en nuestras oficinas en el momento de la renovaci\u00f3n\/alta del abono. Tambi\u00e9n se puede utilizar la modalidad de cargo bancario, previa presentaci\u00f3n y firma de la correspondiente autorizaci\u00f3n bancaria. En este \u00faltimo caso se podr\u00e1 pagar en dos plazos:<\/p>\n<p style=\"text-align: justify;\">1\u00ba Plazo: 07\/04\/2017 (50%)<\/p>\n<p style=\"text-align: justify;\">2\u00ba Plazo: 16\/10\/2017 (50%)<\/p>\n<p style=\"text-align: justify;\"><strong>Horarios<\/strong><\/p>\n<p style=\"text-align: justify;\">Los socios y aficionados interesados en formalizar su abono para la nueva temporada 2017-2018 podr\u00e1n pasar por las oficinas del N\u00e0stic de la Partida Budallera a partir del mi\u00e9rcoles 5 de julio. El horario de las oficinas es de lunes a viernes de 9 a 13.30 y de 16 a 19 horas.<\/p>\n","protected":false},"excerpt":{"rendered":"<p>El Gimn\u00e0stic de Tarragona, SAD ha presentado este mediod\u00eda los precios y toda la informaci\u00f3n detallada sobre la nueva campa\u00f1a de socios &#8216;Congelem l&#8217;abonament&#8217; para este pr\u00f3ximo curso deportivo 2017-2018. El director general de la entidad, Llu\u00eds F\u00e0bregas, y Jose Maria Andreu Sol\u00e9, responsable de Marketing y Patrocinios del N\u00e0stic, han informado de las novedades de la campa\u00f1a que se iniciar\u00e1 el 5 de julio.<\/p>\n","protected":false},"author":1,"featured_media":58195,"comment_status":"open","ping_status":"open","sticky":false,"template":"","format":"standard","meta":{"_acf_changed":false,"footnotes":""},"categories":[113,121],"tags":[],"class_list":["post-58198","post","type-post","status-publish","format-standard","has-post-thumbnail","hentry","category-actualidad","category-home"],"acf":[],"yoast_head":"<!-- This site is optimized with the Yoast SEO plugin v27.3 - https:\/\/yoast.com\/product\/yoast-seo-wordpress\/ -->\n<title>Congelamos el abono 2017-2018 - Gimn\u00e0stic de Tarragona SAD<\/title>\n<meta name=\"robots\" content=\"index, follow, max-snippet:-1, max-image-preview:large, max-video-preview:-1\" \/>\n<link rel=\"canonical\" href=\"https:\/\/gimnasticdetarragona.cat\/es\/congelem-labonament-2017-2018\/\" \/>\n<meta property=\"og:locale\" content=\"es_ES\" \/>\n<meta property=\"og:type\" content=\"article\" \/>\n<meta property=\"og:title\" content=\"Congelamos el abono 2017-2018 - Gimn\u00e0stic de Tarragona SAD\" \/>\n<meta property=\"og:description\" content=\"El Gimn\u00e0stic de Tarragona, SAD ha presentado este mediod\u00eda los precios y toda la informaci\u00f3n detallada sobre la nueva campa\u00f1a de socios &#039;Congelem l&#039;abonament&#039; para este pr\u00f3ximo curso deportivo 2017-2018. El director general de la entidad, Llu\u00eds F\u00e0bregas, y Jose Maria Andreu Sol\u00e9, responsable de Marketing y Patrocinios del N\u00e0stic, han informado de las novedades de la campa\u00f1a que se iniciar\u00e1 el 5 de julio.\" \/>\n<meta property=\"og:url\" content=\"https:\/\/gimnasticdetarragona.cat\/es\/congelem-labonament-2017-2018\/\" \/>\n<meta property=\"og:site_name\" content=\"Gimn\u00e0stic de Tarragona SAD\" \/>\n<meta property=\"article:published_time\" content=\"2017-06-27T13:50:04+00:00\" \/>\n<meta property=\"og:image\" content=\"https:\/\/gimnasticdetarragona.cat\/wp-content\/uploads\/2022\/06\/05235824123230.jpg\" \/>\n\t<meta property=\"og:image:width\" content=\"640\" \/>\n\t<meta property=\"og:image:height\" content=\"427\" \/>\n\t<meta property=\"og:image:type\" content=\"image\/jpeg\" \/>\n<meta name=\"author\" content=\"desarrollo\" \/>\n<meta name=\"twitter:card\" content=\"summary_large_image\" \/>\n<meta name=\"twitter:creator\" content=\"@NASTICTARRAGONA\" \/>\n<meta name=\"twitter:site\" content=\"@NASTICTARRAGONA\" \/>\n<meta name=\"twitter:label1\" content=\"Escrito por\" \/>\n\t<meta name=\"twitter:data1\" content=\"desarrollo\" \/>\n\t<meta name=\"twitter:label2\" content=\"Tiempo de lectura\" \/>\n\t<meta name=\"twitter:data2\" content=\"3 minutos\" \/>\n<script type=\"application\/ld+json\" class=\"yoast-schema-graph\">{\"@context\":\"https:\\\/\\\/schema.org\",\"@graph\":[{\"@type\":\"Article\",\"@id\":\"https:\\\/\\\/gimnasticdetarragona.cat\\\/es\\\/congelem-labonament-2017-2018\\\/#article\",\"isPartOf\":{\"@id\":\"https:\\\/\\\/gimnasticdetarragona.cat\\\/es\\\/congelem-labonament-2017-2018\\\/\"},\"author\":{\"name\":\"desarrollo\",\"@id\":\"https:\\\/\\\/gimnasticdetarragona.cat\\\/es\\\/#\\\/schema\\\/person\\\/47b6a637abf88f9bd835540f20ea069e\"},\"headline\":\"Congelamos el abono 2017-2018\",\"datePublished\":\"2017-06-27T13:50:04+00:00\",\"mainEntityOfPage\":{\"@id\":\"https:\\\/\\\/gimnasticdetarragona.cat\\\/es\\\/congelem-labonament-2017-2018\\\/\"},\"wordCount\":675,\"commentCount\":0,\"publisher\":{\"@id\":\"https:\\\/\\\/gimnasticdetarragona.cat\\\/es\\\/#organization\"},\"image\":{\"@id\":\"https:\\\/\\\/gimnasticdetarragona.cat\\\/es\\\/congelem-labonament-2017-2018\\\/#primaryimage\"},\"thumbnailUrl\":\"https:\\\/\\\/gimnasticdetarragona.cat\\\/wp-content\\\/uploads\\\/2022\\\/06\\\/05235824123230.jpg\",\"articleSection\":[\"Actualidad\",\"Home\"],\"inLanguage\":\"es\"},{\"@type\":\"WebPage\",\"@id\":\"https:\\\/\\\/gimnasticdetarragona.cat\\\/es\\\/congelem-labonament-2017-2018\\\/\",\"url\":\"https:\\\/\\\/gimnasticdetarragona.cat\\\/es\\\/congelem-labonament-2017-2018\\\/\",\"name\":\"Congelamos el abono 2017-2018 - Gimn\u00e0stic de Tarragona SAD\",\"isPartOf\":{\"@id\":\"https:\\\/\\\/gimnasticdetarragona.cat\\\/es\\\/#website\"},\"primaryImageOfPage\":{\"@id\":\"https:\\\/\\\/gimnasticdetarragona.cat\\\/es\\\/congelem-labonament-2017-2018\\\/#primaryimage\"},\"image\":{\"@id\":\"https:\\\/\\\/gimnasticdetarragona.cat\\\/es\\\/congelem-labonament-2017-2018\\\/#primaryimage\"},\"thumbnailUrl\":\"https:\\\/\\\/gimnasticdetarragona.cat\\\/wp-content\\\/uploads\\\/2022\\\/06\\\/05235824123230.jpg\",\"datePublished\":\"2017-06-27T13:50:04+00:00\",\"breadcrumb\":{\"@id\":\"https:\\\/\\\/gimnasticdetarragona.cat\\\/es\\\/congelem-labonament-2017-2018\\\/#breadcrumb\"},\"inLanguage\":\"es\",\"potentialAction\":[{\"@type\":\"ReadAction\",\"target\":[\"https:\\\/\\\/gimnasticdetarragona.cat\\\/es\\\/congelem-labonament-2017-2018\\\/\"]}]},{\"@type\":\"ImageObject\",\"inLanguage\":\"es\",\"@id\":\"https:\\\/\\\/gimnasticdetarragona.cat\\\/es\\\/congelem-labonament-2017-2018\\\/#primaryimage\",\"url\":\"https:\\\/\\\/gimnasticdetarragona.cat\\\/wp-content\\\/uploads\\\/2022\\\/06\\\/05235824123230.jpg\",\"contentUrl\":\"https:\\\/\\\/gimnasticdetarragona.cat\\\/wp-content\\\/uploads\\\/2022\\\/06\\\/05235824123230.jpg\",\"width\":640,\"height\":427},{\"@type\":\"BreadcrumbList\",\"@id\":\"https:\\\/\\\/gimnasticdetarragona.cat\\\/es\\\/congelem-labonament-2017-2018\\\/#breadcrumb\",\"itemListElement\":[{\"@type\":\"ListItem\",\"position\":1,\"name\":\"Inici\",\"item\":\"https:\\\/\\\/gimnasticdetarragona.cat\\\/es\\\/nastic\\\/\"},{\"@type\":\"ListItem\",\"position\":2,\"name\":\"Congelamos el abono 2017-2018\"}]},{\"@type\":\"WebSite\",\"@id\":\"https:\\\/\\\/gimnasticdetarragona.cat\\\/es\\\/#website\",\"url\":\"https:\\\/\\\/gimnasticdetarragona.cat\\\/es\\\/\",\"name\":\"Gimn\u00e0stic de Tarragona SAD\",\"description\":\"Gimn\u00e0stic de Tarragona\",\"publisher\":{\"@id\":\"https:\\\/\\\/gimnasticdetarragona.cat\\\/es\\\/#organization\"},\"potentialAction\":[{\"@type\":\"SearchAction\",\"target\":{\"@type\":\"EntryPoint\",\"urlTemplate\":\"https:\\\/\\\/gimnasticdetarragona.cat\\\/es\\\/?s={search_term_string}\"},\"query-input\":{\"@type\":\"PropertyValueSpecification\",\"valueRequired\":true,\"valueName\":\"search_term_string\"}}],\"inLanguage\":\"es\"},{\"@type\":\"Organization\",\"@id\":\"https:\\\/\\\/gimnasticdetarragona.cat\\\/es\\\/#organization\",\"name\":\"GIMN\u00c0STIC DE TARRAGONA\",\"alternateName\":\"N\u00c0STIC\",\"url\":\"https:\\\/\\\/gimnasticdetarragona.cat\\\/es\\\/\",\"logo\":{\"@type\":\"ImageObject\",\"inLanguage\":\"es\",\"@id\":\"https:\\\/\\\/gimnasticdetarragona.cat\\\/es\\\/#\\\/schema\\\/logo\\\/image\\\/\",\"url\":\"https:\\\/\\\/gimnasticdetarragona.cat\\\/wp-content\\\/uploads\\\/2022\\\/06\\\/cropped-logo-gimnastic.png\",\"contentUrl\":\"https:\\\/\\\/gimnasticdetarragona.cat\\\/wp-content\\\/uploads\\\/2022\\\/06\\\/cropped-logo-gimnastic.png\",\"width\":224,\"height\":83,\"caption\":\"GIMN\u00c0STIC DE TARRAGONA\"},\"image\":{\"@id\":\"https:\\\/\\\/gimnasticdetarragona.cat\\\/es\\\/#\\\/schema\\\/logo\\\/image\\\/\"},\"sameAs\":[\"https:\\\/\\\/x.com\\\/NASTICTARRAGONA\",\"https:\\\/\\\/www.instagram.com\\\/nastictarragona\\\/\"]},{\"@type\":\"Person\",\"@id\":\"https:\\\/\\\/gimnasticdetarragona.cat\\\/es\\\/#\\\/schema\\\/person\\\/47b6a637abf88f9bd835540f20ea069e\",\"name\":\"desarrollo\",\"sameAs\":[\"https:\\\/\\\/clone.gimnasticdetarragona.cat\"]}]}<\/script>\n<!-- \/ Yoast SEO plugin. -->","yoast_head_json":{"title":"Congelamos el abono 2017-2018 - Gimn\u00e0stic de Tarragona SAD","robots":{"index":"index","follow":"follow","max-snippet":"max-snippet:-1","max-image-preview":"max-image-preview:large","max-video-preview":"max-video-preview:-1"},"canonical":"https:\/\/gimnasticdetarragona.cat\/es\/congelem-labonament-2017-2018\/","og_locale":"es_ES","og_type":"article","og_title":"Congelamos el abono 2017-2018 - Gimn\u00e0stic de Tarragona SAD","og_description":"El Gimn\u00e0stic de Tarragona, SAD ha presentado este mediod\u00eda los precios y toda la informaci\u00f3n detallada sobre la nueva campa\u00f1a de socios 'Congelem l'abonament' para este pr\u00f3ximo curso deportivo 2017-2018. El director general de la entidad, Llu\u00eds F\u00e0bregas, y Jose Maria Andreu Sol\u00e9, responsable de Marketing y Patrocinios del N\u00e0stic, han informado de las novedades de la campa\u00f1a que se iniciar\u00e1 el 5 de julio.","og_url":"https:\/\/gimnasticdetarragona.cat\/es\/congelem-labonament-2017-2018\/","og_site_name":"Gimn\u00e0stic de Tarragona SAD","article_published_time":"2017-06-27T13:50:04+00:00","og_image":[{"width":640,"height":427,"url":"https:\/\/gimnasticdetarragona.cat\/wp-content\/uploads\/2022\/06\/05235824123230.jpg","type":"image\/jpeg"}],"author":"desarrollo","twitter_card":"summary_large_image","twitter_creator":"@NASTICTARRAGONA","twitter_site":"@NASTICTARRAGONA","twitter_misc":{"Escrito por":"desarrollo","Tiempo de lectura":"3 minutos"},"schema":{"@context":"https:\/\/schema.org","@graph":[{"@type":"Article","@id":"https:\/\/gimnasticdetarragona.cat\/es\/congelem-labonament-2017-2018\/#article","isPartOf":{"@id":"https:\/\/gimnasticdetarragona.cat\/es\/congelem-labonament-2017-2018\/"},"author":{"name":"desarrollo","@id":"https:\/\/gimnasticdetarragona.cat\/es\/#\/schema\/person\/47b6a637abf88f9bd835540f20ea069e"},"headline":"Congelamos el abono 2017-2018","datePublished":"2017-06-27T13:50:04+00:00","mainEntityOfPage":{"@id":"https:\/\/gimnasticdetarragona.cat\/es\/congelem-labonament-2017-2018\/"},"wordCount":675,"commentCount":0,"publisher":{"@id":"https:\/\/gimnasticdetarragona.cat\/es\/#organization"},"image":{"@id":"https:\/\/gimnasticdetarragona.cat\/es\/congelem-labonament-2017-2018\/#primaryimage"},"thumbnailUrl":"https:\/\/gimnasticdetarragona.cat\/wp-content\/uploads\/2022\/06\/05235824123230.jpg","articleSection":["Actualidad","Home"],"inLanguage":"es"},{"@type":"WebPage","@id":"https:\/\/gimnasticdetarragona.cat\/es\/congelem-labonament-2017-2018\/","url":"https:\/\/gimnasticdetarragona.cat\/es\/congelem-labonament-2017-2018\/","name":"Congelamos el abono 2017-2018 - Gimn\u00e0stic de Tarragona SAD","isPartOf":{"@id":"https:\/\/gimnasticdetarragona.cat\/es\/#website"},"primaryImageOfPage":{"@id":"https:\/\/gimnasticdetarragona.cat\/es\/congelem-labonament-2017-2018\/#primaryimage"},"image":{"@id":"https:\/\/gimnasticdetarragona.cat\/es\/congelem-labonament-2017-2018\/#primaryimage"},"thumbnailUrl":"https:\/\/gimnasticdetarragona.cat\/wp-content\/uploads\/2022\/06\/05235824123230.jpg","datePublished":"2017-06-27T13:50:04+00:00","breadcrumb":{"@id":"https:\/\/gimnasticdetarragona.cat\/es\/congelem-labonament-2017-2018\/#breadcrumb"},"inLanguage":"es","potentialAction":[{"@type":"ReadAction","target":["https:\/\/gimnasticdetarragona.cat\/es\/congelem-labonament-2017-2018\/"]}]},{"@type":"ImageObject","inLanguage":"es","@id":"https:\/\/gimnasticdetarragona.cat\/es\/congelem-labonament-2017-2018\/#primaryimage","url":"https:\/\/gimnasticdetarragona.cat\/wp-content\/uploads\/2022\/06\/05235824123230.jpg","contentUrl":"https:\/\/gimnasticdetarragona.cat\/wp-content\/uploads\/2022\/06\/05235824123230.jpg","width":640,"height":427},{"@type":"BreadcrumbList","@id":"https:\/\/gimnasticdetarragona.cat\/es\/congelem-labonament-2017-2018\/#breadcrumb","itemListElement":[{"@type":"ListItem","position":1,"name":"Inici","item":"https:\/\/gimnasticdetarragona.cat\/es\/nastic\/"},{"@type":"ListItem","position":2,"name":"Congelamos el abono 2017-2018"}]},{"@type":"WebSite","@id":"https:\/\/gimnasticdetarragona.cat\/es\/#website","url":"https:\/\/gimnasticdetarragona.cat\/es\/","name":"Gimn\u00e0stic de Tarragona SAD","description":"Gimn\u00e0stic de Tarragona","publisher":{"@id":"https:\/\/gimnasticdetarragona.cat\/es\/#organization"},"potentialAction":[{"@type":"SearchAction","target":{"@type":"EntryPoint","urlTemplate":"https:\/\/gimnasticdetarragona.cat\/es\/?s={search_term_string}"},"query-input":{"@type":"PropertyValueSpecification","valueRequired":true,"valueName":"search_term_string"}}],"inLanguage":"es"},{"@type":"Organization","@id":"https:\/\/gimnasticdetarragona.cat\/es\/#organization","name":"GIMN\u00c0STIC DE TARRAGONA","alternateName":"N\u00c0STIC","url":"https:\/\/gimnasticdetarragona.cat\/es\/","logo":{"@type":"ImageObject","inLanguage":"es","@id":"https:\/\/gimnasticdetarragona.cat\/es\/#\/schema\/logo\/image\/","url":"https:\/\/gimnasticdetarragona.cat\/wp-content\/uploads\/2022\/06\/cropped-logo-gimnastic.png","contentUrl":"https:\/\/gimnasticdetarragona.cat\/wp-content\/uploads\/2022\/06\/cropped-logo-gimnastic.png","width":224,"height":83,"caption":"GIMN\u00c0STIC DE TARRAGONA"},"image":{"@id":"https:\/\/gimnasticdetarragona.cat\/es\/#\/schema\/logo\/image\/"},"sameAs":["https:\/\/x.com\/NASTICTARRAGONA","https:\/\/www.instagram.com\/nastictarragona\/"]},{"@type":"Person","@id":"https:\/\/gimnasticdetarragona.cat\/es\/#\/schema\/person\/47b6a637abf88f9bd835540f20ea069e","name":"desarrollo","sameAs":["https:\/\/clone.gimnasticdetarragona.cat"]}]}},"_links":{"self":[{"href":"https:\/\/gimnasticdetarragona.cat\/es\/wp-json\/wp\/v2\/posts\/58198","targetHints":{"allow":["GET"]}}],"collection":[{"href":"https:\/\/gimnasticdetarragona.cat\/es\/wp-json\/wp\/v2\/posts"}],"about":[{"href":"https:\/\/gimnasticdetarragona.cat\/es\/wp-json\/wp\/v2\/types\/post"}],"author":[{"embeddable":true,"href":"https:\/\/gimnasticdetarragona.cat\/es\/wp-json\/wp\/v2\/users\/1"}],"replies":[{"embeddable":true,"href":"https:\/\/gimnasticdetarragona.cat\/es\/wp-json\/wp\/v2\/comments?post=58198"}],"version-history":[{"count":0,"href":"https:\/\/gimnasticdetarragona.cat\/es\/wp-json\/wp\/v2\/posts\/58198\/revisions"}],"wp:featuredmedia":[{"embeddable":true,"href":"https:\/\/gimnasticdetarragona.cat\/es\/wp-json\/wp\/v2\/media\/58195"}],"wp:attachment":[{"href":"https:\/\/gimnasticdetarragona.cat\/es\/wp-json\/wp\/v2\/media?parent=58198"}],"wp:term":[{"taxonomy":"category","embeddable":true,"href":"https:\/\/gimnasticdetarragona.cat\/es\/wp-json\/wp\/v2\/categories?post=58198"},{"taxonomy":"post_tag","embeddable":true,"href":"https:\/\/gimnasticdetarragona.cat\/es\/wp-json\/wp\/v2\/tags?post=58198"}],"curies":[{"name":"wp","href":"https:\/\/api.w.org\/{rel}","templated":true}]}}